{"id":31667,"date":"2022-01-20T10:16:36","date_gmt":"2022-01-20T09:16:36","guid":{"rendered":"https:\/\/sha.de\/aktuelles\/hagebau-logistics-site-in-herten-reopened-after-major-fire"},"modified":"2024-09-23T16:57:39","modified_gmt":"2024-09-23T14:57:39","slug":"hagebau-logistics-site-in-herten-reopened-after-major-fire","status":"publish","type":"post","link":"https:\/\/sha-luzern.ch\/en\/news\/hagebau-logistics-site-in-herten-reopened-after-major-fire","title":{"rendered":"hagebau logistics site in Herten reopened after major fire"},"content":{"rendered":"<div id='av_section_1' class='avia-section main_color pt-default pb-default avia-no-border-styling avia-bg-style-scroll  avia-builder-el-0  avia-builder-el-no-sibling   container_wrap fullsize' style=' '  ><div class='container' ><main  role=\"main\" itemprop=\"mainContentOfPage\"  class='template-page content  av-content-full alpha units'><div class='post-entry post-entry-type-page post-entry-31667'><div class='entry-content-wrapper clearfix'>\n\n\t\t\t<div id=\"av-k1hoeuzj\" class=\"headline-column flex_column av_one_full flex_column_div first \">\n\t\t\t\t<div class=\"headline-wrap is-outside align-left sub-bottom\">\n\t\t\t\t\t<h1 class=\"headline-content headline-primary\">hagebau logistics site in Herten reopened after major fire<\/h1>\n\t\t\t\t\t<h3 class=\"headline-content headline-secondary\">Rapid planning by SHA<\/h3>\n\t\t\t\t<\/div>\n\t\t\t<\/div>\n<div class=\"flex_column av_one_third  flex_column_div av-zero-column-padding first bg-default      avia-builder-el-2  el_after_pixel_sc_headline  el_before_av_one_third  \"><section  class='av_textblock_section av-k5pfdfmq-bf9f728196d08b938986bebe94172dc4 '   itemscope=\"itemscope\" itemtype=\"https:\/\/schema.org\/BlogPosting\" itemprop=\"blogPost\" ><div class='avia_textblock'  itemprop=\"text\" ><p>Last week, hagebau Logistik celebrated the reopening of its West site in Herten, North Rhine-Westphalia. The warehouses were almost completely destroyed in a major fire in March 2020. Our architectural firm SHA Scheffler Helbich Architekten was responsible for the rapid redesign. The work was carried out by the <a href=\"https:\/\/www.brueninghoff.de\/\" target=\"_blank\" rel=\"noopener nofollow\">construction company Br\u00fcninghoff<\/a>.<\/p>\n<p>After the fire disaster on March 1, 2020, hagebau Logistik decided to rebuild the halls in Herten as quickly as possible. As one of six warehouse locations in Germany, Herten plays an important role in hagebau&#8217;s logistics strategy. The new building was therefore used to expand the burnt-down halls from 7,760 square meters to 13,500 square meters. There are now also three fire compartments. In addition, a modern photovoltaic system, which supplies the electric forklifts at the site with electricity, was installed to ensure energy efficiency. With the covered outdoor areas, a total of 28,000 square meters of the 86,000 square meters of company premises are now available.<\/p>\n<p>&#8220;After the fire, it was important to quickly redesign the building to minimize operational downtime,&#8221; says Dipl.-Ing. architect Marcel Schlegel, who was in charge of the project for SHA Scheffler Helbich Architekten.<\/p>\n<\/div><\/section><\/div><div class=\"flex_column av_one_third  flex_column_div av-zero-column-padding        avia-builder-el-4  el_after_av_one_third  el_before_av_one_third  \"><section  class='av_textblock_section av-kyipooet-484b83cf78447e0a9b93eb16b70867b9 '   itemscope=\"itemscope\" itemtype=\"https:\/\/schema.org\/BlogPosting\" itemprop=\"blogPost\" ><div class='avia_textblock'  itemprop=\"text\" ><p>At the symbolic handover of the keys &#8211; less than two years after the fire &#8211; he was on site together with SHA Managing Director Christoph Helbich and Site Manager Mathias Haak to wish everyone involved every success for the future of the site. We expect to be able to supply DIY stores throughout the Ruhr region from here again from March.<\/p>\n<p>After the <a href=\"https:\/\/sha-luzern.ch\/en\/news\/hagebau-logistik-ground-breaking-ceremony-for-new-warehouses\">ground-breaking ceremony in April 2021<\/a>, the construction phase lasted just nine months until the current reopening on January 12, 2022. All 40 Herten employees, who had been kept on at other hagebau logistics locations in the meantime, have now been able to return to their jobs.<\/p>\n<p>&#8220;With the rapid reopening, we are sending out a clear signal &#8211; for the Herten location, for our employees here on site and for the logistics of hagebau as a whole,&#8221; said a delighted Gerritt H\u00f6ppner-Tietz, Managing Director of hagebau Logistik.<\/p>\n<ul>\n<li><em>Photos: hagebau, Marcel Schlegel (SHA), Oliver Prause (Hertener Allgemeine)<\/em><\/li>\n<li><em>with material from <a href=\"https:\/\/www.hagebau.com\/\" target=\"_blank\" rel=\"noopener nofollow\">hagebau<\/a><\/em><\/li>\n<\/ul>\n<\/div><\/section><\/div><div class=\"flex_column av_one_third  flex_column_div av-zero-column-padding        avia-builder-el-6  el_after_av_one_third  el_before_av_one_full  \"><div class=\"quotebox  has-image bg-grey  image-top\"><div class=\"quotebox__inner\"><div class=\"quotebox__media\"><img decoding=\"async\" src=\"https:\/\/sha-luzern.ch\/wp-content\/uploads\/Scheffler-Helbich-Architekten-Berlin-Dortmund-3-706x368.jpg\" alt=\"Marcel Schlegel, Projektleitung\" \/><\/div><div class=\"quotebox__content\"><div class=\"quotebox__quote\"><span class=\"quotebox-text quotebox-quote\">\u00bbAfter the fire, a rapid redesign was important to minimize operational downtime.\u00ab<\/span><\/div><div class=\"quotebox__info\"><span class=\"quotebox-text quotebox-name\">Marcel Schlegel, Projektleitung<\/span><span class=\"quotebox-text quotebox-desc\"><\/span><\/div><\/div><\/div><\/div><\/div><div class=\"flex_column av_one_full  flex_column_div av-zero-column-padding first       avia-builder-el-8  el_after_av_one_third  avia-builder-el-last  column-top-margin\"><div class=\"slickgallery \">\n\t<div class=\"pixel-slide-wrap\">\n\t\t<div class=\"pixel-slide\" style=\"display: block; width: 100%; float: left;\">\n\t\t\t\t\n\t\t\t\t\t\t\t\t\t\t\t\t\t\n\t\t\t\t\t<div class=\"pixel-slide__image-wrap slide-1\">\n\t\t\t\t\t\t\t<div class=\"pixel-slide__image \"><a href=\"https:\/\/sha-luzern.ch\/wp-content\/uploads\/20220114-hagebau-Logistik-Herten-Brand-2020-1133x850.jpg\" rel=\"lightbox\"><img decoding=\"async\" src=\"https:\/\/sha-luzern.ch\/wp-content\/uploads\/20220114-hagebau-Logistik-Herten-Brand-2020-706x368.jpg\" alt=\"hagebau Logistik Herten Brand 2020\" title=\"hagebau Logistik Herten Brand 2020\"><\/a><\/div>\n\t\t\t\t\t<\/div>\n\t\t\t\t\n\t\t\t\t\t\t\t\t\t\t\t\t\t\n\t\t\t\t\t<div class=\"pixel-slide__image-wrap slide-2\">\n\t\t\t\t\t\t\t<div class=\"pixel-slide__image \"><a href=\"https:\/\/sha-luzern.ch\/wp-content\/uploads\/hagebau-web-2-1280x628.jpg\" rel=\"lightbox\"><img decoding=\"async\" src=\"https:\/\/sha-luzern.ch\/wp-content\/uploads\/hagebau-web-2-706x368.jpg\" alt=\"hagebau Logistik Gesch\u00e4ftsf\u00fchrer Gerritt H\u00f6ppner-Tietz und Christoph Helbich von SHA\" title=\"hagebau Logistik Gesch\u00e4ftsf\u00fchrer Gerritt H\u00f6ppner-Tietz und Christoph Helbich von SHA\"><\/a><\/div>\n\t\t\t\t\t<\/div>\n\t\t\t\t\n\t\t\t\t\t\t\t\t\t\t\t\t\t\n\t\t\t\t\t<div class=\"pixel-slide__image-wrap slide-3\">\n\t\t\t\t\t\t\t<div class=\"pixel-slide__image \"><a href=\"https:\/\/sha-luzern.ch\/wp-content\/uploads\/20220114-hagebau-Logistik-Herten-Wiedereroeffnung-2022-1275x850.jpg\" rel=\"lightbox\"><img decoding=\"async\" src=\"https:\/\/sha-luzern.ch\/wp-content\/uploads\/20220114-hagebau-Logistik-Herten-Wiedereroeffnung-2022-706x368.jpg\" alt=\"hagebau Logistik Herten Wiederer\u00f6ffnung 2022\" title=\"hagebau Logistik Herten Wiederer\u00f6ffnung 2022\"><\/a><\/div>\n\t\t\t\t\t<\/div>\n\t\t\t\t\n\t\t\t\t\t\t\t\t\t\t\t\t\t\n\t\t\t\t\t<div class=\"pixel-slide__image-wrap slide-4\">\n\t\t\t\t\t\t\t<div class=\"pixel-slide__image \"><a href=\"https:\/\/sha-luzern.ch\/wp-content\/uploads\/IMG_9702web-1133x850.jpg\" rel=\"lightbox\"><img decoding=\"async\" src=\"https:\/\/sha-luzern.ch\/wp-content\/uploads\/IMG_9702web-706x368.jpg\" alt=\"Spatenstich April 2021\" title=\"Spatenstich April 2021\"><\/a><\/div>\n\t\t\t\t\t<\/div>\n\t\t\t\t\t\t<\/div>\n\t<\/div>\n<\/div><\/div>\n","protected":false},"excerpt":{"rendered":"<p>Turnkey handover: hagebau Logistik has now been able to reopen its West site in Herten, North Rhine-Westphalia, following a major fire. Our architectural firm SHA Scheffler Helbich Architekten was responsible for the rapid redesign.  <\/p>\n","protected":false},"author":2,"featured_media":25684,"comment_status":"closed","ping_status":"closed","sticky":false,"template":"","format":"standard","meta":{"_acf_changed":false,"content-type":"","footnotes":""},"categories":[559],"tags":[573,617,635,681,682,683,684],"class_list":["post-31667","post","type-post","status-publish","format-standard","has-post-thumbnail","hentry","category-diy-store-building-materials-trade","tag-logistics","tag-building-materials-hall","tag-groundbreaking-ceremony","tag-warehouses","tag-logistics-centers","tag-herten-en","tag-hagebau-en"],"acf":[],"yoast_head":"<!-- This site is optimized with the Yoast SEO plugin v26.1.1 - https:\/\/yoast.com\/wordpress\/plugins\/seo\/ -->\n<title>hagebau logistics site in Herten reopened after major fire<\/title>\n<meta name=\"description\" content=\"hagebau Logistik was able to reopen its site in Herten after a fire. Our architectural office was responsible for the new planning.\" \/>\n<meta name=\"robots\" content=\"index, follow, max-snippet:-1, max-image-preview:large, max-video-preview:-1\" \/>\n<link rel=\"canonical\" href=\"https:\/\/sha-luzern.ch\/en\/news\/hagebau-logistics-site-in-herten-reopened-after-major-fire\" \/>\n<meta property=\"og:locale\" content=\"en_US\" \/>\n<meta property=\"og:type\" content=\"article\" \/>\n<meta property=\"og:title\" content=\"hagebau logistics site in Herten reopened after major fire\" \/>\n<meta property=\"og:description\" content=\"hagebau Logistik was able to reopen its site in Herten after a fire. Our architectural office was responsible for the new planning.\" \/>\n<meta property=\"og:url\" content=\"https:\/\/sha-luzern.ch\/en\/news\/hagebau-logistics-site-in-herten-reopened-after-major-fire\" \/>\n<meta property=\"og:site_name\" content=\"SHA Scheffler Helbich Architekten GmbH\" \/>\n<meta property=\"article:published_time\" content=\"2022-01-20T09:16:36+00:00\" \/>\n<meta property=\"article:modified_time\" content=\"2024-09-23T14:57:39+00:00\" \/>\n<meta property=\"og:image\" content=\"https:\/\/sha-luzern.ch\/wp-content\/uploads\/hagebau-web1.jpg\" \/>\n\t<meta property=\"og:image:width\" content=\"2000\" \/>\n\t<meta property=\"og:image:height\" content=\"1603\" \/>\n\t<meta property=\"og:image:type\" content=\"image\/jpeg\" \/>\n<meta name=\"author\" content=\"Judith Weitzel\" \/>\n<meta name=\"twitter:card\" content=\"summary_large_image\" \/>\n<meta name=\"twitter:label1\" content=\"Written by\" \/>\n\t<meta name=\"twitter:data1\" content=\"Judith Weitzel\" \/>\n\t<meta name=\"twitter:label2\" content=\"Est. reading time\" \/>\n\t<meta name=\"twitter:data2\" content=\"6 minutes\" \/>\n<script type=\"application\/ld+json\" class=\"yoast-schema-graph\">{\"@context\":\"https:\/\/schema.org\",\"@graph\":[{\"@type\":\"WebPage\",\"@id\":\"https:\/\/sha-luzern.ch\/en\/news\/hagebau-logistics-site-in-herten-reopened-after-major-fire\",\"url\":\"https:\/\/sha-luzern.ch\/en\/news\/hagebau-logistics-site-in-herten-reopened-after-major-fire\",\"name\":\"hagebau logistics site in Herten reopened after major fire\",\"isPartOf\":{\"@id\":\"https:\/\/sha-luzern.ch\/en#website\"},\"primaryImageOfPage\":{\"@id\":\"https:\/\/sha-luzern.ch\/en\/news\/hagebau-logistics-site-in-herten-reopened-after-major-fire#primaryimage\"},\"image\":{\"@id\":\"https:\/\/sha-luzern.ch\/en\/news\/hagebau-logistics-site-in-herten-reopened-after-major-fire#primaryimage\"},\"thumbnailUrl\":\"https:\/\/sha-luzern.ch\/wp-content\/uploads\/hagebau-web1.jpg\",\"datePublished\":\"2022-01-20T09:16:36+00:00\",\"dateModified\":\"2024-09-23T14:57:39+00:00\",\"author\":{\"@id\":\"https:\/\/sha-luzern.ch\/en#\/schema\/person\/e68d44538591ce8617e273ae50cb9fb3\"},\"description\":\"hagebau Logistik was able to reopen its site in Herten after a fire. Our architectural office was responsible for the new planning.\",\"breadcrumb\":{\"@id\":\"https:\/\/sha-luzern.ch\/en\/news\/hagebau-logistics-site-in-herten-reopened-after-major-fire#breadcrumb\"},\"inLanguage\":\"en-US\",\"potentialAction\":[{\"@type\":\"ReadAction\",\"target\":[\"https:\/\/sha-luzern.ch\/en\/news\/hagebau-logistics-site-in-herten-reopened-after-major-fire\"]}]},{\"@type\":\"ImageObject\",\"inLanguage\":\"en-US\",\"@id\":\"https:\/\/sha-luzern.ch\/en\/news\/hagebau-logistics-site-in-herten-reopened-after-major-fire#primaryimage\",\"url\":\"https:\/\/sha-luzern.ch\/wp-content\/uploads\/hagebau-web1.jpg\",\"contentUrl\":\"https:\/\/sha-luzern.ch\/wp-content\/uploads\/hagebau-web1.jpg\",\"width\":2000,\"height\":1603},{\"@type\":\"BreadcrumbList\",\"@id\":\"https:\/\/sha-luzern.ch\/en\/news\/hagebau-logistics-site-in-herten-reopened-after-major-fire#breadcrumb\",\"itemListElement\":[{\"@type\":\"ListItem\",\"position\":1,\"name\":\"Startseite\",\"item\":\"https:\/\/sha-luzern.ch\/en\/home\"},{\"@type\":\"ListItem\",\"position\":2,\"name\":\"hagebau logistics site in Herten reopened after major fire\"}]},{\"@type\":\"WebSite\",\"@id\":\"https:\/\/sha-luzern.ch\/en#website\",\"url\":\"https:\/\/sha-luzern.ch\/en\",\"name\":\"SHA Scheffler Helbich Architekten GmbH\",\"description\":\"\",\"potentialAction\":[{\"@type\":\"SearchAction\",\"target\":{\"@type\":\"EntryPoint\",\"urlTemplate\":\"https:\/\/sha-luzern.ch\/en?s={search_term_string}\"},\"query-input\":{\"@type\":\"PropertyValueSpecification\",\"valueRequired\":true,\"valueName\":\"search_term_string\"}}],\"inLanguage\":\"en-US\"},{\"@type\":\"Person\",\"@id\":\"https:\/\/sha-luzern.ch\/en#\/schema\/person\/e68d44538591ce8617e273ae50cb9fb3\",\"name\":\"Judith Weitzel\",\"image\":{\"@type\":\"ImageObject\",\"inLanguage\":\"en-US\",\"@id\":\"https:\/\/sha-luzern.ch\/en#\/schema\/person\/image\/\",\"url\":\"https:\/\/secure.gravatar.com\/avatar\/7c6bf497a9b76cc4943bd4d7716e797cafb90c96046233c36845e4654eed5e01?s=96&d=mm&r=g\",\"contentUrl\":\"https:\/\/secure.gravatar.com\/avatar\/7c6bf497a9b76cc4943bd4d7716e797cafb90c96046233c36845e4654eed5e01?s=96&d=mm&r=g\",\"caption\":\"Judith Weitzel\"}}]}<\/script>\n<!-- \/ Yoast SEO plugin. -->","yoast_head_json":{"title":"hagebau logistics site in Herten reopened after major fire","description":"hagebau Logistik was able to reopen its site in Herten after a fire. Our architectural office was responsible for the new planning.","robots":{"index":"index","follow":"follow","max-snippet":"max-snippet:-1","max-image-preview":"max-image-preview:large","max-video-preview":"max-video-preview:-1"},"canonical":"https:\/\/sha-luzern.ch\/en\/news\/hagebau-logistics-site-in-herten-reopened-after-major-fire","og_locale":"en_US","og_type":"article","og_title":"hagebau logistics site in Herten reopened after major fire","og_description":"hagebau Logistik was able to reopen its site in Herten after a fire. Our architectural office was responsible for the new planning.","og_url":"https:\/\/sha-luzern.ch\/en\/news\/hagebau-logistics-site-in-herten-reopened-after-major-fire","og_site_name":"SHA Scheffler Helbich Architekten GmbH","article_published_time":"2022-01-20T09:16:36+00:00","article_modified_time":"2024-09-23T14:57:39+00:00","og_image":[{"width":2000,"height":1603,"url":"https:\/\/sha-luzern.ch\/wp-content\/uploads\/hagebau-web1.jpg","type":"image\/jpeg"}],"author":"Judith Weitzel","twitter_card":"summary_large_image","twitter_misc":{"Written by":"Judith Weitzel","Est. reading time":"6 minutes"},"schema":{"@context":"https:\/\/schema.org","@graph":[{"@type":"WebPage","@id":"https:\/\/sha-luzern.ch\/en\/news\/hagebau-logistics-site-in-herten-reopened-after-major-fire","url":"https:\/\/sha-luzern.ch\/en\/news\/hagebau-logistics-site-in-herten-reopened-after-major-fire","name":"hagebau logistics site in Herten reopened after major fire","isPartOf":{"@id":"https:\/\/sha-luzern.ch\/en#website"},"primaryImageOfPage":{"@id":"https:\/\/sha-luzern.ch\/en\/news\/hagebau-logistics-site-in-herten-reopened-after-major-fire#primaryimage"},"image":{"@id":"https:\/\/sha-luzern.ch\/en\/news\/hagebau-logistics-site-in-herten-reopened-after-major-fire#primaryimage"},"thumbnailUrl":"https:\/\/sha-luzern.ch\/wp-content\/uploads\/hagebau-web1.jpg","datePublished":"2022-01-20T09:16:36+00:00","dateModified":"2024-09-23T14:57:39+00:00","author":{"@id":"https:\/\/sha-luzern.ch\/en#\/schema\/person\/e68d44538591ce8617e273ae50cb9fb3"},"description":"hagebau Logistik was able to reopen its site in Herten after a fire. Our architectural office was responsible for the new planning.","breadcrumb":{"@id":"https:\/\/sha-luzern.ch\/en\/news\/hagebau-logistics-site-in-herten-reopened-after-major-fire#breadcrumb"},"inLanguage":"en-US","potentialAction":[{"@type":"ReadAction","target":["https:\/\/sha-luzern.ch\/en\/news\/hagebau-logistics-site-in-herten-reopened-after-major-fire"]}]},{"@type":"ImageObject","inLanguage":"en-US","@id":"https:\/\/sha-luzern.ch\/en\/news\/hagebau-logistics-site-in-herten-reopened-after-major-fire#primaryimage","url":"https:\/\/sha-luzern.ch\/wp-content\/uploads\/hagebau-web1.jpg","contentUrl":"https:\/\/sha-luzern.ch\/wp-content\/uploads\/hagebau-web1.jpg","width":2000,"height":1603},{"@type":"BreadcrumbList","@id":"https:\/\/sha-luzern.ch\/en\/news\/hagebau-logistics-site-in-herten-reopened-after-major-fire#breadcrumb","itemListElement":[{"@type":"ListItem","position":1,"name":"Startseite","item":"https:\/\/sha-luzern.ch\/en\/home"},{"@type":"ListItem","position":2,"name":"hagebau logistics site in Herten reopened after major fire"}]},{"@type":"WebSite","@id":"https:\/\/sha-luzern.ch\/en#website","url":"https:\/\/sha-luzern.ch\/en","name":"SHA Scheffler Helbich Architekten GmbH","description":"","potentialAction":[{"@type":"SearchAction","target":{"@type":"EntryPoint","urlTemplate":"https:\/\/sha-luzern.ch\/en?s={search_term_string}"},"query-input":{"@type":"PropertyValueSpecification","valueRequired":true,"valueName":"search_term_string"}}],"inLanguage":"en-US"},{"@type":"Person","@id":"https:\/\/sha-luzern.ch\/en#\/schema\/person\/e68d44538591ce8617e273ae50cb9fb3","name":"Judith Weitzel","image":{"@type":"ImageObject","inLanguage":"en-US","@id":"https:\/\/sha-luzern.ch\/en#\/schema\/person\/image\/","url":"https:\/\/secure.gravatar.com\/avatar\/7c6bf497a9b76cc4943bd4d7716e797cafb90c96046233c36845e4654eed5e01?s=96&d=mm&r=g","contentUrl":"https:\/\/secure.gravatar.com\/avatar\/7c6bf497a9b76cc4943bd4d7716e797cafb90c96046233c36845e4654eed5e01?s=96&d=mm&r=g","caption":"Judith Weitzel"}}]}},"_links":{"self":[{"href":"https:\/\/sha-luzern.ch\/en\/wp-json\/wp\/v2\/posts\/31667","targetHints":{"allow":["GET"]}}],"collection":[{"href":"https:\/\/sha-luzern.ch\/en\/wp-json\/wp\/v2\/posts"}],"about":[{"href":"https:\/\/sha-luzern.ch\/en\/wp-json\/wp\/v2\/types\/post"}],"author":[{"embeddable":true,"href":"https:\/\/sha-luzern.ch\/en\/wp-json\/wp\/v2\/users\/2"}],"replies":[{"embeddable":true,"href":"https:\/\/sha-luzern.ch\/en\/wp-json\/wp\/v2\/comments?post=31667"}],"version-history":[{"count":17,"href":"https:\/\/sha-luzern.ch\/en\/wp-json\/wp\/v2\/posts\/31667\/revisions"}],"predecessor-version":[{"id":49134,"href":"https:\/\/sha-luzern.ch\/en\/wp-json\/wp\/v2\/posts\/31667\/revisions\/49134"}],"wp:featuredmedia":[{"embeddable":true,"href":"https:\/\/sha-luzern.ch\/en\/wp-json\/wp\/v2\/media\/25684"}],"wp:attachment":[{"href":"https:\/\/sha-luzern.ch\/en\/wp-json\/wp\/v2\/media?parent=31667"}],"wp:term":[{"taxonomy":"category","embeddable":true,"href":"https:\/\/sha-luzern.ch\/en\/wp-json\/wp\/v2\/categories?post=31667"},{"taxonomy":"post_tag","embeddable":true,"href":"https:\/\/sha-luzern.ch\/en\/wp-json\/wp\/v2\/tags?post=31667"}],"curies":[{"name":"wp","href":"https:\/\/api.w.org\/{rel}","templated":true}]}}