{"id":32526,"date":"2022-04-01T09:06:54","date_gmt":"2022-04-01T07:06:54","guid":{"rendered":"https:\/\/sha.de\/aktuelles\/ampliacion-de-la-gestion"},"modified":"2024-09-23T16:52:03","modified_gmt":"2024-09-23T14:52:03","slug":"ampliacion-de-la-gestion","status":"publish","type":"post","link":"https:\/\/sha-luzern.ch\/es\/news\/ampliacion-de-la-gestion","title":{"rendered":"Ampliaci\u00f3n del consejo de administraci\u00f3n"},"content":{"rendered":"<div id='av_section_1' class='avia-section main_color pt-default pb-default avia-no-border-styling avia-bg-style-scroll  avia-builder-el-0  avia-builder-el-no-sibling   container_wrap fullsize' style=' '  ><div class='container' ><main  role=\"main\" itemprop=\"mainContentOfPage\"  class='template-page content  av-content-full alpha units'><div class='post-entry post-entry-type-page post-entry-32526'><div class='entry-content-wrapper clearfix'>\n\n\t\t\t<div id=\"av-k1hoeuzj\" class=\"headline-column flex_column av_one_full flex_column_div first \">\n\t\t\t\t<div class=\"headline-wrap is-outside align-left sub-bottom\">\n\t\t\t\t\t<h1 class=\"headline-content headline-primary\">Ampliaci\u00f3n del consejo de administraci\u00f3n<\/h1>\n\t\t\t\t\t<h3 class=\"headline-content headline-secondary\">Jens Beele y Christoph Helbich forman el nuevo d\u00fao directivo de SHA Scheffler Helbich Architekten GmbH<\/h3>\n\t\t\t\t<\/div>\n\t\t\t<\/div>\n<div class=\"flex_column av_one_third  flex_column_div av-zero-column-padding first bg-default      avia-builder-el-2  el_after_pixel_sc_headline  el_before_av_one_third  \"><section  class='av_textblock_section av-k5pfdfmq-75eeeeace81604f9741c5e0bb23a16ef '   itemscope=\"itemscope\" itemtype=\"https:\/\/schema.org\/BlogPosting\" itemprop=\"blogPost\" ><div class='avia_textblock'  itemprop=\"text\" ><p>El estudio de arquitectura SHA Scheffler Helbich Architekten GmbH ampl\u00eda su equipo directivo: Jens Beele, ingeniero de caminos, canales y puertos diplomado y jefe de equipo de direcci\u00f3n de obras desde hace muchos a\u00f1os, se incorpora al equipo directivo de SHA con efecto inmediato. Junto con el socio gerente Dipl.-Ing. Architekt BDA Christoph Helbich, forma el nuevo d\u00fao directivo de la oficina de planificaci\u00f3n de Dortmund. La distribuci\u00f3n de la responsabilidad de gesti\u00f3n en hombros m\u00e1s anchos pretende reforzar la base de conocimientos de la empresa y, al mismo tiempo, crear espacio para un crecimiento sano y la innovaci\u00f3n.<\/p>\n<p>\u00abEstoy muy ilusionado con el nuevo cargo\u00bb, dice Jens Beele, que trabaja para SHA desde 2009 y conoce la oficina al dedillo. Este hombre de acci\u00f3n con visi\u00f3n de conjunto aportar\u00e1 a su nuevo cargo sus muchos a\u00f1os de experiencia profesional en la <a href=\"https:\/\/sha-luzern.ch\/es\/servicios\/realizacion\">gesti\u00f3n de la construcci\u00f3n<\/a> y, por tanto, tambi\u00e9n un s\u00f3lido enfoque operativo de la gesti\u00f3n de la empresa. Gracias a su <a href=\"https:\/\/sha-luzern.ch\/es\/news\/nuestra-gestion-de-la-construccion-presencia-in-situ\">proximidad a los clientes<\/a>, puede evaluar especialmente bien las necesidades de \u00e9stos y aportar as\u00ed una contribuci\u00f3n decisiva al trabajo diario de SHA y, por ende, a su modelo de negocio.<\/p>\n<\/div><\/section><\/div><div class=\"flex_column av_one_third  flex_column_div av-zero-column-padding        avia-builder-el-4  el_after_av_one_third  el_before_av_one_third  \"><section  class='av_textblock_section av-kyipooet-0abfd3d1c0538e0eba08a3772fff2c6e '   itemscope=\"itemscope\" itemtype=\"https:\/\/schema.org\/BlogPosting\" itemprop=\"blogPost\" ><div class='avia_textblock'  itemprop=\"text\" ><p>Christoph Helbich dar\u00e1 al estudio de arquitectura un enfoque estrat\u00e9gico a\u00fan m\u00e1s fuerte que antes y seguir\u00e1 actuando como jefe del departamento de planificaci\u00f3n.<\/p>\n<p>\u00abEspecialmente a la luz del grato crecimiento de SHA en los \u00faltimos a\u00f1os, es a\u00fan m\u00e1s importante que distribuyamos la responsabilidad de forma m\u00e1s equitativa. Esto nos permite ofrecer un apoyo interno espec\u00edfico e individualizado a nuestros pilares principales de planificaci\u00f3n y gesti\u00f3n de la construcci\u00f3n. Al mismo tiempo, estamos creando recursos para nuevos proyectos y el desarrollo de nuestra empresa en los pr\u00f3ximos a\u00f1os\u00bb, afirma Christoph Helbich.<\/p>\n<p>En el futuro, \u00e9l y su nuevo colega dirigir\u00e1n conjuntamente los negocios de SHA Scheffler Helbich Architekten GmbH, con el mejor apoyo posible de los apoderados Marc Horstmeier, Volker Kaminsky y Christoph Wunderlich. La arquitecta diplomada Birgit Helbich es y seguir\u00e1 siendo socia.<\/p>\n<\/div><\/section><\/div><div class=\"flex_column av_one_third  flex_column_div av-zero-column-padding        avia-builder-el-6  el_after_av_one_third  el_before_av_one_full  \"><div class=\"quotebox  has-image bg-grey  image-top\"><div class=\"quotebox__inner\"><div class=\"quotebox__media\"><img decoding=\"async\" src=\"https:\/\/sha-luzern.ch\/wp-content\/uploads\/web-Beele-Portrait-SHA-Dortmund-706x368.jpg\" alt=\"Jens Beele, Gesch\u00e4ftsf\u00fchrer\" \/><\/div><div class=\"quotebox__content\"><div class=\"quotebox__quote\"><span class=\"quotebox-text quotebox-quote\">\u00bbEstoy muy ilusionado con la nueva tarea\u00ab<\/span><\/div><div class=\"quotebox__info\"><span class=\"quotebox-text quotebox-name\">Jens Beele, Gesch\u00e4ftsf\u00fchrer<\/span><span class=\"quotebox-text quotebox-desc\"><\/span><\/div><\/div><\/div><\/div><\/div><div class=\"flex_column av_one_full  flex_column_div av-zero-column-padding first       avia-builder-el-8  el_after_av_one_third  avia-builder-el-last  column-top-margin\"><div class=\"slickgallery \">\n\t<div class=\"pixel-slide-wrap\">\n\t\t<div class=\"pixel-slide\" style=\"display: block; width: 100%; float: left;\">\n\t\t\t\t\n\t\t\t\t\t\t\t\t\t\t\t\t\t\n\t\t\t\t\t<div class=\"pixel-slide__image-wrap slide-1\">\n\t\t\t\t\t\t\t<div class=\"pixel-slide__image \"><a href=\"https:\/\/sha-luzern.ch\/wp-content\/uploads\/028-SHA-Dortmund-August-2022-GF-web-1277x850.jpg\" rel=\"lightbox\"><img decoding=\"async\" src=\"https:\/\/sha-luzern.ch\/wp-content\/uploads\/028-SHA-Dortmund-August-2022-GF-web-706x368.jpg\" alt=\"Gesch\u00e4ftsleitung SHA Scheffler Helbich Architekten Christoph Helbich Jens Beele\" title=\"Gesch\u00e4ftsleitung SHA Scheffler Helbich Architekten Christoph Helbich Jens Beele\"><\/a><\/div>\n\t\t\t\t\t<\/div>\n\t\t\t\t\n\t\t\t\t\t\t\t\t\t\t\t\t\t\n\t\t\t\t\t<div class=\"pixel-slide__image-wrap slide-2\">\n\t\t\t\t\t\t\t<div class=\"pixel-slide__image \"><a href=\"https:\/\/sha-luzern.ch\/wp-content\/uploads\/036-GF-SHA-Dortmund-August-2021-web-1277x850.jpg\" rel=\"lightbox\"><img decoding=\"async\" src=\"https:\/\/sha-luzern.ch\/wp-content\/uploads\/036-GF-SHA-Dortmund-August-2021-web-706x368.jpg\" alt=\"036 GF SHA Dortmund August 2021 Web\" title=\"036 GF SHA Dortmund August 2021 Web\"><\/a><\/div>\n\t\t\t\t\t<\/div>\n\t\t\t\t\n\t\t\t\t\t\t\t\t\t\t\t\t\t\n\t\t\t\t\t<div class=\"pixel-slide__image-wrap slide-3\">\n\t\t\t\t\t\t\t<div class=\"pixel-slide__image \"><a href=\"https:\/\/sha-luzern.ch\/wp-content\/uploads\/Baumanagement-1280x751.jpg\" rel=\"lightbox\"><img decoding=\"async\" src=\"https:\/\/sha-luzern.ch\/wp-content\/uploads\/Baumanagement-706x368.jpg\" alt=\"Baumanagement\" title=\"Baumanagement\"><\/a><\/div>\n\t\t\t\t\t<\/div>\n\t\t\t\t\n\t\t\t\t\t\t\t\t\t\t\t\t\t\n\t\t\t\t\t<div class=\"pixel-slide__image-wrap slide-4\">\n\t\t\t\t\t\t\t<div class=\"pixel-slide__image \"><a href=\"https:\/\/sha-luzern.ch\/wp-content\/uploads\/010-SHA-Dortmund-August-2022-GF-web-1277x850.jpg\" rel=\"lightbox\"><img decoding=\"async\" src=\"https:\/\/sha-luzern.ch\/wp-content\/uploads\/010-SHA-Dortmund-August-2022-GF-web-706x368.jpg\" alt=\"Gesch\u00e4ftsleitung SHA Scheffler Helbich Architekten Christoph Helbich Jens Beele\" title=\"Gesch\u00e4ftsleitung SHA Scheffler Helbich Architekten Christoph Helbich Jens Beele\"><\/a><\/div>\n\t\t\t\t\t<\/div>\n\t\t\t\t\n\t\t\t\t\t\t\t\t\t\t\t\t\t\n\t\t\t\t\t<div class=\"pixel-slide__image-wrap slide-5\">\n\t\t\t\t\t\t\t<div class=\"pixel-slide__image \"><a href=\"https:\/\/sha-luzern.ch\/wp-content\/uploads\/047-website-1-1280x665.jpg\" rel=\"lightbox\"><img decoding=\"async\" src=\"https:\/\/sha-luzern.ch\/wp-content\/uploads\/047-website-1-706x368.jpg\" alt=\"047 Website\" title=\"047 Website\"><\/a><\/div>\n\t\t\t\t\t<\/div>\n\t\t\t\t\n\t\t\t\t\t\t\t\t\t\t\t\t\t\n\t\t\t\t\t<div class=\"pixel-slide__image-wrap slide-6\">\n\t\t\t\t\t\t\t<div class=\"pixel-slide__image \"><a href=\"https:\/\/sha-luzern.ch\/wp-content\/uploads\/048-GF-SHA-Dortmund-August-2021-web-1277x850.jpg\" rel=\"lightbox\"><img decoding=\"async\" src=\"https:\/\/sha-luzern.ch\/wp-content\/uploads\/048-GF-SHA-Dortmund-August-2021-web-706x368.jpg\" alt=\"048 GF SHA Dortmund August 2021 Web\" title=\"048 GF SHA Dortmund August 2021 Web\"><\/a><\/div>\n\t\t\t\t\t<\/div>\n\t\t\t\t\t\t<\/div>\n\t<\/div>\n<\/div><\/div>\n","protected":false},"excerpt":{"rendered":"<p>El Dipl.-Bauingenieur Jens Beele, autorizado desde hace muchos a\u00f1os y responsable de la gesti\u00f3n de la construcci\u00f3n, se incorpora a la direcci\u00f3n de SHA Scheffler Helbich Architekten GmbH con efecto inmediato. La distribuci\u00f3n de la responsabilidad de gesti\u00f3n sobre hombros m\u00e1s amplios hace que SHA est\u00e9 preparada para el futuro.<\/p>\n","protected":false},"author":2,"featured_media":26522,"comment_status":"closed","ping_status":"closed","sticky":false,"template":"","format":"standard","meta":{"_acf_changed":false,"content-type":"","footnotes":""},"categories":[894,902,904],"tags":[1052,1070,1071],"class_list":["post-32526","post","type-post","status-publish","format-standard","has-post-thumbnail","hentry","category-dortmund-es","category-nuestro-equipo","category-nuestra-filosofia","tag-dortmund-es","tag-gestion","tag-jens-beele-es"],"acf":[],"yoast_head":"<!-- This site is optimized with the Yoast SEO plugin v26.1.1 - https:\/\/yoast.com\/wordpress\/plugins\/seo\/ -->\n<title>Ampliaci\u00f3n del consejo de administraci\u00f3n<\/title>\n<meta name=\"description\" content=\"El Dipl.-Bauingenieur Jens Beele, autorizado desde hace muchos a\u00f1os y responsable de la gesti\u00f3n de la construcci\u00f3n, se incorpora a la direcci\u00f3n de SHA Scheffler Helbich Architekten GmbH con efecto inmediato.\" \/>\n<meta name=\"robots\" content=\"index, follow, max-snippet:-1, max-image-preview:large, max-video-preview:-1\" \/>\n<link rel=\"canonical\" href=\"https:\/\/sha-luzern.ch\/es\/news\/ampliacion-de-la-gestion\" \/>\n<meta property=\"og:locale\" content=\"es_ES\" \/>\n<meta property=\"og:type\" content=\"article\" \/>\n<meta property=\"og:title\" content=\"Ampliaci\u00f3n del consejo de administraci\u00f3n\" \/>\n<meta property=\"og:description\" content=\"El Dipl.-Bauingenieur Jens Beele, autorizado desde hace muchos a\u00f1os y responsable de la gesti\u00f3n de la construcci\u00f3n, se incorpora a la direcci\u00f3n de SHA Scheffler Helbich Architekten GmbH con efecto inmediato.\" \/>\n<meta property=\"og:url\" content=\"https:\/\/sha-luzern.ch\/es\/news\/ampliacion-de-la-gestion\" \/>\n<meta property=\"og:site_name\" content=\"SHA Scheffler Helbich Architekten GmbH\" \/>\n<meta property=\"article:published_time\" content=\"2022-04-01T07:06:54+00:00\" \/>\n<meta property=\"article:modified_time\" content=\"2024-09-23T14:52:03+00:00\" \/>\n<meta property=\"og:image\" content=\"https:\/\/sha-luzern.ch\/wp-content\/uploads\/019-SHA-Dortmund-August-2022-GF-web.jpg\" \/>\n\t<meta property=\"og:image:width\" content=\"1800\" \/>\n\t<meta property=\"og:image:height\" content=\"1198\" \/>\n\t<meta property=\"og:image:type\" content=\"image\/jpeg\" \/>\n<meta name=\"author\" content=\"Judith Weitzel\" \/>\n<meta name=\"twitter:card\" content=\"summary_large_image\" \/>\n<meta name=\"twitter:label1\" content=\"Escrito por\" \/>\n\t<meta name=\"twitter:data1\" content=\"Judith Weitzel\" \/>\n\t<meta name=\"twitter:label2\" content=\"Tiempo de lectura\" \/>\n\t<meta name=\"twitter:data2\" content=\"6 minutos\" \/>\n<script type=\"application\/ld+json\" class=\"yoast-schema-graph\">{\"@context\":\"https:\/\/schema.org\",\"@graph\":[{\"@type\":\"WebPage\",\"@id\":\"https:\/\/sha-luzern.ch\/es\/news\/ampliacion-de-la-gestion\",\"url\":\"https:\/\/sha-luzern.ch\/es\/news\/ampliacion-de-la-gestion\",\"name\":\"Ampliaci\u00f3n del consejo de administraci\u00f3n\",\"isPartOf\":{\"@id\":\"https:\/\/sha-luzern.ch\/es#website\"},\"primaryImageOfPage\":{\"@id\":\"https:\/\/sha-luzern.ch\/es\/news\/ampliacion-de-la-gestion#primaryimage\"},\"image\":{\"@id\":\"https:\/\/sha-luzern.ch\/es\/news\/ampliacion-de-la-gestion#primaryimage\"},\"thumbnailUrl\":\"https:\/\/sha-luzern.ch\/wp-content\/uploads\/019-SHA-Dortmund-August-2022-GF-web.jpg\",\"datePublished\":\"2022-04-01T07:06:54+00:00\",\"dateModified\":\"2024-09-23T14:52:03+00:00\",\"author\":{\"@id\":\"https:\/\/sha-luzern.ch\/es#\/schema\/person\/e68d44538591ce8617e273ae50cb9fb3\"},\"description\":\"El Dipl.-Bauingenieur Jens Beele, autorizado desde hace muchos a\u00f1os y responsable de la gesti\u00f3n de la construcci\u00f3n, se incorpora a la direcci\u00f3n de SHA Scheffler Helbich Architekten GmbH con efecto inmediato.\",\"breadcrumb\":{\"@id\":\"https:\/\/sha-luzern.ch\/es\/news\/ampliacion-de-la-gestion#breadcrumb\"},\"inLanguage\":\"es\",\"potentialAction\":[{\"@type\":\"ReadAction\",\"target\":[\"https:\/\/sha-luzern.ch\/es\/news\/ampliacion-de-la-gestion\"]}]},{\"@type\":\"ImageObject\",\"inLanguage\":\"es\",\"@id\":\"https:\/\/sha-luzern.ch\/es\/news\/ampliacion-de-la-gestion#primaryimage\",\"url\":\"https:\/\/sha-luzern.ch\/wp-content\/uploads\/019-SHA-Dortmund-August-2022-GF-web.jpg\",\"contentUrl\":\"https:\/\/sha-luzern.ch\/wp-content\/uploads\/019-SHA-Dortmund-August-2022-GF-web.jpg\",\"width\":1800,\"height\":1198,\"caption\":\"Gesch\u00e4ftsleitung SHA Scheffler Helbich Architekten Christoph Helbich Jens Beele\"},{\"@type\":\"BreadcrumbList\",\"@id\":\"https:\/\/sha-luzern.ch\/es\/news\/ampliacion-de-la-gestion#breadcrumb\",\"itemListElement\":[{\"@type\":\"ListItem\",\"position\":1,\"name\":\"Startseite\",\"item\":\"https:\/\/sha-luzern.ch\/es\/inicio\"},{\"@type\":\"ListItem\",\"position\":2,\"name\":\"Ampliaci\u00f3n del consejo de administraci\u00f3n\"}]},{\"@type\":\"WebSite\",\"@id\":\"https:\/\/sha-luzern.ch\/es#website\",\"url\":\"https:\/\/sha-luzern.ch\/es\",\"name\":\"SHA Scheffler Helbich Architekten GmbH\",\"description\":\"\",\"potentialAction\":[{\"@type\":\"SearchAction\",\"target\":{\"@type\":\"EntryPoint\",\"urlTemplate\":\"https:\/\/sha-luzern.ch\/es?s={search_term_string}\"},\"query-input\":{\"@type\":\"PropertyValueSpecification\",\"valueRequired\":true,\"valueName\":\"search_term_string\"}}],\"inLanguage\":\"es\"},{\"@type\":\"Person\",\"@id\":\"https:\/\/sha-luzern.ch\/es#\/schema\/person\/e68d44538591ce8617e273ae50cb9fb3\",\"name\":\"Judith Weitzel\",\"image\":{\"@type\":\"ImageObject\",\"inLanguage\":\"es\",\"@id\":\"https:\/\/sha-luzern.ch\/es#\/schema\/person\/image\/\",\"url\":\"https:\/\/secure.gravatar.com\/avatar\/7c6bf497a9b76cc4943bd4d7716e797cafb90c96046233c36845e4654eed5e01?s=96&d=mm&r=g\",\"contentUrl\":\"https:\/\/secure.gravatar.com\/avatar\/7c6bf497a9b76cc4943bd4d7716e797cafb90c96046233c36845e4654eed5e01?s=96&d=mm&r=g\",\"caption\":\"Judith Weitzel\"}}]}<\/script>\n<!-- \/ Yoast SEO plugin. -->","yoast_head_json":{"title":"Ampliaci\u00f3n del consejo de administraci\u00f3n","description":"El Dipl.-Bauingenieur Jens Beele, autorizado desde hace muchos a\u00f1os y responsable de la gesti\u00f3n de la construcci\u00f3n, se incorpora a la direcci\u00f3n de SHA Scheffler Helbich Architekten GmbH con efecto inmediato.","robots":{"index":"index","follow":"follow","max-snippet":"max-snippet:-1","max-image-preview":"max-image-preview:large","max-video-preview":"max-video-preview:-1"},"canonical":"https:\/\/sha-luzern.ch\/es\/news\/ampliacion-de-la-gestion","og_locale":"es_ES","og_type":"article","og_title":"Ampliaci\u00f3n del consejo de administraci\u00f3n","og_description":"El Dipl.-Bauingenieur Jens Beele, autorizado desde hace muchos a\u00f1os y responsable de la gesti\u00f3n de la construcci\u00f3n, se incorpora a la direcci\u00f3n de SHA Scheffler Helbich Architekten GmbH con efecto inmediato.","og_url":"https:\/\/sha-luzern.ch\/es\/news\/ampliacion-de-la-gestion","og_site_name":"SHA Scheffler Helbich Architekten GmbH","article_published_time":"2022-04-01T07:06:54+00:00","article_modified_time":"2024-09-23T14:52:03+00:00","og_image":[{"width":1800,"height":1198,"url":"https:\/\/sha-luzern.ch\/wp-content\/uploads\/019-SHA-Dortmund-August-2022-GF-web.jpg","type":"image\/jpeg"}],"author":"Judith Weitzel","twitter_card":"summary_large_image","twitter_misc":{"Escrito por":"Judith Weitzel","Tiempo de lectura":"6 minutos"},"schema":{"@context":"https:\/\/schema.org","@graph":[{"@type":"WebPage","@id":"https:\/\/sha-luzern.ch\/es\/news\/ampliacion-de-la-gestion","url":"https:\/\/sha-luzern.ch\/es\/news\/ampliacion-de-la-gestion","name":"Ampliaci\u00f3n del consejo de administraci\u00f3n","isPartOf":{"@id":"https:\/\/sha-luzern.ch\/es#website"},"primaryImageOfPage":{"@id":"https:\/\/sha-luzern.ch\/es\/news\/ampliacion-de-la-gestion#primaryimage"},"image":{"@id":"https:\/\/sha-luzern.ch\/es\/news\/ampliacion-de-la-gestion#primaryimage"},"thumbnailUrl":"https:\/\/sha-luzern.ch\/wp-content\/uploads\/019-SHA-Dortmund-August-2022-GF-web.jpg","datePublished":"2022-04-01T07:06:54+00:00","dateModified":"2024-09-23T14:52:03+00:00","author":{"@id":"https:\/\/sha-luzern.ch\/es#\/schema\/person\/e68d44538591ce8617e273ae50cb9fb3"},"description":"El Dipl.-Bauingenieur Jens Beele, autorizado desde hace muchos a\u00f1os y responsable de la gesti\u00f3n de la construcci\u00f3n, se incorpora a la direcci\u00f3n de SHA Scheffler Helbich Architekten GmbH con efecto inmediato.","breadcrumb":{"@id":"https:\/\/sha-luzern.ch\/es\/news\/ampliacion-de-la-gestion#breadcrumb"},"inLanguage":"es","potentialAction":[{"@type":"ReadAction","target":["https:\/\/sha-luzern.ch\/es\/news\/ampliacion-de-la-gestion"]}]},{"@type":"ImageObject","inLanguage":"es","@id":"https:\/\/sha-luzern.ch\/es\/news\/ampliacion-de-la-gestion#primaryimage","url":"https:\/\/sha-luzern.ch\/wp-content\/uploads\/019-SHA-Dortmund-August-2022-GF-web.jpg","contentUrl":"https:\/\/sha-luzern.ch\/wp-content\/uploads\/019-SHA-Dortmund-August-2022-GF-web.jpg","width":1800,"height":1198,"caption":"Gesch\u00e4ftsleitung SHA Scheffler Helbich Architekten Christoph Helbich Jens Beele"},{"@type":"BreadcrumbList","@id":"https:\/\/sha-luzern.ch\/es\/news\/ampliacion-de-la-gestion#breadcrumb","itemListElement":[{"@type":"ListItem","position":1,"name":"Startseite","item":"https:\/\/sha-luzern.ch\/es\/inicio"},{"@type":"ListItem","position":2,"name":"Ampliaci\u00f3n del consejo de administraci\u00f3n"}]},{"@type":"WebSite","@id":"https:\/\/sha-luzern.ch\/es#website","url":"https:\/\/sha-luzern.ch\/es","name":"SHA Scheffler Helbich Architekten GmbH","description":"","potentialAction":[{"@type":"SearchAction","target":{"@type":"EntryPoint","urlTemplate":"https:\/\/sha-luzern.ch\/es?s={search_term_string}"},"query-input":{"@type":"PropertyValueSpecification","valueRequired":true,"valueName":"search_term_string"}}],"inLanguage":"es"},{"@type":"Person","@id":"https:\/\/sha-luzern.ch\/es#\/schema\/person\/e68d44538591ce8617e273ae50cb9fb3","name":"Judith Weitzel","image":{"@type":"ImageObject","inLanguage":"es","@id":"https:\/\/sha-luzern.ch\/es#\/schema\/person\/image\/","url":"https:\/\/secure.gravatar.com\/avatar\/7c6bf497a9b76cc4943bd4d7716e797cafb90c96046233c36845e4654eed5e01?s=96&d=mm&r=g","contentUrl":"https:\/\/secure.gravatar.com\/avatar\/7c6bf497a9b76cc4943bd4d7716e797cafb90c96046233c36845e4654eed5e01?s=96&d=mm&r=g","caption":"Judith Weitzel"}}]}},"_links":{"self":[{"href":"https:\/\/sha-luzern.ch\/es\/wp-json\/wp\/v2\/posts\/32526","targetHints":{"allow":["GET"]}}],"collection":[{"href":"https:\/\/sha-luzern.ch\/es\/wp-json\/wp\/v2\/posts"}],"about":[{"href":"https:\/\/sha-luzern.ch\/es\/wp-json\/wp\/v2\/types\/post"}],"author":[{"embeddable":true,"href":"https:\/\/sha-luzern.ch\/es\/wp-json\/wp\/v2\/users\/2"}],"replies":[{"embeddable":true,"href":"https:\/\/sha-luzern.ch\/es\/wp-json\/wp\/v2\/comments?post=32526"}],"version-history":[{"count":14,"href":"https:\/\/sha-luzern.ch\/es\/wp-json\/wp\/v2\/posts\/32526\/revisions"}],"predecessor-version":[{"id":46498,"href":"https:\/\/sha-luzern.ch\/es\/wp-json\/wp\/v2\/posts\/32526\/revisions\/46498"}],"wp:featuredmedia":[{"embeddable":true,"href":"https:\/\/sha-luzern.ch\/es\/wp-json\/wp\/v2\/media\/26522"}],"wp:attachment":[{"href":"https:\/\/sha-luzern.ch\/es\/wp-json\/wp\/v2\/media?parent=32526"}],"wp:term":[{"taxonomy":"category","embeddable":true,"href":"https:\/\/sha-luzern.ch\/es\/wp-json\/wp\/v2\/categories?post=32526"},{"taxonomy":"post_tag","embeddable":true,"href":"https:\/\/sha-luzern.ch\/es\/wp-json\/wp\/v2\/tags?post=32526"}],"curies":[{"name":"wp","href":"https:\/\/api.w.org\/{rel}","templated":true}]}}