{"id":33389,"date":"2023-11-07T13:06:30","date_gmt":"2023-11-07T12:06:30","guid":{"rendered":"https:\/\/sha.de\/aktuelles\/publicado-los-tejados-de-la-plaza-de-la-estacion-de-ulm-presentados-en-una-revista-de-arquitectura"},"modified":"2024-09-23T16:53:50","modified_gmt":"2024-09-23T14:53:50","slug":"publicado-los-tejados-de-la-plaza-de-la-estacion-de-ulm-presentados-en-una-revista-de-arquitectura","status":"publish","type":"post","link":"https:\/\/sha-luzern.ch\/es\/news\/publicado-los-tejados-de-la-plaza-de-la-estacion-de-ulm-presentados-en-una-revista-de-arquitectura","title":{"rendered":"Publicado: Los tejados de la plaza de la estaci\u00f3n de Ulm presentados en una revista de arquitectura"},"content":{"rendered":"<div id='av_section_1' class='avia-section main_color pt-default pb-default avia-no-border-styling avia-bg-style-scroll  avia-builder-el-0  avia-builder-el-no-sibling   container_wrap fullsize' style=' '  ><div class='container' ><main  role=\"main\" itemprop=\"mainContentOfPage\"  class='template-page content  av-content-full alpha units'><div class='post-entry post-entry-type-page post-entry-33389'><div class='entry-content-wrapper clearfix'>\n\n\t\t\t<div id=\"av-q8e0eh\" class=\"headline-column flex_column av_one_full flex_column_div first \">\n\t\t\t\t<div class=\"headline-wrap is-outside align-left sub-bottom\">\n\t\t\t\t\t<h1 class=\"headline-content headline-primary\">Publicado: Los tejados de la plaza de la estaci\u00f3n de Ulm presentados en una revista de arquitectura<\/h1>\n\t\t\t\t\t<h3 class=\"headline-content headline-secondary\">SHA aparece en una revista especializada en arquitectura paisaj\u00edstica y urbanismo<\/h3>\n\t\t\t\t<\/div>\n\t\t\t<\/div>\n<div class=\"flex_column av_one_third  flex_column_div av-zero-column-padding first bg-default   img-left   avia-builder-el-2  el_after_pixel_sc_headline  el_before_av_one_third  \"><section  class='av_textblock_section av-lnltm2nc-67e5c02d9c9763bbd446094ec658bd70 '   itemscope=\"itemscope\" itemtype=\"https:\/\/schema.org\/BlogPosting\" itemprop=\"blogPost\" ><div class='avia_textblock'  itemprop=\"text\" ><p>Estamos encantados de aparecer en el \u00faltimo n\u00famero 11\/23 de la revista especializada Garten + Landschaft con nuestro proyecto \u00abBahnhofplatz Ulm &#8211; Dach vor dem Bahnhof und Haltestellend\u00e4cher\u00bb. En colaboraci\u00f3n con Hummert Architekten BDA, completamos el proyecto en 2021.<\/p>\n<p>Con una superficie de unos 770 m\u00b2, la nueva marquesina de la estaci\u00f3n garantiza una transici\u00f3n protegida de la lluvia entre las distintas funciones de transporte y cumple al mismo tiempo una funci\u00f3n de vest\u00edbulo para la estaci\u00f3n y la plaza de la estaci\u00f3n. Cuatro columnas redondas sostienen la superficie filigrana y geom\u00e9trica del tejado, que est\u00e1 en voladizo por todos los lados y consta de 16 secciones plegadas en la parte superior e inferior. Otras dos marquesinas alargadas cubren las zonas de parada de autobuses en la explanada de la estaci\u00f3n. Su dise\u00f1o es similar al de la gran cubierta situada frente a la estaci\u00f3n de ferrocarril, pero consiste en seis o siete sombrillas cuadradas dispuestas en fila.<\/p>\n<\/div><\/section><\/div><div class=\"flex_column av_one_third  flex_column_div av-zero-column-padding  bg-default   img-left   avia-builder-el-4  el_after_av_one_third  el_before_av_one_third  \"><section  class='av_textblock_section av-loo49rqs-09e6cef8827a238616628b7e5d5b119b '   itemscope=\"itemscope\" itemtype=\"https:\/\/schema.org\/BlogPosting\" itemprop=\"blogPost\" ><div class='avia_textblock'  itemprop=\"text\" ><p>Los plafones consisten en paneles triangulares de acero inoxidable que se colocan directamente unos contra otros y se montan sin fijaciones visibles. El alumbrado de tr\u00e1fico necesario tambi\u00e9n se integr\u00f3 a ras en el sofito. Los canalones en el borde de las superficies del tejado y las bajantes dentro de los soportes garantizan el drenaje.<\/p>\n<p>Extracto del art\u00edculo de la revista:<\/p>\n<p>Usted pasa por debajo de un tejado de gran envergadura, sostenido por cuatro esbeltos y altos pilares. La parte inferior del techo parece estar en movimiento: se compone de paneles triangulares, la superficie parece plegarse en diferentes direcciones, los reflejos de la luz de los coches que pasan se reflejan de forma mate en la superficie. El color del techo var\u00eda del negro al gris y al dorado.<\/p>\n<p>Fuente: <a href=\"http:\/\/www.garten-landschaft.de\" target=\"_blank\" rel=\"nofollow\">www.garten-landschaft.de<\/a><\/p>\n<\/div><\/section><\/div><div class=\"flex_column av_one_third  flex_column_div av-zero-column-padding  bg-default   img-left   avia-builder-el-6  el_after_av_one_third  el_before_av_hr  \"><p><div  class='avia-image-container  av-styling-    avia-builder-el-7  el_before_av_button  avia-builder-el-first  avia-align-center'  itemprop=\"image\" itemscope=\"itemscope\" itemtype=\"https:\/\/schema.org\/ImageObject\"  ><div class='avia-image-container-inner'><div class='avia-image-overlay-wrap'><a href='https:\/\/sha-luzern.ch\/es\/proyectos\/movilidad-y-transporte\/tejados-en-la-plaza-de-la-estacion-de-ulm' class='avia_image'  ><img class='avia_image ' src='https:\/\/sha-luzern.ch\/wp-content\/uploads\/20231011_043a_SHA-Architekten-\u00a9DUCKEK-Bahnhofs-Vordach-Ulm__P4A0884-Bearbeitet-1030x687.jpg' alt='' title='Vord\u00e4cher Bahnhofsplatz Ulm | SHA Scheffler Helbich Architekten'  itemprop=\"thumbnailUrl\"  \/><\/a><\/div><\/div><\/div><br \/>\n<div class='avia-button-wrap theme-fill avia-button-right  avia-builder-el-8  el_after_av_image  avia-builder-el-last  inline'><a href='https:\/\/sha-luzern.ch\/es\/proyectos\/movilidad-y-transporte\/tejados-en-la-plaza-de-la-estacion-de-ulm'  class='avia-button  color-ci-yellow hover-black  avia-icon_select-yes-left-icon avia-size-x-large avia-position-right'  target=\"_blank\"   ><span class='avia_button_icon avia_button_icon_left ' aria-hidden='true' data-av_icon='\ue832' data-av_iconfont='entypo-fontello'><\/span><span class='avia_iconbox_title' >M\u00e1s informaci\u00f3n sobre el proyecto de la plaza de la estaci\u00f3n de Ulm<\/span><\/a><\/div><\/p><\/div><div  class='hr av-lsx9sb0v-eb609d929346656a878ae022322ffa2d hr-default  avia-builder-el-9  el_after_av_one_third  el_before_pixel_sc_slickgallery '><span class='hr-inner '><span class=\"hr-inner-style\"><\/span><\/span><\/div>\n<div class=\"slickgallery \">\n\t<div class=\"pixel-slide-wrap\">\n\t\t<div class=\"pixel-slide\" style=\"display: block; width: 100%; float: left;\">\n\t\t\t\t\n\t\t\t\t\t\t\t\t\t\t\t\t\t\n\t\t\t\t\t<div class=\"pixel-slide__image-wrap slide-1\">\n\t\t\t\t\t\t\t<div class=\"pixel-slide__image \"><a href=\"https:\/\/sha-luzern.ch\/wp-content\/uploads\/8_Cover-850x850.png\" rel=\"lightbox\"><img decoding=\"async\" src=\"https:\/\/sha-luzern.ch\/wp-content\/uploads\/8_Cover-706x368.png\" alt=\"\" title=\"\"><\/a><\/div>\n\t\t\t\t\t<\/div>\n\t\t\t\t\n\t\t\t\t\t\t\t\t\t\t\t\t\t\n\t\t\t\t\t<div class=\"pixel-slide__image-wrap slide-2\">\n\t\t\t\t\t\t\t<div class=\"pixel-slide__image \"><a href=\"https:\/\/sha-luzern.ch\/wp-content\/uploads\/20231011_052a_SHA-Architekten-\u00a9DUCKEK-Bahnhofs-Vordach-Ulm__P4A0926-Bearbeitet-1274x850.jpg\" rel=\"lightbox\"><img decoding=\"async\" src=\"https:\/\/sha-luzern.ch\/wp-content\/uploads\/20231011_052a_SHA-Architekten-\u00a9DUCKEK-Bahnhofs-Vordach-Ulm__P4A0926-Bearbeitet-706x368.jpg\" alt=\"Vord\u00e4cher Bahnhofsplatz Ulm | SHA Scheffler Helbich Architekten\" title=\"Vord\u00e4cher Bahnhofsplatz Ulm | SHA Scheffler Helbich Architekten\"><\/a><\/div>\n\t\t\t\t\t<\/div>\n\t\t\t\t\n\t\t\t\t\t\t\t\t\t\t\t\t\t\n\t\t\t\t\t<div class=\"pixel-slide__image-wrap slide-3\">\n\t\t\t\t\t\t\t<div class=\"pixel-slide__image \"><a href=\"https:\/\/sha-luzern.ch\/wp-content\/uploads\/20231011_002a_SHA-Architekten-\u00a9DUCKEK-Bahnhofs-Vordach-Ulm__P4A0701-Bearbeitet-Bearbeitet-1275x850.jpg\" rel=\"lightbox\"><img decoding=\"async\" src=\"https:\/\/sha-luzern.ch\/wp-content\/uploads\/20231011_002a_SHA-Architekten-\u00a9DUCKEK-Bahnhofs-Vordach-Ulm__P4A0701-Bearbeitet-Bearbeitet-706x368.jpg\" alt=\"Vord\u00e4cher Bahnhofsplatz Ulm | SHA Scheffler Helbich Architekten\" title=\"Vord\u00e4cher Bahnhofsplatz Ulm | SHA Scheffler Helbich Architekten\"><\/a><\/div>\n\t\t\t\t\t<\/div>\n\t\t\t\t\n\t\t\t\t\t\t\t\t\t\t\t\t\t\n\t\t\t\t\t<div class=\"pixel-slide__image-wrap slide-4\">\n\t\t\t\t\t\t\t<div class=\"pixel-slide__image \"><a href=\"https:\/\/sha-luzern.ch\/wp-content\/uploads\/20231011_020_SHA-Architekten-\u00a9DUCKEK-Bahnhofs-Vordach-Ulm__P4A07-567x850.jpg\" rel=\"lightbox\"><img decoding=\"async\" src=\"https:\/\/sha-luzern.ch\/wp-content\/uploads\/20231011_020_SHA-Architekten-\u00a9DUCKEK-Bahnhofs-Vordach-Ulm__P4A07-706x368.jpg\" alt=\"Vord\u00e4cher Bahnhofsplatz Ulm | SHA Scheffler Helbich Architekten\" title=\"Vord\u00e4cher Bahnhofsplatz Ulm | SHA Scheffler Helbich Architekten\"><\/a><\/div>\n\t\t\t\t\t<\/div>\n\t\t\t\t\n\t\t\t\t\t\t\t\t\t\t\t\t\t\n\t\t\t\t\t<div class=\"pixel-slide__image-wrap slide-5\">\n\t\t\t\t\t\t\t<div class=\"pixel-slide__image \"><a href=\"https:\/\/sha-luzern.ch\/wp-content\/uploads\/20231011_081a_SHA-Architekten-\u00a9DUCKEK-Bahnhofs-Vordach-Ulm__P4A1112-Bearbeitet-1274x850.jpg\" rel=\"lightbox\"><img decoding=\"async\" src=\"https:\/\/sha-luzern.ch\/wp-content\/uploads\/20231011_081a_SHA-Architekten-\u00a9DUCKEK-Bahnhofs-Vordach-Ulm__P4A1112-Bearbeitet-706x368.jpg\" alt=\"Vord\u00e4cher Bahnhofsplatz Ulm | SHA Scheffler Helbich Architekten\" title=\"Vord\u00e4cher Bahnhofsplatz Ulm | SHA Scheffler Helbich Architekten\"><\/a><\/div>\n\t\t\t\t\t<\/div>\n\t\t\t\t\n\t\t\t\t\t\t\t\t\t\t\t\t\t\n\t\t\t\t\t<div class=\"pixel-slide__image-wrap slide-6\">\n\t\t\t\t\t\t\t<div class=\"pixel-slide__image \"><a href=\"https:\/\/sha-luzern.ch\/wp-content\/uploads\/20231011_115a_SHA-Architekten-\u00a9DUCKEK-Bahnhofs-Vordach-Ulm__P4A1270-Bearbeitet-1274x850.jpg\" rel=\"lightbox\"><img decoding=\"async\" src=\"https:\/\/sha-luzern.ch\/wp-content\/uploads\/20231011_115a_SHA-Architekten-\u00a9DUCKEK-Bahnhofs-Vordach-Ulm__P4A1270-Bearbeitet-706x368.jpg\" alt=\"\" title=\"\"><\/a><\/div>\n\t\t\t\t\t<\/div>\n\t\t\t\t\t\t<\/div>\n\t<\/div>\n<\/div>\n\n\n","protected":false},"excerpt":{"rendered":"<p>Bahnhofplatz Ulm &#8211; tejado delante de la estaci\u00f3n y cubiertas de las paradas de autob\u00fas fue presentado en el \u00faltimo n\u00famero 11\/23 de la revista especializada Garten + Landschaft.<\/p>\n","protected":false},"author":4,"featured_media":27812,"comment_status":"closed","ping_status":"closed","sticky":false,"template":"","format":"standard","meta":{"_acf_changed":false,"content-type":"","footnotes":""},"categories":[897],"tags":[993,1003,1074,1248],"class_list":["post-33389","post","type-post","status-publish","format-standard","has-post-thumbnail","hentry","category-movilidad","tag-concurso-de-arquitectura","tag-estacion-de-ferrocarril","tag-edificio-nuevo","tag-movilidad"],"acf":[],"yoast_head":"<!-- This site is optimized with the Yoast SEO plugin v26.1.1 - https:\/\/yoast.com\/wordpress\/plugins\/seo\/ -->\n<title>El nuevo proyecto de construcci\u00f3n de los tejados de la estaci\u00f3n de ferrocarril de Ulm se presenta en una revista de arquitectura<\/title>\n<meta name=\"description\" content=\"Bahnhofplatz Ulm - tejado delante de la estaci\u00f3n y cubiertas de las paradas de autob\u00fas fue presentado en el \u00faltimo n\u00famero 11\/23 de la revista especializada Garten + Landschaft.\" \/>\n<meta name=\"robots\" content=\"index, follow, max-snippet:-1, max-image-preview:large, max-video-preview:-1\" \/>\n<link rel=\"canonical\" href=\"https:\/\/sha-luzern.ch\/es\/news\/publicado-los-tejados-de-la-plaza-de-la-estacion-de-ulm-presentados-en-una-revista-de-arquitectura\" \/>\n<meta property=\"og:locale\" content=\"es_ES\" \/>\n<meta property=\"og:type\" content=\"article\" \/>\n<meta property=\"og:title\" content=\"El nuevo proyecto de construcci\u00f3n de los tejados de la estaci\u00f3n de ferrocarril de Ulm se presenta en una revista de arquitectura\" \/>\n<meta property=\"og:description\" content=\"Bahnhofplatz Ulm - tejado delante de la estaci\u00f3n y cubiertas de las paradas de autob\u00fas fue presentado en el \u00faltimo n\u00famero 11\/23 de la revista especializada Garten + Landschaft.\" \/>\n<meta property=\"og:url\" content=\"https:\/\/sha-luzern.ch\/es\/news\/publicado-los-tejados-de-la-plaza-de-la-estacion-de-ulm-presentados-en-una-revista-de-arquitectura\" \/>\n<meta property=\"og:site_name\" content=\"SHA Scheffler Helbich Architekten GmbH\" \/>\n<meta property=\"article:published_time\" content=\"2023-11-07T12:06:30+00:00\" \/>\n<meta property=\"article:modified_time\" content=\"2024-09-23T14:53:50+00:00\" \/>\n<meta property=\"og:image\" content=\"https:\/\/sha-luzern.ch\/wp-content\/uploads\/Titelbild-1.jpg\" \/>\n\t<meta property=\"og:image:width\" content=\"706\" \/>\n\t<meta property=\"og:image:height\" content=\"368\" \/>\n\t<meta property=\"og:image:type\" content=\"image\/jpeg\" \/>\n<meta name=\"author\" content=\"Max Frittgen\" \/>\n<meta name=\"twitter:card\" content=\"summary_large_image\" \/>\n<meta name=\"twitter:label1\" content=\"Escrito por\" \/>\n\t<meta name=\"twitter:data1\" content=\"Max Frittgen\" \/>\n\t<meta name=\"twitter:label2\" content=\"Tiempo de lectura\" \/>\n\t<meta name=\"twitter:data2\" content=\"7 minutos\" \/>\n<script type=\"application\/ld+json\" class=\"yoast-schema-graph\">{\"@context\":\"https:\/\/schema.org\",\"@graph\":[{\"@type\":\"WebPage\",\"@id\":\"https:\/\/sha-luzern.ch\/es\/news\/publicado-los-tejados-de-la-plaza-de-la-estacion-de-ulm-presentados-en-una-revista-de-arquitectura\",\"url\":\"https:\/\/sha-luzern.ch\/es\/news\/publicado-los-tejados-de-la-plaza-de-la-estacion-de-ulm-presentados-en-una-revista-de-arquitectura\",\"name\":\"El nuevo proyecto de construcci\u00f3n de los tejados de la estaci\u00f3n de ferrocarril de Ulm se presenta en una revista de arquitectura\",\"isPartOf\":{\"@id\":\"https:\/\/sha-luzern.ch\/es#website\"},\"primaryImageOfPage\":{\"@id\":\"https:\/\/sha-luzern.ch\/es\/news\/publicado-los-tejados-de-la-plaza-de-la-estacion-de-ulm-presentados-en-una-revista-de-arquitectura#primaryimage\"},\"image\":{\"@id\":\"https:\/\/sha-luzern.ch\/es\/news\/publicado-los-tejados-de-la-plaza-de-la-estacion-de-ulm-presentados-en-una-revista-de-arquitectura#primaryimage\"},\"thumbnailUrl\":\"https:\/\/sha-luzern.ch\/wp-content\/uploads\/Titelbild-1.jpg\",\"datePublished\":\"2023-11-07T12:06:30+00:00\",\"dateModified\":\"2024-09-23T14:53:50+00:00\",\"author\":{\"@id\":\"https:\/\/sha-luzern.ch\/es#\/schema\/person\/ce23b4e86defac6734402dec34d578ed\"},\"description\":\"Bahnhofplatz Ulm - tejado delante de la estaci\u00f3n y cubiertas de las paradas de autob\u00fas fue presentado en el \u00faltimo n\u00famero 11\/23 de la revista especializada Garten + Landschaft.\",\"breadcrumb\":{\"@id\":\"https:\/\/sha-luzern.ch\/es\/news\/publicado-los-tejados-de-la-plaza-de-la-estacion-de-ulm-presentados-en-una-revista-de-arquitectura#breadcrumb\"},\"inLanguage\":\"es\",\"potentialAction\":[{\"@type\":\"ReadAction\",\"target\":[\"https:\/\/sha-luzern.ch\/es\/news\/publicado-los-tejados-de-la-plaza-de-la-estacion-de-ulm-presentados-en-una-revista-de-arquitectura\"]}]},{\"@type\":\"ImageObject\",\"inLanguage\":\"es\",\"@id\":\"https:\/\/sha-luzern.ch\/es\/news\/publicado-los-tejados-de-la-plaza-de-la-estacion-de-ulm-presentados-en-una-revista-de-arquitectura#primaryimage\",\"url\":\"https:\/\/sha-luzern.ch\/wp-content\/uploads\/Titelbild-1.jpg\",\"contentUrl\":\"https:\/\/sha-luzern.ch\/wp-content\/uploads\/Titelbild-1.jpg\",\"width\":706,\"height\":368,\"caption\":\"Neubau D\u00e4cher Bahnhofsplatz Ulm | SHA Scheffler Helbich Architekten\"},{\"@type\":\"BreadcrumbList\",\"@id\":\"https:\/\/sha-luzern.ch\/es\/news\/publicado-los-tejados-de-la-plaza-de-la-estacion-de-ulm-presentados-en-una-revista-de-arquitectura#breadcrumb\",\"itemListElement\":[{\"@type\":\"ListItem\",\"position\":1,\"name\":\"Startseite\",\"item\":\"https:\/\/sha-luzern.ch\/es\/inicio\"},{\"@type\":\"ListItem\",\"position\":2,\"name\":\"Publicado: Los tejados de la plaza de la estaci\u00f3n de Ulm presentados en una revista de arquitectura\"}]},{\"@type\":\"WebSite\",\"@id\":\"https:\/\/sha-luzern.ch\/es#website\",\"url\":\"https:\/\/sha-luzern.ch\/es\",\"name\":\"SHA Scheffler Helbich Architekten GmbH\",\"description\":\"\",\"potentialAction\":[{\"@type\":\"SearchAction\",\"target\":{\"@type\":\"EntryPoint\",\"urlTemplate\":\"https:\/\/sha-luzern.ch\/es?s={search_term_string}\"},\"query-input\":{\"@type\":\"PropertyValueSpecification\",\"valueRequired\":true,\"valueName\":\"search_term_string\"}}],\"inLanguage\":\"es\"},{\"@type\":\"Person\",\"@id\":\"https:\/\/sha-luzern.ch\/es#\/schema\/person\/ce23b4e86defac6734402dec34d578ed\",\"name\":\"Max Frittgen\",\"image\":{\"@type\":\"ImageObject\",\"inLanguage\":\"es\",\"@id\":\"https:\/\/sha-luzern.ch\/es#\/schema\/person\/image\/\",\"url\":\"https:\/\/secure.gravatar.com\/avatar\/c7742cab791c03d6ba68b2229279b1e623447addf8feb1dc9bd10ac9a6e6f0f8?s=96&d=mm&r=g\",\"contentUrl\":\"https:\/\/secure.gravatar.com\/avatar\/c7742cab791c03d6ba68b2229279b1e623447addf8feb1dc9bd10ac9a6e6f0f8?s=96&d=mm&r=g\",\"caption\":\"Max Frittgen\"},\"sameAs\":[\"http:\/\/www.sha-luzern.ch\"]}]}<\/script>\n<!-- \/ Yoast SEO plugin. -->","yoast_head_json":{"title":"El nuevo proyecto de construcci\u00f3n de los tejados de la estaci\u00f3n de ferrocarril de Ulm se presenta en una revista de arquitectura","description":"Bahnhofplatz Ulm - tejado delante de la estaci\u00f3n y cubiertas de las paradas de autob\u00fas fue presentado en el \u00faltimo n\u00famero 11\/23 de la revista especializada Garten + Landschaft.","robots":{"index":"index","follow":"follow","max-snippet":"max-snippet:-1","max-image-preview":"max-image-preview:large","max-video-preview":"max-video-preview:-1"},"canonical":"https:\/\/sha-luzern.ch\/es\/news\/publicado-los-tejados-de-la-plaza-de-la-estacion-de-ulm-presentados-en-una-revista-de-arquitectura","og_locale":"es_ES","og_type":"article","og_title":"El nuevo proyecto de construcci\u00f3n de los tejados de la estaci\u00f3n de ferrocarril de Ulm se presenta en una revista de arquitectura","og_description":"Bahnhofplatz Ulm - tejado delante de la estaci\u00f3n y cubiertas de las paradas de autob\u00fas fue presentado en el \u00faltimo n\u00famero 11\/23 de la revista especializada Garten + Landschaft.","og_url":"https:\/\/sha-luzern.ch\/es\/news\/publicado-los-tejados-de-la-plaza-de-la-estacion-de-ulm-presentados-en-una-revista-de-arquitectura","og_site_name":"SHA Scheffler Helbich Architekten GmbH","article_published_time":"2023-11-07T12:06:30+00:00","article_modified_time":"2024-09-23T14:53:50+00:00","og_image":[{"width":706,"height":368,"url":"https:\/\/sha-luzern.ch\/wp-content\/uploads\/Titelbild-1.jpg","type":"image\/jpeg"}],"author":"Max Frittgen","twitter_card":"summary_large_image","twitter_misc":{"Escrito por":"Max Frittgen","Tiempo de lectura":"7 minutos"},"schema":{"@context":"https:\/\/schema.org","@graph":[{"@type":"WebPage","@id":"https:\/\/sha-luzern.ch\/es\/news\/publicado-los-tejados-de-la-plaza-de-la-estacion-de-ulm-presentados-en-una-revista-de-arquitectura","url":"https:\/\/sha-luzern.ch\/es\/news\/publicado-los-tejados-de-la-plaza-de-la-estacion-de-ulm-presentados-en-una-revista-de-arquitectura","name":"El nuevo proyecto de construcci\u00f3n de los tejados de la estaci\u00f3n de ferrocarril de Ulm se presenta en una revista de arquitectura","isPartOf":{"@id":"https:\/\/sha-luzern.ch\/es#website"},"primaryImageOfPage":{"@id":"https:\/\/sha-luzern.ch\/es\/news\/publicado-los-tejados-de-la-plaza-de-la-estacion-de-ulm-presentados-en-una-revista-de-arquitectura#primaryimage"},"image":{"@id":"https:\/\/sha-luzern.ch\/es\/news\/publicado-los-tejados-de-la-plaza-de-la-estacion-de-ulm-presentados-en-una-revista-de-arquitectura#primaryimage"},"thumbnailUrl":"https:\/\/sha-luzern.ch\/wp-content\/uploads\/Titelbild-1.jpg","datePublished":"2023-11-07T12:06:30+00:00","dateModified":"2024-09-23T14:53:50+00:00","author":{"@id":"https:\/\/sha-luzern.ch\/es#\/schema\/person\/ce23b4e86defac6734402dec34d578ed"},"description":"Bahnhofplatz Ulm - tejado delante de la estaci\u00f3n y cubiertas de las paradas de autob\u00fas fue presentado en el \u00faltimo n\u00famero 11\/23 de la revista especializada Garten + Landschaft.","breadcrumb":{"@id":"https:\/\/sha-luzern.ch\/es\/news\/publicado-los-tejados-de-la-plaza-de-la-estacion-de-ulm-presentados-en-una-revista-de-arquitectura#breadcrumb"},"inLanguage":"es","potentialAction":[{"@type":"ReadAction","target":["https:\/\/sha-luzern.ch\/es\/news\/publicado-los-tejados-de-la-plaza-de-la-estacion-de-ulm-presentados-en-una-revista-de-arquitectura"]}]},{"@type":"ImageObject","inLanguage":"es","@id":"https:\/\/sha-luzern.ch\/es\/news\/publicado-los-tejados-de-la-plaza-de-la-estacion-de-ulm-presentados-en-una-revista-de-arquitectura#primaryimage","url":"https:\/\/sha-luzern.ch\/wp-content\/uploads\/Titelbild-1.jpg","contentUrl":"https:\/\/sha-luzern.ch\/wp-content\/uploads\/Titelbild-1.jpg","width":706,"height":368,"caption":"Neubau D\u00e4cher Bahnhofsplatz Ulm | SHA Scheffler Helbich Architekten"},{"@type":"BreadcrumbList","@id":"https:\/\/sha-luzern.ch\/es\/news\/publicado-los-tejados-de-la-plaza-de-la-estacion-de-ulm-presentados-en-una-revista-de-arquitectura#breadcrumb","itemListElement":[{"@type":"ListItem","position":1,"name":"Startseite","item":"https:\/\/sha-luzern.ch\/es\/inicio"},{"@type":"ListItem","position":2,"name":"Publicado: Los tejados de la plaza de la estaci\u00f3n de Ulm presentados en una revista de arquitectura"}]},{"@type":"WebSite","@id":"https:\/\/sha-luzern.ch\/es#website","url":"https:\/\/sha-luzern.ch\/es","name":"SHA Scheffler Helbich Architekten GmbH","description":"","potentialAction":[{"@type":"SearchAction","target":{"@type":"EntryPoint","urlTemplate":"https:\/\/sha-luzern.ch\/es?s={search_term_string}"},"query-input":{"@type":"PropertyValueSpecification","valueRequired":true,"valueName":"search_term_string"}}],"inLanguage":"es"},{"@type":"Person","@id":"https:\/\/sha-luzern.ch\/es#\/schema\/person\/ce23b4e86defac6734402dec34d578ed","name":"Max Frittgen","image":{"@type":"ImageObject","inLanguage":"es","@id":"https:\/\/sha-luzern.ch\/es#\/schema\/person\/image\/","url":"https:\/\/secure.gravatar.com\/avatar\/c7742cab791c03d6ba68b2229279b1e623447addf8feb1dc9bd10ac9a6e6f0f8?s=96&d=mm&r=g","contentUrl":"https:\/\/secure.gravatar.com\/avatar\/c7742cab791c03d6ba68b2229279b1e623447addf8feb1dc9bd10ac9a6e6f0f8?s=96&d=mm&r=g","caption":"Max Frittgen"},"sameAs":["http:\/\/www.sha-luzern.ch"]}]}},"_links":{"self":[{"href":"https:\/\/sha-luzern.ch\/es\/wp-json\/wp\/v2\/posts\/33389","targetHints":{"allow":["GET"]}}],"collection":[{"href":"https:\/\/sha-luzern.ch\/es\/wp-json\/wp\/v2\/posts"}],"about":[{"href":"https:\/\/sha-luzern.ch\/es\/wp-json\/wp\/v2\/types\/post"}],"author":[{"embeddable":true,"href":"https:\/\/sha-luzern.ch\/es\/wp-json\/wp\/v2\/users\/4"}],"replies":[{"embeddable":true,"href":"https:\/\/sha-luzern.ch\/es\/wp-json\/wp\/v2\/comments?post=33389"}],"version-history":[{"count":11,"href":"https:\/\/sha-luzern.ch\/es\/wp-json\/wp\/v2\/posts\/33389\/revisions"}],"predecessor-version":[{"id":47257,"href":"https:\/\/sha-luzern.ch\/es\/wp-json\/wp\/v2\/posts\/33389\/revisions\/47257"}],"wp:featuredmedia":[{"embeddable":true,"href":"https:\/\/sha-luzern.ch\/es\/wp-json\/wp\/v2\/media\/27812"}],"wp:attachment":[{"href":"https:\/\/sha-luzern.ch\/es\/wp-json\/wp\/v2\/media?parent=33389"}],"wp:term":[{"taxonomy":"category","embeddable":true,"href":"https:\/\/sha-luzern.ch\/es\/wp-json\/wp\/v2\/categories?post=33389"},{"taxonomy":"post_tag","embeddable":true,"href":"https:\/\/sha-luzern.ch\/es\/wp-json\/wp\/v2\/tags?post=33389"}],"curies":[{"name":"wp","href":"https:\/\/api.w.org\/{rel}","templated":true}]}}