{"id":34420,"date":"2021-02-10T11:21:33","date_gmt":"2021-02-10T10:21:33","guid":{"rendered":"https:\/\/sha.de\/aktuelles\/sha-scheffler-helbich-arquitectos-en-berlin"},"modified":"2024-09-23T16:55:39","modified_gmt":"2024-09-23T14:55:39","slug":"sha-scheffler-helbich-arquitectos-en-berlin","status":"publish","type":"post","link":"https:\/\/sha-luzern.ch\/es\/news\/sha-scheffler-helbich-arquitectos-en-berlin","title":{"rendered":"SHA Scheffler Helbich Arquitectos en Berl\u00edn"},"content":{"rendered":"<div id='av_section_1' class='avia-section main_color pt-default pb-default avia-no-border-styling avia-bg-style-scroll  avia-builder-el-0  avia-builder-el-no-sibling   container_wrap fullsize' style=' '  ><div class='container' ><main  role=\"main\" itemprop=\"mainContentOfPage\"  class='template-page content  av-content-full alpha units'><div class='post-entry post-entry-type-page post-entry-34420'><div class='entry-content-wrapper clearfix'>\n\n\t\t\t<div id=\"av-k1hoeuzj\" class=\"headline-column flex_column av_one_full flex_column_div first \">\n\t\t\t\t<div class=\"headline-wrap is-outside align-left sub-bottom\">\n\t\t\t\t\t<h1 class=\"headline-content headline-primary\">SHA Scheffler Helbich Arquitectos en Berl\u00edn<\/h1>\n\t\t\t\t\t<h3 class=\"headline-content headline-secondary\">Nuestra oficina de planificaci\u00f3n en la capital<\/h3>\n\t\t\t\t<\/div>\n\t\t\t<\/div>\n<div class=\"flex_column av_one_third  flex_column_div av-zero-column-padding first bg-default      avia-builder-el-2  el_after_pixel_sc_headline  el_before_av_one_third  \"><section  class='av_textblock_section av-kfgpxslt-ea45c4f6a96ab89e301f07421d1279df '   itemscope=\"itemscope\" itemtype=\"https:\/\/schema.org\/BlogPosting\" itemprop=\"blogPost\" ><div class='avia_textblock'  itemprop=\"text\" ><p><em>\u00ab\u00a1Berl\u00edn! \u00a1Berl\u00edn! Empezamos en Berl\u00edn!\u00bb Eso es lo que dijimos a principios de 2019 cuando abrimos nuestra sucursal all\u00ed. Para ampliar la sede de nuestra empresa en Dortmund, SHA est\u00e1 presente desde entonces en el coraz\u00f3n de la capital. Hoy en d\u00eda, hemos conseguido convertir la euforia inicial en proyectos y \u00e9xitos de competici\u00f3n.<\/em><\/p>\n<p>Christoph Wunderlich es nuestro director de localizaciones y desarrollador de negocios en Berl\u00edn Mitte. Trabaj\u00f3 en estrecha colaboraci\u00f3n con todo el equipo para establecer la nueva oficina de SHA. A finales de 2018, pas\u00f3 inicialmente tres meses in situ en nuestro estudio de arquitectura de Dortmund para conocer a sus colegas de la regi\u00f3n del Ruhr y familiarizarse con la <a href=\"https:\/\/sha-luzern.ch\/es\/nuestra-oficina\/filosofia\"><span style=\"text-decoration: underline;\">filosof\u00eda de SHA<\/span><\/a> interiorizada. En febrero de 2019, cre\u00f3 entonces un <span style=\"text-decoration: underline;\"><a href=\"https:\/\/sha-luzern.ch\/es\/nuestra-oficina\/localizaciones\">espacio de co-working en Berl\u00edn<\/a><\/span> sent\u00f3 las bases del trabajo de SHA en Berl\u00edn. Sinh Nguyen, otro arquitecto experimentado, se incorpor\u00f3 al equipo de Berl\u00edn en la primavera de 2020. Ambos son los principales responsables de los procedimientos de adquisici\u00f3n, dise\u00f1o y concurso.<\/p>\n<p>Dos a\u00f1os despu\u00e9s del lanzamiento, pedimos a Christoph Wunderlich y Christoph Helbich, socio gerente de SHA, que se sentaran juntos. Juntos, echan la vista atr\u00e1s a los \u00faltimos 24 meses.<\/p>\n<p><strong>SHA tiene su sede en Dortmund desde hace m\u00e1s de 90 a\u00f1os. \u00bfC\u00f3mo decidi\u00f3 abrir una oficina de planificaci\u00f3n en Berl\u00edn?<\/strong><\/p>\n<p>Helbich: \u00abSimplemente me pareci\u00f3 bien dar el siguiente paso con nuestro estudio de arquitectura. SHA siempre ha trabajado para sus clientes en toda Alemania, y nuestro personal est\u00e1 en la carretera todos los d\u00edas en el eje norte-sur. Por el contrario, est\u00e1bamos infrarrepresentados en el este. Nuestras dos sedes de Dortmund (<a href=\"https:\/\/sha-luzern.ch\/es\/news\/nueva-sede-de-la-empresa-primeras-impresiones-del-phoenixwerk\"><em>SHA <span style=\"text-decoration: underline;\">se<\/span> ha <span style=\"text-decoration: underline;\">trasladado<\/span> desde entonces <span style=\"text-decoration: underline;\">a PhoenixWERK<\/span><\/em><\/a><em>ed.<\/em>) quer\u00edan complementarse de forma sensata. As\u00ed que ten\u00eda sentido centrarse en la capital\u00bb.<\/p>\n<\/div><\/section><\/div><div class=\"flex_column av_one_third  flex_column_div av-zero-column-padding        avia-builder-el-4  el_after_av_one_third  el_before_av_one_third  \"><section  class='av_textblock_section av-kaqj9hph-a2dd80239ddf2f81ba644651e38ce4f1 '   itemscope=\"itemscope\" itemtype=\"https:\/\/schema.org\/BlogPosting\" itemprop=\"blogPost\" ><div class='avia_textblock'  itemprop=\"text\" ><p>Wunderlich: \u00abPor aquel entonces ya trabajaba como arquitecto superior en Berl\u00edn. La tarea de anclar en la capital una empresa familiar tradicional de la regi\u00f3n del Ruhr me resultaba muy atractiva. El objetivo era llevar el ADN \u00fanico de SHA a Berl\u00edn y desarrollarlo a\u00fan m\u00e1s\u00bb.<\/p>\n<p><strong>SHA ha realizado m\u00e1s de 400 proyectos en toda Alemania en las \u00faltimas d\u00e9cadas. Su experiencia particular reside en la planificaci\u00f3n de propiedades industriales y comerciales a gran escala, edificios administrativos y de oficinas e instalaciones deportivas. \u00bfHa cambiado este enfoque con la oficina de Berl\u00edn?<\/strong><\/p>\n<p>Helbich: \u00abGracias a nuestros colegas de Berl\u00edn, podemos reaccionar de forma a\u00fan m\u00e1s flexible a la gran demanda de nuestros clientes en toda Alemania y utilizar de forma \u00f3ptima nuestras capacidades y recursos para nuestras \u00ab\u00e1reas especiales\u00bb. Christoph aporta adem\u00e1s una gran experiencia en la planificaci\u00f3n de hoteles. Con la planificaci\u00f3n de proyectos residenciales, instalaciones educativas y el dise\u00f1o de conceptos de desarrollo urbano, ahora contamos con una posici\u00f3n a\u00fan m\u00e1s amplia.\u00bb<\/p>\n<p>Wunderlich: \u00abHe aqu\u00ed un ejemplo: junto con Hummert Architekten BDA (ARGE Hummert Hullak Rannow), somos responsables de la nueva marquesina de la estaci\u00f3n y de los tejados de las paradas del <a href=\"https:\/\/sha-luzern.ch\/es\/proyectos\/movilidad-y-transporte\/tejados-en-la-plaza-de-la-estacion-de-ulm\">proyecto de infraestructura urbana <span style=\"text-decoration: underline;\">\u00abEstaci\u00f3n de la ciudad de Ulm\u00bb<\/span><\/a>, que son verdaderos reclamos para la vista en el emplazamiento de la estaci\u00f3n. Con este proyecto, Planungsb\u00fcro Berlin se mantiene en pie por s\u00ed mismo. Tambi\u00e9n nos encargamos de varios concursos: para el nuevo <span style=\"text-decoration: underline;\"><a href=\"https:\/\/sha-luzern.ch\/es\/proyectos\/edificios-escolares-y-educativos\/concurso-nuevo-edificio-vhs-dortmund\">nuevo edificio para el Centro de Educaci\u00f3n de Adultos de Dortmund<\/a><\/span>para la <span style=\"text-decoration: underline;\"><a href=\"https:\/\/sha-luzern.ch\/es\/proyectos\/alojamiento-gastronomia\/radisson-blu-hotel-dortmund\">ampliaci\u00f3n del Radisson Blu Hotel Dortmund<\/a><\/span> y para la rehabilitaci\u00f3n y nueva construcci\u00f3n de un atractivo <span style=\"text-decoration: underline;\"><a href=\"https:\/\/sha-luzern.ch\/?post_type=referenzen&#038;p=6785\">proyecto residencial en el centro de Berl\u00edn<\/a><\/span>. Actualmente estamos trabajando de nuevo para <a href=\"https:\/\/sha-luzern.ch\/es\/proyectos\/alojamiento-gastronomia\/rb-leipzig-centro-juvenil-y-zonas-recreativas\"><span style=\"text-decoration: underline;\">RB Leipzig<\/span><\/a> de nuevo.<\/p>\n<\/div><\/section><\/div><div class=\"flex_column av_one_third  flex_column_div av-zero-column-padding        avia-builder-el-6  el_after_av_one_third  el_before_av_one_full  \"><p><section  class='av_textblock_section av-kdhemomz-384b64b1c0bd5dbe15964c5e2908bf18 '   itemscope=\"itemscope\" itemtype=\"https:\/\/schema.org\/BlogPosting\" itemprop=\"blogPost\" ><div class='avia_textblock'  itemprop=\"text\" ><p><strong>\u00bfY c\u00f3mo funciona la cooperaci\u00f3n entre la sede central de Dortmund y la oficina de planificaci\u00f3n de Berl\u00edn?<\/strong><\/p>\n<p>Wunderlich: \u00abDialogamos casi todos los d\u00edas. Antes de Corona, tambi\u00e9n nos ve\u00edamos regularmente en persona, pero por supuesto hemos aparcado los viajes por el momento. Por el momento, Zoom &amp; Co. tendr\u00e1 que sustituir a la reuni\u00f3n \u00abreal\u00bb. Esperamos poder acudir a la <a href=\"https:\/\/sha-luzern.ch\/es\/proyectos\/oficina-y-administracion\/innovador-espacio-de-trabajo-en-phoenix-west-en-dortmund-horde\">PhoenixWERK<\/a> de Dortmund como muy tarde en verano\u00bb.<\/p>\n<p>Helbich: \u00abTambi\u00e9n tenemos previsto reforzar el intercambio de equipos entre la regi\u00f3n del Ruhr y Berl\u00edn en un futuro -\u00a1esperemos que cercano! &#8211; futuro. Queremos enviar regularmente empleados de Dortmund a Berl\u00edn para proyectos conjuntos\u00bb.<\/p>\n<\/div><\/section><br \/>\n\n<style type=\"text\/css\" data-created_by=\"avia_inline_auto\" id=\"style-css-av-k3fpn5l3-eb7af154f9f9958fdff8aeb7a6c40790\">\n#top .hr.av-k3fpn5l3-eb7af154f9f9958fdff8aeb7a6c40790{\nmargin-top:20px;\nmargin-bottom:40px;\n}\n.hr.av-k3fpn5l3-eb7af154f9f9958fdff8aeb7a6c40790 .hr-inner{\nwidth:100%;\nborder-color:#000000;\n}\n<\/style>\n<div  class='hr av-k3fpn5l3-eb7af154f9f9958fdff8aeb7a6c40790 hr-custom  avia-builder-el-8  el_after_av_textblock  el_before_pixel_sc_cta  hr-center hr-icon-no'><span class='hr-inner inner-border-av-border-thin'><span class=\"hr-inner-style\"><\/span><\/span><\/div><br \/>\n\n<div class=\"call-to-action  no-grow  has-button ci-black hover-white bg-yellow  align-left \"><div class=\"call-to-action__inner\"><div class=\"call-to-action__text\"><span class=\"call-to-action__primary\">Jugador de equipo  <br \/>buscado.<\/span><span class=\"call-to-action__secondary\">\u00bfLe apetece participar?  <br \/>\u00a1Forme parte de SHA!<\/span><\/div><div class=\"call-to-action__button\"><div class=\"avia-button-wrap theme-fill avia-button-left\"><a href=\"https:\/\/sha-luzern.ch\/karriere\/stellenangebote\" class=\"avia-button color-ci-black hover-white avia-icon_select-no avia-size-medium\"><span>Saber m\u00e1s<\/span><\/a><\/div><\/div><\/div><\/div><\/p><\/div><div class=\"flex_column av_one_full  flex_column_div av-zero-column-padding first       avia-builder-el-10  el_after_av_one_third  avia-builder-el-last  column-top-margin\"><div class=\"slickgallery \">\n\t<div class=\"pixel-slide-wrap\">\n\t\t<div class=\"pixel-slide\" style=\"display: block; width: 100%; float: left;\">\n\t\t\t\t\n\t\t\t\t\t\t\t\t\t\t\t\t\t\n\t\t\t\t\t<div class=\"pixel-slide__image-wrap slide-1\">\n\t\t\t\t\t\t\t<div class=\"pixel-slide__image \"><a href=\"https:\/\/sha-luzern.ch\/wp-content\/uploads\/Berlin-web-Scheffler-Helbich-Architekten-1-1275x850.jpg\" rel=\"lightbox\"><img decoding=\"async\" src=\"https:\/\/sha-luzern.ch\/wp-content\/uploads\/Berlin-web-Scheffler-Helbich-Architekten-1-706x368.jpg\" alt=\"Berlin Web Scheffler Helbich Architekten\" title=\"Berlin Web Scheffler Helbich Architekten\"><\/a><\/div>\n\t\t\t\t\t<\/div>\n\t\t\t\t\n\t\t\t\t\t\t\t\t\t\t\t\t\t\n\t\t\t\t\t<div class=\"pixel-slide__image-wrap slide-2\">\n\t\t\t\t\t\t\t<div class=\"pixel-slide__image \"><a href=\"https:\/\/sha-luzern.ch\/wp-content\/uploads\/Start-2019-1133x850.jpg\" rel=\"lightbox\"><img decoding=\"async\" src=\"https:\/\/sha-luzern.ch\/wp-content\/uploads\/Start-2019-706x368.jpg\" alt=\"Start 2019\" title=\"Start 2019\"><\/a><\/div>\n\t\t\t\t\t<\/div>\n\t\t\t\t\n\t\t\t\t\t\t\t\t\t\t\t\t\t\n\t\t\t\t\t<div class=\"pixel-slide__image-wrap slide-3\">\n\t\t\t\t\t\t\t<div class=\"pixel-slide__image \"><a href=\"https:\/\/sha-luzern.ch\/wp-content\/uploads\/1910-Visualisierung_2_201201-1280x768.jpg\" rel=\"lightbox\"><img decoding=\"async\" src=\"https:\/\/sha-luzern.ch\/wp-content\/uploads\/1910-Visualisierung_2_201201-706x368.jpg\" alt=\"1910 Visualisierung 2 201201\" title=\"1910 Visualisierung 2 201201\"><\/a><\/div>\n\t\t\t\t\t<\/div>\n\t\t\t\t\n\t\t\t\t\t\t\t\t\t\t\t\t\t\n\t\t\t\t\t<div class=\"pixel-slide__image-wrap slide-4\">\n\t\t\t\t\t\t\t<div class=\"pixel-slide__image \"><a href=\"https:\/\/sha-luzern.ch\/wp-content\/uploads\/1831-Visualisierung-01-Haupteingang-Radisson-1275x850.jpg\" rel=\"lightbox\"><img decoding=\"async\" src=\"https:\/\/sha-luzern.ch\/wp-content\/uploads\/1831-Visualisierung-01-Haupteingang-Radisson-706x368.jpg\" alt=\"1831 Visualisierung 01 Haupteingang Radisson\" title=\"1831 Visualisierung 01 Haupteingang Radisson\"><\/a><\/div>\n\t\t\t\t\t<\/div>\n\t\t\t\t\n\t\t\t\t\t\t\t\t\t\t\t\t\t\n\t\t\t\t\t<div class=\"pixel-slide__image-wrap slide-5\">\n\t\t\t\t\t\t\t<div class=\"pixel-slide__image \"><a href=\"https:\/\/sha-luzern.ch\/wp-content\/uploads\/berlin-sha-web-1133x850.jpg\" rel=\"lightbox\"><img decoding=\"async\" src=\"https:\/\/sha-luzern.ch\/wp-content\/uploads\/berlin-sha-web-706x368.jpg\" alt=\"Berlin Sha Web\" title=\"Berlin Sha Web\"><\/a><\/div>\n\t\t\t\t\t<\/div>\n\t\t\t\t\n\t\t\t\t\t\t\t\t\t\t\t\t\t\n\t\t\t\t\t<div class=\"pixel-slide__image-wrap slide-6\">\n\t\t\t\t\t\t\t<div class=\"pixel-slide__image \"><a href=\"https:\/\/sha-luzern.ch\/wp-content\/uploads\/200817_Berlin-Meldung-web-1198x850.jpg\" rel=\"lightbox\"><img decoding=\"async\" src=\"https:\/\/sha-luzern.ch\/wp-content\/uploads\/200817_Berlin-Meldung-web-706x368.jpg\" alt=\"SHA Scheffler Helbich Architekten Berlin\" title=\"SHA Scheffler Helbich Architekten Berlin\"><\/a><\/div>\n\t\t\t\t\t<\/div>\n\t\t\t\t\n\t\t\t\t\t\t\t\t\t\t\t\t\t\n\t\t\t\t\t<div class=\"pixel-slide__image-wrap slide-7\">\n\t\t\t\t\t\t\t<div class=\"pixel-slide__image \"><a href=\"https:\/\/sha-luzern.ch\/wp-content\/uploads\/Visualisierung-VHS-Dortmund-1280x759.jpg\" rel=\"lightbox\"><img decoding=\"async\" src=\"https:\/\/sha-luzern.ch\/wp-content\/uploads\/Visualisierung-VHS-Dortmund-706x368.jpg\" alt=\"Visualisierung VHS Dortmund\" title=\"Visualisierung VHS Dortmund\"><\/a><\/div>\n\t\t\t\t\t<\/div>\n\t\t\t\t\n\t\t\t\t\t\t\t\t\t\t\t\t\t\n\t\t\t\t\t<div class=\"pixel-slide__image-wrap slide-8\">\n\t\t\t\t\t\t\t<div class=\"pixel-slide__image \"><a href=\"https:\/\/sha-luzern.ch\/wp-content\/uploads\/SHA_Berliner-Kollegen.jpg\" rel=\"lightbox\"><img decoding=\"async\" src=\"https:\/\/sha-luzern.ch\/wp-content\/uploads\/SHA_Berliner-Kollegen-706x368.jpg\" alt=\"SHA Berliner Kollegen\" title=\"SHA Berliner Kollegen\"><\/a><\/div>\n\t\t\t\t\t<\/div>\n\t\t\t\t\t\t<\/div>\n\t<\/div>\n<\/div><\/div>\n","protected":false},"excerpt":{"rendered":"<p>\u00ab\u00a1Berl\u00edn! \u00a1Berl\u00edn! Empezamos en Berl\u00edn!\u00bb SHA cuenta con una oficina de planificaci\u00f3n en el coraz\u00f3n de la capital desde 2019. Dos a\u00f1os despu\u00e9s del pistoletazo de salida, Christoph Helbich, socio gerente de SHA, y el jefe de obra Christoph Wunderlich echan la vista atr\u00e1s.<\/p>\n","protected":false},"author":2,"featured_media":23078,"comment_status":"closed","ping_status":"closed","sticky":false,"template":"","format":"standard","meta":{"_acf_changed":false,"content-type":"","footnotes":""},"categories":[892,902,904],"tags":[1009,1010,1052,1096,1097,1365,1366],"class_list":["post-34420","post","type-post","status-publish","format-standard","has-post-thumbnail","hentry","category-berlin-es","category-nuestro-equipo","category-nuestra-filosofia","tag-sha-es","tag-berlin-es","tag-dortmund-es","tag-christoph-helbich-es","tag-planta-de-phoenix","tag-christoph-wunderlich-es","tag-nuestro-equipo"],"acf":[],"yoast_head":"<!-- This site is optimized with the Yoast SEO plugin v26.1.1 - https:\/\/yoast.com\/wordpress\/plugins\/seo\/ -->\n<title>Su oficina de planificaci\u00f3n en Berl\u00edn - SHA Scheffler Helbich Architekten<\/title>\n<meta name=\"description\" content=\"Para ampliar la sede de nuestra empresa en Dortmund, SHA cuenta desde 2019 con una oficina de planificaci\u00f3n en el coraz\u00f3n de la capital, Berl\u00edn.\" \/>\n<meta name=\"robots\" content=\"index, follow, max-snippet:-1, max-image-preview:large, max-video-preview:-1\" \/>\n<link rel=\"canonical\" href=\"https:\/\/sha-luzern.ch\/es\/news\/sha-scheffler-helbich-arquitectos-en-berlin\" \/>\n<meta property=\"og:locale\" content=\"es_ES\" \/>\n<meta property=\"og:type\" content=\"article\" \/>\n<meta property=\"og:title\" content=\"Su oficina de planificaci\u00f3n en Berl\u00edn - SHA Scheffler Helbich Architekten\" \/>\n<meta property=\"og:description\" content=\"Para ampliar la sede de nuestra empresa en Dortmund, SHA cuenta desde 2019 con una oficina de planificaci\u00f3n en el coraz\u00f3n de la capital, Berl\u00edn.\" \/>\n<meta property=\"og:url\" content=\"https:\/\/sha-luzern.ch\/es\/news\/sha-scheffler-helbich-arquitectos-en-berlin\" \/>\n<meta property=\"og:site_name\" content=\"SHA Scheffler Helbich Architekten GmbH\" \/>\n<meta property=\"article:published_time\" content=\"2021-02-10T10:21:33+00:00\" \/>\n<meta property=\"article:modified_time\" content=\"2024-09-23T14:55:39+00:00\" \/>\n<meta property=\"og:image\" content=\"https:\/\/sha-luzern.ch\/wp-content\/uploads\/200817_Berlin-Meldung-web.jpg\" \/>\n\t<meta property=\"og:image:width\" content=\"2236\" \/>\n\t<meta property=\"og:image:height\" content=\"1586\" \/>\n\t<meta property=\"og:image:type\" content=\"image\/jpeg\" \/>\n<meta name=\"author\" content=\"Judith Weitzel\" \/>\n<meta name=\"twitter:card\" content=\"summary_large_image\" \/>\n<meta name=\"twitter:label1\" content=\"Escrito por\" \/>\n\t<meta name=\"twitter:data1\" content=\"Judith Weitzel\" \/>\n\t<meta name=\"twitter:label2\" content=\"Tiempo de lectura\" \/>\n\t<meta name=\"twitter:data2\" content=\"9 minutos\" \/>\n<script type=\"application\/ld+json\" class=\"yoast-schema-graph\">{\"@context\":\"https:\/\/schema.org\",\"@graph\":[{\"@type\":\"WebPage\",\"@id\":\"https:\/\/sha-luzern.ch\/es\/news\/sha-scheffler-helbich-arquitectos-en-berlin\",\"url\":\"https:\/\/sha-luzern.ch\/es\/news\/sha-scheffler-helbich-arquitectos-en-berlin\",\"name\":\"Su oficina de planificaci\u00f3n en Berl\u00edn - SHA Scheffler Helbich Architekten\",\"isPartOf\":{\"@id\":\"https:\/\/sha-luzern.ch\/es#website\"},\"primaryImageOfPage\":{\"@id\":\"https:\/\/sha-luzern.ch\/es\/news\/sha-scheffler-helbich-arquitectos-en-berlin#primaryimage\"},\"image\":{\"@id\":\"https:\/\/sha-luzern.ch\/es\/news\/sha-scheffler-helbich-arquitectos-en-berlin#primaryimage\"},\"thumbnailUrl\":\"https:\/\/sha-luzern.ch\/wp-content\/uploads\/200817_Berlin-Meldung-web.jpg\",\"datePublished\":\"2021-02-10T10:21:33+00:00\",\"dateModified\":\"2024-09-23T14:55:39+00:00\",\"author\":{\"@id\":\"https:\/\/sha-luzern.ch\/es#\/schema\/person\/e68d44538591ce8617e273ae50cb9fb3\"},\"description\":\"Para ampliar la sede de nuestra empresa en Dortmund, SHA cuenta desde 2019 con una oficina de planificaci\u00f3n en el coraz\u00f3n de la capital, Berl\u00edn.\",\"breadcrumb\":{\"@id\":\"https:\/\/sha-luzern.ch\/es\/news\/sha-scheffler-helbich-arquitectos-en-berlin#breadcrumb\"},\"inLanguage\":\"es\",\"potentialAction\":[{\"@type\":\"ReadAction\",\"target\":[\"https:\/\/sha-luzern.ch\/es\/news\/sha-scheffler-helbich-arquitectos-en-berlin\"]}]},{\"@type\":\"ImageObject\",\"inLanguage\":\"es\",\"@id\":\"https:\/\/sha-luzern.ch\/es\/news\/sha-scheffler-helbich-arquitectos-en-berlin#primaryimage\",\"url\":\"https:\/\/sha-luzern.ch\/wp-content\/uploads\/200817_Berlin-Meldung-web.jpg\",\"contentUrl\":\"https:\/\/sha-luzern.ch\/wp-content\/uploads\/200817_Berlin-Meldung-web.jpg\",\"width\":2236,\"height\":1586,\"caption\":\"SHA Scheffler Helbich Architekten in Berlin\"},{\"@type\":\"BreadcrumbList\",\"@id\":\"https:\/\/sha-luzern.ch\/es\/news\/sha-scheffler-helbich-arquitectos-en-berlin#breadcrumb\",\"itemListElement\":[{\"@type\":\"ListItem\",\"position\":1,\"name\":\"Startseite\",\"item\":\"https:\/\/sha-luzern.ch\/es\/inicio\"},{\"@type\":\"ListItem\",\"position\":2,\"name\":\"SHA Scheffler Helbich Arquitectos en Berl\u00edn\"}]},{\"@type\":\"WebSite\",\"@id\":\"https:\/\/sha-luzern.ch\/es#website\",\"url\":\"https:\/\/sha-luzern.ch\/es\",\"name\":\"SHA Scheffler Helbich Architekten GmbH\",\"description\":\"\",\"potentialAction\":[{\"@type\":\"SearchAction\",\"target\":{\"@type\":\"EntryPoint\",\"urlTemplate\":\"https:\/\/sha-luzern.ch\/es?s={search_term_string}\"},\"query-input\":{\"@type\":\"PropertyValueSpecification\",\"valueRequired\":true,\"valueName\":\"search_term_string\"}}],\"inLanguage\":\"es\"},{\"@type\":\"Person\",\"@id\":\"https:\/\/sha-luzern.ch\/es#\/schema\/person\/e68d44538591ce8617e273ae50cb9fb3\",\"name\":\"Judith Weitzel\",\"image\":{\"@type\":\"ImageObject\",\"inLanguage\":\"es\",\"@id\":\"https:\/\/sha-luzern.ch\/es#\/schema\/person\/image\/\",\"url\":\"https:\/\/secure.gravatar.com\/avatar\/7c6bf497a9b76cc4943bd4d7716e797cafb90c96046233c36845e4654eed5e01?s=96&d=mm&r=g\",\"contentUrl\":\"https:\/\/secure.gravatar.com\/avatar\/7c6bf497a9b76cc4943bd4d7716e797cafb90c96046233c36845e4654eed5e01?s=96&d=mm&r=g\",\"caption\":\"Judith Weitzel\"}}]}<\/script>\n<!-- \/ Yoast SEO plugin. -->","yoast_head_json":{"title":"Su oficina de planificaci\u00f3n en Berl\u00edn - SHA Scheffler Helbich Architekten","description":"Para ampliar la sede de nuestra empresa en Dortmund, SHA cuenta desde 2019 con una oficina de planificaci\u00f3n en el coraz\u00f3n de la capital, Berl\u00edn.","robots":{"index":"index","follow":"follow","max-snippet":"max-snippet:-1","max-image-preview":"max-image-preview:large","max-video-preview":"max-video-preview:-1"},"canonical":"https:\/\/sha-luzern.ch\/es\/news\/sha-scheffler-helbich-arquitectos-en-berlin","og_locale":"es_ES","og_type":"article","og_title":"Su oficina de planificaci\u00f3n en Berl\u00edn - SHA Scheffler Helbich Architekten","og_description":"Para ampliar la sede de nuestra empresa en Dortmund, SHA cuenta desde 2019 con una oficina de planificaci\u00f3n en el coraz\u00f3n de la capital, Berl\u00edn.","og_url":"https:\/\/sha-luzern.ch\/es\/news\/sha-scheffler-helbich-arquitectos-en-berlin","og_site_name":"SHA Scheffler Helbich Architekten GmbH","article_published_time":"2021-02-10T10:21:33+00:00","article_modified_time":"2024-09-23T14:55:39+00:00","og_image":[{"width":2236,"height":1586,"url":"https:\/\/sha-luzern.ch\/wp-content\/uploads\/200817_Berlin-Meldung-web.jpg","type":"image\/jpeg"}],"author":"Judith Weitzel","twitter_card":"summary_large_image","twitter_misc":{"Escrito por":"Judith Weitzel","Tiempo de lectura":"9 minutos"},"schema":{"@context":"https:\/\/schema.org","@graph":[{"@type":"WebPage","@id":"https:\/\/sha-luzern.ch\/es\/news\/sha-scheffler-helbich-arquitectos-en-berlin","url":"https:\/\/sha-luzern.ch\/es\/news\/sha-scheffler-helbich-arquitectos-en-berlin","name":"Su oficina de planificaci\u00f3n en Berl\u00edn - SHA Scheffler Helbich Architekten","isPartOf":{"@id":"https:\/\/sha-luzern.ch\/es#website"},"primaryImageOfPage":{"@id":"https:\/\/sha-luzern.ch\/es\/news\/sha-scheffler-helbich-arquitectos-en-berlin#primaryimage"},"image":{"@id":"https:\/\/sha-luzern.ch\/es\/news\/sha-scheffler-helbich-arquitectos-en-berlin#primaryimage"},"thumbnailUrl":"https:\/\/sha-luzern.ch\/wp-content\/uploads\/200817_Berlin-Meldung-web.jpg","datePublished":"2021-02-10T10:21:33+00:00","dateModified":"2024-09-23T14:55:39+00:00","author":{"@id":"https:\/\/sha-luzern.ch\/es#\/schema\/person\/e68d44538591ce8617e273ae50cb9fb3"},"description":"Para ampliar la sede de nuestra empresa en Dortmund, SHA cuenta desde 2019 con una oficina de planificaci\u00f3n en el coraz\u00f3n de la capital, Berl\u00edn.","breadcrumb":{"@id":"https:\/\/sha-luzern.ch\/es\/news\/sha-scheffler-helbich-arquitectos-en-berlin#breadcrumb"},"inLanguage":"es","potentialAction":[{"@type":"ReadAction","target":["https:\/\/sha-luzern.ch\/es\/news\/sha-scheffler-helbich-arquitectos-en-berlin"]}]},{"@type":"ImageObject","inLanguage":"es","@id":"https:\/\/sha-luzern.ch\/es\/news\/sha-scheffler-helbich-arquitectos-en-berlin#primaryimage","url":"https:\/\/sha-luzern.ch\/wp-content\/uploads\/200817_Berlin-Meldung-web.jpg","contentUrl":"https:\/\/sha-luzern.ch\/wp-content\/uploads\/200817_Berlin-Meldung-web.jpg","width":2236,"height":1586,"caption":"SHA Scheffler Helbich Architekten in Berlin"},{"@type":"BreadcrumbList","@id":"https:\/\/sha-luzern.ch\/es\/news\/sha-scheffler-helbich-arquitectos-en-berlin#breadcrumb","itemListElement":[{"@type":"ListItem","position":1,"name":"Startseite","item":"https:\/\/sha-luzern.ch\/es\/inicio"},{"@type":"ListItem","position":2,"name":"SHA Scheffler Helbich Arquitectos en Berl\u00edn"}]},{"@type":"WebSite","@id":"https:\/\/sha-luzern.ch\/es#website","url":"https:\/\/sha-luzern.ch\/es","name":"SHA Scheffler Helbich Architekten GmbH","description":"","potentialAction":[{"@type":"SearchAction","target":{"@type":"EntryPoint","urlTemplate":"https:\/\/sha-luzern.ch\/es?s={search_term_string}"},"query-input":{"@type":"PropertyValueSpecification","valueRequired":true,"valueName":"search_term_string"}}],"inLanguage":"es"},{"@type":"Person","@id":"https:\/\/sha-luzern.ch\/es#\/schema\/person\/e68d44538591ce8617e273ae50cb9fb3","name":"Judith Weitzel","image":{"@type":"ImageObject","inLanguage":"es","@id":"https:\/\/sha-luzern.ch\/es#\/schema\/person\/image\/","url":"https:\/\/secure.gravatar.com\/avatar\/7c6bf497a9b76cc4943bd4d7716e797cafb90c96046233c36845e4654eed5e01?s=96&d=mm&r=g","contentUrl":"https:\/\/secure.gravatar.com\/avatar\/7c6bf497a9b76cc4943bd4d7716e797cafb90c96046233c36845e4654eed5e01?s=96&d=mm&r=g","caption":"Judith Weitzel"}}]}},"_links":{"self":[{"href":"https:\/\/sha-luzern.ch\/es\/wp-json\/wp\/v2\/posts\/34420","targetHints":{"allow":["GET"]}}],"collection":[{"href":"https:\/\/sha-luzern.ch\/es\/wp-json\/wp\/v2\/posts"}],"about":[{"href":"https:\/\/sha-luzern.ch\/es\/wp-json\/wp\/v2\/types\/post"}],"author":[{"embeddable":true,"href":"https:\/\/sha-luzern.ch\/es\/wp-json\/wp\/v2\/users\/2"}],"replies":[{"embeddable":true,"href":"https:\/\/sha-luzern.ch\/es\/wp-json\/wp\/v2\/comments?post=34420"}],"version-history":[{"count":4,"href":"https:\/\/sha-luzern.ch\/es\/wp-json\/wp\/v2\/posts\/34420\/revisions"}],"predecessor-version":[{"id":48184,"href":"https:\/\/sha-luzern.ch\/es\/wp-json\/wp\/v2\/posts\/34420\/revisions\/48184"}],"wp:featuredmedia":[{"embeddable":true,"href":"https:\/\/sha-luzern.ch\/es\/wp-json\/wp\/v2\/media\/23078"}],"wp:attachment":[{"href":"https:\/\/sha-luzern.ch\/es\/wp-json\/wp\/v2\/media?parent=34420"}],"wp:term":[{"taxonomy":"category","embeddable":true,"href":"https:\/\/sha-luzern.ch\/es\/wp-json\/wp\/v2\/categories?post=34420"},{"taxonomy":"post_tag","embeddable":true,"href":"https:\/\/sha-luzern.ch\/es\/wp-json\/wp\/v2\/tags?post=34420"}],"curies":[{"name":"wp","href":"https:\/\/api.w.org\/{rel}","templated":true}]}}