{"id":34446,"date":"2021-02-17T11:58:10","date_gmt":"2021-02-17T10:58:10","guid":{"rendered":"https:\/\/sha.de\/aktuelles\/aparcamiento-de-barrio-consejos-sobre-electromovilidad"},"modified":"2024-09-23T16:55:46","modified_gmt":"2024-09-23T14:55:46","slug":"aparcamiento-de-barrio-consejos-sobre-electromovilidad","status":"publish","type":"post","link":"https:\/\/sha-luzern.ch\/es\/news\/aparcamiento-de-barrio-consejos-sobre-electromovilidad","title":{"rendered":"Aparcamiento de barrio: consejos sobre electromovilidad"},"content":{"rendered":"<div id='av_section_1' class='avia-section main_color pt-default pb-default avia-no-border-styling avia-bg-style-scroll  avia-builder-el-0  avia-builder-el-no-sibling   container_wrap fullsize' style=' '  ><div class='container' ><main  role=\"main\" itemprop=\"mainContentOfPage\"  class='template-page content  av-content-full alpha units'><div class='post-entry post-entry-type-page post-entry-34446'><div class='entry-content-wrapper clearfix'>\n\n\t\t\t<div id=\"av-k1hoeuzj\" class=\"headline-column flex_column av_one_full flex_column_div first \">\n\t\t\t\t<div class=\"headline-wrap is-outside align-left sub-bottom\">\n\t\t\t\t\t<h1 class=\"headline-content headline-primary\">Aparcamiento vecinal en PhoenixWERK<\/h1>\n\t\t\t\t\t<h3 class=\"headline-content headline-secondary\">Asesoramiento sobre electromovilidad: SHA participa<\/h3>\n\t\t\t\t<\/div>\n\t\t\t<\/div>\n<div class=\"flex_column av_one_third  flex_column_div av-zero-column-padding first bg-default      avia-builder-el-2  el_after_pixel_sc_headline  el_before_av_one_third  \"><section  class='av_textblock_section av-kfgpxslt-04f9fccb669364580f9680de1cfc2458 '   itemscope=\"itemscope\" itemtype=\"https:\/\/schema.org\/BlogPosting\" itemprop=\"blogPost\" ><div class='avia_textblock'  itemprop=\"text\" ><p>En el marco del proyecto de financiaci\u00f3n \u00abCentro de la ciudad sin emisiones\u00bb, la ciudad de Dortmund apoya a las empresas artesanales y de servicios que se mueven en el centro de la ciudad de Dortmund, as\u00ed como a los propietarios y explotadores de inmuebles en el centro de la ciudad, en el desarrollo y la aplicaci\u00f3n de medidas para una movilidad sostenible. En particular, hay que aumentar la proporci\u00f3n de electromovilidad en las empresas e integrar la infraestructura de recarga en los edificios.<\/p>\n<h4>Los primeros solicitantes se han clasificado para las sesiones de asesoramiento<\/h4>\n<p>En un proceso de solicitud p\u00fablica, se seleccionaron las primeras empresas y propietarios que recibir\u00e1n <a href=\"https:\/\/www.umsteigern.de\/index.html\" target=\"_blank\" rel=\"noopener nofollow\">asesoramiento<\/a> gratuito <a href=\"https:\/\/www.umsteigern.de\/index.html\" target=\"_blank\" rel=\"noopener nofollow\">sobre electromovilidad<\/a> para ayudarles a que sus empresas y propiedades est\u00e9n preparadas para el futuro y la electromovilidad. SHA Scheffler Helbich Architekten GmbH participa en el aparcamiento de barrio, situado justo al lado <a href=\"..\/referenzen\/verwaltung\/innovativer-arbeitsraum-auf-phoenix-west\" target=\"_blank\" rel=\"nofollow\">del conjunto de oficinas PhoenixWERK<\/a>: \u00abCon el aparcamiento de barrio queremos ofrecer a nuestros clientes, inquilinos, a nuestro equipo y al p\u00fablico de ocio de Phoenix West un concepto bien pensado que tenga en cuenta los m\u00faltiples aspectos del amplio tema de la \u00abmovilidad\u00bb. Por ello, estamos deseando recibir asesoramiento de la ciudad de Dortmund sobre formas de movilidad respetuosas con el medio ambiente y orientadas al futuro\u00bb, afirma Christoph Helbich, socio gerente de SHA. El aparcamiento de varias plantas estar\u00e1 terminado en la primavera de 2021 y contar\u00e1 inicialmente con 155 plazas. Se puede reponer m\u00e1s tarde.<\/p>\n<p>Las siguientes empresas tambi\u00e9n se presentaron con \u00e9xito a la consulta sobre electromovilidad: Die AboKiste &#8211; Werkhof Service GmbH, Juzgado de Primera Instancia de Dortmund, ased &#8211; Ambulanter Pflegedienst Gabriele Doepner OHG, Cabdo GmbH, Fidelio Bau GmbH, Green IT &#8211; Das Systemhaus GmbH, Diakonische Pflege Dortmund gGmbH, Home Instead Seniorenbetreuung &#8211; HISB<\/p>\n<\/div><\/section><\/div><div class=\"flex_column av_one_third  flex_column_div av-zero-column-padding        avia-builder-el-4  el_after_av_one_third  el_before_av_one_third  \"><section  class='av_textblock_section av-kaqj9hph-706c318c8f487264c95b3db12998d912 '   itemscope=\"itemscope\" itemtype=\"https:\/\/schema.org\/BlogPosting\" itemprop=\"blogPost\" ><div class='avia_textblock'  itemprop=\"text\" ><p>Betreuungsdienst Dortmund-Nord GmbH, Katholische St.-Johannes-Gesellschaft Dortmund gGmbH con Johannes-Hospital, Rolland Mawson K\u00fcchendesign, Studierendenwerk Dortmund A\u00f6R como empresa y para un complejo residencial en la Emil-Figge-Stra\u00dfe y el Grupo Uwe Walter.<\/p>\n<p>En un acto virtual de lanzamiento e informaci\u00f3n, los participantes recibieron informaci\u00f3n sobre el tema de la electromovilidad: desde los tipos de propulsi\u00f3n de los veh\u00edculos el\u00e9ctricos hasta el posible ahorro de costes y emisiones gracias a la electromovilidad. Adem\u00e1s, las empresas aprovecharon las primeras oportunidades para establecer contactos e intercambiar experiencias entre ellas.<\/p>\n<h4>Galardonado con Green Mobility y Fit for e-Mobility<\/h4>\n<p>Las consultas individuales, que se adaptan a cada empresa y a cada propietario, est\u00e1n comenzando actualmente. En dos citas de consulta, se tienen en cuenta y se analizan la situaci\u00f3n inicial, los objetivos y las oportunidades de la empresa y, sobre esta base, se desarrollan planes de acci\u00f3n a medida.<\/p>\n<p>La aplicaci\u00f3n de las medidas est\u00e1 en manos de las empresas. Reciben apoyo organizativo de las consultoras B.A.U.M Consult GmbH y EcoLibro GmbH y de la ciudad de Dortmund. Las empresas que han aplicado o est\u00e1n aplicando con \u00e9xito medidas para fomentar la electromovilidad son distinguidas por la ciudad de Dortmund con la etiqueta \u00abMovilidad Verde\u00bb para empresas comerciales y de servicios y \u00abApto para la eMovilidad\u00bb para inmobiliarias. Un comit\u00e9 de selecci\u00f3n formado por representantes de la ciudad de Dortmund, la C\u00e1mara de Industria y Comercio de Dortmund y la C\u00e1mara de Artesan\u00eda eval\u00faa la idoneidad de las empresas y propiedades y concede los distintivos.<\/p>\n<\/div><\/section><\/div><div class=\"flex_column av_one_third  flex_column_div av-zero-column-padding        avia-builder-el-6  el_after_av_one_third  el_before_av_one_full  \"><section  class='av_textblock_section av-kdhemomz-e6892157fe883912ee1fde13a7af5956 '   itemscope=\"itemscope\" itemtype=\"https:\/\/schema.org\/BlogPosting\" itemprop=\"blogPost\" ><div class='avia_textblock'  itemprop=\"text\" ><h4>16 Medidas para un comportamiento de movilidad respetuoso con el clima<\/h4>\n<p>La promoci\u00f3n de la electromovilidad entre los comerciantes y proveedores de servicios, as\u00ed como en el sector inmobiliario, es una de las 16 medidas del proyecto de financiaci\u00f3n de la UE \u00abCentro de la ciudad sin emisiones\u00bb. La Uni\u00f3n Europea y el estado de Renania del Norte-Westfalia apoyan el proyecto con cargo al Fondo Europeo de Desarrollo Regional (FEDER).<\/p>\n<\/div><\/section><br \/>\n\n<style type=\"text\/css\" data-created_by=\"avia_inline_auto\" id=\"style-css-av-k3fpn5l3-eb7af154f9f9958fdff8aeb7a6c40790\">\n#top .hr.av-k3fpn5l3-eb7af154f9f9958fdff8aeb7a6c40790{\nmargin-top:20px;\nmargin-bottom:40px;\n}\n.hr.av-k3fpn5l3-eb7af154f9f9958fdff8aeb7a6c40790 .hr-inner{\nwidth:100%;\nborder-color:#000000;\n}\n<\/style>\n<div  class='hr av-k3fpn5l3-eb7af154f9f9958fdff8aeb7a6c40790 hr-custom  avia-builder-el-8  el_after_av_textblock  el_before_pixel_sc_cta  hr-center hr-icon-no'><span class='hr-inner inner-border-av-border-thin'><span class=\"hr-inner-style\"><\/span><\/span><\/div><br \/>\n\n<div class=\"call-to-action  no-grow  has-button ci-black hover-white bg-yellow  align-left \"><div class=\"call-to-action__inner\"><div class=\"call-to-action__text\"><span class=\"call-to-action__primary\">Jugador de equipo  <br \/>buscado.<\/span><span class=\"call-to-action__secondary\">\u00bfLe apetece participar?  <br \/>\u00a1Forme parte de SHA!<\/span><\/div><div class=\"call-to-action__button\"><div class=\"avia-button-wrap theme-fill avia-button-left\"><a href=\"https:\/\/sha-luzern.ch\/karriere\/stellenangebote\" class=\"avia-button color-ci-black hover-white avia-icon_select-no avia-size-medium\"><span>Saber m\u00e1s<\/span><\/a><\/div><\/div><\/div><\/div><\/p><\/div><div class=\"flex_column av_one_full  flex_column_div av-zero-column-padding first       avia-builder-el-10  el_after_av_one_third  avia-builder-el-last  column-top-margin\"><div class=\"slickgallery \">\n\t<div class=\"pixel-slide-wrap\">\n\t\t<div class=\"pixel-slide\" style=\"display: block; width: 100%; float: left;\">\n\t\t\t\t\n\t\t\t\t\t\t\t\t\t\t\t\t\t\n\t\t\t\t\t<div class=\"pixel-slide__image-wrap slide-1\">\n\t\t\t\t\t\t\t<div class=\"pixel-slide__image \"><a href=\"https:\/\/sha-luzern.ch\/wp-content\/uploads\/Baustelle-Quartiersparkhaus-1133x850.jpg\" rel=\"lightbox\"><img decoding=\"async\" src=\"https:\/\/sha-luzern.ch\/wp-content\/uploads\/Baustelle-Quartiersparkhaus-706x368.jpg\" alt=\"Baustelle Quartiersparkhaus\" title=\"Baustelle Quartiersparkhaus\"><\/a><\/div>\n\t\t\t\t\t<\/div>\n\t\t\t\t\n\t\t\t\t\t\t\t\t\t\t\t\t\t\n\t\t\t\t\t<div class=\"pixel-slide__image-wrap slide-2\">\n\t\t\t\t\t\t\t<div class=\"pixel-slide__image \"><a href=\"https:\/\/sha-luzern.ch\/wp-content\/uploads\/Baustelle-Parkhaus-1280x720.jpg\" rel=\"lightbox\"><img decoding=\"async\" src=\"https:\/\/sha-luzern.ch\/wp-content\/uploads\/Baustelle-Parkhaus-706x368.jpg\" alt=\"Baustelle Parkhaus\" title=\"Baustelle Parkhaus\"><\/a><\/div>\n\t\t\t\t\t<\/div>\n\t\t\t\t\n\t\t\t\t\t\t\t\t\t\t\t\t\t\n\t\t\t\t\t<div class=\"pixel-slide__image-wrap slide-3\">\n\t\t\t\t\t\t\t<div class=\"pixel-slide__image \"><a href=\"https:\/\/sha-luzern.ch\/wp-content\/uploads\/CE655-990-1269x850.jpg\" rel=\"lightbox\"><img decoding=\"async\" src=\"https:\/\/sha-luzern.ch\/wp-content\/uploads\/CE655-990-706x368.jpg\" alt=\"PhoenixWerk Dortmund SHA Scheffler Helbich Architekten\" title=\"PhoenixWerk Dortmund SHA Scheffler Helbich Architekten\"><\/a><\/div>\n\t\t\t\t\t<\/div>\n\t\t\t\t\n\t\t\t\t\t\t\t\t\t\t\t\t\t\n\t\t\t\t\t<div class=\"pixel-slide__image-wrap slide-4\">\n\t\t\t\t\t\t\t<div class=\"pixel-slide__image \"><a href=\"https:\/\/sha-luzern.ch\/wp-content\/uploads\/PHOENIXWERK_Spatenstich_Helme_Hochofen-567x850.jpg\" rel=\"lightbox\"><img decoding=\"async\" src=\"https:\/\/sha-luzern.ch\/wp-content\/uploads\/PHOENIXWERK_Spatenstich_Helme_Hochofen-706x368.jpg\" alt=\"PHOENIXWERK Spatenstich Helme Hochofen\" title=\"PHOENIXWERK Spatenstich Helme Hochofen\"><\/a><\/div>\n\t\t\t\t\t<\/div>\n\t\t\t\t\n\t\t\t\t\t\t\t\t\t\t\t\t\t\n\t\t\t\t\t<div class=\"pixel-slide__image-wrap slide-5\">\n\t\t\t\t\t\t\t<div class=\"pixel-slide__image \"><a href=\"https:\/\/sha-luzern.ch\/wp-content\/uploads\/Scheffler-Helbich-Architekten-Dortmund-Berlin-9-1273x850.jpg\" rel=\"lightbox\"><img decoding=\"async\" src=\"https:\/\/sha-luzern.ch\/wp-content\/uploads\/Scheffler-Helbich-Architekten-Dortmund-Berlin-9-706x368.jpg\" alt=\"Scheffler Helbich Architekten Dortmund Berlin (9)\" title=\"Scheffler Helbich Architekten Dortmund Berlin (9)\"><\/a><\/div>\n\t\t\t\t\t<\/div>\n\t\t\t\t\t\t<\/div>\n\t<\/div>\n<\/div><\/div>\n","protected":false},"excerpt":{"rendered":"<p>\u00abCon el aparcamiento de barrio queremos ofrecer a nuestros clientes, inquilinos, a nuestro equipo y al p\u00fablico de ocio de Phoenix West un concepto bien pensado que tenga en cuenta los m\u00faltiples aspectos del amplio tema de la \u00abmovilidad\u00bb\u00bb, afirma Christoph Helbich.<\/p>\n","protected":false},"author":2,"featured_media":24296,"comment_status":"closed","ping_status":"closed","sticky":false,"template":"","format":"standard","meta":{"_acf_changed":false,"content-type":"","footnotes":""},"categories":[905,894,904],"tags":[1097,1223,1248,1270,1271,1009,1052],"class_list":["post-34446","post","type-post","status-publish","format-standard","has-post-thumbnail","hentry","category-administracion","category-dortmund-es","category-nuestra-filosofia","tag-planta-de-phoenix","tag-phoenix-oeste","tag-movilidad","tag-aparcamiento","tag-electromovilidad","tag-sha-es","tag-dortmund-es"],"acf":[],"yoast_head":"<!-- This site is optimized with the Yoast SEO plugin v26.1.1 - https:\/\/yoast.com\/wordpress\/plugins\/seo\/ -->\n<title>Aparcamiento vecinal en PhoenixWERK - SHA Scheffler Helbich Architekten<\/title>\n<meta name=\"description\" content=\"Con el aparcamiento de barrio de PhoenixWERK, SHA participa en una consulta sobre electromovilidad con la ciudad de Dortmund.\" \/>\n<meta name=\"robots\" content=\"index, follow, max-snippet:-1, max-image-preview:large, max-video-preview:-1\" \/>\n<link rel=\"canonical\" href=\"https:\/\/sha-luzern.ch\/es\/news\/aparcamiento-de-barrio-consejos-sobre-electromovilidad\" \/>\n<meta property=\"og:locale\" content=\"es_ES\" \/>\n<meta property=\"og:type\" content=\"article\" \/>\n<meta property=\"og:title\" content=\"Aparcamiento vecinal en PhoenixWERK - SHA Scheffler Helbich Architekten\" \/>\n<meta property=\"og:description\" content=\"Con el aparcamiento de barrio de PhoenixWERK, SHA participa en una consulta sobre electromovilidad con la ciudad de Dortmund.\" \/>\n<meta property=\"og:url\" content=\"https:\/\/sha-luzern.ch\/es\/news\/aparcamiento-de-barrio-consejos-sobre-electromovilidad\" \/>\n<meta property=\"og:site_name\" content=\"SHA Scheffler Helbich Architekten GmbH\" \/>\n<meta property=\"article:published_time\" content=\"2021-02-17T10:58:10+00:00\" \/>\n<meta property=\"article:modified_time\" content=\"2024-09-23T14:55:46+00:00\" \/>\n<meta property=\"og:image\" content=\"https:\/\/sha-luzern.ch\/wp-content\/uploads\/Baustelle-Parkhaus.jpg\" \/>\n\t<meta property=\"og:image:width\" content=\"2000\" \/>\n\t<meta property=\"og:image:height\" content=\"1125\" \/>\n\t<meta property=\"og:image:type\" content=\"image\/jpeg\" \/>\n<meta name=\"author\" content=\"Judith Weitzel\" \/>\n<meta name=\"twitter:card\" content=\"summary_large_image\" \/>\n<meta name=\"twitter:label1\" content=\"Escrito por\" \/>\n\t<meta name=\"twitter:data1\" content=\"Judith Weitzel\" \/>\n\t<meta name=\"twitter:label2\" content=\"Tiempo de lectura\" \/>\n\t<meta name=\"twitter:data2\" content=\"7 minutos\" \/>\n<script type=\"application\/ld+json\" class=\"yoast-schema-graph\">{\"@context\":\"https:\/\/schema.org\",\"@graph\":[{\"@type\":\"WebPage\",\"@id\":\"https:\/\/sha-luzern.ch\/es\/news\/aparcamiento-de-barrio-consejos-sobre-electromovilidad\",\"url\":\"https:\/\/sha-luzern.ch\/es\/news\/aparcamiento-de-barrio-consejos-sobre-electromovilidad\",\"name\":\"Aparcamiento vecinal en PhoenixWERK - SHA Scheffler Helbich Architekten\",\"isPartOf\":{\"@id\":\"https:\/\/sha-luzern.ch\/es#website\"},\"primaryImageOfPage\":{\"@id\":\"https:\/\/sha-luzern.ch\/es\/news\/aparcamiento-de-barrio-consejos-sobre-electromovilidad#primaryimage\"},\"image\":{\"@id\":\"https:\/\/sha-luzern.ch\/es\/news\/aparcamiento-de-barrio-consejos-sobre-electromovilidad#primaryimage\"},\"thumbnailUrl\":\"https:\/\/sha-luzern.ch\/wp-content\/uploads\/Baustelle-Parkhaus.jpg\",\"datePublished\":\"2021-02-17T10:58:10+00:00\",\"dateModified\":\"2024-09-23T14:55:46+00:00\",\"author\":{\"@id\":\"https:\/\/sha-luzern.ch\/es#\/schema\/person\/e68d44538591ce8617e273ae50cb9fb3\"},\"description\":\"Con el aparcamiento de barrio de PhoenixWERK, SHA participa en una consulta sobre electromovilidad con la ciudad de Dortmund.\",\"breadcrumb\":{\"@id\":\"https:\/\/sha-luzern.ch\/es\/news\/aparcamiento-de-barrio-consejos-sobre-electromovilidad#breadcrumb\"},\"inLanguage\":\"es\",\"potentialAction\":[{\"@type\":\"ReadAction\",\"target\":[\"https:\/\/sha-luzern.ch\/es\/news\/aparcamiento-de-barrio-consejos-sobre-electromovilidad\"]}]},{\"@type\":\"ImageObject\",\"inLanguage\":\"es\",\"@id\":\"https:\/\/sha-luzern.ch\/es\/news\/aparcamiento-de-barrio-consejos-sobre-electromovilidad#primaryimage\",\"url\":\"https:\/\/sha-luzern.ch\/wp-content\/uploads\/Baustelle-Parkhaus.jpg\",\"contentUrl\":\"https:\/\/sha-luzern.ch\/wp-content\/uploads\/Baustelle-Parkhaus.jpg\",\"width\":2000,\"height\":1125},{\"@type\":\"BreadcrumbList\",\"@id\":\"https:\/\/sha-luzern.ch\/es\/news\/aparcamiento-de-barrio-consejos-sobre-electromovilidad#breadcrumb\",\"itemListElement\":[{\"@type\":\"ListItem\",\"position\":1,\"name\":\"Startseite\",\"item\":\"https:\/\/sha-luzern.ch\/es\/inicio\"},{\"@type\":\"ListItem\",\"position\":2,\"name\":\"Aparcamiento de barrio: consejos sobre electromovilidad\"}]},{\"@type\":\"WebSite\",\"@id\":\"https:\/\/sha-luzern.ch\/es#website\",\"url\":\"https:\/\/sha-luzern.ch\/es\",\"name\":\"SHA Scheffler Helbich Architekten GmbH\",\"description\":\"\",\"potentialAction\":[{\"@type\":\"SearchAction\",\"target\":{\"@type\":\"EntryPoint\",\"urlTemplate\":\"https:\/\/sha-luzern.ch\/es?s={search_term_string}\"},\"query-input\":{\"@type\":\"PropertyValueSpecification\",\"valueRequired\":true,\"valueName\":\"search_term_string\"}}],\"inLanguage\":\"es\"},{\"@type\":\"Person\",\"@id\":\"https:\/\/sha-luzern.ch\/es#\/schema\/person\/e68d44538591ce8617e273ae50cb9fb3\",\"name\":\"Judith Weitzel\",\"image\":{\"@type\":\"ImageObject\",\"inLanguage\":\"es\",\"@id\":\"https:\/\/sha-luzern.ch\/es#\/schema\/person\/image\/\",\"url\":\"https:\/\/secure.gravatar.com\/avatar\/7c6bf497a9b76cc4943bd4d7716e797cafb90c96046233c36845e4654eed5e01?s=96&d=mm&r=g\",\"contentUrl\":\"https:\/\/secure.gravatar.com\/avatar\/7c6bf497a9b76cc4943bd4d7716e797cafb90c96046233c36845e4654eed5e01?s=96&d=mm&r=g\",\"caption\":\"Judith Weitzel\"}}]}<\/script>\n<!-- \/ Yoast SEO plugin. -->","yoast_head_json":{"title":"Aparcamiento vecinal en PhoenixWERK - SHA Scheffler Helbich Architekten","description":"Con el aparcamiento de barrio de PhoenixWERK, SHA participa en una consulta sobre electromovilidad con la ciudad de Dortmund.","robots":{"index":"index","follow":"follow","max-snippet":"max-snippet:-1","max-image-preview":"max-image-preview:large","max-video-preview":"max-video-preview:-1"},"canonical":"https:\/\/sha-luzern.ch\/es\/news\/aparcamiento-de-barrio-consejos-sobre-electromovilidad","og_locale":"es_ES","og_type":"article","og_title":"Aparcamiento vecinal en PhoenixWERK - SHA Scheffler Helbich Architekten","og_description":"Con el aparcamiento de barrio de PhoenixWERK, SHA participa en una consulta sobre electromovilidad con la ciudad de Dortmund.","og_url":"https:\/\/sha-luzern.ch\/es\/news\/aparcamiento-de-barrio-consejos-sobre-electromovilidad","og_site_name":"SHA Scheffler Helbich Architekten GmbH","article_published_time":"2021-02-17T10:58:10+00:00","article_modified_time":"2024-09-23T14:55:46+00:00","og_image":[{"width":2000,"height":1125,"url":"https:\/\/sha-luzern.ch\/wp-content\/uploads\/Baustelle-Parkhaus.jpg","type":"image\/jpeg"}],"author":"Judith Weitzel","twitter_card":"summary_large_image","twitter_misc":{"Escrito por":"Judith Weitzel","Tiempo de lectura":"7 minutos"},"schema":{"@context":"https:\/\/schema.org","@graph":[{"@type":"WebPage","@id":"https:\/\/sha-luzern.ch\/es\/news\/aparcamiento-de-barrio-consejos-sobre-electromovilidad","url":"https:\/\/sha-luzern.ch\/es\/news\/aparcamiento-de-barrio-consejos-sobre-electromovilidad","name":"Aparcamiento vecinal en PhoenixWERK - SHA Scheffler Helbich Architekten","isPartOf":{"@id":"https:\/\/sha-luzern.ch\/es#website"},"primaryImageOfPage":{"@id":"https:\/\/sha-luzern.ch\/es\/news\/aparcamiento-de-barrio-consejos-sobre-electromovilidad#primaryimage"},"image":{"@id":"https:\/\/sha-luzern.ch\/es\/news\/aparcamiento-de-barrio-consejos-sobre-electromovilidad#primaryimage"},"thumbnailUrl":"https:\/\/sha-luzern.ch\/wp-content\/uploads\/Baustelle-Parkhaus.jpg","datePublished":"2021-02-17T10:58:10+00:00","dateModified":"2024-09-23T14:55:46+00:00","author":{"@id":"https:\/\/sha-luzern.ch\/es#\/schema\/person\/e68d44538591ce8617e273ae50cb9fb3"},"description":"Con el aparcamiento de barrio de PhoenixWERK, SHA participa en una consulta sobre electromovilidad con la ciudad de Dortmund.","breadcrumb":{"@id":"https:\/\/sha-luzern.ch\/es\/news\/aparcamiento-de-barrio-consejos-sobre-electromovilidad#breadcrumb"},"inLanguage":"es","potentialAction":[{"@type":"ReadAction","target":["https:\/\/sha-luzern.ch\/es\/news\/aparcamiento-de-barrio-consejos-sobre-electromovilidad"]}]},{"@type":"ImageObject","inLanguage":"es","@id":"https:\/\/sha-luzern.ch\/es\/news\/aparcamiento-de-barrio-consejos-sobre-electromovilidad#primaryimage","url":"https:\/\/sha-luzern.ch\/wp-content\/uploads\/Baustelle-Parkhaus.jpg","contentUrl":"https:\/\/sha-luzern.ch\/wp-content\/uploads\/Baustelle-Parkhaus.jpg","width":2000,"height":1125},{"@type":"BreadcrumbList","@id":"https:\/\/sha-luzern.ch\/es\/news\/aparcamiento-de-barrio-consejos-sobre-electromovilidad#breadcrumb","itemListElement":[{"@type":"ListItem","position":1,"name":"Startseite","item":"https:\/\/sha-luzern.ch\/es\/inicio"},{"@type":"ListItem","position":2,"name":"Aparcamiento de barrio: consejos sobre electromovilidad"}]},{"@type":"WebSite","@id":"https:\/\/sha-luzern.ch\/es#website","url":"https:\/\/sha-luzern.ch\/es","name":"SHA Scheffler Helbich Architekten GmbH","description":"","potentialAction":[{"@type":"SearchAction","target":{"@type":"EntryPoint","urlTemplate":"https:\/\/sha-luzern.ch\/es?s={search_term_string}"},"query-input":{"@type":"PropertyValueSpecification","valueRequired":true,"valueName":"search_term_string"}}],"inLanguage":"es"},{"@type":"Person","@id":"https:\/\/sha-luzern.ch\/es#\/schema\/person\/e68d44538591ce8617e273ae50cb9fb3","name":"Judith Weitzel","image":{"@type":"ImageObject","inLanguage":"es","@id":"https:\/\/sha-luzern.ch\/es#\/schema\/person\/image\/","url":"https:\/\/secure.gravatar.com\/avatar\/7c6bf497a9b76cc4943bd4d7716e797cafb90c96046233c36845e4654eed5e01?s=96&d=mm&r=g","contentUrl":"https:\/\/secure.gravatar.com\/avatar\/7c6bf497a9b76cc4943bd4d7716e797cafb90c96046233c36845e4654eed5e01?s=96&d=mm&r=g","caption":"Judith Weitzel"}}]}},"_links":{"self":[{"href":"https:\/\/sha-luzern.ch\/es\/wp-json\/wp\/v2\/posts\/34446","targetHints":{"allow":["GET"]}}],"collection":[{"href":"https:\/\/sha-luzern.ch\/es\/wp-json\/wp\/v2\/posts"}],"about":[{"href":"https:\/\/sha-luzern.ch\/es\/wp-json\/wp\/v2\/types\/post"}],"author":[{"embeddable":true,"href":"https:\/\/sha-luzern.ch\/es\/wp-json\/wp\/v2\/users\/2"}],"replies":[{"embeddable":true,"href":"https:\/\/sha-luzern.ch\/es\/wp-json\/wp\/v2\/comments?post=34446"}],"version-history":[{"count":2,"href":"https:\/\/sha-luzern.ch\/es\/wp-json\/wp\/v2\/posts\/34446\/revisions"}],"predecessor-version":[{"id":48205,"href":"https:\/\/sha-luzern.ch\/es\/wp-json\/wp\/v2\/posts\/34446\/revisions\/48205"}],"wp:featuredmedia":[{"embeddable":true,"href":"https:\/\/sha-luzern.ch\/es\/wp-json\/wp\/v2\/media\/24296"}],"wp:attachment":[{"href":"https:\/\/sha-luzern.ch\/es\/wp-json\/wp\/v2\/media?parent=34446"}],"wp:term":[{"taxonomy":"category","embeddable":true,"href":"https:\/\/sha-luzern.ch\/es\/wp-json\/wp\/v2\/categories?post=34446"},{"taxonomy":"post_tag","embeddable":true,"href":"https:\/\/sha-luzern.ch\/es\/wp-json\/wp\/v2\/tags?post=34446"}],"curies":[{"name":"wp","href":"https:\/\/api.w.org\/{rel}","templated":true}]}}