{"id":36573,"date":"2020-07-24T12:01:25","date_gmt":"2020-07-24T10:01:25","guid":{"rendered":"https:\/\/sha.de\/aktuelles\/el-csa-recibe-el-premio-total-e-quality-a-la-igualdad-de-oportunidades"},"modified":"2025-02-11T14:32:07","modified_gmt":"2025-02-11T13:32:07","slug":"el-csa-recibe-el-premio-total-e-quality-a-la-igualdad-de-oportunidades","status":"publish","type":"post","link":"https:\/\/sha-luzern.ch\/es\/news\/el-csa-recibe-el-premio-total-e-quality-a-la-igualdad-de-oportunidades","title":{"rendered":"SHA recibe el premio TOTAL E-QUALITY a la igualdad de oportunidades"},"content":{"rendered":"<div id='av_section_1' class='avia-section main_color pt-default pb-default avia-no-border-styling avia-bg-style-scroll  avia-builder-el-0  avia-builder-el-no-sibling   container_wrap fullsize' style=' '  ><div class='container' ><main  role=\"main\" itemprop=\"mainContentOfPage\"  class='template-page content  av-content-full alpha units'><div class='post-entry post-entry-type-page post-entry-36573'><div class='entry-content-wrapper clearfix'>\n\n\t\t\t<div id=\"av-k1hoeuzj\" class=\"headline-column flex_column av_one_full flex_column_div first \">\n\t\t\t\t<div class=\"headline-wrap is-outside align-left sub-bottom\">\n\t\t\t\t\t<h1 class=\"headline-content headline-primary\">SHA recibe el premio TOTAL E-QUALITY a la igualdad de oportunidades<\/h1>\n\t\t\t\t\t<h3 class=\"headline-content headline-secondary\">Distinci\u00f3n<\/h3>\n\t\t\t\t<\/div>\n\t\t\t<\/div>\n<div class=\"flex_column av_one_third  flex_column_div av-zero-column-padding first bg-default      avia-builder-el-2  el_after_pixel_sc_headline  el_before_av_one_third  \"><section  class='av_textblock_section av-k5pfdfmq-9bdd61c64fd08882635a98822068b7f9 '   itemscope=\"itemscope\" itemtype=\"https:\/\/schema.org\/BlogPosting\" itemprop=\"blogPost\" ><div class='avia_textblock'  itemprop=\"text\" ><p>Motivo de celebraci\u00f3n: SHA Scheffler Helbich Architekten GmbH ha sido galardonada por primera vez con el premio \u00abTOTAL E-QUALITY\u00bb. Un jurado independiente evalu\u00f3 las actividades voluntarias de la empresa para mejorar la igualdad de oportunidades entre mujeres y hombres bas\u00e1ndose en un amplio cat\u00e1logo de preguntas. \u00abNos gustar\u00eda felicitar a SHA por su comienzo inusualmente fuerte en la familia TOTAL-E-QUALITY\u00bb, declar\u00f3 el jurado en su comunicado. El premio honra los numerosos servicios ofrecidos por el estudio de arquitectura en favor de la igualdad de oportunidades y la cooperaci\u00f3n eficaz, que van m\u00e1s all\u00e1 de las medidas consagradas por la ley.<\/p>\n<p>\u00abPor ejemplo, habilitamos muchos modelos diferentes de jornada laboral para poder tener en cuenta las circunstancias individuales de nuestros colegas\u00bb, afirma Birgit Helbich, socia de SHA. Esto conduce autom\u00e1ticamente a que algunas mujeres ocupen puestos directivos a tiempo parcial. \u00abY eso funciona de maravilla\u00bb, a\u00f1ade Christoph Helbich, socio gerente. \u00abNos consideramos una empresa familiar moderna y din\u00e1mica que quiere avanzar hacia el futuro con tradici\u00f3n. En todos los aspectos de la vida diaria de la oficina, confiamos en el di\u00e1logo individual y respetuoso a nivel de los ojos para desarrollar soluciones juntos.\u00bb<\/p>\n<\/div><\/section><\/div><div class=\"flex_column av_one_third  flex_column_div av-zero-column-padding        avia-builder-el-4  el_after_av_one_third  el_before_av_one_third  \"><section  class='av_textblock_section av-kaqj9hph-a2dd80239ddf2f81ba644651e38ce4f1 '   itemscope=\"itemscope\" itemtype=\"https:\/\/schema.org\/BlogPosting\" itemprop=\"blogPost\" ><div class='avia_textblock'  itemprop=\"text\" ><p>Y: El <a href=\"https:\/\/sha-luzern.ch\/es\/news\/nueva-sede-de-la-empresa-primeras-impresiones-del-phoenixwerk\">nuevo emplazamiento de PhoenixWERK<\/a> en Phoenix West en Dortmund es un hito en la historia de la empresa SHA. Las oficinas modernas y los locales espaciosos ofrecen ahora a\u00fan m\u00e1s oportunidades para poner en marcha medidas que favorezcan a los empleados.<\/p>\n<p>La ciudad de Dortmund tambi\u00e9n envi\u00f3 una carta de felicitaci\u00f3n: \u00abComo &#8216;empresa galardonada&#8217;, ustedes demuestran que la igualdad de oportunidades y la diversidad son caracter\u00edsticas de calidad clave de una pol\u00edtica de RRHH moderna y, por lo tanto, son un importante multiplicador en la regi\u00f3n.\u00bb<\/p>\n<p>El SHA est\u00e1 ahora autorizado a utilizar el premio \u00abTOTAL E-QUALITY\u00bb durante los pr\u00f3ximos tres a\u00f1os. Muestra a los candidatos cualificados que <a href=\"https:\/\/sha-luzern.ch\/es\/carrera-profesional\/sha-como-empleador\">SHA es un empleador atractivo<\/a> comprometido con la igualdad de oportunidades y la compatibilidad de la familia y la carrera profesional.<\/p>\n<p>La ceremonia de entrega de premios estaba prevista en un principio para octubre en Erfurt, pero lamentablemente este a\u00f1o tiene que celebrarse de forma puramente digital debido al coronavirus.<\/p>\n<\/div><\/section><\/div><div class=\"flex_column av_one_third  flex_column_div av-zero-column-padding        avia-builder-el-6  el_after_av_one_third  el_before_av_one_full  \"><p><div  class='avia-image-container  av-styling-    avia-builder-el-7  el_before_pixel_sc_linklist  avia-builder-el-first  avia-align-center'  itemprop=\"image\" itemscope=\"itemscope\" itemtype=\"https:\/\/schema.org\/ImageObject\"  ><div class='avia-image-container-inner'><div class='avia-image-overlay-wrap'><img class='avia_image' src='https:\/\/sha-luzern.ch\/wp-content\/uploads\/Total-E-Quality-1.jpg' alt='' title='Total E-Quality' height=\"368\" width=\"400\"  itemprop=\"thumbnailUrl\"  \/><\/div><\/div><\/div><br \/>\n<div class=\"linklist-wrap  avia-builder-el-8  el_after_av_image  avia-builder-el-last \"><ul class=\"linklist\"><li class=\"linklist__entry av-62unl2\"><a href=\"https:\/\/www.total-e-quality.de\/\" target=\"_blank\"><span class=\"\">CALIDAD ELECTR\u00d3NICA TOTAL<\/span><\/a><p class=\"linklist__entry-desc\"><br \/>\nM\u00e1s informaci\u00f3n sobre la calificaci\u00f3n<br \/><\/p><\/li><li class=\"linklist__entry av-4pigom\"><a href=\"https:\/\/sha-luzern.ch\/news\/ausgezeichnet-sha-als-top-arbeitgeber-mittelstand-2020\"><span class=\"\">El mejor empleador para las PYME 2020<\/span><\/a><p class=\"linklist__entry-desc\"><br \/>\nNuestra oficina fue reconocida como \u00abMejor empleador para las PYME 2020\u00bb<br \/><\/p><\/li><li class=\"linklist__entry av-2hig4m\"><a href=\"https:\/\/sha-luzern.ch\/buero\/philosophie\"><span class=\"\">Nuestra filosof\u00eda<\/span><\/a><p class=\"linklist__entry-desc\"><br \/>\nC\u00f3mo piensa y funciona SHA<br \/><\/p><\/li><\/ul><\/div><\/p><\/div><div class=\"flex_column av_one_full  flex_column_div av-zero-column-padding first       avia-builder-el-9  el_after_av_one_third  avia-builder-el-last  column-top-margin\"><div class=\"slickgallery \">\n\t<div class=\"pixel-slide-wrap\">\n\t\t<div class=\"pixel-slide\" style=\"display: block; width: 100%; float: left;\">\n\t\t\t\t\n\t\t\t\t\t\t\t\t\t\t\t\t\t\n\t\t\t\t\t<div class=\"pixel-slide__image-wrap slide-1\">\n\t\t\t\t\t\t\t<div class=\"pixel-slide__image \"><a href=\"https:\/\/sha-luzern.ch\/wp-content\/uploads\/SHA-Auszeichnung-Total-E-Quality-3-1273x850.jpg\" rel=\"lightbox\"><img decoding=\"async\" src=\"https:\/\/sha-luzern.ch\/wp-content\/uploads\/SHA-Auszeichnung-Total-E-Quality-3-706x368.jpg\" alt=\"SHA Auszeichnung Total E Quality (3)\" title=\"SHA Auszeichnung Total E Quality (3)\"><\/a><\/div>\n\t\t\t\t\t<\/div>\n\t\t\t\t\n\t\t\t\t\t\t\t\t\t\t\t\t\t\n\t\t\t\t\t<div class=\"pixel-slide__image-wrap slide-2\">\n\t\t\t\t\t\t\t<div class=\"pixel-slide__image \"><a href=\"https:\/\/sha-luzern.ch\/wp-content\/uploads\/SHA-Auszeichnung-Total-E-Quality-2-1273x850.jpg\" rel=\"lightbox\"><img decoding=\"async\" src=\"https:\/\/sha-luzern.ch\/wp-content\/uploads\/SHA-Auszeichnung-Total-E-Quality-2-706x368.jpg\" alt=\"SHA Auszeichnung Total E Quality (2)\" title=\"SHA Auszeichnung Total E Quality (2)\"><\/a><\/div>\n\t\t\t\t\t<\/div>\n\t\t\t\t\n\t\t\t\t\t\t\t\t\t\t\t\t\t\n\t\t\t\t\t<div class=\"pixel-slide__image-wrap slide-3\">\n\t\t\t\t\t\t\t<div class=\"pixel-slide__image \"><a href=\"https:\/\/sha-luzern.ch\/wp-content\/uploads\/SHA-Auszeichnung-Total-E-Quality-1-1273x850.jpg\" rel=\"lightbox\"><img decoding=\"async\" src=\"https:\/\/sha-luzern.ch\/wp-content\/uploads\/SHA-Auszeichnung-Total-E-Quality-1-706x368.jpg\" alt=\"SHA Auszeichnung Total E Quality (1)\" title=\"SHA Auszeichnung Total E Quality (1)\"><\/a><\/div>\n\t\t\t\t\t<\/div>\n\t\t\t\t\n\t\t\t\t\t\t\t\t\t\t\t\t\t\n\t\t\t\t\t<div class=\"pixel-slide__image-wrap slide-4\">\n\t\t\t\t\t\t\t<div class=\"pixel-slide__image \"><a href=\"https:\/\/sha-luzern.ch\/wp-content\/uploads\/SHA-Auszeichnung-Total-E-Quality-4-1273x850.jpg\" rel=\"lightbox\"><img decoding=\"async\" src=\"https:\/\/sha-luzern.ch\/wp-content\/uploads\/SHA-Auszeichnung-Total-E-Quality-4-706x368.jpg\" alt=\"SHA Auszeichnung Total E Quality (4)\" title=\"SHA Auszeichnung Total E Quality (4)\"><\/a><\/div>\n\t\t\t\t\t<\/div>\n\t\t\t\t\t\t<\/div>\n\t<\/div>\n<\/div><\/div>\n","protected":false},"excerpt":{"rendered":"<p>Motivo de celebraci\u00f3n: SHA Scheffler Helbich Architekten GmbH ha sido galardonada por primera vez con el premio \u00abTOTAL E-QUALITY\u00bb a la igualdad de oportunidades.  <\/p>\n","protected":false},"author":2,"featured_media":22814,"comment_status":"closed","ping_status":"closed","sticky":false,"template":"","format":"standard","meta":{"_acf_changed":false,"content-type":"","footnotes":""},"categories":[899,902,904],"tags":[990,997,1009,1010,1052,1053],"class_list":["post-36573","post","type-post","status-publish","format-standard","has-post-thumbnail","hentry","category-sha-como-empleador","category-nuestro-equipo","category-nuestra-filosofia","tag-empleador","tag-distincion","tag-sha-es","tag-berlin-es","tag-dortmund-es","tag-igualdad-de-oportunidades"],"acf":[],"yoast_head":"<!-- This site is optimized with the Yoast SEO plugin v26.1.1 - https:\/\/yoast.com\/wordpress\/plugins\/seo\/ -->\n<title>SHA recibe el premio TOTAL E-QUALITY a la igualdad de oportunidades - SHA Scheffler Helbich Architekten GmbH<\/title>\n<meta name=\"description\" content=\"Motivo de celebraci\u00f3n: SHA Scheffler Helbich Architekten GmbH ha sido galardonada por primera vez con el premio &quot;TOTAL E-QUALITY&quot; a la igualdad de oportunidades.\" \/>\n<meta name=\"robots\" content=\"index, follow, max-snippet:-1, max-image-preview:large, max-video-preview:-1\" \/>\n<link rel=\"canonical\" href=\"https:\/\/sha-luzern.ch\/es\/news\/el-csa-recibe-el-premio-total-e-quality-a-la-igualdad-de-oportunidades\" \/>\n<meta property=\"og:locale\" content=\"es_ES\" \/>\n<meta property=\"og:type\" content=\"article\" \/>\n<meta property=\"og:title\" content=\"SHA recibe el premio TOTAL E-QUALITY a la igualdad de oportunidades - SHA Scheffler Helbich Architekten GmbH\" \/>\n<meta property=\"og:description\" content=\"Motivo de celebraci\u00f3n: SHA Scheffler Helbich Architekten GmbH ha sido galardonada por primera vez con el premio &quot;TOTAL E-QUALITY&quot; a la igualdad de oportunidades.\" \/>\n<meta property=\"og:url\" content=\"https:\/\/sha-luzern.ch\/es\/news\/el-csa-recibe-el-premio-total-e-quality-a-la-igualdad-de-oportunidades\" \/>\n<meta property=\"og:site_name\" content=\"SHA Scheffler Helbich Architekten GmbH\" \/>\n<meta property=\"article:published_time\" content=\"2020-07-24T10:01:25+00:00\" \/>\n<meta property=\"article:modified_time\" content=\"2025-02-11T13:32:07+00:00\" \/>\n<meta property=\"og:image\" content=\"https:\/\/sha-luzern.ch\/wp-content\/uploads\/SHA-Auszeichnung-Total-E-Quality-3-1030x688.jpg\" \/>\n\t<meta property=\"og:image:width\" content=\"1030\" \/>\n\t<meta property=\"og:image:height\" content=\"688\" \/>\n\t<meta property=\"og:image:type\" content=\"image\/jpeg\" \/>\n<meta name=\"author\" content=\"Judith Weitzel\" \/>\n<meta name=\"twitter:card\" content=\"summary_large_image\" \/>\n<meta name=\"twitter:label1\" content=\"Escrito por\" \/>\n\t<meta name=\"twitter:data1\" content=\"Judith Weitzel\" \/>\n\t<meta name=\"twitter:label2\" content=\"Tiempo de lectura\" \/>\n\t<meta name=\"twitter:data2\" content=\"7 minutos\" \/>\n<script type=\"application\/ld+json\" class=\"yoast-schema-graph\">{\"@context\":\"https:\/\/schema.org\",\"@graph\":[{\"@type\":\"WebPage\",\"@id\":\"https:\/\/sha-luzern.ch\/es\/news\/el-csa-recibe-el-premio-total-e-quality-a-la-igualdad-de-oportunidades\",\"url\":\"https:\/\/sha-luzern.ch\/es\/news\/el-csa-recibe-el-premio-total-e-quality-a-la-igualdad-de-oportunidades\",\"name\":\"SHA recibe el premio TOTAL E-QUALITY a la igualdad de oportunidades - SHA Scheffler Helbich Architekten GmbH\",\"isPartOf\":{\"@id\":\"https:\/\/sha-luzern.ch\/es#website\"},\"primaryImageOfPage\":{\"@id\":\"https:\/\/sha-luzern.ch\/es\/news\/el-csa-recibe-el-premio-total-e-quality-a-la-igualdad-de-oportunidades#primaryimage\"},\"image\":{\"@id\":\"https:\/\/sha-luzern.ch\/es\/news\/el-csa-recibe-el-premio-total-e-quality-a-la-igualdad-de-oportunidades#primaryimage\"},\"thumbnailUrl\":\"https:\/\/sha-luzern.ch\/wp-content\/uploads\/SHA-Auszeichnung-Total-E-Quality-3-scaled.jpg\",\"datePublished\":\"2020-07-24T10:01:25+00:00\",\"dateModified\":\"2025-02-11T13:32:07+00:00\",\"author\":{\"@id\":\"https:\/\/sha-luzern.ch\/es#\/schema\/person\/e68d44538591ce8617e273ae50cb9fb3\"},\"description\":\"Motivo de celebraci\u00f3n: SHA Scheffler Helbich Architekten GmbH ha sido galardonada por primera vez con el premio \\\"TOTAL E-QUALITY\\\" a la igualdad de oportunidades.\",\"breadcrumb\":{\"@id\":\"https:\/\/sha-luzern.ch\/es\/news\/el-csa-recibe-el-premio-total-e-quality-a-la-igualdad-de-oportunidades#breadcrumb\"},\"inLanguage\":\"es\",\"potentialAction\":[{\"@type\":\"ReadAction\",\"target\":[\"https:\/\/sha-luzern.ch\/es\/news\/el-csa-recibe-el-premio-total-e-quality-a-la-igualdad-de-oportunidades\"]}]},{\"@type\":\"ImageObject\",\"inLanguage\":\"es\",\"@id\":\"https:\/\/sha-luzern.ch\/es\/news\/el-csa-recibe-el-premio-total-e-quality-a-la-igualdad-de-oportunidades#primaryimage\",\"url\":\"https:\/\/sha-luzern.ch\/wp-content\/uploads\/SHA-Auszeichnung-Total-E-Quality-3-scaled.jpg\",\"contentUrl\":\"https:\/\/sha-luzern.ch\/wp-content\/uploads\/SHA-Auszeichnung-Total-E-Quality-3-scaled.jpg\",\"width\":2560,\"height\":1709},{\"@type\":\"BreadcrumbList\",\"@id\":\"https:\/\/sha-luzern.ch\/es\/news\/el-csa-recibe-el-premio-total-e-quality-a-la-igualdad-de-oportunidades#breadcrumb\",\"itemListElement\":[{\"@type\":\"ListItem\",\"position\":1,\"name\":\"Startseite\",\"item\":\"https:\/\/sha-luzern.ch\/es\/inicio\"},{\"@type\":\"ListItem\",\"position\":2,\"name\":\"SHA recibe el premio TOTAL E-QUALITY a la igualdad de oportunidades\"}]},{\"@type\":\"WebSite\",\"@id\":\"https:\/\/sha-luzern.ch\/es#website\",\"url\":\"https:\/\/sha-luzern.ch\/es\",\"name\":\"SHA Scheffler Helbich Architekten GmbH\",\"description\":\"\",\"potentialAction\":[{\"@type\":\"SearchAction\",\"target\":{\"@type\":\"EntryPoint\",\"urlTemplate\":\"https:\/\/sha-luzern.ch\/es?s={search_term_string}\"},\"query-input\":{\"@type\":\"PropertyValueSpecification\",\"valueRequired\":true,\"valueName\":\"search_term_string\"}}],\"inLanguage\":\"es\"},{\"@type\":\"Person\",\"@id\":\"https:\/\/sha-luzern.ch\/es#\/schema\/person\/e68d44538591ce8617e273ae50cb9fb3\",\"name\":\"Judith Weitzel\",\"image\":{\"@type\":\"ImageObject\",\"inLanguage\":\"es\",\"@id\":\"https:\/\/sha-luzern.ch\/es#\/schema\/person\/image\/\",\"url\":\"https:\/\/secure.gravatar.com\/avatar\/7c6bf497a9b76cc4943bd4d7716e797cafb90c96046233c36845e4654eed5e01?s=96&d=mm&r=g\",\"contentUrl\":\"https:\/\/secure.gravatar.com\/avatar\/7c6bf497a9b76cc4943bd4d7716e797cafb90c96046233c36845e4654eed5e01?s=96&d=mm&r=g\",\"caption\":\"Judith Weitzel\"}}]}<\/script>\n<!-- \/ Yoast SEO plugin. -->","yoast_head_json":{"title":"SHA recibe el premio TOTAL E-QUALITY a la igualdad de oportunidades - SHA Scheffler Helbich Architekten GmbH","description":"Motivo de celebraci\u00f3n: SHA Scheffler Helbich Architekten GmbH ha sido galardonada por primera vez con el premio \"TOTAL E-QUALITY\" a la igualdad de oportunidades.","robots":{"index":"index","follow":"follow","max-snippet":"max-snippet:-1","max-image-preview":"max-image-preview:large","max-video-preview":"max-video-preview:-1"},"canonical":"https:\/\/sha-luzern.ch\/es\/news\/el-csa-recibe-el-premio-total-e-quality-a-la-igualdad-de-oportunidades","og_locale":"es_ES","og_type":"article","og_title":"SHA recibe el premio TOTAL E-QUALITY a la igualdad de oportunidades - SHA Scheffler Helbich Architekten GmbH","og_description":"Motivo de celebraci\u00f3n: SHA Scheffler Helbich Architekten GmbH ha sido galardonada por primera vez con el premio \"TOTAL E-QUALITY\" a la igualdad de oportunidades.","og_url":"https:\/\/sha-luzern.ch\/es\/news\/el-csa-recibe-el-premio-total-e-quality-a-la-igualdad-de-oportunidades","og_site_name":"SHA Scheffler Helbich Architekten GmbH","article_published_time":"2020-07-24T10:01:25+00:00","article_modified_time":"2025-02-11T13:32:07+00:00","og_image":[{"width":1030,"height":688,"url":"https:\/\/sha-luzern.ch\/wp-content\/uploads\/SHA-Auszeichnung-Total-E-Quality-3-1030x688.jpg","type":"image\/jpeg"}],"author":"Judith Weitzel","twitter_card":"summary_large_image","twitter_misc":{"Escrito por":"Judith Weitzel","Tiempo de lectura":"7 minutos"},"schema":{"@context":"https:\/\/schema.org","@graph":[{"@type":"WebPage","@id":"https:\/\/sha-luzern.ch\/es\/news\/el-csa-recibe-el-premio-total-e-quality-a-la-igualdad-de-oportunidades","url":"https:\/\/sha-luzern.ch\/es\/news\/el-csa-recibe-el-premio-total-e-quality-a-la-igualdad-de-oportunidades","name":"SHA recibe el premio TOTAL E-QUALITY a la igualdad de oportunidades - SHA Scheffler Helbich Architekten GmbH","isPartOf":{"@id":"https:\/\/sha-luzern.ch\/es#website"},"primaryImageOfPage":{"@id":"https:\/\/sha-luzern.ch\/es\/news\/el-csa-recibe-el-premio-total-e-quality-a-la-igualdad-de-oportunidades#primaryimage"},"image":{"@id":"https:\/\/sha-luzern.ch\/es\/news\/el-csa-recibe-el-premio-total-e-quality-a-la-igualdad-de-oportunidades#primaryimage"},"thumbnailUrl":"https:\/\/sha-luzern.ch\/wp-content\/uploads\/SHA-Auszeichnung-Total-E-Quality-3-scaled.jpg","datePublished":"2020-07-24T10:01:25+00:00","dateModified":"2025-02-11T13:32:07+00:00","author":{"@id":"https:\/\/sha-luzern.ch\/es#\/schema\/person\/e68d44538591ce8617e273ae50cb9fb3"},"description":"Motivo de celebraci\u00f3n: SHA Scheffler Helbich Architekten GmbH ha sido galardonada por primera vez con el premio \"TOTAL E-QUALITY\" a la igualdad de oportunidades.","breadcrumb":{"@id":"https:\/\/sha-luzern.ch\/es\/news\/el-csa-recibe-el-premio-total-e-quality-a-la-igualdad-de-oportunidades#breadcrumb"},"inLanguage":"es","potentialAction":[{"@type":"ReadAction","target":["https:\/\/sha-luzern.ch\/es\/news\/el-csa-recibe-el-premio-total-e-quality-a-la-igualdad-de-oportunidades"]}]},{"@type":"ImageObject","inLanguage":"es","@id":"https:\/\/sha-luzern.ch\/es\/news\/el-csa-recibe-el-premio-total-e-quality-a-la-igualdad-de-oportunidades#primaryimage","url":"https:\/\/sha-luzern.ch\/wp-content\/uploads\/SHA-Auszeichnung-Total-E-Quality-3-scaled.jpg","contentUrl":"https:\/\/sha-luzern.ch\/wp-content\/uploads\/SHA-Auszeichnung-Total-E-Quality-3-scaled.jpg","width":2560,"height":1709},{"@type":"BreadcrumbList","@id":"https:\/\/sha-luzern.ch\/es\/news\/el-csa-recibe-el-premio-total-e-quality-a-la-igualdad-de-oportunidades#breadcrumb","itemListElement":[{"@type":"ListItem","position":1,"name":"Startseite","item":"https:\/\/sha-luzern.ch\/es\/inicio"},{"@type":"ListItem","position":2,"name":"SHA recibe el premio TOTAL E-QUALITY a la igualdad de oportunidades"}]},{"@type":"WebSite","@id":"https:\/\/sha-luzern.ch\/es#website","url":"https:\/\/sha-luzern.ch\/es","name":"SHA Scheffler Helbich Architekten GmbH","description":"","potentialAction":[{"@type":"SearchAction","target":{"@type":"EntryPoint","urlTemplate":"https:\/\/sha-luzern.ch\/es?s={search_term_string}"},"query-input":{"@type":"PropertyValueSpecification","valueRequired":true,"valueName":"search_term_string"}}],"inLanguage":"es"},{"@type":"Person","@id":"https:\/\/sha-luzern.ch\/es#\/schema\/person\/e68d44538591ce8617e273ae50cb9fb3","name":"Judith Weitzel","image":{"@type":"ImageObject","inLanguage":"es","@id":"https:\/\/sha-luzern.ch\/es#\/schema\/person\/image\/","url":"https:\/\/secure.gravatar.com\/avatar\/7c6bf497a9b76cc4943bd4d7716e797cafb90c96046233c36845e4654eed5e01?s=96&d=mm&r=g","contentUrl":"https:\/\/secure.gravatar.com\/avatar\/7c6bf497a9b76cc4943bd4d7716e797cafb90c96046233c36845e4654eed5e01?s=96&d=mm&r=g","caption":"Judith Weitzel"}}]}},"_links":{"self":[{"href":"https:\/\/sha-luzern.ch\/es\/wp-json\/wp\/v2\/posts\/36573","targetHints":{"allow":["GET"]}}],"collection":[{"href":"https:\/\/sha-luzern.ch\/es\/wp-json\/wp\/v2\/posts"}],"about":[{"href":"https:\/\/sha-luzern.ch\/es\/wp-json\/wp\/v2\/types\/post"}],"author":[{"embeddable":true,"href":"https:\/\/sha-luzern.ch\/es\/wp-json\/wp\/v2\/users\/2"}],"replies":[{"embeddable":true,"href":"https:\/\/sha-luzern.ch\/es\/wp-json\/wp\/v2\/comments?post=36573"}],"version-history":[{"count":6,"href":"https:\/\/sha-luzern.ch\/es\/wp-json\/wp\/v2\/posts\/36573\/revisions"}],"predecessor-version":[{"id":51863,"href":"https:\/\/sha-luzern.ch\/es\/wp-json\/wp\/v2\/posts\/36573\/revisions\/51863"}],"wp:featuredmedia":[{"embeddable":true,"href":"https:\/\/sha-luzern.ch\/es\/wp-json\/wp\/v2\/media\/22814"}],"wp:attachment":[{"href":"https:\/\/sha-luzern.ch\/es\/wp-json\/wp\/v2\/media?parent=36573"}],"wp:term":[{"taxonomy":"category","embeddable":true,"href":"https:\/\/sha-luzern.ch\/es\/wp-json\/wp\/v2\/categories?post=36573"},{"taxonomy":"post_tag","embeddable":true,"href":"https:\/\/sha-luzern.ch\/es\/wp-json\/wp\/v2\/tags?post=36573"}],"curies":[{"name":"wp","href":"https:\/\/api.w.org\/{rel}","templated":true}]}}