{"id":36868,"date":"2018-07-30T17:09:18","date_gmt":"2018-07-30T15:09:18","guid":{"rendered":"https:\/\/sha.de\/aktuelles\/hoeschpark-de-la-ceniza-al-cesped-artificial"},"modified":"2024-09-23T16:58:17","modified_gmt":"2024-09-23T14:58:17","slug":"hoeschpark-de-la-ceniza-al-cesped-artificial","status":"publish","type":"post","link":"https:\/\/sha-luzern.ch\/es\/news\/hoeschpark-de-la-ceniza-al-cesped-artificial","title":{"rendered":"Hoeschpark: de la ceniza al c\u00e9sped artificial"},"content":{"rendered":"<div id='av_section_1' class='avia-section main_color pt-default pb-default avia-no-border-styling avia-bg-style-scroll  avia-builder-el-0  avia-builder-el-no-sibling   container_wrap fullsize' style=' '  ><div class='container' ><main  role=\"main\" itemprop=\"mainContentOfPage\"  class='template-page content  av-content-full alpha units'><div class='post-entry post-entry-type-page post-entry-36868'><div class='entry-content-wrapper clearfix'>\n\n\t\t\t<div id=\"av-k1hoeuzj\" class=\"headline-column flex_column av_one_full flex_column_div first \">\n\t\t\t\t<div class=\"headline-wrap is-outside align-left sub-bottom\">\n\t\t\t\t\t<h1 class=\"headline-content headline-primary\">Hoeschpark: de la ceniza al c\u00e9sped artificial<\/h1>\n\t\t\t\t\t<h3 class=\"headline-content headline-secondary\">Protecci\u00f3n de monumentos en la construcci\u00f3n de polideportivos<\/h3>\n\t\t\t\t<\/div>\n\t\t\t<\/div>\n<div class=\"flex_column av_one_third  flex_column_div av-zero-column-padding first       avia-builder-el-2  el_after_pixel_sc_headline  el_before_av_one_third  \"><section  class='av_textblock_section av-k306azl0-76249be821e29472472ab122ccc0778f '   itemscope=\"itemscope\" itemtype=\"https:\/\/schema.org\/BlogPosting\" itemprop=\"blogPost\" ><div class='avia_textblock'  itemprop=\"text\" ><p>En 2014, realizamos la conversi\u00f3n de tres campos de cemento en campos de c\u00e9sped artificial en el parque protegido Hoeschpark de Dortmund. Adem\u00e1s del campo de f\u00fatbol americano para los Gigantes de Dortmund, se han creado un campo de f\u00fatbol recreativo y un campo peque\u00f1o. Esto ha dado lugar a varios encargos de consultor\u00eda para clubes deportivos para la conversi\u00f3n a campos de c\u00e9sped artificial.<\/p>\n<\/div><\/section><\/div><div class=\"flex_column av_one_third  flex_column_div av-zero-column-padding        avia-builder-el-4  el_after_av_one_third  el_before_av_one_third  \"><section  class='av_textblock_section av-k306h4s8-28e5d7d81e488aa86dfc59b40e41d563 '   itemscope=\"itemscope\" itemtype=\"https:\/\/schema.org\/BlogPosting\" itemprop=\"blogPost\" ><div class='avia_textblock'  itemprop=\"text\" ><p>\u00abEstamos encantados de poder apoyar de esta forma a los clubes m\u00e1s peque\u00f1os en su camino para convertirse en centros de entrenamiento profesionales\u00bb, explica Jonas Schwarzenh\u00f6lzer, arquitecto del equipo de gesti\u00f3n de la construcci\u00f3n y responsable de los proyectos de c\u00e9sped artificial.<\/p>\n<\/div><\/section><\/div><div class=\"flex_column av_one_third  flex_column_div av-zero-column-padding  bg-default   img-left   avia-builder-el-6  el_after_av_one_third  el_before_pixel_sc_slickgallery  \"><div class=\"call-to-action    has-button ci-black hover-white bg-yellow  align-left \"><div class=\"call-to-action__inner\"><div class=\"call-to-action__text\"><span class=\"call-to-action__primary\">Su estudio de arquitectura<\/span><span class=\"call-to-action__secondary\">para la construcci\u00f3n de instalaciones deportivas<\/span><\/div><div class=\"call-to-action__button\"><div class=\"avia-button-wrap theme-fill avia-button-left\"><a href=\"https:\/\/sha-luzern.ch\/projekte\/stadien-sportstaetten\" class=\"avia-button color-ci-black hover-white avia-icon_select-no avia-size-medium\"><span>Saber m\u00e1s<\/span><\/a><\/div><\/div><\/div><\/div><\/div><div class=\"slickgallery \">\n\t<div class=\"pixel-slide-wrap\">\n\t\t<div class=\"pixel-slide\" style=\"display: block; width: 100%; float: left;\">\n\t\t\t\t\n\t\t\t\t\t\t\t\t\t\t\t\t\t\n\t\t\t\t\t<div class=\"pixel-slide__image-wrap slide-1\">\n\t\t\t\t\t\t\t<div class=\"pixel-slide__image \"><a href=\"https:\/\/sha-luzern.ch\/wp-content\/uploads\/Kunstrasenfelder-Hoeschpark-Dortmund-3.jpg\" rel=\"lightbox\"><img decoding=\"async\" src=\"https:\/\/sha-luzern.ch\/wp-content\/uploads\/Kunstrasenfelder-Hoeschpark-Dortmund-3-706x368.jpg\" alt=\"Kunstrasenfelder Hoeschpark Dortmund (3)\" title=\"Kunstrasenfelder Hoeschpark Dortmund (3)\"><\/a><\/div>\n\t\t\t\t\t<\/div>\n\t\t\t\t\n\t\t\t\t\t\t\t\t\t\t\t\t\t\n\t\t\t\t\t<div class=\"pixel-slide__image-wrap slide-2\">\n\t\t\t\t\t\t\t<div class=\"pixel-slide__image \"><a href=\"https:\/\/sha-luzern.ch\/wp-content\/uploads\/Kunstrasenfelder-Hoeschpark-Dortmund-2.jpg\" rel=\"lightbox\"><img decoding=\"async\" src=\"https:\/\/sha-luzern.ch\/wp-content\/uploads\/Kunstrasenfelder-Hoeschpark-Dortmund-2-706x368.jpg\" alt=\"Kunstrasenfelder Hoeschpark Dortmund (2)\" title=\"Kunstrasenfelder Hoeschpark Dortmund (2)\"><\/a><\/div>\n\t\t\t\t\t<\/div>\n\t\t\t\t\n\t\t\t\t\t\t\t\t\t\t\t\t\t\n\t\t\t\t\t<div class=\"pixel-slide__image-wrap slide-3\">\n\t\t\t\t\t\t\t<div class=\"pixel-slide__image \"><a href=\"https:\/\/sha-luzern.ch\/wp-content\/uploads\/Kunstrasenfelder-Hoeschpark-Dortmund-4-1275x850.jpg\" rel=\"lightbox\"><img decoding=\"async\" src=\"https:\/\/sha-luzern.ch\/wp-content\/uploads\/Kunstrasenfelder-Hoeschpark-Dortmund-4-706x368.jpg\" alt=\"Kunstrasenfelder Hoeschpark Dortmund (4)\" title=\"Kunstrasenfelder Hoeschpark Dortmund (4)\"><\/a><\/div>\n\t\t\t\t\t<\/div>\n\t\t\t\t\n\t\t\t\t\t\t\t\t\t\t\t\t\t\n\t\t\t\t\t<div class=\"pixel-slide__image-wrap slide-4\">\n\t\t\t\t\t\t\t<div class=\"pixel-slide__image \"><a href=\"https:\/\/sha-luzern.ch\/wp-content\/uploads\/Kunstrasenfelder-Hoeschpark-Dortmund-1.jpg\" rel=\"lightbox\"><img decoding=\"async\" src=\"https:\/\/sha-luzern.ch\/wp-content\/uploads\/Kunstrasenfelder-Hoeschpark-Dortmund-1-706x368.jpg\" alt=\"Kunstrasenfelder Hoeschpark Dortmund (1)\" title=\"Kunstrasenfelder Hoeschpark Dortmund (1)\"><\/a><\/div>\n\t\t\t\t\t<\/div>\n\t\t\t\t\t\t<\/div>\n\t<\/div>\n<\/div>\n\n\n<style type=\"text\/css\" data-created_by=\"avia_inline_auto\" id=\"style-css-av-k2cxuj7x-8c50b344fe3ce2de9f0b374756e79903\">\n#top .hr.hr-invisible.av-k2cxuj7x-8c50b344fe3ce2de9f0b374756e79903{\nheight:40px;\n}\n<\/style>\n<div  class='hr av-k2cxuj7x-8c50b344fe3ce2de9f0b374756e79903 hr-invisible  avia-builder-el-9  el_after_pixel_sc_slickgallery  avia-builder-el-last '><span class='hr-inner '><span class=\"hr-inner-style\"><\/span><\/span><\/div>\n\n","protected":false},"excerpt":{"rendered":"<p>En 2014, realizamos la conversi\u00f3n de tres campos de cemento en campos de c\u00e9sped artificial en el parque protegido Hoeschpark de Dortmund. De este modo, tambi\u00e9n apoyamos a los clubes m\u00e1s peque\u00f1os en su camino para convertirse en centros de formaci\u00f3n profesional.<\/p>\n","protected":false},"author":2,"featured_media":20018,"comment_status":"closed","ping_status":"closed","sticky":false,"template":"","format":"standard","meta":{"_acf_changed":false,"content-type":"","footnotes":""},"categories":[894,900],"tags":[1052,1263,1343,1647,1678,1679],"class_list":["post-36868","post","type-post","status-publish","format-standard","has-post-thumbnail","hentry","category-dortmund-es","category-instalaciones-deportivas","tag-dortmund-es","tag-instalaciones-deportivas","tag-hoeschpark-es","tag-estadio-de-futbol","tag-cesped-artificial","tag-pequeno-terreno-de-juego"],"acf":[],"yoast_head":"<!-- This site is optimized with the Yoast SEO plugin v26.1.1 - https:\/\/yoast.com\/wordpress\/plugins\/seo\/ -->\n<title>Hoeschpark: de la ceniza al c\u00e9sped artificial - SHA Scheffler Helbich Architekten GmbH<\/title>\n<meta name=\"robots\" content=\"index, follow, max-snippet:-1, max-image-preview:large, max-video-preview:-1\" \/>\n<link rel=\"canonical\" href=\"https:\/\/sha-luzern.ch\/es\/news\/hoeschpark-de-la-ceniza-al-cesped-artificial\" \/>\n<meta property=\"og:locale\" content=\"es_ES\" \/>\n<meta property=\"og:type\" content=\"article\" \/>\n<meta property=\"og:title\" content=\"Hoeschpark: de la ceniza al c\u00e9sped artificial - SHA Scheffler Helbich Architekten GmbH\" \/>\n<meta property=\"og:description\" content=\"En 2014, realizamos la conversi\u00f3n de tres campos de cemento en campos de c\u00e9sped artificial en el parque protegido Hoeschpark de Dortmund. De este modo, tambi\u00e9n apoyamos a los clubes m\u00e1s peque\u00f1os en su camino para convertirse en centros de formaci\u00f3n profesional.\" \/>\n<meta property=\"og:url\" content=\"https:\/\/sha-luzern.ch\/es\/news\/hoeschpark-de-la-ceniza-al-cesped-artificial\" \/>\n<meta property=\"og:site_name\" content=\"SHA Scheffler Helbich Architekten GmbH\" \/>\n<meta property=\"article:published_time\" content=\"2018-07-30T15:09:18+00:00\" \/>\n<meta property=\"article:modified_time\" content=\"2024-09-23T14:58:17+00:00\" \/>\n<meta property=\"og:image\" content=\"https:\/\/sha-luzern.ch\/wp-content\/uploads\/Kunstrasenfelder-Hoeschpark-Dortmund-4.jpg\" \/>\n\t<meta property=\"og:image:width\" content=\"1332\" \/>\n\t<meta property=\"og:image:height\" content=\"888\" \/>\n\t<meta property=\"og:image:type\" content=\"image\/jpeg\" \/>\n<meta name=\"author\" content=\"Judith Weitzel\" \/>\n<meta name=\"twitter:card\" content=\"summary_large_image\" \/>\n<meta name=\"twitter:label1\" content=\"Escrito por\" \/>\n\t<meta name=\"twitter:data1\" content=\"Judith Weitzel\" \/>\n\t<meta name=\"twitter:label2\" content=\"Tiempo de lectura\" \/>\n\t<meta name=\"twitter:data2\" content=\"4 minutos\" \/>\n<script type=\"application\/ld+json\" class=\"yoast-schema-graph\">{\"@context\":\"https:\/\/schema.org\",\"@graph\":[{\"@type\":\"WebPage\",\"@id\":\"https:\/\/sha-luzern.ch\/es\/news\/hoeschpark-de-la-ceniza-al-cesped-artificial\",\"url\":\"https:\/\/sha-luzern.ch\/es\/news\/hoeschpark-de-la-ceniza-al-cesped-artificial\",\"name\":\"Hoeschpark: de la ceniza al c\u00e9sped artificial - SHA Scheffler Helbich Architekten GmbH\",\"isPartOf\":{\"@id\":\"https:\/\/sha-luzern.ch\/es#website\"},\"primaryImageOfPage\":{\"@id\":\"https:\/\/sha-luzern.ch\/es\/news\/hoeschpark-de-la-ceniza-al-cesped-artificial#primaryimage\"},\"image\":{\"@id\":\"https:\/\/sha-luzern.ch\/es\/news\/hoeschpark-de-la-ceniza-al-cesped-artificial#primaryimage\"},\"thumbnailUrl\":\"https:\/\/sha-luzern.ch\/wp-content\/uploads\/Kunstrasenfelder-Hoeschpark-Dortmund-4.jpg\",\"datePublished\":\"2018-07-30T15:09:18+00:00\",\"dateModified\":\"2024-09-23T14:58:17+00:00\",\"author\":{\"@id\":\"https:\/\/sha-luzern.ch\/es#\/schema\/person\/e68d44538591ce8617e273ae50cb9fb3\"},\"breadcrumb\":{\"@id\":\"https:\/\/sha-luzern.ch\/es\/news\/hoeschpark-de-la-ceniza-al-cesped-artificial#breadcrumb\"},\"inLanguage\":\"es\",\"potentialAction\":[{\"@type\":\"ReadAction\",\"target\":[\"https:\/\/sha-luzern.ch\/es\/news\/hoeschpark-de-la-ceniza-al-cesped-artificial\"]}]},{\"@type\":\"ImageObject\",\"inLanguage\":\"es\",\"@id\":\"https:\/\/sha-luzern.ch\/es\/news\/hoeschpark-de-la-ceniza-al-cesped-artificial#primaryimage\",\"url\":\"https:\/\/sha-luzern.ch\/wp-content\/uploads\/Kunstrasenfelder-Hoeschpark-Dortmund-4.jpg\",\"contentUrl\":\"https:\/\/sha-luzern.ch\/wp-content\/uploads\/Kunstrasenfelder-Hoeschpark-Dortmund-4.jpg\",\"width\":1332,\"height\":888},{\"@type\":\"BreadcrumbList\",\"@id\":\"https:\/\/sha-luzern.ch\/es\/news\/hoeschpark-de-la-ceniza-al-cesped-artificial#breadcrumb\",\"itemListElement\":[{\"@type\":\"ListItem\",\"position\":1,\"name\":\"Startseite\",\"item\":\"https:\/\/sha-luzern.ch\/es\/inicio\"},{\"@type\":\"ListItem\",\"position\":2,\"name\":\"Hoeschpark: de la ceniza al c\u00e9sped artificial\"}]},{\"@type\":\"WebSite\",\"@id\":\"https:\/\/sha-luzern.ch\/es#website\",\"url\":\"https:\/\/sha-luzern.ch\/es\",\"name\":\"SHA Scheffler Helbich Architekten GmbH\",\"description\":\"\",\"potentialAction\":[{\"@type\":\"SearchAction\",\"target\":{\"@type\":\"EntryPoint\",\"urlTemplate\":\"https:\/\/sha-luzern.ch\/es?s={search_term_string}\"},\"query-input\":{\"@type\":\"PropertyValueSpecification\",\"valueRequired\":true,\"valueName\":\"search_term_string\"}}],\"inLanguage\":\"es\"},{\"@type\":\"Person\",\"@id\":\"https:\/\/sha-luzern.ch\/es#\/schema\/person\/e68d44538591ce8617e273ae50cb9fb3\",\"name\":\"Judith Weitzel\",\"image\":{\"@type\":\"ImageObject\",\"inLanguage\":\"es\",\"@id\":\"https:\/\/sha-luzern.ch\/es#\/schema\/person\/image\/\",\"url\":\"https:\/\/secure.gravatar.com\/avatar\/7c6bf497a9b76cc4943bd4d7716e797cafb90c96046233c36845e4654eed5e01?s=96&d=mm&r=g\",\"contentUrl\":\"https:\/\/secure.gravatar.com\/avatar\/7c6bf497a9b76cc4943bd4d7716e797cafb90c96046233c36845e4654eed5e01?s=96&d=mm&r=g\",\"caption\":\"Judith Weitzel\"}}]}<\/script>\n<!-- \/ Yoast SEO plugin. -->","yoast_head_json":{"title":"Hoeschpark: de la ceniza al c\u00e9sped artificial - SHA Scheffler Helbich Architekten GmbH","robots":{"index":"index","follow":"follow","max-snippet":"max-snippet:-1","max-image-preview":"max-image-preview:large","max-video-preview":"max-video-preview:-1"},"canonical":"https:\/\/sha-luzern.ch\/es\/news\/hoeschpark-de-la-ceniza-al-cesped-artificial","og_locale":"es_ES","og_type":"article","og_title":"Hoeschpark: de la ceniza al c\u00e9sped artificial - SHA Scheffler Helbich Architekten GmbH","og_description":"En 2014, realizamos la conversi\u00f3n de tres campos de cemento en campos de c\u00e9sped artificial en el parque protegido Hoeschpark de Dortmund. De este modo, tambi\u00e9n apoyamos a los clubes m\u00e1s peque\u00f1os en su camino para convertirse en centros de formaci\u00f3n profesional.","og_url":"https:\/\/sha-luzern.ch\/es\/news\/hoeschpark-de-la-ceniza-al-cesped-artificial","og_site_name":"SHA Scheffler Helbich Architekten GmbH","article_published_time":"2018-07-30T15:09:18+00:00","article_modified_time":"2024-09-23T14:58:17+00:00","og_image":[{"width":1332,"height":888,"url":"https:\/\/sha-luzern.ch\/wp-content\/uploads\/Kunstrasenfelder-Hoeschpark-Dortmund-4.jpg","type":"image\/jpeg"}],"author":"Judith Weitzel","twitter_card":"summary_large_image","twitter_misc":{"Escrito por":"Judith Weitzel","Tiempo de lectura":"4 minutos"},"schema":{"@context":"https:\/\/schema.org","@graph":[{"@type":"WebPage","@id":"https:\/\/sha-luzern.ch\/es\/news\/hoeschpark-de-la-ceniza-al-cesped-artificial","url":"https:\/\/sha-luzern.ch\/es\/news\/hoeschpark-de-la-ceniza-al-cesped-artificial","name":"Hoeschpark: de la ceniza al c\u00e9sped artificial - SHA Scheffler Helbich Architekten GmbH","isPartOf":{"@id":"https:\/\/sha-luzern.ch\/es#website"},"primaryImageOfPage":{"@id":"https:\/\/sha-luzern.ch\/es\/news\/hoeschpark-de-la-ceniza-al-cesped-artificial#primaryimage"},"image":{"@id":"https:\/\/sha-luzern.ch\/es\/news\/hoeschpark-de-la-ceniza-al-cesped-artificial#primaryimage"},"thumbnailUrl":"https:\/\/sha-luzern.ch\/wp-content\/uploads\/Kunstrasenfelder-Hoeschpark-Dortmund-4.jpg","datePublished":"2018-07-30T15:09:18+00:00","dateModified":"2024-09-23T14:58:17+00:00","author":{"@id":"https:\/\/sha-luzern.ch\/es#\/schema\/person\/e68d44538591ce8617e273ae50cb9fb3"},"breadcrumb":{"@id":"https:\/\/sha-luzern.ch\/es\/news\/hoeschpark-de-la-ceniza-al-cesped-artificial#breadcrumb"},"inLanguage":"es","potentialAction":[{"@type":"ReadAction","target":["https:\/\/sha-luzern.ch\/es\/news\/hoeschpark-de-la-ceniza-al-cesped-artificial"]}]},{"@type":"ImageObject","inLanguage":"es","@id":"https:\/\/sha-luzern.ch\/es\/news\/hoeschpark-de-la-ceniza-al-cesped-artificial#primaryimage","url":"https:\/\/sha-luzern.ch\/wp-content\/uploads\/Kunstrasenfelder-Hoeschpark-Dortmund-4.jpg","contentUrl":"https:\/\/sha-luzern.ch\/wp-content\/uploads\/Kunstrasenfelder-Hoeschpark-Dortmund-4.jpg","width":1332,"height":888},{"@type":"BreadcrumbList","@id":"https:\/\/sha-luzern.ch\/es\/news\/hoeschpark-de-la-ceniza-al-cesped-artificial#breadcrumb","itemListElement":[{"@type":"ListItem","position":1,"name":"Startseite","item":"https:\/\/sha-luzern.ch\/es\/inicio"},{"@type":"ListItem","position":2,"name":"Hoeschpark: de la ceniza al c\u00e9sped artificial"}]},{"@type":"WebSite","@id":"https:\/\/sha-luzern.ch\/es#website","url":"https:\/\/sha-luzern.ch\/es","name":"SHA Scheffler Helbich Architekten GmbH","description":"","potentialAction":[{"@type":"SearchAction","target":{"@type":"EntryPoint","urlTemplate":"https:\/\/sha-luzern.ch\/es?s={search_term_string}"},"query-input":{"@type":"PropertyValueSpecification","valueRequired":true,"valueName":"search_term_string"}}],"inLanguage":"es"},{"@type":"Person","@id":"https:\/\/sha-luzern.ch\/es#\/schema\/person\/e68d44538591ce8617e273ae50cb9fb3","name":"Judith Weitzel","image":{"@type":"ImageObject","inLanguage":"es","@id":"https:\/\/sha-luzern.ch\/es#\/schema\/person\/image\/","url":"https:\/\/secure.gravatar.com\/avatar\/7c6bf497a9b76cc4943bd4d7716e797cafb90c96046233c36845e4654eed5e01?s=96&d=mm&r=g","contentUrl":"https:\/\/secure.gravatar.com\/avatar\/7c6bf497a9b76cc4943bd4d7716e797cafb90c96046233c36845e4654eed5e01?s=96&d=mm&r=g","caption":"Judith Weitzel"}}]}},"_links":{"self":[{"href":"https:\/\/sha-luzern.ch\/es\/wp-json\/wp\/v2\/posts\/36868","targetHints":{"allow":["GET"]}}],"collection":[{"href":"https:\/\/sha-luzern.ch\/es\/wp-json\/wp\/v2\/posts"}],"about":[{"href":"https:\/\/sha-luzern.ch\/es\/wp-json\/wp\/v2\/types\/post"}],"author":[{"embeddable":true,"href":"https:\/\/sha-luzern.ch\/es\/wp-json\/wp\/v2\/users\/2"}],"replies":[{"embeddable":true,"href":"https:\/\/sha-luzern.ch\/es\/wp-json\/wp\/v2\/comments?post=36868"}],"version-history":[{"count":1,"href":"https:\/\/sha-luzern.ch\/es\/wp-json\/wp\/v2\/posts\/36868\/revisions"}],"predecessor-version":[{"id":36884,"href":"https:\/\/sha-luzern.ch\/es\/wp-json\/wp\/v2\/posts\/36868\/revisions\/36884"}],"wp:featuredmedia":[{"embeddable":true,"href":"https:\/\/sha-luzern.ch\/es\/wp-json\/wp\/v2\/media\/20018"}],"wp:attachment":[{"href":"https:\/\/sha-luzern.ch\/es\/wp-json\/wp\/v2\/media?parent=36868"}],"wp:term":[{"taxonomy":"category","embeddable":true,"href":"https:\/\/sha-luzern.ch\/es\/wp-json\/wp\/v2\/categories?post=36868"},{"taxonomy":"post_tag","embeddable":true,"href":"https:\/\/sha-luzern.ch\/es\/wp-json\/wp\/v2\/tags?post=36868"}],"curies":[{"name":"wp","href":"https:\/\/api.w.org\/{rel}","templated":true}]}}