{"id":32395,"date":"2022-03-03T14:04:23","date_gmt":"2022-03-03T13:04:23","guid":{"rendered":"https:\/\/sha.de\/aktuelles\/notre-gestion-de-la-construction-une-presence-sur-le-terrain"},"modified":"2024-09-23T16:51:50","modified_gmt":"2024-09-23T14:51:50","slug":"notre-gestion-de-la-construction-une-presence-sur-le-terrain","status":"publish","type":"post","link":"https:\/\/sha-luzern.ch\/fr\/news\/notre-gestion-de-la-construction-une-presence-sur-le-terrain","title":{"rendered":"Notre gestion de la construction : une pr\u00e9sence sur le terrain"},"content":{"rendered":"<div id='av_section_1' class='avia-section main_color pt-default pb-default avia-no-border-styling avia-bg-style-scroll  avia-builder-el-0  avia-builder-el-no-sibling   container_wrap fullsize' style=' '  ><div class='container' ><main  role=\"main\" itemprop=\"mainContentOfPage\"  class='template-page content  av-content-full alpha units'><div class='post-entry post-entry-type-page post-entry-32395'><div class='entry-content-wrapper clearfix'>\n\n\t\t\t<div id=\"av-k1hoeuzj\" class=\"headline-column flex_column av_one_full flex_column_div first \">\n\t\t\t\t<div class=\"headline-wrap is-outside align-left sub-bottom\">\n\t\t\t\t\t<h1 class=\"headline-content headline-primary\">Notre gestion de la construction : une pr\u00e9sence sur le terrain<\/h1>\n\t\t\t\t\t<h3 class=\"headline-content headline-secondary\">Contact pendant la phase de construction et au-del\u00e0<\/h3>\n\t\t\t\t<\/div>\n\t\t\t<\/div>\n<div class=\"flex_column av_one_third  flex_column_div av-zero-column-padding first bg-default      avia-builder-el-2  el_after_pixel_sc_headline  el_before_av_one_third  \"><section  class='av_textblock_section av-k5pfdfmq-75eeeeace81604f9741c5e0bb23a16ef '   itemscope=\"itemscope\" itemtype=\"https:\/\/schema.org\/BlogPosting\" itemprop=\"blogPost\" ><div class='avia_textblock'  itemprop=\"text\" ><p>Pour tous les projets, qu&rsquo;il s&rsquo;agisse d&rsquo;un b\u00e2timent existant, d&rsquo;une extension ou d&rsquo;une nouvelle construction, nous consid\u00e9rons que notre responsabilit\u00e9 est de formuler une solution appropri\u00e9e : appropri\u00e9e en termes d&rsquo;exigences fonctionnelles, appropri\u00e9e en termes de co\u00fbts et de d\u00e9lais, appropri\u00e9e en termes de forme et d&rsquo;impact. Chaque projet est unique et n\u00e9cessite donc un traitement individuel.<\/p>\n<p>C&rsquo;est pourquoi le travail commence pour nous avant la <a href=\"https:\/\/sha-luzern.ch\/fr\/services\/planification-et-coordination\">planification<\/a> proprement dite. Dans ce domaine, nous cherchons avant tout \u00e0 comprendre notre ma\u00eetre d&rsquo;ouvrage, ses besoins et les processus d&rsquo;organisation et de fonctionnement de l&rsquo;entreprise. Nous posons ainsi la premi\u00e8re pierre d&rsquo;une planification globale et d&rsquo;un projet r\u00e9ussi.<\/p>\n<p>Avant m\u00eame que la premi\u00e8re pelleteuse ne soit lanc\u00e9e, notre service de gestion de la construction s&rsquo;occupe des co\u00fbts et des d\u00e9lais en \u00e9troite collaboration avec les planificateurs et fournit &#8211; si n\u00e9cessaire &#8211; la comparaison entre les directives op\u00e9rationnelles et la r\u00e9alit\u00e9 du chantier. Des calendriers initiaux sont \u00e9tablis au d\u00e9but du projet, puis affin\u00e9s et optimis\u00e9s au fil du temps. Il est de notre responsabilit\u00e9 d&rsquo;assister et d&rsquo;accompagner pleinement nos ma\u00eetres d&rsquo;ouvrage \u00e0 travers toutes les phases de prestation. Un niveau personnel avec <a href=\"https:\/\/sha-luzern.ch\/fr\/notre-bureau\/notre-equipe\">des interlocuteurs<\/a> fixes et une collaboration bas\u00e9e sur la confiance sont particuli\u00e8rement importants pour nous.<\/p>\n<\/div><\/section><\/div><div class=\"flex_column av_one_third  flex_column_div av-zero-column-padding        avia-builder-el-4  el_after_av_one_third  el_before_av_one_third  \"><p><section  class='av_textblock_section av-kyipooet-0abfd3d1c0538e0eba08a3772fff2c6e '   itemscope=\"itemscope\" itemtype=\"https:\/\/schema.org\/BlogPosting\" itemprop=\"blogPost\" ><div class='avia_textblock'  itemprop=\"text\" ><p>Le contr\u00f4le de gestion offre \u00e0 nos ma\u00eetres d&rsquo;ouvrage un contr\u00f4le transparent des co\u00fbts, depuis le premier budget jusqu&rsquo;au d\u00e9compte final. Le respect du budget d\u00e9fini conjointement et des normes convenues est notre priorit\u00e9 absolue. C&rsquo;est pourquoi nous misons sur le contact personnel et notre pr\u00e9sence sur le chantier. Le service de gestion de la construction de SHA supervise l&rsquo;ex\u00e9cution sur site dans toute l&rsquo;Allemagne et constitue un interlocuteur fiable, une bo\u00eete \u00e0 id\u00e9es et une solution aux probl\u00e8mes pendant la phase de construction et au-del\u00e0.<\/p>\n<p>Et une fois le projet termin\u00e9 ? Restons en contact ! Notre travail ne s&rsquo;arr\u00eate pas \u00e0 la remise des cl\u00e9s. Lors de la <a href=\"https:\/\/sha-luzern.ch\/fr\/services\/suivi\">r\u00e9trospective<\/a>, nous \u00e9valuons ensemble si notre projet de construction commun a pu \u00eatre r\u00e9alis\u00e9 \u00e0 la satisfaction de tous et si les sp\u00e9cifications ont \u00e9t\u00e9 respect\u00e9es.<\/p>\n<\/div><\/section><br \/>\n\n<style type=\"text\/css\" data-created_by=\"avia_inline_auto\" id=\"style-css-av-k3fpn5l3-d9d6046a9b2a064112ddf97d2ad905ed\">\n#top .hr.av-k3fpn5l3-d9d6046a9b2a064112ddf97d2ad905ed{\nmargin-top:20px;\nmargin-bottom:20px;\n}\n.hr.av-k3fpn5l3-d9d6046a9b2a064112ddf97d2ad905ed .hr-inner{\nwidth:100%;\nborder-color:#000000;\n}\n<\/style>\n<div  class='hr av-k3fpn5l3-d9d6046a9b2a064112ddf97d2ad905ed hr-custom  avia-builder-el-6  el_after_av_textblock  el_before_av_textblock  hr-center hr-icon-no'><span class='hr-inner inner-border-av-border-thin'><span class=\"hr-inner-style\"><\/span><\/span><\/div><br \/>\n<section  class='av_textblock_section av-l0b00x1f-670bbe0bb81341a65f37363fd17148ae '   itemscope=\"itemscope\" itemtype=\"https:\/\/schema.org\/BlogPosting\" itemprop=\"blogPost\" ><div class='avia_textblock'  itemprop=\"text\" ><p><strong>Besoin de renforts !  <\/strong><\/p>\n<p><strong><a href=\"https:\/\/sha-luzern.ch\/fr\/carriere\/offres-demploi\" target=\"_blank\" rel=\"noopener\">Nous recherchons des chefs de chantier<\/a> pour notre bureau de Dortmund avec des projets dans toute l&rsquo;Allemagne.<\/strong><\/p>\n<\/div><\/section><\/p><\/div><div class=\"flex_column av_one_third  flex_column_div av-zero-column-padding        avia-builder-el-8  el_after_av_one_third  el_before_av_one_full  \"><div class=\"quotebox  has-image bg-grey  image-top\"><div class=\"quotebox__inner\"><div class=\"quotebox__media\"><img decoding=\"async\" src=\"https:\/\/sha-luzern.ch\/wp-content\/uploads\/Beele-Bauleitung-web-706x368.jpg\" alt=\"Jens Beele, Prokurist und Leiter Baumanagement\" \/><\/div><div class=\"quotebox__content\"><div class=\"quotebox__quote\"><span class=\"quotebox-text quotebox-quote\">\u00bbNous sommes jug\u00e9s sur le respect des d\u00e9lais et des co\u00fbts\u00ab<\/span><\/div><div class=\"quotebox__info\"><span class=\"quotebox-text quotebox-name\">Jens Beele, Prokurist und Leiter Baumanagement<\/span><span class=\"quotebox-text quotebox-desc\"><\/span><\/div><\/div><\/div><\/div><\/div><div class=\"flex_column av_one_full  flex_column_div av-zero-column-padding first       avia-builder-el-10  el_after_av_one_third  avia-builder-el-last  column-top-margin\"><div class=\"slickgallery \">\n\t<div class=\"pixel-slide-wrap\">\n\t\t<div class=\"pixel-slide\" style=\"display: block; width: 100%; float: left;\">\n\t\t\t\t\n\t\t\t\t\t\t\t\t\t\t\t\t\t\n\t\t\t\t\t<div class=\"pixel-slide__image-wrap slide-1\">\n\t\t\t\t\t\t\t<div class=\"pixel-slide__image \"><a href=\"https:\/\/sha-luzern.ch\/wp-content\/uploads\/Baumanagement-1280x751.jpg\" rel=\"lightbox\"><img decoding=\"async\" src=\"https:\/\/sha-luzern.ch\/wp-content\/uploads\/Baumanagement-706x368.jpg\" alt=\"Baumanagement\" title=\"Baumanagement\"><\/a><\/div>\n\t\t\t\t\t<\/div>\n\t\t\t\t\n\t\t\t\t\t\t\t\t\t\t\t\t\t\n\t\t\t\t\t<div class=\"pixel-slide__image-wrap slide-2\">\n\t\t\t\t\t\t\t<div class=\"pixel-slide__image \"><a href=\"https:\/\/sha-luzern.ch\/wp-content\/uploads\/IMG_9702web-1133x850.jpg\" rel=\"lightbox\"><img decoding=\"async\" src=\"https:\/\/sha-luzern.ch\/wp-content\/uploads\/IMG_9702web-706x368.jpg\" alt=\"Spatenstich April 2021\" title=\"Spatenstich April 2021\"><\/a><\/div>\n\t\t\t\t\t<\/div>\n\t\t\t\t\n\t\t\t\t\t\t\t\t\t\t\t\t\t\n\t\t\t\t\t<div class=\"pixel-slide__image-wrap slide-3\">\n\t\t\t\t\t\t\t<div class=\"pixel-slide__image \"><a href=\"https:\/\/sha-luzern.ch\/wp-content\/uploads\/CE655-946-1274x850.jpg\" rel=\"lightbox\"><img decoding=\"async\" src=\"https:\/\/sha-luzern.ch\/wp-content\/uploads\/CE655-946-706x368.jpg\" alt=\"PhoenixWerk Dortmund SHA Scheffler Helbich Architekten\" title=\"PhoenixWerk Dortmund SHA Scheffler Helbich Architekten\"><\/a><\/div>\n\t\t\t\t\t<\/div>\n\t\t\t\t\n\t\t\t\t\t\t\t\t\t\t\t\t\t\n\t\t\t\t\t<div class=\"pixel-slide__image-wrap slide-4\">\n\t\t\t\t\t\t\t<div class=\"pixel-slide__image \"><a href=\"https:\/\/sha-luzern.ch\/wp-content\/uploads\/PHOENIXWERK_Spatenstich_Helme_Hochofen-567x850.jpg\" rel=\"lightbox\"><img decoding=\"async\" src=\"https:\/\/sha-luzern.ch\/wp-content\/uploads\/PHOENIXWERK_Spatenstich_Helme_Hochofen-706x368.jpg\" alt=\"PHOENIXWERK Spatenstich Helme Hochofen\" title=\"PHOENIXWERK Spatenstich Helme Hochofen\"><\/a><\/div>\n\t\t\t\t\t<\/div>\n\t\t\t\t\n\t\t\t\t\t\t\t\t\t\t\t\t\t\n\t\t\t\t\t<div class=\"pixel-slide__image-wrap slide-5\">\n\t\t\t\t\t\t\t<div class=\"pixel-slide__image \"><a href=\"https:\/\/sha-luzern.ch\/wp-content\/uploads\/047-website-1280x665.jpg\" rel=\"lightbox\"><img decoding=\"async\" src=\"https:\/\/sha-luzern.ch\/wp-content\/uploads\/047-website-706x368.jpg\" alt=\"SHA-Gesch\u00e4ftsleitung\" title=\"SHA-Gesch\u00e4ftsleitung\"><\/a><\/div>\n\t\t\t\t\t<\/div>\n\t\t\t\t\t\t<\/div>\n\t<\/div>\n<\/div><\/div>\n","protected":false},"excerpt":{"rendered":"<p>Nous nous appuyons sur le contact personnel et notre pr\u00e9sence sur le chantier. Le service de gestion de la construction de SHA supervise l&rsquo;ex\u00e9cution sur site dans toute l&rsquo;Allemagne et constitue un interlocuteur fiable pendant la phase de construction et au-del\u00e0.<\/p>\n","protected":false},"author":2,"featured_media":23231,"comment_status":"closed","ping_status":"closed","sticky":false,"template":"","format":"standard","meta":{"_acf_changed":false,"content-type":"","footnotes":""},"categories":[855,856],"tags":[944,945],"class_list":["post-32395","post","type-post","status-publish","format-standard","has-post-thumbnail","hentry","category-nos-prestations","category-notre-philosophie","tag-direction-des-travaux","tag-gestion-de-la-construction"],"acf":[],"yoast_head":"<!-- This site is optimized with the Yoast SEO plugin v26.1.1 - https:\/\/yoast.com\/wordpress\/plugins\/seo\/ -->\n<title>Notre gestion de la construction : une pr\u00e9sence sur le terrain<\/title>\n<meta name=\"description\" content=\"Le service de gestion de la construction de SHA supervise l&#039;ex\u00e9cution sur site dans toute l&#039;Allemagne et sert d&#039;interlocuteur pendant la phase de construction et au-del\u00e0.\" \/>\n<meta name=\"robots\" content=\"index, follow, max-snippet:-1, max-image-preview:large, max-video-preview:-1\" \/>\n<link rel=\"canonical\" href=\"https:\/\/sha-luzern.ch\/fr\/news\/notre-gestion-de-la-construction-une-presence-sur-le-terrain\" \/>\n<meta property=\"og:locale\" content=\"fr_FR\" \/>\n<meta property=\"og:type\" content=\"article\" \/>\n<meta property=\"og:title\" content=\"Notre gestion de la construction : une pr\u00e9sence sur le terrain\" \/>\n<meta property=\"og:description\" content=\"Le service de gestion de la construction de SHA supervise l&#039;ex\u00e9cution sur site dans toute l&#039;Allemagne et sert d&#039;interlocuteur pendant la phase de construction et au-del\u00e0.\" \/>\n<meta property=\"og:url\" content=\"https:\/\/sha-luzern.ch\/fr\/news\/notre-gestion-de-la-construction-une-presence-sur-le-terrain\" \/>\n<meta property=\"og:site_name\" content=\"SHA Scheffler Helbich Architekten GmbH\" \/>\n<meta property=\"article:published_time\" content=\"2022-03-03T13:04:23+00:00\" \/>\n<meta property=\"article:modified_time\" content=\"2024-09-23T14:51:50+00:00\" \/>\n<meta property=\"og:image\" content=\"https:\/\/sha-luzern.ch\/wp-content\/uploads\/Scheffler-Helbich-Architekten-Dortmund-Berlin-1.jpg\" \/>\n\t<meta property=\"og:image:width\" content=\"1700\" \/>\n\t<meta property=\"og:image:height\" content=\"1135\" \/>\n\t<meta property=\"og:image:type\" content=\"image\/jpeg\" \/>\n<meta name=\"author\" content=\"Judith Weitzel\" \/>\n<meta name=\"twitter:card\" content=\"summary_large_image\" \/>\n<meta name=\"twitter:label1\" content=\"\u00c9crit par\" \/>\n\t<meta name=\"twitter:data1\" content=\"Judith Weitzel\" \/>\n\t<meta name=\"twitter:label2\" content=\"Dur\u00e9e de lecture estim\u00e9e\" \/>\n\t<meta name=\"twitter:data2\" content=\"7 minutes\" \/>\n<script type=\"application\/ld+json\" class=\"yoast-schema-graph\">{\"@context\":\"https:\/\/schema.org\",\"@graph\":[{\"@type\":\"WebPage\",\"@id\":\"https:\/\/sha-luzern.ch\/fr\/news\/notre-gestion-de-la-construction-une-presence-sur-le-terrain\",\"url\":\"https:\/\/sha-luzern.ch\/fr\/news\/notre-gestion-de-la-construction-une-presence-sur-le-terrain\",\"name\":\"Notre gestion de la construction : une pr\u00e9sence sur le terrain\",\"isPartOf\":{\"@id\":\"https:\/\/sha-luzern.ch\/fr#website\"},\"primaryImageOfPage\":{\"@id\":\"https:\/\/sha-luzern.ch\/fr\/news\/notre-gestion-de-la-construction-une-presence-sur-le-terrain#primaryimage\"},\"image\":{\"@id\":\"https:\/\/sha-luzern.ch\/fr\/news\/notre-gestion-de-la-construction-une-presence-sur-le-terrain#primaryimage\"},\"thumbnailUrl\":\"https:\/\/sha-luzern.ch\/wp-content\/uploads\/Scheffler-Helbich-Architekten-Dortmund-Berlin-1.jpg\",\"datePublished\":\"2022-03-03T13:04:23+00:00\",\"dateModified\":\"2024-09-23T14:51:50+00:00\",\"author\":{\"@id\":\"https:\/\/sha-luzern.ch\/fr#\/schema\/person\/e68d44538591ce8617e273ae50cb9fb3\"},\"description\":\"Le service de gestion de la construction de SHA supervise l'ex\u00e9cution sur site dans toute l'Allemagne et sert d'interlocuteur pendant la phase de construction et au-del\u00e0.\",\"breadcrumb\":{\"@id\":\"https:\/\/sha-luzern.ch\/fr\/news\/notre-gestion-de-la-construction-une-presence-sur-le-terrain#breadcrumb\"},\"inLanguage\":\"fr-FR\",\"potentialAction\":[{\"@type\":\"ReadAction\",\"target\":[\"https:\/\/sha-luzern.ch\/fr\/news\/notre-gestion-de-la-construction-une-presence-sur-le-terrain\"]}]},{\"@type\":\"ImageObject\",\"inLanguage\":\"fr-FR\",\"@id\":\"https:\/\/sha-luzern.ch\/fr\/news\/notre-gestion-de-la-construction-une-presence-sur-le-terrain#primaryimage\",\"url\":\"https:\/\/sha-luzern.ch\/wp-content\/uploads\/Scheffler-Helbich-Architekten-Dortmund-Berlin-1.jpg\",\"contentUrl\":\"https:\/\/sha-luzern.ch\/wp-content\/uploads\/Scheffler-Helbich-Architekten-Dortmund-Berlin-1.jpg\",\"width\":1700,\"height\":1135},{\"@type\":\"BreadcrumbList\",\"@id\":\"https:\/\/sha-luzern.ch\/fr\/news\/notre-gestion-de-la-construction-une-presence-sur-le-terrain#breadcrumb\",\"itemListElement\":[{\"@type\":\"ListItem\",\"position\":1,\"name\":\"Startseite\",\"item\":\"https:\/\/sha-luzern.ch\/fr\/accueil\"},{\"@type\":\"ListItem\",\"position\":2,\"name\":\"Notre gestion de la construction : une pr\u00e9sence sur le terrain\"}]},{\"@type\":\"WebSite\",\"@id\":\"https:\/\/sha-luzern.ch\/fr#website\",\"url\":\"https:\/\/sha-luzern.ch\/fr\",\"name\":\"SHA Scheffler Helbich Architekten GmbH\",\"description\":\"\",\"potentialAction\":[{\"@type\":\"SearchAction\",\"target\":{\"@type\":\"EntryPoint\",\"urlTemplate\":\"https:\/\/sha-luzern.ch\/fr?s={search_term_string}\"},\"query-input\":{\"@type\":\"PropertyValueSpecification\",\"valueRequired\":true,\"valueName\":\"search_term_string\"}}],\"inLanguage\":\"fr-FR\"},{\"@type\":\"Person\",\"@id\":\"https:\/\/sha-luzern.ch\/fr#\/schema\/person\/e68d44538591ce8617e273ae50cb9fb3\",\"name\":\"Judith Weitzel\",\"image\":{\"@type\":\"ImageObject\",\"inLanguage\":\"fr-FR\",\"@id\":\"https:\/\/sha-luzern.ch\/fr#\/schema\/person\/image\/\",\"url\":\"https:\/\/secure.gravatar.com\/avatar\/7c6bf497a9b76cc4943bd4d7716e797cafb90c96046233c36845e4654eed5e01?s=96&d=mm&r=g\",\"contentUrl\":\"https:\/\/secure.gravatar.com\/avatar\/7c6bf497a9b76cc4943bd4d7716e797cafb90c96046233c36845e4654eed5e01?s=96&d=mm&r=g\",\"caption\":\"Judith Weitzel\"}}]}<\/script>\n<!-- \/ Yoast SEO plugin. -->","yoast_head_json":{"title":"Notre gestion de la construction : une pr\u00e9sence sur le terrain","description":"Le service de gestion de la construction de SHA supervise l'ex\u00e9cution sur site dans toute l'Allemagne et sert d'interlocuteur pendant la phase de construction et au-del\u00e0.","robots":{"index":"index","follow":"follow","max-snippet":"max-snippet:-1","max-image-preview":"max-image-preview:large","max-video-preview":"max-video-preview:-1"},"canonical":"https:\/\/sha-luzern.ch\/fr\/news\/notre-gestion-de-la-construction-une-presence-sur-le-terrain","og_locale":"fr_FR","og_type":"article","og_title":"Notre gestion de la construction : une pr\u00e9sence sur le terrain","og_description":"Le service de gestion de la construction de SHA supervise l'ex\u00e9cution sur site dans toute l'Allemagne et sert d'interlocuteur pendant la phase de construction et au-del\u00e0.","og_url":"https:\/\/sha-luzern.ch\/fr\/news\/notre-gestion-de-la-construction-une-presence-sur-le-terrain","og_site_name":"SHA Scheffler Helbich Architekten GmbH","article_published_time":"2022-03-03T13:04:23+00:00","article_modified_time":"2024-09-23T14:51:50+00:00","og_image":[{"width":1700,"height":1135,"url":"https:\/\/sha-luzern.ch\/wp-content\/uploads\/Scheffler-Helbich-Architekten-Dortmund-Berlin-1.jpg","type":"image\/jpeg"}],"author":"Judith Weitzel","twitter_card":"summary_large_image","twitter_misc":{"\u00c9crit par":"Judith Weitzel","Dur\u00e9e de lecture estim\u00e9e":"7 minutes"},"schema":{"@context":"https:\/\/schema.org","@graph":[{"@type":"WebPage","@id":"https:\/\/sha-luzern.ch\/fr\/news\/notre-gestion-de-la-construction-une-presence-sur-le-terrain","url":"https:\/\/sha-luzern.ch\/fr\/news\/notre-gestion-de-la-construction-une-presence-sur-le-terrain","name":"Notre gestion de la construction : une pr\u00e9sence sur le terrain","isPartOf":{"@id":"https:\/\/sha-luzern.ch\/fr#website"},"primaryImageOfPage":{"@id":"https:\/\/sha-luzern.ch\/fr\/news\/notre-gestion-de-la-construction-une-presence-sur-le-terrain#primaryimage"},"image":{"@id":"https:\/\/sha-luzern.ch\/fr\/news\/notre-gestion-de-la-construction-une-presence-sur-le-terrain#primaryimage"},"thumbnailUrl":"https:\/\/sha-luzern.ch\/wp-content\/uploads\/Scheffler-Helbich-Architekten-Dortmund-Berlin-1.jpg","datePublished":"2022-03-03T13:04:23+00:00","dateModified":"2024-09-23T14:51:50+00:00","author":{"@id":"https:\/\/sha-luzern.ch\/fr#\/schema\/person\/e68d44538591ce8617e273ae50cb9fb3"},"description":"Le service de gestion de la construction de SHA supervise l'ex\u00e9cution sur site dans toute l'Allemagne et sert d'interlocuteur pendant la phase de construction et au-del\u00e0.","breadcrumb":{"@id":"https:\/\/sha-luzern.ch\/fr\/news\/notre-gestion-de-la-construction-une-presence-sur-le-terrain#breadcrumb"},"inLanguage":"fr-FR","potentialAction":[{"@type":"ReadAction","target":["https:\/\/sha-luzern.ch\/fr\/news\/notre-gestion-de-la-construction-une-presence-sur-le-terrain"]}]},{"@type":"ImageObject","inLanguage":"fr-FR","@id":"https:\/\/sha-luzern.ch\/fr\/news\/notre-gestion-de-la-construction-une-presence-sur-le-terrain#primaryimage","url":"https:\/\/sha-luzern.ch\/wp-content\/uploads\/Scheffler-Helbich-Architekten-Dortmund-Berlin-1.jpg","contentUrl":"https:\/\/sha-luzern.ch\/wp-content\/uploads\/Scheffler-Helbich-Architekten-Dortmund-Berlin-1.jpg","width":1700,"height":1135},{"@type":"BreadcrumbList","@id":"https:\/\/sha-luzern.ch\/fr\/news\/notre-gestion-de-la-construction-une-presence-sur-le-terrain#breadcrumb","itemListElement":[{"@type":"ListItem","position":1,"name":"Startseite","item":"https:\/\/sha-luzern.ch\/fr\/accueil"},{"@type":"ListItem","position":2,"name":"Notre gestion de la construction : une pr\u00e9sence sur le terrain"}]},{"@type":"WebSite","@id":"https:\/\/sha-luzern.ch\/fr#website","url":"https:\/\/sha-luzern.ch\/fr","name":"SHA Scheffler Helbich Architekten GmbH","description":"","potentialAction":[{"@type":"SearchAction","target":{"@type":"EntryPoint","urlTemplate":"https:\/\/sha-luzern.ch\/fr?s={search_term_string}"},"query-input":{"@type":"PropertyValueSpecification","valueRequired":true,"valueName":"search_term_string"}}],"inLanguage":"fr-FR"},{"@type":"Person","@id":"https:\/\/sha-luzern.ch\/fr#\/schema\/person\/e68d44538591ce8617e273ae50cb9fb3","name":"Judith Weitzel","image":{"@type":"ImageObject","inLanguage":"fr-FR","@id":"https:\/\/sha-luzern.ch\/fr#\/schema\/person\/image\/","url":"https:\/\/secure.gravatar.com\/avatar\/7c6bf497a9b76cc4943bd4d7716e797cafb90c96046233c36845e4654eed5e01?s=96&d=mm&r=g","contentUrl":"https:\/\/secure.gravatar.com\/avatar\/7c6bf497a9b76cc4943bd4d7716e797cafb90c96046233c36845e4654eed5e01?s=96&d=mm&r=g","caption":"Judith Weitzel"}}]}},"_links":{"self":[{"href":"https:\/\/sha-luzern.ch\/fr\/wp-json\/wp\/v2\/posts\/32395","targetHints":{"allow":["GET"]}}],"collection":[{"href":"https:\/\/sha-luzern.ch\/fr\/wp-json\/wp\/v2\/posts"}],"about":[{"href":"https:\/\/sha-luzern.ch\/fr\/wp-json\/wp\/v2\/types\/post"}],"author":[{"embeddable":true,"href":"https:\/\/sha-luzern.ch\/fr\/wp-json\/wp\/v2\/users\/2"}],"replies":[{"embeddable":true,"href":"https:\/\/sha-luzern.ch\/fr\/wp-json\/wp\/v2\/comments?post=32395"}],"version-history":[{"count":5,"href":"https:\/\/sha-luzern.ch\/fr\/wp-json\/wp\/v2\/posts\/32395\/revisions"}],"predecessor-version":[{"id":46383,"href":"https:\/\/sha-luzern.ch\/fr\/wp-json\/wp\/v2\/posts\/32395\/revisions\/46383"}],"wp:featuredmedia":[{"embeddable":true,"href":"https:\/\/sha-luzern.ch\/fr\/wp-json\/wp\/v2\/media\/23231"}],"wp:attachment":[{"href":"https:\/\/sha-luzern.ch\/fr\/wp-json\/wp\/v2\/media?parent=32395"}],"wp:term":[{"taxonomy":"category","embeddable":true,"href":"https:\/\/sha-luzern.ch\/fr\/wp-json\/wp\/v2\/categories?post=32395"},{"taxonomy":"post_tag","embeddable":true,"href":"https:\/\/sha-luzern.ch\/fr\/wp-json\/wp\/v2\/tags?post=32395"}],"curies":[{"name":"wp","href":"https:\/\/api.w.org\/{rel}","templated":true}]}}