{"id":32490,"date":"2022-04-01T09:06:54","date_gmt":"2022-04-01T07:06:54","guid":{"rendered":"https:\/\/sha.de\/aktuelles\/elargissement-de-la-direction"},"modified":"2024-09-23T16:52:03","modified_gmt":"2024-09-23T14:52:03","slug":"elargissement-de-la-direction","status":"publish","type":"post","link":"https:\/\/sha-luzern.ch\/fr\/news\/elargissement-de-la-direction","title":{"rendered":"\u00c9largissement de la direction"},"content":{"rendered":"<div id='av_section_1' class='avia-section main_color pt-default pb-default avia-no-border-styling avia-bg-style-scroll  avia-builder-el-0  avia-builder-el-no-sibling   container_wrap fullsize' style=' '  ><div class='container' ><main  role=\"main\" itemprop=\"mainContentOfPage\"  class='template-page content  av-content-full alpha units'><div class='post-entry post-entry-type-page post-entry-32490'><div class='entry-content-wrapper clearfix'>\n\n\t\t\t<div id=\"av-k1hoeuzj\" class=\"headline-column flex_column av_one_full flex_column_div first \">\n\t\t\t\t<div class=\"headline-wrap is-outside align-left sub-bottom\">\n\t\t\t\t\t<h1 class=\"headline-content headline-primary\">\u00c9largissement de la direction<\/h1>\n\t\t\t\t\t<h3 class=\"headline-content headline-secondary\">Jens Beele et Christoph Helbich forment le nouveau duo de direction de SHA Scheffler Helbich Architekten GmbH<\/h3>\n\t\t\t\t<\/div>\n\t\t\t<\/div>\n<div class=\"flex_column av_one_third  flex_column_div av-zero-column-padding first bg-default      avia-builder-el-2  el_after_pixel_sc_headline  el_before_av_one_third  \"><section  class='av_textblock_section av-k5pfdfmq-75eeeeace81604f9741c5e0bb23a16ef '   itemscope=\"itemscope\" itemtype=\"https:\/\/schema.org\/BlogPosting\" itemprop=\"blogPost\" ><div class='avia_textblock'  itemprop=\"text\" ><p>Le cabinet d&rsquo;architecture SHA Scheffler Helbich Architekten GmbH \u00e9largit sa direction : Jens Beele, ing\u00e9nieur civil dipl\u00f4m\u00e9, fond\u00e9 de pouvoir depuis de nombreuses ann\u00e9es et chef d&rsquo;\u00e9quipe de la gestion de la construction, rejoint la direction de SHA avec effet imm\u00e9diat. Avec l&rsquo;associ\u00e9 g\u00e9rant, l&rsquo;architecte BDA Christoph Helbich, il forme le nouveau duo de direction du bureau d&rsquo;\u00e9tudes de Dortmund. La r\u00e9partition des responsabilit\u00e9s de gestion sur des \u00e9paules plus larges doit permettre de renforcer la base de connaissances au sein de l&rsquo;entreprise tout en cr\u00e9ant un espace pour une croissance saine et l&rsquo;innovation.<\/p>\n<p>\u00ab\u00a0Je me r\u00e9jouis de cette nouvelle mission\u00a0\u00bb, d\u00e9clare Jens Beele, qui travaille d\u00e9j\u00e0 pour SHA depuis 2009 et conna\u00eet le bureau sur le bout des doigts. Cet homme d&rsquo;action \u00e0 la vision panoramique apporte \u00e0 la direction de l&rsquo;<a href=\"https:\/\/sha-luzern.ch\/fr\/services\/realisation\">entreprise<\/a> sa longue exp\u00e9rience professionnelle dans la <a href=\"https:\/\/sha-luzern.ch\/fr\/services\/realisation\">gestion de la construction<\/a> et, par cons\u00e9quent, des solutions fortement op\u00e9rationnelles. En raison de sa <a href=\"https:\/\/sha-luzern.ch\/fr\/news\/notre-gestion-de-la-construction-une-presence-sur-le-terrain\">proximit\u00e9 avec les ma\u00eetres d&rsquo;ouvrage<\/a>, il est particuli\u00e8rement bien plac\u00e9 pour \u00e9valuer les besoins des clients, ce qui lui permet d&rsquo;apporter des suggestions pertinentes dans son travail quotidien, et donc dans le mod\u00e8le commercial de SHA.<\/p>\n<\/div><\/section><\/div><div class=\"flex_column av_one_third  flex_column_div av-zero-column-padding        avia-builder-el-4  el_after_av_one_third  el_before_av_one_third  \"><section  class='av_textblock_section av-kyipooet-0abfd3d1c0538e0eba08a3772fff2c6e '   itemscope=\"itemscope\" itemtype=\"https:\/\/schema.org\/BlogPosting\" itemprop=\"blogPost\" ><div class='avia_textblock'  itemprop=\"text\" ><p>Christoph Helbich donnera \u00e0 l&rsquo;agence d&rsquo;architecture une orientation encore plus strat\u00e9gique qu&rsquo;auparavant et restera \u00e0 la t\u00eate du d\u00e9partement de planification.<\/p>\n<p>\u00ab\u00a0Compte tenu de la croissance r\u00e9jouissante de SHA au cours des derni\u00e8res ann\u00e9es, il est d&rsquo;autant plus important que nous r\u00e9partissions davantage les responsabilit\u00e9s. Nous pouvons ainsi nous occuper en interne de nos piliers porteurs que sont la planification et la gestion de la construction de mani\u00e8re tr\u00e8s cibl\u00e9e et individuelle. En m\u00eame temps, nous cr\u00e9ons des ressources pour de nouveaux projets et le d\u00e9veloppement de notre entreprise dans les ann\u00e9es \u00e0 venir\u00a0\u00bb, explique Christoph Helbich.<\/p>\n<p>Lui et son nouveau coll\u00e8gue dirigeront d\u00e9sormais ensemble les affaires de SHA Scheffler Helbich Architekten GmbH &#8211; avec le meilleur soutien des fond\u00e9s de pouvoir Marc Horstmeier, Volker Kaminsky et Christoph Wunderlich. Birgit Helbich, architecte dipl\u00f4m\u00e9e, est et reste associ\u00e9e.<\/p>\n<\/div><\/section><\/div><div class=\"flex_column av_one_third  flex_column_div av-zero-column-padding        avia-builder-el-6  el_after_av_one_third  el_before_av_one_full  \"><div class=\"quotebox  has-image bg-grey  image-top\"><div class=\"quotebox__inner\"><div class=\"quotebox__media\"><img decoding=\"async\" src=\"https:\/\/sha-luzern.ch\/wp-content\/uploads\/web-Beele-Portrait-SHA-Dortmund-706x368.jpg\" alt=\"Jens Beele, Gesch\u00e4ftsf\u00fchrer\" \/><\/div><div class=\"quotebox__content\"><div class=\"quotebox__quote\"><span class=\"quotebox-text quotebox-quote\">\u00bbJe me r\u00e9jouis beaucoup de cette nouvelle mission\u00ab<\/span><\/div><div class=\"quotebox__info\"><span class=\"quotebox-text quotebox-name\">Jens Beele, Gesch\u00e4ftsf\u00fchrer<\/span><span class=\"quotebox-text quotebox-desc\"><\/span><\/div><\/div><\/div><\/div><\/div><div class=\"flex_column av_one_full  flex_column_div av-zero-column-padding first       avia-builder-el-8  el_after_av_one_third  avia-builder-el-last  column-top-margin\"><div class=\"slickgallery \">\n\t<div class=\"pixel-slide-wrap\">\n\t\t<div class=\"pixel-slide\" style=\"display: block; width: 100%; float: left;\">\n\t\t\t\t\n\t\t\t\t\t\t\t\t\t\t\t\t\t\n\t\t\t\t\t<div class=\"pixel-slide__image-wrap slide-1\">\n\t\t\t\t\t\t\t<div class=\"pixel-slide__image \"><a href=\"https:\/\/sha-luzern.ch\/wp-content\/uploads\/028-SHA-Dortmund-August-2022-GF-web-1277x850.jpg\" rel=\"lightbox\"><img decoding=\"async\" src=\"https:\/\/sha-luzern.ch\/wp-content\/uploads\/028-SHA-Dortmund-August-2022-GF-web-706x368.jpg\" alt=\"Gesch\u00e4ftsleitung SHA Scheffler Helbich Architekten Christoph Helbich Jens Beele\" title=\"Gesch\u00e4ftsleitung SHA Scheffler Helbich Architekten Christoph Helbich Jens Beele\"><\/a><\/div>\n\t\t\t\t\t<\/div>\n\t\t\t\t\n\t\t\t\t\t\t\t\t\t\t\t\t\t\n\t\t\t\t\t<div class=\"pixel-slide__image-wrap slide-2\">\n\t\t\t\t\t\t\t<div class=\"pixel-slide__image \"><a href=\"https:\/\/sha-luzern.ch\/wp-content\/uploads\/036-GF-SHA-Dortmund-August-2021-web-1277x850.jpg\" rel=\"lightbox\"><img decoding=\"async\" src=\"https:\/\/sha-luzern.ch\/wp-content\/uploads\/036-GF-SHA-Dortmund-August-2021-web-706x368.jpg\" alt=\"036 GF SHA Dortmund August 2021 Web\" title=\"036 GF SHA Dortmund August 2021 Web\"><\/a><\/div>\n\t\t\t\t\t<\/div>\n\t\t\t\t\n\t\t\t\t\t\t\t\t\t\t\t\t\t\n\t\t\t\t\t<div class=\"pixel-slide__image-wrap slide-3\">\n\t\t\t\t\t\t\t<div class=\"pixel-slide__image \"><a href=\"https:\/\/sha-luzern.ch\/wp-content\/uploads\/Baumanagement-1280x751.jpg\" rel=\"lightbox\"><img decoding=\"async\" src=\"https:\/\/sha-luzern.ch\/wp-content\/uploads\/Baumanagement-706x368.jpg\" alt=\"Baumanagement\" title=\"Baumanagement\"><\/a><\/div>\n\t\t\t\t\t<\/div>\n\t\t\t\t\n\t\t\t\t\t\t\t\t\t\t\t\t\t\n\t\t\t\t\t<div class=\"pixel-slide__image-wrap slide-4\">\n\t\t\t\t\t\t\t<div class=\"pixel-slide__image \"><a href=\"https:\/\/sha-luzern.ch\/wp-content\/uploads\/010-SHA-Dortmund-August-2022-GF-web-1277x850.jpg\" rel=\"lightbox\"><img decoding=\"async\" src=\"https:\/\/sha-luzern.ch\/wp-content\/uploads\/010-SHA-Dortmund-August-2022-GF-web-706x368.jpg\" alt=\"Gesch\u00e4ftsleitung SHA Scheffler Helbich Architekten Christoph Helbich Jens Beele\" title=\"Gesch\u00e4ftsleitung SHA Scheffler Helbich Architekten Christoph Helbich Jens Beele\"><\/a><\/div>\n\t\t\t\t\t<\/div>\n\t\t\t\t\n\t\t\t\t\t\t\t\t\t\t\t\t\t\n\t\t\t\t\t<div class=\"pixel-slide__image-wrap slide-5\">\n\t\t\t\t\t\t\t<div class=\"pixel-slide__image \"><a href=\"https:\/\/sha-luzern.ch\/wp-content\/uploads\/047-website-1-1280x665.jpg\" rel=\"lightbox\"><img decoding=\"async\" src=\"https:\/\/sha-luzern.ch\/wp-content\/uploads\/047-website-1-706x368.jpg\" alt=\"047 Website\" title=\"047 Website\"><\/a><\/div>\n\t\t\t\t\t<\/div>\n\t\t\t\t\n\t\t\t\t\t\t\t\t\t\t\t\t\t\n\t\t\t\t\t<div class=\"pixel-slide__image-wrap slide-6\">\n\t\t\t\t\t\t\t<div class=\"pixel-slide__image \"><a href=\"https:\/\/sha-luzern.ch\/wp-content\/uploads\/048-GF-SHA-Dortmund-August-2021-web-1277x850.jpg\" rel=\"lightbox\"><img decoding=\"async\" src=\"https:\/\/sha-luzern.ch\/wp-content\/uploads\/048-GF-SHA-Dortmund-August-2021-web-706x368.jpg\" alt=\"048 GF SHA Dortmund August 2021 Web\" title=\"048 GF SHA Dortmund August 2021 Web\"><\/a><\/div>\n\t\t\t\t\t<\/div>\n\t\t\t\t\t\t<\/div>\n\t<\/div>\n<\/div><\/div>\n","protected":false},"excerpt":{"rendered":"<p>Jens Beele, ing\u00e9nieur civil dipl\u00f4m\u00e9, fond\u00e9 de pouvoir de longue date et responsable de la gestion de la construction, rejoint la direction de SHA Scheffler Helbich Architekten GmbH avec effet imm\u00e9diat. La r\u00e9partition des responsabilit\u00e9s de gestion sur des \u00e9paules plus larges permet \u00e0 SHA de se pr\u00e9parer pour l&rsquo;avenir.<\/p>\n","protected":false},"author":2,"featured_media":26519,"comment_status":"closed","ping_status":"closed","sticky":false,"template":"","format":"standard","meta":{"_acf_changed":false,"content-type":"","footnotes":""},"categories":[846,854,856],"tags":[1062,1064,1065],"class_list":["post-32490","post","type-post","status-publish","format-standard","has-post-thumbnail","hentry","category-dortmund-fr","category-notre-equipe","category-notre-philosophie","tag-dortmund-fr","tag-direction-generale","tag-jens-beele-fr"],"acf":[],"yoast_head":"<!-- This site is optimized with the Yoast SEO plugin v26.1.1 - https:\/\/yoast.com\/wordpress\/plugins\/seo\/ -->\n<title>\u00c9largissement de la direction<\/title>\n<meta name=\"description\" content=\"Jens Beele, ing\u00e9nieur civil dipl\u00f4m\u00e9, fond\u00e9 de pouvoir de longue date et responsable de la gestion de la construction, rejoint la direction de SHA Scheffler Helbich Architekten GmbH avec effet imm\u00e9diat.\" \/>\n<meta name=\"robots\" content=\"index, follow, max-snippet:-1, max-image-preview:large, max-video-preview:-1\" \/>\n<link rel=\"canonical\" href=\"https:\/\/sha-luzern.ch\/fr\/news\/elargissement-de-la-direction\" \/>\n<meta property=\"og:locale\" content=\"fr_FR\" \/>\n<meta property=\"og:type\" content=\"article\" \/>\n<meta property=\"og:title\" content=\"\u00c9largissement de la direction\" \/>\n<meta property=\"og:description\" content=\"Jens Beele, ing\u00e9nieur civil dipl\u00f4m\u00e9, fond\u00e9 de pouvoir de longue date et responsable de la gestion de la construction, rejoint la direction de SHA Scheffler Helbich Architekten GmbH avec effet imm\u00e9diat.\" \/>\n<meta property=\"og:url\" content=\"https:\/\/sha-luzern.ch\/fr\/news\/elargissement-de-la-direction\" \/>\n<meta property=\"og:site_name\" content=\"SHA Scheffler Helbich Architekten GmbH\" \/>\n<meta property=\"article:published_time\" content=\"2022-04-01T07:06:54+00:00\" \/>\n<meta property=\"article:modified_time\" content=\"2024-09-23T14:52:03+00:00\" \/>\n<meta property=\"og:image\" content=\"https:\/\/sha-luzern.ch\/wp-content\/uploads\/019-SHA-Dortmund-August-2022-GF-web.jpg\" \/>\n\t<meta property=\"og:image:width\" content=\"1800\" \/>\n\t<meta property=\"og:image:height\" content=\"1198\" \/>\n\t<meta property=\"og:image:type\" content=\"image\/jpeg\" \/>\n<meta name=\"author\" content=\"Judith Weitzel\" \/>\n<meta name=\"twitter:card\" content=\"summary_large_image\" \/>\n<meta name=\"twitter:label1\" content=\"\u00c9crit par\" \/>\n\t<meta name=\"twitter:data1\" content=\"Judith Weitzel\" \/>\n\t<meta name=\"twitter:label2\" content=\"Dur\u00e9e de lecture estim\u00e9e\" \/>\n\t<meta name=\"twitter:data2\" content=\"6 minutes\" \/>\n<script type=\"application\/ld+json\" class=\"yoast-schema-graph\">{\"@context\":\"https:\/\/schema.org\",\"@graph\":[{\"@type\":\"WebPage\",\"@id\":\"https:\/\/sha-luzern.ch\/fr\/news\/elargissement-de-la-direction\",\"url\":\"https:\/\/sha-luzern.ch\/fr\/news\/elargissement-de-la-direction\",\"name\":\"\u00c9largissement de la direction\",\"isPartOf\":{\"@id\":\"https:\/\/sha-luzern.ch\/fr#website\"},\"primaryImageOfPage\":{\"@id\":\"https:\/\/sha-luzern.ch\/fr\/news\/elargissement-de-la-direction#primaryimage\"},\"image\":{\"@id\":\"https:\/\/sha-luzern.ch\/fr\/news\/elargissement-de-la-direction#primaryimage\"},\"thumbnailUrl\":\"https:\/\/sha-luzern.ch\/wp-content\/uploads\/019-SHA-Dortmund-August-2022-GF-web.jpg\",\"datePublished\":\"2022-04-01T07:06:54+00:00\",\"dateModified\":\"2024-09-23T14:52:03+00:00\",\"author\":{\"@id\":\"https:\/\/sha-luzern.ch\/fr#\/schema\/person\/e68d44538591ce8617e273ae50cb9fb3\"},\"description\":\"Jens Beele, ing\u00e9nieur civil dipl\u00f4m\u00e9, fond\u00e9 de pouvoir de longue date et responsable de la gestion de la construction, rejoint la direction de SHA Scheffler Helbich Architekten GmbH avec effet imm\u00e9diat.\",\"breadcrumb\":{\"@id\":\"https:\/\/sha-luzern.ch\/fr\/news\/elargissement-de-la-direction#breadcrumb\"},\"inLanguage\":\"fr-FR\",\"potentialAction\":[{\"@type\":\"ReadAction\",\"target\":[\"https:\/\/sha-luzern.ch\/fr\/news\/elargissement-de-la-direction\"]}]},{\"@type\":\"ImageObject\",\"inLanguage\":\"fr-FR\",\"@id\":\"https:\/\/sha-luzern.ch\/fr\/news\/elargissement-de-la-direction#primaryimage\",\"url\":\"https:\/\/sha-luzern.ch\/wp-content\/uploads\/019-SHA-Dortmund-August-2022-GF-web.jpg\",\"contentUrl\":\"https:\/\/sha-luzern.ch\/wp-content\/uploads\/019-SHA-Dortmund-August-2022-GF-web.jpg\",\"width\":1800,\"height\":1198,\"caption\":\"Gesch\u00e4ftsleitung SHA Scheffler Helbich Architekten Christoph Helbich Jens Beele\"},{\"@type\":\"BreadcrumbList\",\"@id\":\"https:\/\/sha-luzern.ch\/fr\/news\/elargissement-de-la-direction#breadcrumb\",\"itemListElement\":[{\"@type\":\"ListItem\",\"position\":1,\"name\":\"Startseite\",\"item\":\"https:\/\/sha-luzern.ch\/fr\/accueil\"},{\"@type\":\"ListItem\",\"position\":2,\"name\":\"\u00c9largissement de la direction\"}]},{\"@type\":\"WebSite\",\"@id\":\"https:\/\/sha-luzern.ch\/fr#website\",\"url\":\"https:\/\/sha-luzern.ch\/fr\",\"name\":\"SHA Scheffler Helbich Architekten GmbH\",\"description\":\"\",\"potentialAction\":[{\"@type\":\"SearchAction\",\"target\":{\"@type\":\"EntryPoint\",\"urlTemplate\":\"https:\/\/sha-luzern.ch\/fr?s={search_term_string}\"},\"query-input\":{\"@type\":\"PropertyValueSpecification\",\"valueRequired\":true,\"valueName\":\"search_term_string\"}}],\"inLanguage\":\"fr-FR\"},{\"@type\":\"Person\",\"@id\":\"https:\/\/sha-luzern.ch\/fr#\/schema\/person\/e68d44538591ce8617e273ae50cb9fb3\",\"name\":\"Judith Weitzel\",\"image\":{\"@type\":\"ImageObject\",\"inLanguage\":\"fr-FR\",\"@id\":\"https:\/\/sha-luzern.ch\/fr#\/schema\/person\/image\/\",\"url\":\"https:\/\/secure.gravatar.com\/avatar\/7c6bf497a9b76cc4943bd4d7716e797cafb90c96046233c36845e4654eed5e01?s=96&d=mm&r=g\",\"contentUrl\":\"https:\/\/secure.gravatar.com\/avatar\/7c6bf497a9b76cc4943bd4d7716e797cafb90c96046233c36845e4654eed5e01?s=96&d=mm&r=g\",\"caption\":\"Judith Weitzel\"}}]}<\/script>\n<!-- \/ Yoast SEO plugin. -->","yoast_head_json":{"title":"\u00c9largissement de la direction","description":"Jens Beele, ing\u00e9nieur civil dipl\u00f4m\u00e9, fond\u00e9 de pouvoir de longue date et responsable de la gestion de la construction, rejoint la direction de SHA Scheffler Helbich Architekten GmbH avec effet imm\u00e9diat.","robots":{"index":"index","follow":"follow","max-snippet":"max-snippet:-1","max-image-preview":"max-image-preview:large","max-video-preview":"max-video-preview:-1"},"canonical":"https:\/\/sha-luzern.ch\/fr\/news\/elargissement-de-la-direction","og_locale":"fr_FR","og_type":"article","og_title":"\u00c9largissement de la direction","og_description":"Jens Beele, ing\u00e9nieur civil dipl\u00f4m\u00e9, fond\u00e9 de pouvoir de longue date et responsable de la gestion de la construction, rejoint la direction de SHA Scheffler Helbich Architekten GmbH avec effet imm\u00e9diat.","og_url":"https:\/\/sha-luzern.ch\/fr\/news\/elargissement-de-la-direction","og_site_name":"SHA Scheffler Helbich Architekten GmbH","article_published_time":"2022-04-01T07:06:54+00:00","article_modified_time":"2024-09-23T14:52:03+00:00","og_image":[{"width":1800,"height":1198,"url":"https:\/\/sha-luzern.ch\/wp-content\/uploads\/019-SHA-Dortmund-August-2022-GF-web.jpg","type":"image\/jpeg"}],"author":"Judith Weitzel","twitter_card":"summary_large_image","twitter_misc":{"\u00c9crit par":"Judith Weitzel","Dur\u00e9e de lecture estim\u00e9e":"6 minutes"},"schema":{"@context":"https:\/\/schema.org","@graph":[{"@type":"WebPage","@id":"https:\/\/sha-luzern.ch\/fr\/news\/elargissement-de-la-direction","url":"https:\/\/sha-luzern.ch\/fr\/news\/elargissement-de-la-direction","name":"\u00c9largissement de la direction","isPartOf":{"@id":"https:\/\/sha-luzern.ch\/fr#website"},"primaryImageOfPage":{"@id":"https:\/\/sha-luzern.ch\/fr\/news\/elargissement-de-la-direction#primaryimage"},"image":{"@id":"https:\/\/sha-luzern.ch\/fr\/news\/elargissement-de-la-direction#primaryimage"},"thumbnailUrl":"https:\/\/sha-luzern.ch\/wp-content\/uploads\/019-SHA-Dortmund-August-2022-GF-web.jpg","datePublished":"2022-04-01T07:06:54+00:00","dateModified":"2024-09-23T14:52:03+00:00","author":{"@id":"https:\/\/sha-luzern.ch\/fr#\/schema\/person\/e68d44538591ce8617e273ae50cb9fb3"},"description":"Jens Beele, ing\u00e9nieur civil dipl\u00f4m\u00e9, fond\u00e9 de pouvoir de longue date et responsable de la gestion de la construction, rejoint la direction de SHA Scheffler Helbich Architekten GmbH avec effet imm\u00e9diat.","breadcrumb":{"@id":"https:\/\/sha-luzern.ch\/fr\/news\/elargissement-de-la-direction#breadcrumb"},"inLanguage":"fr-FR","potentialAction":[{"@type":"ReadAction","target":["https:\/\/sha-luzern.ch\/fr\/news\/elargissement-de-la-direction"]}]},{"@type":"ImageObject","inLanguage":"fr-FR","@id":"https:\/\/sha-luzern.ch\/fr\/news\/elargissement-de-la-direction#primaryimage","url":"https:\/\/sha-luzern.ch\/wp-content\/uploads\/019-SHA-Dortmund-August-2022-GF-web.jpg","contentUrl":"https:\/\/sha-luzern.ch\/wp-content\/uploads\/019-SHA-Dortmund-August-2022-GF-web.jpg","width":1800,"height":1198,"caption":"Gesch\u00e4ftsleitung SHA Scheffler Helbich Architekten Christoph Helbich Jens Beele"},{"@type":"BreadcrumbList","@id":"https:\/\/sha-luzern.ch\/fr\/news\/elargissement-de-la-direction#breadcrumb","itemListElement":[{"@type":"ListItem","position":1,"name":"Startseite","item":"https:\/\/sha-luzern.ch\/fr\/accueil"},{"@type":"ListItem","position":2,"name":"\u00c9largissement de la direction"}]},{"@type":"WebSite","@id":"https:\/\/sha-luzern.ch\/fr#website","url":"https:\/\/sha-luzern.ch\/fr","name":"SHA Scheffler Helbich Architekten GmbH","description":"","potentialAction":[{"@type":"SearchAction","target":{"@type":"EntryPoint","urlTemplate":"https:\/\/sha-luzern.ch\/fr?s={search_term_string}"},"query-input":{"@type":"PropertyValueSpecification","valueRequired":true,"valueName":"search_term_string"}}],"inLanguage":"fr-FR"},{"@type":"Person","@id":"https:\/\/sha-luzern.ch\/fr#\/schema\/person\/e68d44538591ce8617e273ae50cb9fb3","name":"Judith Weitzel","image":{"@type":"ImageObject","inLanguage":"fr-FR","@id":"https:\/\/sha-luzern.ch\/fr#\/schema\/person\/image\/","url":"https:\/\/secure.gravatar.com\/avatar\/7c6bf497a9b76cc4943bd4d7716e797cafb90c96046233c36845e4654eed5e01?s=96&d=mm&r=g","contentUrl":"https:\/\/secure.gravatar.com\/avatar\/7c6bf497a9b76cc4943bd4d7716e797cafb90c96046233c36845e4654eed5e01?s=96&d=mm&r=g","caption":"Judith Weitzel"}}]}},"_links":{"self":[{"href":"https:\/\/sha-luzern.ch\/fr\/wp-json\/wp\/v2\/posts\/32490","targetHints":{"allow":["GET"]}}],"collection":[{"href":"https:\/\/sha-luzern.ch\/fr\/wp-json\/wp\/v2\/posts"}],"about":[{"href":"https:\/\/sha-luzern.ch\/fr\/wp-json\/wp\/v2\/types\/post"}],"author":[{"embeddable":true,"href":"https:\/\/sha-luzern.ch\/fr\/wp-json\/wp\/v2\/users\/2"}],"replies":[{"embeddable":true,"href":"https:\/\/sha-luzern.ch\/fr\/wp-json\/wp\/v2\/comments?post=32490"}],"version-history":[{"count":17,"href":"https:\/\/sha-luzern.ch\/fr\/wp-json\/wp\/v2\/posts\/32490\/revisions"}],"predecessor-version":[{"id":46504,"href":"https:\/\/sha-luzern.ch\/fr\/wp-json\/wp\/v2\/posts\/32490\/revisions\/46504"}],"wp:featuredmedia":[{"embeddable":true,"href":"https:\/\/sha-luzern.ch\/fr\/wp-json\/wp\/v2\/media\/26519"}],"wp:attachment":[{"href":"https:\/\/sha-luzern.ch\/fr\/wp-json\/wp\/v2\/media?parent=32490"}],"wp:term":[{"taxonomy":"category","embeddable":true,"href":"https:\/\/sha-luzern.ch\/fr\/wp-json\/wp\/v2\/categories?post=32490"},{"taxonomy":"post_tag","embeddable":true,"href":"https:\/\/sha-luzern.ch\/fr\/wp-json\/wp\/v2\/tags?post=32490"}],"curies":[{"name":"wp","href":"https:\/\/api.w.org\/{rel}","templated":true}]}}