{"id":32841,"date":"2022-08-01T14:14:55","date_gmt":"2022-08-01T12:14:55","guid":{"rendered":"https:\/\/sha.de\/aktuelles\/la-premiere-apprentie-de-lhistoire-de-sha"},"modified":"2024-09-23T16:52:48","modified_gmt":"2024-09-23T14:52:48","slug":"la-premiere-apprentie-de-lhistoire-de-sha","status":"publish","type":"post","link":"https:\/\/sha-luzern.ch\/fr\/news\/la-premiere-apprentie-de-lhistoire-de-sha","title":{"rendered":"La premi\u00e8re apprentie de l&rsquo;histoire de SHA"},"content":{"rendered":"<div id='av_section_1' class='avia-section main_color pt-default pb-default avia-no-border-styling avia-bg-style-scroll  avia-builder-el-0  avia-builder-el-no-sibling   container_wrap fullsize' style=' '  ><div class='container' ><main  role=\"main\" itemprop=\"mainContentOfPage\"  class='template-page content  av-content-full alpha units'><div class='post-entry post-entry-type-page post-entry-32841'><div class='entry-content-wrapper clearfix'>\n\n\t\t\t<div id=\"av-k1hoeuzj\" class=\"headline-column flex_column av_one_full flex_column_div first \">\n\t\t\t\t<div class=\"headline-wrap is-outside align-left sub-bottom\">\n\t\t\t\t\t<h1 class=\"headline-content headline-primary\">La premi\u00e8re apprentie de l\u2019histoire de SHA<\/h1>\n\t\t\t\t\t<h3 class=\"headline-content headline-secondary\">Chiara devient dessinatrice en b\u00e2timent<\/h3>\n\t\t\t\t<\/div>\n\t\t\t<\/div>\n<div class=\"flex_column av_one_third  flex_column_div av-zero-column-padding first bg-default      avia-builder-el-2  el_after_pixel_sc_headline  el_before_av_one_third  \"><section  class='av_textblock_section av-k5pfdfmq-0d31772b05aae120526287e46fae6149 '   itemscope=\"itemscope\" itemtype=\"https:\/\/schema.org\/BlogPosting\" itemprop=\"blogPost\" ><div class='avia_textblock'  itemprop=\"text\" ><p>Depuis aujourd&rsquo;hui, SHA Scheffler Helbich Architekten GmbH propose une formation de dessinateur en b\u00e2timent (m\/f) ! Notre bureau d&rsquo;\u00e9tudes de Dortmund avait publi\u00e9 pour la premi\u00e8re fois une offre d&rsquo;apprentissage. Apr\u00e8s un stage d&rsquo;une semaine et un \u00ab\u00a0coup d&rsquo;\u0153il\u00a0\u00bb au printemps, il \u00e9tait clair que Chiara Tenhumberg deviendrait la premi\u00e8re apprentie en pr\u00e8s de 95 ans d&rsquo;histoire de SHA.<\/p>\n<p>Vous vous concentrerez sur le domaine de la planification et du droit de la construction, et vos t\u00e2ches seront vari\u00e9es. La formation dure trois ans &#8211; et a commenc\u00e9 aujourd&rsquo;hui par un grand bonjour de la part de l&rsquo;\u00e9quipe et la remise d&rsquo;un sac d&rsquo;\u00e9cole bien rempli avec toutes sortes de choses utiles pour la prochaine p\u00e9riode.<\/p>\n<\/div><\/section><\/div><div class=\"flex_column av_one_third  flex_column_div av-zero-column-padding        avia-builder-el-4  el_after_av_one_third  el_before_av_one_third  \"><section  class='av_textblock_section av-kyipooet-0abfd3d1c0538e0eba08a3772fff2c6e '   itemscope=\"itemscope\" itemtype=\"https:\/\/schema.org\/BlogPosting\" itemprop=\"blogPost\" ><div class='avia_textblock'  itemprop=\"text\" ><p>Il n&rsquo;est pas rare que les dessinateurs en b\u00e2timent ayant termin\u00e9 leur formation poursuivent des \u00e9tudes d&rsquo;architecture. Marc Horstmeier, fond\u00e9 de pouvoir chez SHA et responsable de la qualification de la rel\u00e8ve professionnelle : \u00ab\u00a0Moi-m\u00eame et quatre autres coll\u00e8gues du service de planification avons suivi une formation de dessinateur en b\u00e2timent avant de commencer nos \u00e9tudes. Nous profitons toujours de ces bases dans notre travail quotidien\u00a0\u00bb.<\/p>\n<p>Dans cette optique, je vous souhaite la bienvenue dans l&rsquo;<a href=\"https:\/\/sha-luzern.ch\/fr\/notre-bureau\/notre-equipe\">\u00e9quipe<\/a>, ch\u00e8re Chiara !<\/p>\n<\/div><\/section><\/div><div class=\"flex_column av_one_third  flex_column_div av-zero-column-padding        avia-builder-el-6  el_after_av_one_third  el_before_av_one_full  \"><div class=\"call-to-action    has-button ci-black hover-white bg-grey  align-left \"><div class=\"call-to-action__inner\"><div class=\"call-to-action__text\"><span class=\"call-to-action__primary\">Joueur d\u2019\u00e9quipe  <br \/>recherch\u00e9.<\/span><span class=\"call-to-action__secondary\">Envie de participer ?  <br \/>Rejoignez SHA !<\/span><\/div><div class=\"call-to-action__button\"><div class=\"avia-button-wrap theme-fill avia-button-left\"><a href=\"https:\/\/sha-luzern.ch\/karriere\/stellenangebote\" class=\"avia-button color-ci-black hover-white avia-icon_select-no avia-size-medium\"><span>En savoir plus<\/span><\/a><\/div><\/div><\/div><\/div><\/div><div class=\"flex_column av_one_full  flex_column_div av-zero-column-padding first       avia-builder-el-8  el_after_av_one_third  avia-builder-el-last  column-top-margin\"><div class=\"slickgallery \">\n\t<div class=\"pixel-slide-wrap\">\n\t\t<div class=\"pixel-slide\" style=\"display: block; width: 100%; float: left;\">\n\t\t\t\t\n\t\t\t\t\t\t\t\t\t\t\t\t\t\n\t\t\t\t\t<div class=\"pixel-slide__image-wrap slide-1\">\n\t\t\t\t\t\t\t<div class=\"pixel-slide__image \"><a href=\"https:\/\/sha-luzern.ch\/wp-content\/uploads\/030-SHA-Dortmund-August-2022-Gruppenbilder-web-1277x850.jpg\" rel=\"lightbox\"><img decoding=\"async\" src=\"https:\/\/sha-luzern.ch\/wp-content\/uploads\/030-SHA-Dortmund-August-2022-Gruppenbilder-web-706x368.jpg\" alt=\"SHA Scheffler Helbich Architekten bildet aus\" title=\"SHA Scheffler Helbich Architekten bildet aus\"><\/a><\/div>\n\t\t\t\t\t<\/div>\n\t\t\t\t\n\t\t\t\t\t\t\t\t\t\t\t\t\t\n\t\t\t\t\t<div class=\"pixel-slide__image-wrap slide-2\">\n\t\t\t\t\t\t\t<div class=\"pixel-slide__image \"><a href=\"https:\/\/sha-luzern.ch\/wp-content\/uploads\/3-1-637x850.jpg\" rel=\"lightbox\"><img decoding=\"async\" src=\"https:\/\/sha-luzern.ch\/wp-content\/uploads\/3-1-706x368.jpg\" alt=\"Schult\u00fcte Ausbildung\" title=\"Schult\u00fcte Ausbildung\"><\/a><\/div>\n\t\t\t\t\t<\/div>\n\t\t\t\t\n\t\t\t\t\t\t\t\t\t\t\t\t\t\n\t\t\t\t\t<div class=\"pixel-slide__image-wrap slide-3\">\n\t\t\t\t\t\t\t<div class=\"pixel-slide__image \"><a href=\"https:\/\/sha-luzern.ch\/wp-content\/uploads\/1-1-1151x850.jpg\" rel=\"lightbox\"><img decoding=\"async\" src=\"https:\/\/sha-luzern.ch\/wp-content\/uploads\/1-1-706x368.jpg\" alt=\"Herzlich willkommen\" title=\"Herzlich willkommen\"><\/a><\/div>\n\t\t\t\t\t<\/div>\n\t\t\t\t\n\t\t\t\t\t\t\t\t\t\t\t\t\t\n\t\t\t\t\t<div class=\"pixel-slide__image-wrap slide-4\">\n\t\t\t\t\t\t\t<div class=\"pixel-slide__image \"><a href=\"https:\/\/sha-luzern.ch\/wp-content\/uploads\/4-1-637x850.jpg\" rel=\"lightbox\"><img decoding=\"async\" src=\"https:\/\/sha-luzern.ch\/wp-content\/uploads\/4-1-706x368.jpg\" alt=\"Schult\u00fcte Ausbildungsstart\" title=\"Schult\u00fcte Ausbildungsstart\"><\/a><\/div>\n\t\t\t\t\t<\/div>\n\t\t\t\t\t\t<\/div>\n\t<\/div>\n<\/div><\/div>\n","protected":false},"excerpt":{"rendered":"<p>Depuis aujourd&rsquo;hui, SHA Scheffler Helbich Architekten GmbH a lanc\u00e9 un appel \u00e0 l&rsquo;apprentissage. Chiara Tenhumberg est la premi\u00e8re apprentie en pr\u00e8s de 95 ans d&rsquo;histoire de SHA. Dans trois ans, elle sera dessinatrice en b\u00e2timent. Bienvenue dans l&rsquo;\u00e9quipe !<\/p>\n","protected":false},"author":2,"featured_media":26255,"comment_status":"closed","ping_status":"closed","sticky":false,"template":"","format":"standard","meta":{"_acf_changed":false,"content-type":"","footnotes":""},"categories":[846,854,856],"tags":[936,1062,1165],"class_list":["post-32841","post","type-post","status-publish","format-standard","has-post-thumbnail","hentry","category-dortmund-fr","category-notre-equipe","category-notre-philosophie","tag-formation","tag-dortmund-fr","tag-dessinateur-en-batiment"],"acf":[],"yoast_head":"<!-- This site is optimized with the Yoast SEO plugin v26.1.1 - https:\/\/yoast.com\/wordpress\/plugins\/seo\/ -->\n<title>La premi\u00e8re apprentie de l&#039;histoire de SHA<\/title>\n<meta name=\"description\" content=\"SHA Scheffler Helbich Architectes : Nous formons ! Chiara Tenhumberg devient dessinatrice en b\u00e2timent dans notre bureau d&#039;\u00e9tudes.\" \/>\n<meta name=\"robots\" content=\"index, follow, max-snippet:-1, max-image-preview:large, max-video-preview:-1\" \/>\n<link rel=\"canonical\" href=\"https:\/\/sha-luzern.ch\/fr\/news\/la-premiere-apprentie-de-lhistoire-de-sha\" \/>\n<meta property=\"og:locale\" content=\"fr_FR\" \/>\n<meta property=\"og:type\" content=\"article\" \/>\n<meta property=\"og:title\" content=\"La premi\u00e8re apprentie de l&#039;histoire de SHA\" \/>\n<meta property=\"og:description\" content=\"SHA Scheffler Helbich Architectes : Nous formons ! Chiara Tenhumberg devient dessinatrice en b\u00e2timent dans notre bureau d&#039;\u00e9tudes.\" \/>\n<meta property=\"og:url\" content=\"https:\/\/sha-luzern.ch\/fr\/news\/la-premiere-apprentie-de-lhistoire-de-sha\" \/>\n<meta property=\"og:site_name\" content=\"SHA Scheffler Helbich Architekten GmbH\" \/>\n<meta property=\"article:published_time\" content=\"2022-08-01T12:14:55+00:00\" \/>\n<meta property=\"article:modified_time\" content=\"2024-09-23T14:52:48+00:00\" \/>\n<meta property=\"og:image\" content=\"https:\/\/sha-luzern.ch\/wp-content\/uploads\/1-1.jpg\" \/>\n\t<meta property=\"og:image:width\" content=\"2000\" \/>\n\t<meta property=\"og:image:height\" content=\"1477\" \/>\n\t<meta property=\"og:image:type\" content=\"image\/jpeg\" \/>\n<meta name=\"author\" content=\"Judith Weitzel\" \/>\n<meta name=\"twitter:card\" content=\"summary_large_image\" \/>\n<meta name=\"twitter:label1\" content=\"\u00c9crit par\" \/>\n\t<meta name=\"twitter:data1\" content=\"Judith Weitzel\" \/>\n\t<meta name=\"twitter:label2\" content=\"Dur\u00e9e de lecture estim\u00e9e\" \/>\n\t<meta name=\"twitter:data2\" content=\"5 minutes\" \/>\n<script type=\"application\/ld+json\" class=\"yoast-schema-graph\">{\"@context\":\"https:\/\/schema.org\",\"@graph\":[{\"@type\":\"WebPage\",\"@id\":\"https:\/\/sha-luzern.ch\/fr\/news\/la-premiere-apprentie-de-lhistoire-de-sha\",\"url\":\"https:\/\/sha-luzern.ch\/fr\/news\/la-premiere-apprentie-de-lhistoire-de-sha\",\"name\":\"La premi\u00e8re apprentie de l'histoire de SHA\",\"isPartOf\":{\"@id\":\"https:\/\/sha-luzern.ch\/fr#website\"},\"primaryImageOfPage\":{\"@id\":\"https:\/\/sha-luzern.ch\/fr\/news\/la-premiere-apprentie-de-lhistoire-de-sha#primaryimage\"},\"image\":{\"@id\":\"https:\/\/sha-luzern.ch\/fr\/news\/la-premiere-apprentie-de-lhistoire-de-sha#primaryimage\"},\"thumbnailUrl\":\"https:\/\/sha-luzern.ch\/wp-content\/uploads\/1-1.jpg\",\"datePublished\":\"2022-08-01T12:14:55+00:00\",\"dateModified\":\"2024-09-23T14:52:48+00:00\",\"author\":{\"@id\":\"https:\/\/sha-luzern.ch\/fr#\/schema\/person\/e68d44538591ce8617e273ae50cb9fb3\"},\"description\":\"SHA Scheffler Helbich Architectes : Nous formons ! Chiara Tenhumberg devient dessinatrice en b\u00e2timent dans notre bureau d'\u00e9tudes.\",\"breadcrumb\":{\"@id\":\"https:\/\/sha-luzern.ch\/fr\/news\/la-premiere-apprentie-de-lhistoire-de-sha#breadcrumb\"},\"inLanguage\":\"fr-FR\",\"potentialAction\":[{\"@type\":\"ReadAction\",\"target\":[\"https:\/\/sha-luzern.ch\/fr\/news\/la-premiere-apprentie-de-lhistoire-de-sha\"]}]},{\"@type\":\"ImageObject\",\"inLanguage\":\"fr-FR\",\"@id\":\"https:\/\/sha-luzern.ch\/fr\/news\/la-premiere-apprentie-de-lhistoire-de-sha#primaryimage\",\"url\":\"https:\/\/sha-luzern.ch\/wp-content\/uploads\/1-1.jpg\",\"contentUrl\":\"https:\/\/sha-luzern.ch\/wp-content\/uploads\/1-1.jpg\",\"width\":2000,\"height\":1477,\"caption\":\"Herzlich willkommen\"},{\"@type\":\"BreadcrumbList\",\"@id\":\"https:\/\/sha-luzern.ch\/fr\/news\/la-premiere-apprentie-de-lhistoire-de-sha#breadcrumb\",\"itemListElement\":[{\"@type\":\"ListItem\",\"position\":1,\"name\":\"Startseite\",\"item\":\"https:\/\/sha-luzern.ch\/fr\/accueil\"},{\"@type\":\"ListItem\",\"position\":2,\"name\":\"La premi\u00e8re apprentie de l&rsquo;histoire de SHA\"}]},{\"@type\":\"WebSite\",\"@id\":\"https:\/\/sha-luzern.ch\/fr#website\",\"url\":\"https:\/\/sha-luzern.ch\/fr\",\"name\":\"SHA Scheffler Helbich Architekten GmbH\",\"description\":\"\",\"potentialAction\":[{\"@type\":\"SearchAction\",\"target\":{\"@type\":\"EntryPoint\",\"urlTemplate\":\"https:\/\/sha-luzern.ch\/fr?s={search_term_string}\"},\"query-input\":{\"@type\":\"PropertyValueSpecification\",\"valueRequired\":true,\"valueName\":\"search_term_string\"}}],\"inLanguage\":\"fr-FR\"},{\"@type\":\"Person\",\"@id\":\"https:\/\/sha-luzern.ch\/fr#\/schema\/person\/e68d44538591ce8617e273ae50cb9fb3\",\"name\":\"Judith Weitzel\",\"image\":{\"@type\":\"ImageObject\",\"inLanguage\":\"fr-FR\",\"@id\":\"https:\/\/sha-luzern.ch\/fr#\/schema\/person\/image\/\",\"url\":\"https:\/\/secure.gravatar.com\/avatar\/7c6bf497a9b76cc4943bd4d7716e797cafb90c96046233c36845e4654eed5e01?s=96&d=mm&r=g\",\"contentUrl\":\"https:\/\/secure.gravatar.com\/avatar\/7c6bf497a9b76cc4943bd4d7716e797cafb90c96046233c36845e4654eed5e01?s=96&d=mm&r=g\",\"caption\":\"Judith Weitzel\"}}]}<\/script>\n<!-- \/ Yoast SEO plugin. -->","yoast_head_json":{"title":"La premi\u00e8re apprentie de l'histoire de SHA","description":"SHA Scheffler Helbich Architectes : Nous formons ! Chiara Tenhumberg devient dessinatrice en b\u00e2timent dans notre bureau d'\u00e9tudes.","robots":{"index":"index","follow":"follow","max-snippet":"max-snippet:-1","max-image-preview":"max-image-preview:large","max-video-preview":"max-video-preview:-1"},"canonical":"https:\/\/sha-luzern.ch\/fr\/news\/la-premiere-apprentie-de-lhistoire-de-sha","og_locale":"fr_FR","og_type":"article","og_title":"La premi\u00e8re apprentie de l'histoire de SHA","og_description":"SHA Scheffler Helbich Architectes : Nous formons ! Chiara Tenhumberg devient dessinatrice en b\u00e2timent dans notre bureau d'\u00e9tudes.","og_url":"https:\/\/sha-luzern.ch\/fr\/news\/la-premiere-apprentie-de-lhistoire-de-sha","og_site_name":"SHA Scheffler Helbich Architekten GmbH","article_published_time":"2022-08-01T12:14:55+00:00","article_modified_time":"2024-09-23T14:52:48+00:00","og_image":[{"width":2000,"height":1477,"url":"https:\/\/sha-luzern.ch\/wp-content\/uploads\/1-1.jpg","type":"image\/jpeg"}],"author":"Judith Weitzel","twitter_card":"summary_large_image","twitter_misc":{"\u00c9crit par":"Judith Weitzel","Dur\u00e9e de lecture estim\u00e9e":"5 minutes"},"schema":{"@context":"https:\/\/schema.org","@graph":[{"@type":"WebPage","@id":"https:\/\/sha-luzern.ch\/fr\/news\/la-premiere-apprentie-de-lhistoire-de-sha","url":"https:\/\/sha-luzern.ch\/fr\/news\/la-premiere-apprentie-de-lhistoire-de-sha","name":"La premi\u00e8re apprentie de l'histoire de SHA","isPartOf":{"@id":"https:\/\/sha-luzern.ch\/fr#website"},"primaryImageOfPage":{"@id":"https:\/\/sha-luzern.ch\/fr\/news\/la-premiere-apprentie-de-lhistoire-de-sha#primaryimage"},"image":{"@id":"https:\/\/sha-luzern.ch\/fr\/news\/la-premiere-apprentie-de-lhistoire-de-sha#primaryimage"},"thumbnailUrl":"https:\/\/sha-luzern.ch\/wp-content\/uploads\/1-1.jpg","datePublished":"2022-08-01T12:14:55+00:00","dateModified":"2024-09-23T14:52:48+00:00","author":{"@id":"https:\/\/sha-luzern.ch\/fr#\/schema\/person\/e68d44538591ce8617e273ae50cb9fb3"},"description":"SHA Scheffler Helbich Architectes : Nous formons ! Chiara Tenhumberg devient dessinatrice en b\u00e2timent dans notre bureau d'\u00e9tudes.","breadcrumb":{"@id":"https:\/\/sha-luzern.ch\/fr\/news\/la-premiere-apprentie-de-lhistoire-de-sha#breadcrumb"},"inLanguage":"fr-FR","potentialAction":[{"@type":"ReadAction","target":["https:\/\/sha-luzern.ch\/fr\/news\/la-premiere-apprentie-de-lhistoire-de-sha"]}]},{"@type":"ImageObject","inLanguage":"fr-FR","@id":"https:\/\/sha-luzern.ch\/fr\/news\/la-premiere-apprentie-de-lhistoire-de-sha#primaryimage","url":"https:\/\/sha-luzern.ch\/wp-content\/uploads\/1-1.jpg","contentUrl":"https:\/\/sha-luzern.ch\/wp-content\/uploads\/1-1.jpg","width":2000,"height":1477,"caption":"Herzlich willkommen"},{"@type":"BreadcrumbList","@id":"https:\/\/sha-luzern.ch\/fr\/news\/la-premiere-apprentie-de-lhistoire-de-sha#breadcrumb","itemListElement":[{"@type":"ListItem","position":1,"name":"Startseite","item":"https:\/\/sha-luzern.ch\/fr\/accueil"},{"@type":"ListItem","position":2,"name":"La premi\u00e8re apprentie de l&rsquo;histoire de SHA"}]},{"@type":"WebSite","@id":"https:\/\/sha-luzern.ch\/fr#website","url":"https:\/\/sha-luzern.ch\/fr","name":"SHA Scheffler Helbich Architekten GmbH","description":"","potentialAction":[{"@type":"SearchAction","target":{"@type":"EntryPoint","urlTemplate":"https:\/\/sha-luzern.ch\/fr?s={search_term_string}"},"query-input":{"@type":"PropertyValueSpecification","valueRequired":true,"valueName":"search_term_string"}}],"inLanguage":"fr-FR"},{"@type":"Person","@id":"https:\/\/sha-luzern.ch\/fr#\/schema\/person\/e68d44538591ce8617e273ae50cb9fb3","name":"Judith Weitzel","image":{"@type":"ImageObject","inLanguage":"fr-FR","@id":"https:\/\/sha-luzern.ch\/fr#\/schema\/person\/image\/","url":"https:\/\/secure.gravatar.com\/avatar\/7c6bf497a9b76cc4943bd4d7716e797cafb90c96046233c36845e4654eed5e01?s=96&d=mm&r=g","contentUrl":"https:\/\/secure.gravatar.com\/avatar\/7c6bf497a9b76cc4943bd4d7716e797cafb90c96046233c36845e4654eed5e01?s=96&d=mm&r=g","caption":"Judith Weitzel"}}]}},"_links":{"self":[{"href":"https:\/\/sha-luzern.ch\/fr\/wp-json\/wp\/v2\/posts\/32841","targetHints":{"allow":["GET"]}}],"collection":[{"href":"https:\/\/sha-luzern.ch\/fr\/wp-json\/wp\/v2\/posts"}],"about":[{"href":"https:\/\/sha-luzern.ch\/fr\/wp-json\/wp\/v2\/types\/post"}],"author":[{"embeddable":true,"href":"https:\/\/sha-luzern.ch\/fr\/wp-json\/wp\/v2\/users\/2"}],"replies":[{"embeddable":true,"href":"https:\/\/sha-luzern.ch\/fr\/wp-json\/wp\/v2\/comments?post=32841"}],"version-history":[{"count":11,"href":"https:\/\/sha-luzern.ch\/fr\/wp-json\/wp\/v2\/posts\/32841\/revisions"}],"predecessor-version":[{"id":46806,"href":"https:\/\/sha-luzern.ch\/fr\/wp-json\/wp\/v2\/posts\/32841\/revisions\/46806"}],"wp:featuredmedia":[{"embeddable":true,"href":"https:\/\/sha-luzern.ch\/fr\/wp-json\/wp\/v2\/media\/26255"}],"wp:attachment":[{"href":"https:\/\/sha-luzern.ch\/fr\/wp-json\/wp\/v2\/media?parent=32841"}],"wp:term":[{"taxonomy":"category","embeddable":true,"href":"https:\/\/sha-luzern.ch\/fr\/wp-json\/wp\/v2\/categories?post=32841"},{"taxonomy":"post_tag","embeddable":true,"href":"https:\/\/sha-luzern.ch\/fr\/wp-json\/wp\/v2\/tags?post=32841"}],"curies":[{"name":"wp","href":"https:\/\/api.w.org\/{rel}","templated":true}]}}