{"id":33285,"date":"2023-08-10T10:49:45","date_gmt":"2023-08-10T08:49:45","guid":{"rendered":"https:\/\/sha.de\/aktuelles\/pose-de-la-premiere-pierre-du-campus-scolaire-benrodestrase-marbacher-strase-dusseldorf"},"modified":"2024-09-23T16:53:35","modified_gmt":"2024-09-23T14:53:35","slug":"pose-de-la-premiere-pierre-du-campus-scolaire-benrodestrase-marbacher-strase-dusseldorf","status":"publish","type":"post","link":"https:\/\/sha-luzern.ch\/fr\/news\/pose-de-la-premiere-pierre-du-campus-scolaire-benrodestrase-marbacher-strase-dusseldorf","title":{"rendered":"Pose de la premi\u00e8re pierre du campus scolaire Benrodestra\u00dfe | Marbacher Stra\u00dfe D\u00fcsseldorf"},"content":{"rendered":"<div id='av_section_1' class='avia-section main_color pt-default pb-default avia-no-border-styling avia-bg-style-scroll  avia-builder-el-0  el_before_av_one_full  avia-builder-el-first   container_wrap fullsize' style=' '  ><div class='container' ><main  role=\"main\" itemprop=\"mainContentOfPage\"  class='template-page content  av-content-full alpha units'><div class='post-entry post-entry-type-page post-entry-33285'><div class='entry-content-wrapper clearfix'>\n\n\t\t\t<div id=\"av-k1hoeuzj\" class=\"headline-column flex_column av_one_full flex_column_div first \">\n\t\t\t\t<div class=\"headline-wrap is-outside align-left sub-bottom\">\n\t\t\t\t\t<h1 class=\"headline-content headline-primary\">Vid\u00e9o de pr\u00e9sentation : Pose de la premi\u00e8re pierre du campus scolaire Benrodestra\u00dfe\/Marbacher Stra\u00dfe<\/h1>\n\t\t\t\t\t<h3 class=\"headline-content headline-secondary\">Le Schlo\u00df-Gymnasium Benrath et le Realschule Benrath re\u00e7oivent de nouveaux b\u00e2timents scolaires<\/h3>\n\t\t\t\t<\/div>\n\t\t\t<\/div>\n<div class=\"flex_column av_one_half  flex_column_div av-zero-column-padding first       avia-builder-el-2  el_after_pixel_sc_headline  el_before_av_one_half  \"><style type=\"text\/css\" data-created_by=\"avia_inline_auto\" id=\"style-css-av-k1w2iezi-0b74c88e378ebe2c6758473ec2fad52b\">\n.avia-video.av-k1w2iezi-0b74c88e378ebe2c6758473ec2fad52b{\nbackground-image:url(https:\/\/sha-luzern.ch\/wp-content\/uploads\/230503_Spatenstich_Benrath_Schloss-Gymnasium_und_Realschule-300x168.jpg);\n}\n<\/style>\n<div  class='avia-video av-k1w2iezi-0b74c88e378ebe2c6758473ec2fad52b avia-video-16-9 av-preview-image avia-video-load-always av-lazyload-immediate av-lazyload-video-embed'  itemprop=\"video\" itemtype=\"https:\/\/schema.org\/VideoObject\"  data-original_url='https:\/\/youtu.be\/REiM-m5QHlo'><script type='text\/html' class='av-video-tmpl'> <div class=\"brlbs-cmpnt-container brlbs-cmpnt-content-blocker brlbs-cmpnt-with-individual-styles\" data-borlabs-cookie-content-blocker-id=\"youtube-content-blocker\" data-borlabs-cookie-content=\"PGRpdiBjbGFzcz0nYXZpYS1pZnJhbWUtd3JhcCc+PGlmcmFtZSB0aXRsZT0iR3J1bmRzdGVpbmxlZ3VuZyBhbSBTY2h1bGNhbXB1cyBCZW5yb2Rlc3RyYcOfZS9NYXJiYWNoZXIgU3RyYcOfZSIgd2lkdGg9IjE1MDAiIGhlaWdodD0iODQ0IiBzcmM9Imh0dHBzOi8vd3d3LnlvdXR1YmUtbm9jb29raWUuY29tL2VtYmVkL1JFaU0tbTVRSGxvP2ZlYXR1cmU9b2VtYmVkIiBmcmFtZWJvcmRlcj0iMCIgYWxsb3c9ImFjY2VsZXJvbWV0ZXI7IGF1dG9wbGF5OyBjbGlwYm9hcmQtd3JpdGU7IGVuY3J5cHRlZC1tZWRpYTsgZ3lyb3Njb3BlOyBwaWN0dXJlLWluLXBpY3R1cmU7IHdlYi1zaGFyZSIgcmVmZXJyZXJwb2xpY3k9InN0cmljdC1vcmlnaW4td2hlbi1jcm9zcy1vcmlnaW4iIGFsbG93ZnVsbHNjcmVlbj48L2lmcmFtZT48L2Rpdj4=\"><div class=\"brlbs-cmpnt-cb-preset-c brlbs-cmpnt-cb-youtube\"> <div class=\"brlbs-cmpnt-cb-thumbnail\" style=\"background-image: url('https:\/\/sha-luzern.ch\/wp-content\/uploads\/230503_Spatenstich_Benrath_Schloss-Gymnasium_und_Realschule-300x168.jpg')\"><\/div> <div class=\"brlbs-cmpnt-cb-main\"> <div class=\"brlbs-cmpnt-cb-play-button\"><\/div> <div class=\"brlbs-cmpnt-cb-content\"> <p class=\"brlbs-cmpnt-cb-description\">Vous \u00eates actuellement en train de consulter le contenu d'un espace r\u00e9serv\u00e9 de <strong>YouTube<\/strong>. Pour acc\u00e9der au contenu r\u00e9el, cliquez sur le bouton ci-dessous. Veuillez noter que ce faisant, des donn\u00e9es seront partag\u00e9es avec des providers tiers.<\/p> <a class=\"brlbs-cmpnt-cb-provider-toggle\" href=\"#\" data-borlabs-cookie-show-provider-information role=\"button\">Plus d'informations<\/a> <\/div> <div class=\"brlbs-cmpnt-cb-buttons\"> <a class=\"brlbs-cmpnt-cb-btn\" href=\"#\" data-borlabs-cookie-unblock role=\"button\">D\u00e9bloquer le contenu<\/a> <a class=\"brlbs-cmpnt-cb-btn\" href=\"#\" data-borlabs-cookie-accept-service role=\"button\" style=\"display: inherit\">Accepter le service requis et d\u00e9bloquer les contenus<\/a> <\/div> <\/div> <\/div><\/div><\/script><div class='av-click-to-play-overlay'><div class=\"avia_playpause_icon\"><\/div><\/div><\/div><\/div><div class=\"flex_column av_one_half  flex_column_div av-zero-column-padding  bg-default   img-left   avia-builder-el-4  el_after_av_one_half  el_before_av_one_half  \"><\/div><div class=\"flex_column av_one_half  flex_column_div av-zero-column-padding first       avia-builder-el-5  el_after_av_one_half  el_before_av_one_half  column-top-margin\"><section  class='av_textblock_section av-10u9i-c89949c824faaf32120cf5229290afb1 '   itemscope=\"itemscope\" itemtype=\"https:\/\/schema.org\/BlogPosting\" itemprop=\"blogPost\" ><div class='avia_textblock'  itemprop=\"text\" ><p class=\"mentions-texteditor__content\">Le jeudi 10 ao\u00fbt, le maire Dr. Stephan Keller et le directeur de la ville Burkhard Hintzsche ont pos\u00e9 la premi\u00e8re pierre de deux nouveaux b\u00e2timents scolaires avec un quadruple gymnase pour le Schlo\u00df-Gymnasium Benrath et le Realschule Benrath. Le maire Dr. Stephan Keller : \u00ab\u00a0La pose de la premi\u00e8re pierre aujourd&rsquo;hui est une \u00e9tape importante pour le d\u00e9veloppement global de la &lsquo;Benrather Rochade&rsquo;. Outre les nouveaux b\u00e2timents scolaires et le complexe sportif, nous cr\u00e9ons \u00e9galement une maison de soins pour personnes \u00e2g\u00e9es et des unit\u00e9s de logement modernes sur une surface d&rsquo;environ 30 000 m\u00e8tres carr\u00e9s. Le projet de construction est un projet phare dans le sud de D\u00fcsseldorf, avec lequel nous avons r\u00e9ussi \u00e0 trouver une solution pour trois sites diff\u00e9rents\u00a0\u00bb.<br \/>\nLes nouveaux b\u00e2timents scolaires, y compris le gymnase, seront construits sous la forme de trois corps de b\u00e2timent reli\u00e9s entre eux. Le Schlo\u00df-Gymnasium Benrath aura une surface brute de 17.565 m\u00e8tres carr\u00e9s, le Realschule Benrath une surface brute de 16.925 m\u00e8tres carr\u00e9s. La salle de sport quadruple aura une surface brute de plancher de 5.490 m\u00e8tres carr\u00e9s et sera dot\u00e9e d&rsquo;une toiture et de fa\u00e7ades v\u00e9g\u00e9talis\u00e9es de mani\u00e8re intensive.<\/p>\n<p class=\"mentions-texteditor__content\">\n<\/div><\/section><br \/>\n\n<style type=\"text\/css\" data-created_by=\"avia_inline_auto\" id=\"style-css-av-k3fr046x-cb289bc273ecde5472526e002776a8d1\">\n#top .hr.hr-invisible.av-k3fr046x-cb289bc273ecde5472526e002776a8d1{\nheight:40px;\n}\n<\/style>\n<div  class='hr av-k3fr046x-cb289bc273ecde5472526e002776a8d1 hr-invisible  avia-builder-el-7  el_after_av_textblock  avia-builder-el-last '><span class='hr-inner '><span class=\"hr-inner-style\"><\/span><\/span><\/div><\/p><\/div><div class=\"flex_column av_one_half  flex_column_div av-zero-column-padding  bg-default   img-left   avia-builder-el-8  el_after_av_one_half  avia-builder-el-last  column-top-margin\"><section  class='av_textblock_section av-llexpjqm-1b821630c7d2a1d06bf68eda35511ee9 '   itemscope=\"itemscope\" itemtype=\"https:\/\/schema.org\/BlogPosting\" itemprop=\"blogPost\" ><div class='avia_textblock'  itemprop=\"text\" ><p class=\"mentions-texteditor__content\">Le directeur de la ville, Burkhard Hintzsche, a d\u00e9clar\u00e9 : \u00ab\u00a0Le d\u00e9veloppement de paysages \u00e9ducatifs modernes \u00e0 D\u00fcsseldorf progresse \u00e9galement rapidement dans le sud de la capitale du Land. D\u00e8s la prochaine ann\u00e9e scolaire, nous pourrons mettre deux nouveaux b\u00e2timents \u00e0 la disposition du Schlo\u00df-Gymnasium Benrath et du Realschule Benrath. Une salle de sport multifonctionnelle avec des possibilit\u00e9s d&rsquo;utilisation innovantes compl\u00e8te l&rsquo;offre\u00a0\u00bb.<\/p>\n<p>Une disposition des salles de classe sous forme de clusters permettra un enseignement innovant et moderne. En outre, des espaces extra-scolaires tels qu&rsquo;une aula, un r\u00e9fectoire et un grand hall de r\u00e9cr\u00e9ation offriront des conditions d&rsquo;apprentissage et de d\u00e9tente optimales.<br \/>\nLa salle de sport quadruple offrira \u00e9galement des possibilit\u00e9s d&rsquo;utilisation multifonctionnelles innovantes, notamment pour le tennis de table, le judo, la musculation et la gymnastique, ainsi que pour les sports associatifs. L&rsquo;ach\u00e8vement est pr\u00e9vu au cours de l&rsquo;ann\u00e9e scolaire 2024\/2025. Les travaux sont r\u00e9alis\u00e9s par la soci\u00e9t\u00e9 Industrieterrains D\u00fcsseldorf-Reisholz AG, en abr\u00e9g\u00e9 IDR.<\/p>\n<p>SHA Scheffler Helbich Architekten assistent dans le cadre du LP 5 &#8211; phase d&rsquo;ex\u00e9cution.<\/p>\n<p>Source : Service de presse de la capitale du Land de D\u00fcsseldorf &#8211; Office de la communication<\/p>\n<\/div><\/section><\/div><\/div><\/div><\/main><!-- close content main element --><\/div><\/div><div id='after_section_1' class='main_color av_default_container_wrap container_wrap fullsize' style=' '  ><div class='container' ><div class='template-page content  av-content-full alpha units'><div class='post-entry post-entry-type-page post-entry-33285'><div class='entry-content-wrapper clearfix'><div class=\"flex_column av_one_full  flex_column_div av-zero-column-padding first bg-default   img-left   avia-builder-el-10  el_after_av_section  avia-builder-el-no-sibling  \"><\/div><\/p>\n","protected":false},"excerpt":{"rendered":"<p>Le jeudi 10 ao\u00fbt, la premi\u00e8re pierre de deux nouveaux b\u00e2timents scolaires avec un quadruple gymnase a \u00e9t\u00e9 pos\u00e9e pour le Schlo\u00df-Gymnasium Benrath et le Realschule Benrath \u00e0 D\u00fcsseldorf.<\/p>\n","protected":false},"author":3,"featured_media":27545,"comment_status":"closed","ping_status":"closed","sticky":false,"template":"","format":"standard","meta":{"_acf_changed":false,"content-type":"","footnotes":""},"categories":[844,845,846],"tags":[1038,1088,1136,1243,1244],"class_list":["post-33285","post","type-post","status-publish","format-standard","has-post-thumbnail","hentry","category-berlin-fr","category-formation","category-dortmund-fr","tag-video-fr","tag-nouvelle-construction","tag-education-fr","tag-dusseldorf-fr","tag-campus-scolaire"],"acf":[],"yoast_head":"<!-- This site is optimized with the Yoast SEO plugin v26.1.1 - https:\/\/yoast.com\/wordpress\/plugins\/seo\/ -->\n<title>Pose de la premi\u00e8re pierre d&#039;une \u00e9cole \u00e0 D\u00fcsseldorf - SHA Scheffler Helbich Architekten GmbH<\/title>\n<meta name=\"description\" content=\"Les plans autour du &quot;Lensing Media Port&quot; ont \u00e9t\u00e9 pr\u00e9sent\u00e9s \u00e0 Dortmund. Des postes de travail modernes et flexibles y seront cr\u00e9\u00e9s dans le cadre de la r\u00e9novation.\" \/>\n<meta name=\"robots\" content=\"index, follow, max-snippet:-1, max-image-preview:large, max-video-preview:-1\" \/>\n<link rel=\"canonical\" href=\"https:\/\/sha-luzern.ch\/fr\/news\/pose-de-la-premiere-pierre-du-campus-scolaire-benrodestrase-marbacher-strase-dusseldorf\" \/>\n<meta property=\"og:locale\" content=\"fr_FR\" \/>\n<meta property=\"og:type\" content=\"article\" \/>\n<meta property=\"og:title\" content=\"Pose de la premi\u00e8re pierre d&#039;une \u00e9cole \u00e0 D\u00fcsseldorf - SHA Scheffler Helbich Architekten GmbH\" \/>\n<meta property=\"og:description\" content=\"Les plans autour du &quot;Lensing Media Port&quot; ont \u00e9t\u00e9 pr\u00e9sent\u00e9s \u00e0 Dortmund. Des postes de travail modernes et flexibles y seront cr\u00e9\u00e9s dans le cadre de la r\u00e9novation.\" \/>\n<meta property=\"og:url\" content=\"https:\/\/sha-luzern.ch\/fr\/news\/pose-de-la-premiere-pierre-du-campus-scolaire-benrodestrase-marbacher-strase-dusseldorf\" \/>\n<meta property=\"og:site_name\" content=\"SHA Scheffler Helbich Architekten GmbH\" \/>\n<meta property=\"article:published_time\" content=\"2023-08-10T08:49:45+00:00\" \/>\n<meta property=\"article:modified_time\" content=\"2024-09-23T14:53:35+00:00\" \/>\n<meta property=\"og:image\" content=\"https:\/\/sha-luzern.ch\/wp-content\/uploads\/230503_Spatenstich_Benrath_Schloss-Gymnasium_und_Realschule.jpg\" \/>\n\t<meta property=\"og:image:width\" content=\"1386\" \/>\n\t<meta property=\"og:image:height\" content=\"778\" \/>\n\t<meta property=\"og:image:type\" content=\"image\/jpeg\" \/>\n<meta name=\"author\" content=\"Elena Stadel\" \/>\n<meta name=\"twitter:card\" content=\"summary_large_image\" \/>\n<meta name=\"twitter:label1\" content=\"\u00c9crit par\" \/>\n\t<meta name=\"twitter:data1\" content=\"Elena Stadel\" \/>\n\t<meta name=\"twitter:label2\" content=\"Dur\u00e9e de lecture estim\u00e9e\" \/>\n\t<meta name=\"twitter:data2\" content=\"8 minutes\" \/>\n<script type=\"application\/ld+json\" class=\"yoast-schema-graph\">{\"@context\":\"https:\/\/schema.org\",\"@graph\":[{\"@type\":\"WebPage\",\"@id\":\"https:\/\/sha-luzern.ch\/fr\/news\/pose-de-la-premiere-pierre-du-campus-scolaire-benrodestrase-marbacher-strase-dusseldorf\",\"url\":\"https:\/\/sha-luzern.ch\/fr\/news\/pose-de-la-premiere-pierre-du-campus-scolaire-benrodestrase-marbacher-strase-dusseldorf\",\"name\":\"Pose de la premi\u00e8re pierre d'une \u00e9cole \u00e0 D\u00fcsseldorf - SHA Scheffler Helbich Architekten GmbH\",\"isPartOf\":{\"@id\":\"https:\/\/sha-luzern.ch\/fr#website\"},\"primaryImageOfPage\":{\"@id\":\"https:\/\/sha-luzern.ch\/fr\/news\/pose-de-la-premiere-pierre-du-campus-scolaire-benrodestrase-marbacher-strase-dusseldorf#primaryimage\"},\"image\":{\"@id\":\"https:\/\/sha-luzern.ch\/fr\/news\/pose-de-la-premiere-pierre-du-campus-scolaire-benrodestrase-marbacher-strase-dusseldorf#primaryimage\"},\"thumbnailUrl\":\"https:\/\/sha-luzern.ch\/wp-content\/uploads\/230503_Spatenstich_Benrath_Schloss-Gymnasium_und_Realschule.jpg\",\"datePublished\":\"2023-08-10T08:49:45+00:00\",\"dateModified\":\"2024-09-23T14:53:35+00:00\",\"author\":{\"@id\":\"https:\/\/sha-luzern.ch\/fr#\/schema\/person\/6c7363b2d4bee54dff85d2bdc129524d\"},\"description\":\"Les plans autour du \\\"Lensing Media Port\\\" ont \u00e9t\u00e9 pr\u00e9sent\u00e9s \u00e0 Dortmund. Des postes de travail modernes et flexibles y seront cr\u00e9\u00e9s dans le cadre de la r\u00e9novation.\",\"breadcrumb\":{\"@id\":\"https:\/\/sha-luzern.ch\/fr\/news\/pose-de-la-premiere-pierre-du-campus-scolaire-benrodestrase-marbacher-strase-dusseldorf#breadcrumb\"},\"inLanguage\":\"fr-FR\",\"potentialAction\":[{\"@type\":\"ReadAction\",\"target\":[\"https:\/\/sha-luzern.ch\/fr\/news\/pose-de-la-premiere-pierre-du-campus-scolaire-benrodestrase-marbacher-strase-dusseldorf\"]}]},{\"@type\":\"ImageObject\",\"inLanguage\":\"fr-FR\",\"@id\":\"https:\/\/sha-luzern.ch\/fr\/news\/pose-de-la-premiere-pierre-du-campus-scolaire-benrodestrase-marbacher-strase-dusseldorf#primaryimage\",\"url\":\"https:\/\/sha-luzern.ch\/wp-content\/uploads\/230503_Spatenstich_Benrath_Schloss-Gymnasium_und_Realschule.jpg\",\"contentUrl\":\"https:\/\/sha-luzern.ch\/wp-content\/uploads\/230503_Spatenstich_Benrath_Schloss-Gymnasium_und_Realschule.jpg\",\"width\":1386,\"height\":778,\"caption\":\"Neubau Schulcampus Benrath in D\u00fcsseldorf | SHA Scheffler Helbich Architekten\"},{\"@type\":\"BreadcrumbList\",\"@id\":\"https:\/\/sha-luzern.ch\/fr\/news\/pose-de-la-premiere-pierre-du-campus-scolaire-benrodestrase-marbacher-strase-dusseldorf#breadcrumb\",\"itemListElement\":[{\"@type\":\"ListItem\",\"position\":1,\"name\":\"Startseite\",\"item\":\"https:\/\/sha-luzern.ch\/fr\/accueil\"},{\"@type\":\"ListItem\",\"position\":2,\"name\":\"Pose de la premi\u00e8re pierre du campus scolaire Benrodestra\u00dfe | Marbacher Stra\u00dfe D\u00fcsseldorf\"}]},{\"@type\":\"WebSite\",\"@id\":\"https:\/\/sha-luzern.ch\/fr#website\",\"url\":\"https:\/\/sha-luzern.ch\/fr\",\"name\":\"SHA Scheffler Helbich Architekten GmbH\",\"description\":\"\",\"potentialAction\":[{\"@type\":\"SearchAction\",\"target\":{\"@type\":\"EntryPoint\",\"urlTemplate\":\"https:\/\/sha-luzern.ch\/fr?s={search_term_string}\"},\"query-input\":{\"@type\":\"PropertyValueSpecification\",\"valueRequired\":true,\"valueName\":\"search_term_string\"}}],\"inLanguage\":\"fr-FR\"},{\"@type\":\"Person\",\"@id\":\"https:\/\/sha-luzern.ch\/fr#\/schema\/person\/6c7363b2d4bee54dff85d2bdc129524d\",\"name\":\"Elena Stadel\",\"image\":{\"@type\":\"ImageObject\",\"inLanguage\":\"fr-FR\",\"@id\":\"https:\/\/sha-luzern.ch\/fr#\/schema\/person\/image\/\",\"url\":\"https:\/\/secure.gravatar.com\/avatar\/efc8634a56e07cdb3f7ef912b8367cbc6154ea81789e9731b99d6a4fc5a97b47?s=96&d=mm&r=g\",\"contentUrl\":\"https:\/\/secure.gravatar.com\/avatar\/efc8634a56e07cdb3f7ef912b8367cbc6154ea81789e9731b99d6a4fc5a97b47?s=96&d=mm&r=g\",\"caption\":\"Elena Stadel\"}}]}<\/script>\n<!-- \/ Yoast SEO plugin. -->","yoast_head_json":{"title":"Pose de la premi\u00e8re pierre d'une \u00e9cole \u00e0 D\u00fcsseldorf - SHA Scheffler Helbich Architekten GmbH","description":"Les plans autour du \"Lensing Media Port\" ont \u00e9t\u00e9 pr\u00e9sent\u00e9s \u00e0 Dortmund. Des postes de travail modernes et flexibles y seront cr\u00e9\u00e9s dans le cadre de la r\u00e9novation.","robots":{"index":"index","follow":"follow","max-snippet":"max-snippet:-1","max-image-preview":"max-image-preview:large","max-video-preview":"max-video-preview:-1"},"canonical":"https:\/\/sha-luzern.ch\/fr\/news\/pose-de-la-premiere-pierre-du-campus-scolaire-benrodestrase-marbacher-strase-dusseldorf","og_locale":"fr_FR","og_type":"article","og_title":"Pose de la premi\u00e8re pierre d'une \u00e9cole \u00e0 D\u00fcsseldorf - SHA Scheffler Helbich Architekten GmbH","og_description":"Les plans autour du \"Lensing Media Port\" ont \u00e9t\u00e9 pr\u00e9sent\u00e9s \u00e0 Dortmund. Des postes de travail modernes et flexibles y seront cr\u00e9\u00e9s dans le cadre de la r\u00e9novation.","og_url":"https:\/\/sha-luzern.ch\/fr\/news\/pose-de-la-premiere-pierre-du-campus-scolaire-benrodestrase-marbacher-strase-dusseldorf","og_site_name":"SHA Scheffler Helbich Architekten GmbH","article_published_time":"2023-08-10T08:49:45+00:00","article_modified_time":"2024-09-23T14:53:35+00:00","og_image":[{"width":1386,"height":778,"url":"https:\/\/sha-luzern.ch\/wp-content\/uploads\/230503_Spatenstich_Benrath_Schloss-Gymnasium_und_Realschule.jpg","type":"image\/jpeg"}],"author":"Elena Stadel","twitter_card":"summary_large_image","twitter_misc":{"\u00c9crit par":"Elena Stadel","Dur\u00e9e de lecture estim\u00e9e":"8 minutes"},"schema":{"@context":"https:\/\/schema.org","@graph":[{"@type":"WebPage","@id":"https:\/\/sha-luzern.ch\/fr\/news\/pose-de-la-premiere-pierre-du-campus-scolaire-benrodestrase-marbacher-strase-dusseldorf","url":"https:\/\/sha-luzern.ch\/fr\/news\/pose-de-la-premiere-pierre-du-campus-scolaire-benrodestrase-marbacher-strase-dusseldorf","name":"Pose de la premi\u00e8re pierre d'une \u00e9cole \u00e0 D\u00fcsseldorf - SHA Scheffler Helbich Architekten GmbH","isPartOf":{"@id":"https:\/\/sha-luzern.ch\/fr#website"},"primaryImageOfPage":{"@id":"https:\/\/sha-luzern.ch\/fr\/news\/pose-de-la-premiere-pierre-du-campus-scolaire-benrodestrase-marbacher-strase-dusseldorf#primaryimage"},"image":{"@id":"https:\/\/sha-luzern.ch\/fr\/news\/pose-de-la-premiere-pierre-du-campus-scolaire-benrodestrase-marbacher-strase-dusseldorf#primaryimage"},"thumbnailUrl":"https:\/\/sha-luzern.ch\/wp-content\/uploads\/230503_Spatenstich_Benrath_Schloss-Gymnasium_und_Realschule.jpg","datePublished":"2023-08-10T08:49:45+00:00","dateModified":"2024-09-23T14:53:35+00:00","author":{"@id":"https:\/\/sha-luzern.ch\/fr#\/schema\/person\/6c7363b2d4bee54dff85d2bdc129524d"},"description":"Les plans autour du \"Lensing Media Port\" ont \u00e9t\u00e9 pr\u00e9sent\u00e9s \u00e0 Dortmund. Des postes de travail modernes et flexibles y seront cr\u00e9\u00e9s dans le cadre de la r\u00e9novation.","breadcrumb":{"@id":"https:\/\/sha-luzern.ch\/fr\/news\/pose-de-la-premiere-pierre-du-campus-scolaire-benrodestrase-marbacher-strase-dusseldorf#breadcrumb"},"inLanguage":"fr-FR","potentialAction":[{"@type":"ReadAction","target":["https:\/\/sha-luzern.ch\/fr\/news\/pose-de-la-premiere-pierre-du-campus-scolaire-benrodestrase-marbacher-strase-dusseldorf"]}]},{"@type":"ImageObject","inLanguage":"fr-FR","@id":"https:\/\/sha-luzern.ch\/fr\/news\/pose-de-la-premiere-pierre-du-campus-scolaire-benrodestrase-marbacher-strase-dusseldorf#primaryimage","url":"https:\/\/sha-luzern.ch\/wp-content\/uploads\/230503_Spatenstich_Benrath_Schloss-Gymnasium_und_Realschule.jpg","contentUrl":"https:\/\/sha-luzern.ch\/wp-content\/uploads\/230503_Spatenstich_Benrath_Schloss-Gymnasium_und_Realschule.jpg","width":1386,"height":778,"caption":"Neubau Schulcampus Benrath in D\u00fcsseldorf | SHA Scheffler Helbich Architekten"},{"@type":"BreadcrumbList","@id":"https:\/\/sha-luzern.ch\/fr\/news\/pose-de-la-premiere-pierre-du-campus-scolaire-benrodestrase-marbacher-strase-dusseldorf#breadcrumb","itemListElement":[{"@type":"ListItem","position":1,"name":"Startseite","item":"https:\/\/sha-luzern.ch\/fr\/accueil"},{"@type":"ListItem","position":2,"name":"Pose de la premi\u00e8re pierre du campus scolaire Benrodestra\u00dfe | Marbacher Stra\u00dfe D\u00fcsseldorf"}]},{"@type":"WebSite","@id":"https:\/\/sha-luzern.ch\/fr#website","url":"https:\/\/sha-luzern.ch\/fr","name":"SHA Scheffler Helbich Architekten GmbH","description":"","potentialAction":[{"@type":"SearchAction","target":{"@type":"EntryPoint","urlTemplate":"https:\/\/sha-luzern.ch\/fr?s={search_term_string}"},"query-input":{"@type":"PropertyValueSpecification","valueRequired":true,"valueName":"search_term_string"}}],"inLanguage":"fr-FR"},{"@type":"Person","@id":"https:\/\/sha-luzern.ch\/fr#\/schema\/person\/6c7363b2d4bee54dff85d2bdc129524d","name":"Elena Stadel","image":{"@type":"ImageObject","inLanguage":"fr-FR","@id":"https:\/\/sha-luzern.ch\/fr#\/schema\/person\/image\/","url":"https:\/\/secure.gravatar.com\/avatar\/efc8634a56e07cdb3f7ef912b8367cbc6154ea81789e9731b99d6a4fc5a97b47?s=96&d=mm&r=g","contentUrl":"https:\/\/secure.gravatar.com\/avatar\/efc8634a56e07cdb3f7ef912b8367cbc6154ea81789e9731b99d6a4fc5a97b47?s=96&d=mm&r=g","caption":"Elena Stadel"}}]}},"_links":{"self":[{"href":"https:\/\/sha-luzern.ch\/fr\/wp-json\/wp\/v2\/posts\/33285","targetHints":{"allow":["GET"]}}],"collection":[{"href":"https:\/\/sha-luzern.ch\/fr\/wp-json\/wp\/v2\/posts"}],"about":[{"href":"https:\/\/sha-luzern.ch\/fr\/wp-json\/wp\/v2\/types\/post"}],"author":[{"embeddable":true,"href":"https:\/\/sha-luzern.ch\/fr\/wp-json\/wp\/v2\/users\/3"}],"replies":[{"embeddable":true,"href":"https:\/\/sha-luzern.ch\/fr\/wp-json\/wp\/v2\/comments?post=33285"}],"version-history":[{"count":7,"href":"https:\/\/sha-luzern.ch\/fr\/wp-json\/wp\/v2\/posts\/33285\/revisions"}],"predecessor-version":[{"id":47179,"href":"https:\/\/sha-luzern.ch\/fr\/wp-json\/wp\/v2\/posts\/33285\/revisions\/47179"}],"wp:featuredmedia":[{"embeddable":true,"href":"https:\/\/sha-luzern.ch\/fr\/wp-json\/wp\/v2\/media\/27545"}],"wp:attachment":[{"href":"https:\/\/sha-luzern.ch\/fr\/wp-json\/wp\/v2\/media?parent=33285"}],"wp:term":[{"taxonomy":"category","embeddable":true,"href":"https:\/\/sha-luzern.ch\/fr\/wp-json\/wp\/v2\/categories?post=33285"},{"taxonomy":"post_tag","embeddable":true,"href":"https:\/\/sha-luzern.ch\/fr\/wp-json\/wp\/v2\/tags?post=33285"}],"curies":[{"name":"wp","href":"https:\/\/api.w.org\/{rel}","templated":true}]}}