{"id":33415,"date":"2023-11-07T13:06:30","date_gmt":"2023-11-07T12:06:30","guid":{"rendered":"https:\/\/sha.de\/aktuelles\/publie-dans-la-presse-les-toits-de-la-place-de-la-gare-dulm-presentes-dans-un-magazine-darchitecture"},"modified":"2024-09-23T16:53:50","modified_gmt":"2024-09-23T14:53:50","slug":"publie-dans-la-presse-les-toits-de-la-place-de-la-gare-dulm-presentes-dans-un-magazine-darchitecture","status":"publish","type":"post","link":"https:\/\/sha-luzern.ch\/fr\/news\/publie-dans-la-presse-les-toits-de-la-place-de-la-gare-dulm-presentes-dans-un-magazine-darchitecture","title":{"rendered":"Publi\u00e9 dans la presse : Les toits de la place de la gare d&rsquo;Ulm pr\u00e9sent\u00e9s dans un magazine d&rsquo;architecture"},"content":{"rendered":"<div id='av_section_1' class='avia-section main_color pt-default pb-default avia-no-border-styling avia-bg-style-scroll  avia-builder-el-0  avia-builder-el-no-sibling   container_wrap fullsize' style=' '  ><div class='container' ><main  role=\"main\" itemprop=\"mainContentOfPage\"  class='template-page content  av-content-full alpha units'><div class='post-entry post-entry-type-page post-entry-33415'><div class='entry-content-wrapper clearfix'>\n\n\t\t\t<div id=\"av-q8e0eh\" class=\"headline-column flex_column av_one_full flex_column_div first \">\n\t\t\t\t<div class=\"headline-wrap is-outside align-left sub-bottom\">\n\t\t\t\t\t<h1 class=\"headline-content headline-primary\">Publi\u00e9 dans la presse : Les toits de la place de la gare d\u2019Ulm pr\u00e9sent\u00e9s dans un magazine d\u2019architecture<\/h1>\n\t\t\t\t\t<h3 class=\"headline-content headline-secondary\">SHA pr\u00e9sent dans la revue sp\u00e9cialis\u00e9e en architecture du paysage et en urbanisme<\/h3>\n\t\t\t\t<\/div>\n\t\t\t<\/div>\n<div class=\"flex_column av_one_third  flex_column_div av-zero-column-padding first bg-default   img-left   avia-builder-el-2  el_after_pixel_sc_headline  el_before_av_one_third  \"><section  class='av_textblock_section av-lnltm2nc-67e5c02d9c9763bbd446094ec658bd70 '   itemscope=\"itemscope\" itemtype=\"https:\/\/schema.org\/BlogPosting\" itemprop=\"blogPost\" ><div class='avia_textblock'  itemprop=\"text\" ><p>Nous sommes heureux d&rsquo;\u00eatre repr\u00e9sent\u00e9s avec notre projet \u00ab\u00a0Place de la gare d&rsquo;Ulm &#8211; Toit devant la gare et toits des arr\u00eats de bus\u00a0\u00bb dans la derni\u00e8re \u00e9dition 11\/23 du magazine sp\u00e9cialis\u00e9 Garten + Landschaft. En collaboration avec Hummert Architekten BDA, nous avons achev\u00e9 le projet en 2021.<\/p>\n<p>Avec une surface au sol d&rsquo;environ 770 m\u00b2, le nouvel auvent de la gare assure d&rsquo;une part la transition prot\u00e9g\u00e9e de la pluie entre les diff\u00e9rentes fonctions de transport et remplit d&rsquo;autre part une fonction de foyer pour la gare et la place de la gare. Quatre poteaux ronds soutiennent la surface de toit g\u00e9om\u00e9trique filigrane en porte-\u00e0-faux sur tous les c\u00f4t\u00e9s, qui se compose de 16 parties pli\u00e9es sur le dessus et sur le dessous. Deux autres auvents allong\u00e9s couvrent les zones d&rsquo;arr\u00eat sur le parvis de la gare. Leur conception est similaire \u00e0 celle du grand toit devant la gare, mais ils sont constitu\u00e9s de six ou sept parapluies carr\u00e9s align\u00e9s les uns \u00e0 c\u00f4t\u00e9 des autres.<\/p>\n<\/div><\/section><\/div><div class=\"flex_column av_one_third  flex_column_div av-zero-column-padding  bg-default   img-left   avia-builder-el-4  el_after_av_one_third  el_before_av_one_third  \"><section  class='av_textblock_section av-loo49rqs-09e6cef8827a238616628b7e5d5b119b '   itemscope=\"itemscope\" itemtype=\"https:\/\/schema.org\/BlogPosting\" itemprop=\"blogPost\" ><div class='avia_textblock'  itemprop=\"text\" ><p>Les sous-faces de toit sont constitu\u00e9es de panneaux triangulaires en acier inoxydable, pos\u00e9s directement bout \u00e0 bout et mont\u00e9s sans fixations visibles. L&rsquo;\u00e9clairage de circulation n\u00e9cessaire a \u00e9galement \u00e9t\u00e9 int\u00e9gr\u00e9 dans la sous-face du toit. Des goutti\u00e8res sur le pourtour des surfaces de toit et des tuyaux de descente \u00e0 l&rsquo;int\u00e9rieur des poteaux assurent le drainage.<\/p>\n<p>Extrait de l&rsquo;article du magazine :<\/p>\n<p>On entre sous un toit qui s&rsquo;\u00e9tend largement, soutenu par quatre hauts piliers \u00e9lanc\u00e9s. La face inf\u00e9rieure du toit semble en mouvement : elle est compos\u00e9e de panneaux triangulaires, la surface semble pli\u00e9e dans diff\u00e9rentes directions, les reflets de la lumi\u00e8re des voitures qui passent se refl\u00e8tent de mani\u00e8re mate sur la surface. Les couleurs de la toiture varient du noir au gris et \u00e0 l&rsquo;or.<\/p>\n<p>Source : <a href=\"http:\/\/www.garten-landschaft.de\" target=\"_blank\" rel=\"nofollow\">www.garten-landschaft.de<\/a><\/p>\n<\/div><\/section><\/div><div class=\"flex_column av_one_third  flex_column_div av-zero-column-padding  bg-default   img-left   avia-builder-el-6  el_after_av_one_third  el_before_av_hr  \"><p><div  class='avia-image-container  av-styling-    avia-builder-el-7  el_before_av_button  avia-builder-el-first  avia-align-center'  itemprop=\"image\" itemscope=\"itemscope\" itemtype=\"https:\/\/schema.org\/ImageObject\"  ><div class='avia-image-container-inner'><div class='avia-image-overlay-wrap'><a href='https:\/\/sha-luzern.ch\/fr\/projects\/mobilite-transports\/toitures-place-de-la-gare-a-ulm' class='avia_image'  ><img class='avia_image ' src='https:\/\/sha-luzern.ch\/wp-content\/uploads\/20231011_043a_SHA-Architekten-\u00a9DUCKEK-Bahnhofs-Vordach-Ulm__P4A0884-Bearbeitet-1030x687.jpg' alt='' title='Vord\u00e4cher Bahnhofsplatz Ulm | SHA Scheffler Helbich Architekten'  itemprop=\"thumbnailUrl\"  \/><\/a><\/div><\/div><\/div><br \/>\n<div class='avia-button-wrap theme-fill avia-button-right  avia-builder-el-8  el_after_av_image  avia-builder-el-last  inline'><a href='https:\/\/sha-luzern.ch\/fr\/projects\/mobilite-transports\/toitures-place-de-la-gare-a-ulm'  class='avia-button  color-ci-yellow hover-black  avia-icon_select-yes-left-icon avia-size-x-large avia-position-right'  target=\"_blank\"   ><span class='avia_button_icon avia_button_icon_left ' aria-hidden='true' data-av_icon='\ue832' data-av_iconfont='entypo-fontello'><\/span><span class='avia_iconbox_title' >Plus d&#039;informations sur le projet de la place de la gare d&#039;Ulm<\/span><\/a><\/div><\/p><\/div><div  class='hr av-lsx9sb0v-eb609d929346656a878ae022322ffa2d hr-default  avia-builder-el-9  el_after_av_one_third  el_before_pixel_sc_slickgallery '><span class='hr-inner '><span class=\"hr-inner-style\"><\/span><\/span><\/div>\n<div class=\"slickgallery \">\n\t<div class=\"pixel-slide-wrap\">\n\t\t<div class=\"pixel-slide\" style=\"display: block; width: 100%; float: left;\">\n\t\t\t\t\n\t\t\t\t\t\t\t\t\t\t\t\t\t\n\t\t\t\t\t<div class=\"pixel-slide__image-wrap slide-1\">\n\t\t\t\t\t\t\t<div class=\"pixel-slide__image \"><a href=\"https:\/\/sha-luzern.ch\/wp-content\/uploads\/8_Cover-850x850.png\" rel=\"lightbox\"><img decoding=\"async\" src=\"https:\/\/sha-luzern.ch\/wp-content\/uploads\/8_Cover-706x368.png\" alt=\"\" title=\"\"><\/a><\/div>\n\t\t\t\t\t<\/div>\n\t\t\t\t\n\t\t\t\t\t\t\t\t\t\t\t\t\t\n\t\t\t\t\t<div class=\"pixel-slide__image-wrap slide-2\">\n\t\t\t\t\t\t\t<div class=\"pixel-slide__image \"><a href=\"https:\/\/sha-luzern.ch\/wp-content\/uploads\/20231011_052a_SHA-Architekten-\u00a9DUCKEK-Bahnhofs-Vordach-Ulm__P4A0926-Bearbeitet-1274x850.jpg\" rel=\"lightbox\"><img decoding=\"async\" src=\"https:\/\/sha-luzern.ch\/wp-content\/uploads\/20231011_052a_SHA-Architekten-\u00a9DUCKEK-Bahnhofs-Vordach-Ulm__P4A0926-Bearbeitet-706x368.jpg\" alt=\"Vord\u00e4cher Bahnhofsplatz Ulm | SHA Scheffler Helbich Architekten\" title=\"Vord\u00e4cher Bahnhofsplatz Ulm | SHA Scheffler Helbich Architekten\"><\/a><\/div>\n\t\t\t\t\t<\/div>\n\t\t\t\t\n\t\t\t\t\t\t\t\t\t\t\t\t\t\n\t\t\t\t\t<div class=\"pixel-slide__image-wrap slide-3\">\n\t\t\t\t\t\t\t<div class=\"pixel-slide__image \"><a href=\"https:\/\/sha-luzern.ch\/wp-content\/uploads\/20231011_002a_SHA-Architekten-\u00a9DUCKEK-Bahnhofs-Vordach-Ulm__P4A0701-Bearbeitet-Bearbeitet-1275x850.jpg\" rel=\"lightbox\"><img decoding=\"async\" src=\"https:\/\/sha-luzern.ch\/wp-content\/uploads\/20231011_002a_SHA-Architekten-\u00a9DUCKEK-Bahnhofs-Vordach-Ulm__P4A0701-Bearbeitet-Bearbeitet-706x368.jpg\" alt=\"Vord\u00e4cher Bahnhofsplatz Ulm | SHA Scheffler Helbich Architekten\" title=\"Vord\u00e4cher Bahnhofsplatz Ulm | SHA Scheffler Helbich Architekten\"><\/a><\/div>\n\t\t\t\t\t<\/div>\n\t\t\t\t\n\t\t\t\t\t\t\t\t\t\t\t\t\t\n\t\t\t\t\t<div class=\"pixel-slide__image-wrap slide-4\">\n\t\t\t\t\t\t\t<div class=\"pixel-slide__image \"><a href=\"https:\/\/sha-luzern.ch\/wp-content\/uploads\/20231011_020_SHA-Architekten-\u00a9DUCKEK-Bahnhofs-Vordach-Ulm__P4A07-567x850.jpg\" rel=\"lightbox\"><img decoding=\"async\" src=\"https:\/\/sha-luzern.ch\/wp-content\/uploads\/20231011_020_SHA-Architekten-\u00a9DUCKEK-Bahnhofs-Vordach-Ulm__P4A07-706x368.jpg\" alt=\"Vord\u00e4cher Bahnhofsplatz Ulm | SHA Scheffler Helbich Architekten\" title=\"Vord\u00e4cher Bahnhofsplatz Ulm | SHA Scheffler Helbich Architekten\"><\/a><\/div>\n\t\t\t\t\t<\/div>\n\t\t\t\t\n\t\t\t\t\t\t\t\t\t\t\t\t\t\n\t\t\t\t\t<div class=\"pixel-slide__image-wrap slide-5\">\n\t\t\t\t\t\t\t<div class=\"pixel-slide__image \"><a href=\"https:\/\/sha-luzern.ch\/wp-content\/uploads\/20231011_081a_SHA-Architekten-\u00a9DUCKEK-Bahnhofs-Vordach-Ulm__P4A1112-Bearbeitet-1274x850.jpg\" rel=\"lightbox\"><img decoding=\"async\" src=\"https:\/\/sha-luzern.ch\/wp-content\/uploads\/20231011_081a_SHA-Architekten-\u00a9DUCKEK-Bahnhofs-Vordach-Ulm__P4A1112-Bearbeitet-706x368.jpg\" alt=\"Vord\u00e4cher Bahnhofsplatz Ulm | SHA Scheffler Helbich Architekten\" title=\"Vord\u00e4cher Bahnhofsplatz Ulm | SHA Scheffler Helbich Architekten\"><\/a><\/div>\n\t\t\t\t\t<\/div>\n\t\t\t\t\n\t\t\t\t\t\t\t\t\t\t\t\t\t\n\t\t\t\t\t<div class=\"pixel-slide__image-wrap slide-6\">\n\t\t\t\t\t\t\t<div class=\"pixel-slide__image \"><a href=\"https:\/\/sha-luzern.ch\/wp-content\/uploads\/20231011_115a_SHA-Architekten-\u00a9DUCKEK-Bahnhofs-Vordach-Ulm__P4A1270-Bearbeitet-1274x850.jpg\" rel=\"lightbox\"><img decoding=\"async\" src=\"https:\/\/sha-luzern.ch\/wp-content\/uploads\/20231011_115a_SHA-Architekten-\u00a9DUCKEK-Bahnhofs-Vordach-Ulm__P4A1270-Bearbeitet-706x368.jpg\" alt=\"\" title=\"\"><\/a><\/div>\n\t\t\t\t\t<\/div>\n\t\t\t\t\t\t<\/div>\n\t<\/div>\n<\/div>\n\n\n","protected":false},"excerpt":{"rendered":"<p>Place de la gare d&rsquo;Ulm &#8211; Toit devant la gare et toits des arr\u00eats de bus a \u00e9t\u00e9 pr\u00e9sent\u00e9 dans le dernier num\u00e9ro 11\/23 du magazine sp\u00e9cialis\u00e9 Garten + Landschaft.<\/p>\n","protected":false},"author":4,"featured_media":27809,"comment_status":"closed","ping_status":"closed","sticky":false,"template":"","format":"standard","meta":{"_acf_changed":false,"content-type":"","footnotes":""},"categories":[849],"tags":[933,943,1088,1251],"class_list":["post-33415","post","type-post","status-publish","format-standard","has-post-thumbnail","hentry","category-mobilite","tag-architecture-fr","tag-gare-ferroviaire","tag-nouvelle-construction","tag-mobilite"],"acf":[],"yoast_head":"<!-- This site is optimized with the Yoast SEO plugin v26.1.1 - https:\/\/yoast.com\/wordpress\/plugins\/seo\/ -->\n<title>Le projet de construction des toits de la gare d&#039;Ulm pr\u00e9sent\u00e9 dans une revue d&#039;architecture sp\u00e9cialis\u00e9e<\/title>\n<meta name=\"description\" content=\"Place de la gare d&#039;Ulm - Toit devant la gare et toits des arr\u00eats de bus a \u00e9t\u00e9 pr\u00e9sent\u00e9 dans le dernier num\u00e9ro 11\/23 du magazine sp\u00e9cialis\u00e9 Garten + Landschaft.\" \/>\n<meta name=\"robots\" content=\"index, follow, max-snippet:-1, max-image-preview:large, max-video-preview:-1\" \/>\n<link rel=\"canonical\" href=\"https:\/\/sha-luzern.ch\/fr\/news\/publie-dans-la-presse-les-toits-de-la-place-de-la-gare-dulm-presentes-dans-un-magazine-darchitecture\" \/>\n<meta property=\"og:locale\" content=\"fr_FR\" \/>\n<meta property=\"og:type\" content=\"article\" \/>\n<meta property=\"og:title\" content=\"Le projet de construction des toits de la gare d&#039;Ulm pr\u00e9sent\u00e9 dans une revue d&#039;architecture sp\u00e9cialis\u00e9e\" \/>\n<meta property=\"og:description\" content=\"Place de la gare d&#039;Ulm - Toit devant la gare et toits des arr\u00eats de bus a \u00e9t\u00e9 pr\u00e9sent\u00e9 dans le dernier num\u00e9ro 11\/23 du magazine sp\u00e9cialis\u00e9 Garten + Landschaft.\" \/>\n<meta property=\"og:url\" content=\"https:\/\/sha-luzern.ch\/fr\/news\/publie-dans-la-presse-les-toits-de-la-place-de-la-gare-dulm-presentes-dans-un-magazine-darchitecture\" \/>\n<meta property=\"og:site_name\" content=\"SHA Scheffler Helbich Architekten GmbH\" \/>\n<meta property=\"article:published_time\" content=\"2023-11-07T12:06:30+00:00\" \/>\n<meta property=\"article:modified_time\" content=\"2024-09-23T14:53:50+00:00\" \/>\n<meta property=\"og:image\" content=\"https:\/\/sha-luzern.ch\/wp-content\/uploads\/Titelbild-1.jpg\" \/>\n\t<meta property=\"og:image:width\" content=\"706\" \/>\n\t<meta property=\"og:image:height\" content=\"368\" \/>\n\t<meta property=\"og:image:type\" content=\"image\/jpeg\" \/>\n<meta name=\"author\" content=\"Max Frittgen\" \/>\n<meta name=\"twitter:card\" content=\"summary_large_image\" \/>\n<meta name=\"twitter:label1\" content=\"\u00c9crit par\" \/>\n\t<meta name=\"twitter:data1\" content=\"Max Frittgen\" \/>\n\t<meta name=\"twitter:label2\" content=\"Dur\u00e9e de lecture estim\u00e9e\" \/>\n\t<meta name=\"twitter:data2\" content=\"7 minutes\" \/>\n<script type=\"application\/ld+json\" class=\"yoast-schema-graph\">{\"@context\":\"https:\/\/schema.org\",\"@graph\":[{\"@type\":\"WebPage\",\"@id\":\"https:\/\/sha-luzern.ch\/fr\/news\/publie-dans-la-presse-les-toits-de-la-place-de-la-gare-dulm-presentes-dans-un-magazine-darchitecture\",\"url\":\"https:\/\/sha-luzern.ch\/fr\/news\/publie-dans-la-presse-les-toits-de-la-place-de-la-gare-dulm-presentes-dans-un-magazine-darchitecture\",\"name\":\"Le projet de construction des toits de la gare d'Ulm pr\u00e9sent\u00e9 dans une revue d'architecture sp\u00e9cialis\u00e9e\",\"isPartOf\":{\"@id\":\"https:\/\/sha-luzern.ch\/fr#website\"},\"primaryImageOfPage\":{\"@id\":\"https:\/\/sha-luzern.ch\/fr\/news\/publie-dans-la-presse-les-toits-de-la-place-de-la-gare-dulm-presentes-dans-un-magazine-darchitecture#primaryimage\"},\"image\":{\"@id\":\"https:\/\/sha-luzern.ch\/fr\/news\/publie-dans-la-presse-les-toits-de-la-place-de-la-gare-dulm-presentes-dans-un-magazine-darchitecture#primaryimage\"},\"thumbnailUrl\":\"https:\/\/sha-luzern.ch\/wp-content\/uploads\/Titelbild-1.jpg\",\"datePublished\":\"2023-11-07T12:06:30+00:00\",\"dateModified\":\"2024-09-23T14:53:50+00:00\",\"author\":{\"@id\":\"https:\/\/sha-luzern.ch\/fr#\/schema\/person\/ce23b4e86defac6734402dec34d578ed\"},\"description\":\"Place de la gare d'Ulm - Toit devant la gare et toits des arr\u00eats de bus a \u00e9t\u00e9 pr\u00e9sent\u00e9 dans le dernier num\u00e9ro 11\/23 du magazine sp\u00e9cialis\u00e9 Garten + Landschaft.\",\"breadcrumb\":{\"@id\":\"https:\/\/sha-luzern.ch\/fr\/news\/publie-dans-la-presse-les-toits-de-la-place-de-la-gare-dulm-presentes-dans-un-magazine-darchitecture#breadcrumb\"},\"inLanguage\":\"fr-FR\",\"potentialAction\":[{\"@type\":\"ReadAction\",\"target\":[\"https:\/\/sha-luzern.ch\/fr\/news\/publie-dans-la-presse-les-toits-de-la-place-de-la-gare-dulm-presentes-dans-un-magazine-darchitecture\"]}]},{\"@type\":\"ImageObject\",\"inLanguage\":\"fr-FR\",\"@id\":\"https:\/\/sha-luzern.ch\/fr\/news\/publie-dans-la-presse-les-toits-de-la-place-de-la-gare-dulm-presentes-dans-un-magazine-darchitecture#primaryimage\",\"url\":\"https:\/\/sha-luzern.ch\/wp-content\/uploads\/Titelbild-1.jpg\",\"contentUrl\":\"https:\/\/sha-luzern.ch\/wp-content\/uploads\/Titelbild-1.jpg\",\"width\":706,\"height\":368,\"caption\":\"Neubau D\u00e4cher Bahnhofsplatz Ulm | SHA Scheffler Helbich Architekten\"},{\"@type\":\"BreadcrumbList\",\"@id\":\"https:\/\/sha-luzern.ch\/fr\/news\/publie-dans-la-presse-les-toits-de-la-place-de-la-gare-dulm-presentes-dans-un-magazine-darchitecture#breadcrumb\",\"itemListElement\":[{\"@type\":\"ListItem\",\"position\":1,\"name\":\"Startseite\",\"item\":\"https:\/\/sha-luzern.ch\/fr\/accueil\"},{\"@type\":\"ListItem\",\"position\":2,\"name\":\"Publi\u00e9 dans la presse : Les toits de la place de la gare d&rsquo;Ulm pr\u00e9sent\u00e9s dans un magazine d&rsquo;architecture\"}]},{\"@type\":\"WebSite\",\"@id\":\"https:\/\/sha-luzern.ch\/fr#website\",\"url\":\"https:\/\/sha-luzern.ch\/fr\",\"name\":\"SHA Scheffler Helbich Architekten GmbH\",\"description\":\"\",\"potentialAction\":[{\"@type\":\"SearchAction\",\"target\":{\"@type\":\"EntryPoint\",\"urlTemplate\":\"https:\/\/sha-luzern.ch\/fr?s={search_term_string}\"},\"query-input\":{\"@type\":\"PropertyValueSpecification\",\"valueRequired\":true,\"valueName\":\"search_term_string\"}}],\"inLanguage\":\"fr-FR\"},{\"@type\":\"Person\",\"@id\":\"https:\/\/sha-luzern.ch\/fr#\/schema\/person\/ce23b4e86defac6734402dec34d578ed\",\"name\":\"Max Frittgen\",\"image\":{\"@type\":\"ImageObject\",\"inLanguage\":\"fr-FR\",\"@id\":\"https:\/\/sha-luzern.ch\/fr#\/schema\/person\/image\/\",\"url\":\"https:\/\/secure.gravatar.com\/avatar\/c7742cab791c03d6ba68b2229279b1e623447addf8feb1dc9bd10ac9a6e6f0f8?s=96&d=mm&r=g\",\"contentUrl\":\"https:\/\/secure.gravatar.com\/avatar\/c7742cab791c03d6ba68b2229279b1e623447addf8feb1dc9bd10ac9a6e6f0f8?s=96&d=mm&r=g\",\"caption\":\"Max Frittgen\"},\"sameAs\":[\"http:\/\/www.sha-luzern.ch\"]}]}<\/script>\n<!-- \/ Yoast SEO plugin. -->","yoast_head_json":{"title":"Le projet de construction des toits de la gare d'Ulm pr\u00e9sent\u00e9 dans une revue d'architecture sp\u00e9cialis\u00e9e","description":"Place de la gare d'Ulm - Toit devant la gare et toits des arr\u00eats de bus a \u00e9t\u00e9 pr\u00e9sent\u00e9 dans le dernier num\u00e9ro 11\/23 du magazine sp\u00e9cialis\u00e9 Garten + Landschaft.","robots":{"index":"index","follow":"follow","max-snippet":"max-snippet:-1","max-image-preview":"max-image-preview:large","max-video-preview":"max-video-preview:-1"},"canonical":"https:\/\/sha-luzern.ch\/fr\/news\/publie-dans-la-presse-les-toits-de-la-place-de-la-gare-dulm-presentes-dans-un-magazine-darchitecture","og_locale":"fr_FR","og_type":"article","og_title":"Le projet de construction des toits de la gare d'Ulm pr\u00e9sent\u00e9 dans une revue d'architecture sp\u00e9cialis\u00e9e","og_description":"Place de la gare d'Ulm - Toit devant la gare et toits des arr\u00eats de bus a \u00e9t\u00e9 pr\u00e9sent\u00e9 dans le dernier num\u00e9ro 11\/23 du magazine sp\u00e9cialis\u00e9 Garten + Landschaft.","og_url":"https:\/\/sha-luzern.ch\/fr\/news\/publie-dans-la-presse-les-toits-de-la-place-de-la-gare-dulm-presentes-dans-un-magazine-darchitecture","og_site_name":"SHA Scheffler Helbich Architekten GmbH","article_published_time":"2023-11-07T12:06:30+00:00","article_modified_time":"2024-09-23T14:53:50+00:00","og_image":[{"width":706,"height":368,"url":"https:\/\/sha-luzern.ch\/wp-content\/uploads\/Titelbild-1.jpg","type":"image\/jpeg"}],"author":"Max Frittgen","twitter_card":"summary_large_image","twitter_misc":{"\u00c9crit par":"Max Frittgen","Dur\u00e9e de lecture estim\u00e9e":"7 minutes"},"schema":{"@context":"https:\/\/schema.org","@graph":[{"@type":"WebPage","@id":"https:\/\/sha-luzern.ch\/fr\/news\/publie-dans-la-presse-les-toits-de-la-place-de-la-gare-dulm-presentes-dans-un-magazine-darchitecture","url":"https:\/\/sha-luzern.ch\/fr\/news\/publie-dans-la-presse-les-toits-de-la-place-de-la-gare-dulm-presentes-dans-un-magazine-darchitecture","name":"Le projet de construction des toits de la gare d'Ulm pr\u00e9sent\u00e9 dans une revue d'architecture sp\u00e9cialis\u00e9e","isPartOf":{"@id":"https:\/\/sha-luzern.ch\/fr#website"},"primaryImageOfPage":{"@id":"https:\/\/sha-luzern.ch\/fr\/news\/publie-dans-la-presse-les-toits-de-la-place-de-la-gare-dulm-presentes-dans-un-magazine-darchitecture#primaryimage"},"image":{"@id":"https:\/\/sha-luzern.ch\/fr\/news\/publie-dans-la-presse-les-toits-de-la-place-de-la-gare-dulm-presentes-dans-un-magazine-darchitecture#primaryimage"},"thumbnailUrl":"https:\/\/sha-luzern.ch\/wp-content\/uploads\/Titelbild-1.jpg","datePublished":"2023-11-07T12:06:30+00:00","dateModified":"2024-09-23T14:53:50+00:00","author":{"@id":"https:\/\/sha-luzern.ch\/fr#\/schema\/person\/ce23b4e86defac6734402dec34d578ed"},"description":"Place de la gare d'Ulm - Toit devant la gare et toits des arr\u00eats de bus a \u00e9t\u00e9 pr\u00e9sent\u00e9 dans le dernier num\u00e9ro 11\/23 du magazine sp\u00e9cialis\u00e9 Garten + Landschaft.","breadcrumb":{"@id":"https:\/\/sha-luzern.ch\/fr\/news\/publie-dans-la-presse-les-toits-de-la-place-de-la-gare-dulm-presentes-dans-un-magazine-darchitecture#breadcrumb"},"inLanguage":"fr-FR","potentialAction":[{"@type":"ReadAction","target":["https:\/\/sha-luzern.ch\/fr\/news\/publie-dans-la-presse-les-toits-de-la-place-de-la-gare-dulm-presentes-dans-un-magazine-darchitecture"]}]},{"@type":"ImageObject","inLanguage":"fr-FR","@id":"https:\/\/sha-luzern.ch\/fr\/news\/publie-dans-la-presse-les-toits-de-la-place-de-la-gare-dulm-presentes-dans-un-magazine-darchitecture#primaryimage","url":"https:\/\/sha-luzern.ch\/wp-content\/uploads\/Titelbild-1.jpg","contentUrl":"https:\/\/sha-luzern.ch\/wp-content\/uploads\/Titelbild-1.jpg","width":706,"height":368,"caption":"Neubau D\u00e4cher Bahnhofsplatz Ulm | SHA Scheffler Helbich Architekten"},{"@type":"BreadcrumbList","@id":"https:\/\/sha-luzern.ch\/fr\/news\/publie-dans-la-presse-les-toits-de-la-place-de-la-gare-dulm-presentes-dans-un-magazine-darchitecture#breadcrumb","itemListElement":[{"@type":"ListItem","position":1,"name":"Startseite","item":"https:\/\/sha-luzern.ch\/fr\/accueil"},{"@type":"ListItem","position":2,"name":"Publi\u00e9 dans la presse : Les toits de la place de la gare d&rsquo;Ulm pr\u00e9sent\u00e9s dans un magazine d&rsquo;architecture"}]},{"@type":"WebSite","@id":"https:\/\/sha-luzern.ch\/fr#website","url":"https:\/\/sha-luzern.ch\/fr","name":"SHA Scheffler Helbich Architekten GmbH","description":"","potentialAction":[{"@type":"SearchAction","target":{"@type":"EntryPoint","urlTemplate":"https:\/\/sha-luzern.ch\/fr?s={search_term_string}"},"query-input":{"@type":"PropertyValueSpecification","valueRequired":true,"valueName":"search_term_string"}}],"inLanguage":"fr-FR"},{"@type":"Person","@id":"https:\/\/sha-luzern.ch\/fr#\/schema\/person\/ce23b4e86defac6734402dec34d578ed","name":"Max Frittgen","image":{"@type":"ImageObject","inLanguage":"fr-FR","@id":"https:\/\/sha-luzern.ch\/fr#\/schema\/person\/image\/","url":"https:\/\/secure.gravatar.com\/avatar\/c7742cab791c03d6ba68b2229279b1e623447addf8feb1dc9bd10ac9a6e6f0f8?s=96&d=mm&r=g","contentUrl":"https:\/\/secure.gravatar.com\/avatar\/c7742cab791c03d6ba68b2229279b1e623447addf8feb1dc9bd10ac9a6e6f0f8?s=96&d=mm&r=g","caption":"Max Frittgen"},"sameAs":["http:\/\/www.sha-luzern.ch"]}]}},"_links":{"self":[{"href":"https:\/\/sha-luzern.ch\/fr\/wp-json\/wp\/v2\/posts\/33415","targetHints":{"allow":["GET"]}}],"collection":[{"href":"https:\/\/sha-luzern.ch\/fr\/wp-json\/wp\/v2\/posts"}],"about":[{"href":"https:\/\/sha-luzern.ch\/fr\/wp-json\/wp\/v2\/types\/post"}],"author":[{"embeddable":true,"href":"https:\/\/sha-luzern.ch\/fr\/wp-json\/wp\/v2\/users\/4"}],"replies":[{"embeddable":true,"href":"https:\/\/sha-luzern.ch\/fr\/wp-json\/wp\/v2\/comments?post=33415"}],"version-history":[{"count":5,"href":"https:\/\/sha-luzern.ch\/fr\/wp-json\/wp\/v2\/posts\/33415\/revisions"}],"predecessor-version":[{"id":47282,"href":"https:\/\/sha-luzern.ch\/fr\/wp-json\/wp\/v2\/posts\/33415\/revisions\/47282"}],"wp:featuredmedia":[{"embeddable":true,"href":"https:\/\/sha-luzern.ch\/fr\/wp-json\/wp\/v2\/media\/27809"}],"wp:attachment":[{"href":"https:\/\/sha-luzern.ch\/fr\/wp-json\/wp\/v2\/media?parent=33415"}],"wp:term":[{"taxonomy":"category","embeddable":true,"href":"https:\/\/sha-luzern.ch\/fr\/wp-json\/wp\/v2\/categories?post=33415"},{"taxonomy":"post_tag","embeddable":true,"href":"https:\/\/sha-luzern.ch\/fr\/wp-json\/wp\/v2\/tags?post=33415"}],"curies":[{"name":"wp","href":"https:\/\/api.w.org\/{rel}","templated":true}]}}