{"id":33791,"date":"2024-06-21T14:44:00","date_gmt":"2024-06-21T12:44:00","guid":{"rendered":"https:\/\/sha.de\/aktuelles\/1er-think-tank-sha-sous-le-theme-de-linnovation-a-phoenixwerk"},"modified":"2024-09-23T16:54:32","modified_gmt":"2024-09-23T14:54:32","slug":"1er-think-tank-sha-sous-le-theme-de-linnovation-a-phoenixwerk","status":"publish","type":"post","link":"https:\/\/sha-luzern.ch\/fr\/news\/1er-think-tank-sha-sous-le-theme-de-linnovation-a-phoenixwerk","title":{"rendered":"1er Think Tank SHA sous le th\u00e8me de l&rsquo;innovation \u00e0 PhoenixWERK"},"content":{"rendered":"<div id='av_section_1' class='avia-section main_color pt-default pb-default avia-no-border-styling avia-bg-style-scroll  avia-builder-el-0  avia-builder-el-no-sibling   container_wrap fullsize' style=' '  ><div class='container' ><main  role=\"main\" itemprop=\"mainContentOfPage\"  class='template-page content  av-content-full alpha units'><div class='post-entry post-entry-type-page post-entry-33791'><div class='entry-content-wrapper clearfix'>\n\n\t\t\t<div id=\"av-q8e0eh\" class=\"headline-column flex_column av_one_full flex_column_div first \">\n\t\t\t\t<div class=\"headline-wrap is-outside align-left sub-bottom\">\n\t\t\t\t\t<h1 class=\"headline-content headline-primary\">1er groupe de r\u00e9flexion SHA<\/h1>\n\t\t\t\t\t<h3 class=\"headline-content headline-secondary\">Pistes de r\u00e9flexion innovantes et d\u00e9bat anim\u00e9 au PhoenixWERK<\/h3>\n\t\t\t\t<\/div>\n\t\t\t<\/div>\n<div class=\"flex_column av_one_third  flex_column_div av-zero-column-padding first bg-default   img-left   avia-builder-el-2  el_after_pixel_sc_headline  el_before_av_one_third  \"><section  class='av_textblock_section av-lwj3gqby-ff46cec6744d5f23829e84444b6992f4 '   itemscope=\"itemscope\" itemtype=\"https:\/\/schema.org\/BlogPosting\" itemprop=\"blogPost\" ><div class='avia_textblock'  itemprop=\"text\" ><h2>Un groupe de r\u00e9flexion pour donner l&rsquo;impulsion<\/h2>\n<p>Des id\u00e9es innovantes, des pistes de r\u00e9flexion cr\u00e9atives et des discussions anim\u00e9es entre coll\u00e8gues ont eu lieu hier soir au PhoenixWERK \u00e0 l&rsquo;occasion du 1er Think Tank SHA. Avec l&rsquo;int\u00e9gration d&rsquo;outils bas\u00e9s sur l&rsquo;IA ainsi que le renforcement de l&rsquo;int\u00e9gration du BIM dans le processus de planification, des m\u00e9thodes de travail et des flux de travail orient\u00e9s vers l&rsquo;avenir ont \u00e9t\u00e9 pr\u00e9sent\u00e9s et discut\u00e9s ouvertement par l&rsquo;ensemble de l&rsquo;\u00e9quipe sous le slogan \u00ab\u00a0Innovation\u00a0\u00bb.<\/p>\n<\/div><\/section><\/div><div class=\"flex_column av_one_third  flex_column_div av-zero-column-padding  bg-default   img-left   avia-builder-el-4  el_after_av_one_third  el_before_av_hr  \"><section  class='av_textblock_section av-lxonf30d-a0820f6c5b130dd960fc0acf0d4a9486 '   itemscope=\"itemscope\" itemtype=\"https:\/\/schema.org\/BlogPosting\" itemprop=\"blogPost\" ><div class='avia_textblock'  itemprop=\"text\" ><h2>Notre objectif &#8211; des concepts et des id\u00e9es de SHA pour SHA<\/h2>\n<p>Le premier groupe de r\u00e9flexion et ceux qui suivront seront utilis\u00e9s pour trouver ensemble des id\u00e9es et int\u00e9grer d&rsquo;autres m\u00e9thodes de travail innovantes et avanc\u00e9es dans notre travail en tant qu&rsquo;agence d&rsquo;architecture.<\/p>\n<\/div><\/section><\/div><div  class='hr av-ri69yp-ec568a8857f338ebce9ae90541c7c59e hr-default  avia-builder-el-6  el_after_av_one_third  el_before_pixel_sc_slickgallery '><span class='hr-inner '><span class=\"hr-inner-style\"><\/span><\/span><\/div>\n<div class=\"slickgallery \">\n\t<div class=\"pixel-slide-wrap\">\n\t\t<div class=\"pixel-slide\" style=\"display: block; width: 100%; float: left;\">\n\t\t\t\t\n\t\t\t\t\t\t\t\t\t\t\t\t\t\n\t\t\t\t\t<div class=\"pixel-slide__image-wrap slide-1\">\n\t\t\t\t\t\t\t<div class=\"pixel-slide__image \"><a href=\"https:\/\/sha-luzern.ch\/wp-content\/uploads\/2-850x850.png\" rel=\"lightbox\"><img decoding=\"async\" src=\"https:\/\/sha-luzern.ch\/wp-content\/uploads\/2-706x368.png\" alt=\"1. SHA Think Tank | SHA Scheffler Helbich Architekten\" title=\"1. SHA Think Tank | SHA Scheffler Helbich Architekten\"><\/a><\/div>\n\t\t\t\t\t<\/div>\n\t\t\t\t\n\t\t\t\t\t\t\t\t\t\t\t\t\t\n\t\t\t\t\t<div class=\"pixel-slide__image-wrap slide-2\">\n\t\t\t\t\t\t\t<div class=\"pixel-slide__image \"><a href=\"https:\/\/sha-luzern.ch\/wp-content\/uploads\/3-850x850.png\" rel=\"lightbox\"><img decoding=\"async\" src=\"https:\/\/sha-luzern.ch\/wp-content\/uploads\/3-706x368.png\" alt=\"1. SHA Think Tank | SHA Scheffler Helbich Architekten\" title=\"1. SHA Think Tank | SHA Scheffler Helbich Architekten\"><\/a><\/div>\n\t\t\t\t\t<\/div>\n\t\t\t\t\n\t\t\t\t\t\t\t\t\t\t\t\t\t\n\t\t\t\t\t<div class=\"pixel-slide__image-wrap slide-3\">\n\t\t\t\t\t\t\t<div class=\"pixel-slide__image \"><a href=\"https:\/\/sha-luzern.ch\/wp-content\/uploads\/5-850x850.png\" rel=\"lightbox\"><img decoding=\"async\" src=\"https:\/\/sha-luzern.ch\/wp-content\/uploads\/5-706x368.png\" alt=\"1. SHA Think Tank | SHA Scheffler Helbich Architekten\" title=\"1. SHA Think Tank | SHA Scheffler Helbich Architekten\"><\/a><\/div>\n\t\t\t\t\t<\/div>\n\t\t\t\t\n\t\t\t\t\t\t\t\t\t\t\t\t\t\n\t\t\t\t\t<div class=\"pixel-slide__image-wrap slide-4\">\n\t\t\t\t\t\t\t<div class=\"pixel-slide__image \"><a href=\"https:\/\/sha-luzern.ch\/wp-content\/uploads\/6-850x850.png\" rel=\"lightbox\"><img decoding=\"async\" src=\"https:\/\/sha-luzern.ch\/wp-content\/uploads\/6-706x368.png\" alt=\"1. SHA Think Tank | SHA Scheffler Helbich Architekten\" title=\"1. SHA Think Tank | SHA Scheffler Helbich Architekten\"><\/a><\/div>\n\t\t\t\t\t<\/div>\n\t\t\t\t\t\t<\/div>\n\t<\/div>\n<\/div>\n\n\n","protected":false},"excerpt":{"rendered":"<p>Des id\u00e9es innovantes, des pistes de r\u00e9flexion cr\u00e9atives et des discussions anim\u00e9es entre coll\u00e8gues ont eu lieu hier soir au PhoenixWERK \u00e0 l&rsquo;occasion du 1er Think Tank SHA.<\/p>\n","protected":false},"author":4,"featured_media":28937,"comment_status":"closed","ping_status":"closed","sticky":false,"template":"","format":"standard","meta":{"_acf_changed":false,"content-type":"","footnotes":""},"categories":[846,854,856],"tags":[1218,1290],"class_list":["post-33791","post","type-post","status-publish","format-standard","has-post-thumbnail","hentry","category-dortmund-fr","category-notre-equipe","category-notre-philosophie","tag-employes","tag-equipe"],"acf":[],"yoast_head":"<!-- This site is optimized with the Yoast SEO plugin v26.1.1 - https:\/\/yoast.com\/wordpress\/plugins\/seo\/ -->\n<title>1er SHA Think Tank | SHA Scheffler Helbich Architectes<\/title>\n<meta name=\"description\" content=\"Des id\u00e9es innovantes, des pistes de r\u00e9flexion cr\u00e9atives et des discussions anim\u00e9es entre coll\u00e8gues ont eu lieu hier soir au PhoenixWERK \u00e0 l&#039;occasion du 1er Think Tank SHA.\" \/>\n<meta name=\"robots\" content=\"index, follow, max-snippet:-1, max-image-preview:large, max-video-preview:-1\" \/>\n<link rel=\"canonical\" href=\"https:\/\/sha-luzern.ch\/fr\/news\/1er-think-tank-sha-sous-le-theme-de-linnovation-a-phoenixwerk\" \/>\n<meta property=\"og:locale\" content=\"fr_FR\" \/>\n<meta property=\"og:type\" content=\"article\" \/>\n<meta property=\"og:title\" content=\"1er SHA Think Tank | SHA Scheffler Helbich Architectes\" \/>\n<meta property=\"og:description\" content=\"Des id\u00e9es innovantes, des pistes de r\u00e9flexion cr\u00e9atives et des discussions anim\u00e9es entre coll\u00e8gues ont eu lieu hier soir au PhoenixWERK \u00e0 l&#039;occasion du 1er Think Tank SHA.\" \/>\n<meta property=\"og:url\" content=\"https:\/\/sha-luzern.ch\/fr\/news\/1er-think-tank-sha-sous-le-theme-de-linnovation-a-phoenixwerk\" \/>\n<meta property=\"og:site_name\" content=\"SHA Scheffler Helbich Architekten GmbH\" \/>\n<meta property=\"article:published_time\" content=\"2024-06-21T12:44:00+00:00\" \/>\n<meta property=\"article:modified_time\" content=\"2024-09-23T14:54:32+00:00\" \/>\n<meta property=\"og:image\" content=\"https:\/\/sha-luzern.ch\/wp-content\/uploads\/IMG_2687-1030x773.jpg\" \/>\n\t<meta property=\"og:image:width\" content=\"1030\" \/>\n\t<meta property=\"og:image:height\" content=\"773\" \/>\n\t<meta property=\"og:image:type\" content=\"image\/jpeg\" \/>\n<meta name=\"author\" content=\"Max Frittgen\" \/>\n<meta name=\"twitter:card\" content=\"summary_large_image\" \/>\n<meta name=\"twitter:label1\" content=\"\u00c9crit par\" \/>\n\t<meta name=\"twitter:data1\" content=\"Max Frittgen\" \/>\n\t<meta name=\"twitter:label2\" content=\"Dur\u00e9e de lecture estim\u00e9e\" \/>\n\t<meta name=\"twitter:data2\" content=\"5 minutes\" \/>\n<script type=\"application\/ld+json\" class=\"yoast-schema-graph\">{\"@context\":\"https:\/\/schema.org\",\"@graph\":[{\"@type\":\"WebPage\",\"@id\":\"https:\/\/sha-luzern.ch\/fr\/news\/1er-think-tank-sha-sous-le-theme-de-linnovation-a-phoenixwerk\",\"url\":\"https:\/\/sha-luzern.ch\/fr\/news\/1er-think-tank-sha-sous-le-theme-de-linnovation-a-phoenixwerk\",\"name\":\"1er SHA Think Tank | SHA Scheffler Helbich Architectes\",\"isPartOf\":{\"@id\":\"https:\/\/sha-luzern.ch\/fr#website\"},\"primaryImageOfPage\":{\"@id\":\"https:\/\/sha-luzern.ch\/fr\/news\/1er-think-tank-sha-sous-le-theme-de-linnovation-a-phoenixwerk#primaryimage\"},\"image\":{\"@id\":\"https:\/\/sha-luzern.ch\/fr\/news\/1er-think-tank-sha-sous-le-theme-de-linnovation-a-phoenixwerk#primaryimage\"},\"thumbnailUrl\":\"https:\/\/sha-luzern.ch\/wp-content\/uploads\/IMG_2687-scaled.jpg\",\"datePublished\":\"2024-06-21T12:44:00+00:00\",\"dateModified\":\"2024-09-23T14:54:32+00:00\",\"author\":{\"@id\":\"https:\/\/sha-luzern.ch\/fr#\/schema\/person\/ce23b4e86defac6734402dec34d578ed\"},\"description\":\"Des id\u00e9es innovantes, des pistes de r\u00e9flexion cr\u00e9atives et des discussions anim\u00e9es entre coll\u00e8gues ont eu lieu hier soir au PhoenixWERK \u00e0 l'occasion du 1er Think Tank SHA.\",\"breadcrumb\":{\"@id\":\"https:\/\/sha-luzern.ch\/fr\/news\/1er-think-tank-sha-sous-le-theme-de-linnovation-a-phoenixwerk#breadcrumb\"},\"inLanguage\":\"fr-FR\",\"potentialAction\":[{\"@type\":\"ReadAction\",\"target\":[\"https:\/\/sha-luzern.ch\/fr\/news\/1er-think-tank-sha-sous-le-theme-de-linnovation-a-phoenixwerk\"]}]},{\"@type\":\"ImageObject\",\"inLanguage\":\"fr-FR\",\"@id\":\"https:\/\/sha-luzern.ch\/fr\/news\/1er-think-tank-sha-sous-le-theme-de-linnovation-a-phoenixwerk#primaryimage\",\"url\":\"https:\/\/sha-luzern.ch\/wp-content\/uploads\/IMG_2687-scaled.jpg\",\"contentUrl\":\"https:\/\/sha-luzern.ch\/wp-content\/uploads\/IMG_2687-scaled.jpg\",\"width\":2560,\"height\":1920},{\"@type\":\"BreadcrumbList\",\"@id\":\"https:\/\/sha-luzern.ch\/fr\/news\/1er-think-tank-sha-sous-le-theme-de-linnovation-a-phoenixwerk#breadcrumb\",\"itemListElement\":[{\"@type\":\"ListItem\",\"position\":1,\"name\":\"Startseite\",\"item\":\"https:\/\/sha-luzern.ch\/fr\/accueil\"},{\"@type\":\"ListItem\",\"position\":2,\"name\":\"1er Think Tank SHA sous le th\u00e8me de l&rsquo;innovation \u00e0 PhoenixWERK\"}]},{\"@type\":\"WebSite\",\"@id\":\"https:\/\/sha-luzern.ch\/fr#website\",\"url\":\"https:\/\/sha-luzern.ch\/fr\",\"name\":\"SHA Scheffler Helbich Architekten GmbH\",\"description\":\"\",\"potentialAction\":[{\"@type\":\"SearchAction\",\"target\":{\"@type\":\"EntryPoint\",\"urlTemplate\":\"https:\/\/sha-luzern.ch\/fr?s={search_term_string}\"},\"query-input\":{\"@type\":\"PropertyValueSpecification\",\"valueRequired\":true,\"valueName\":\"search_term_string\"}}],\"inLanguage\":\"fr-FR\"},{\"@type\":\"Person\",\"@id\":\"https:\/\/sha-luzern.ch\/fr#\/schema\/person\/ce23b4e86defac6734402dec34d578ed\",\"name\":\"Max Frittgen\",\"image\":{\"@type\":\"ImageObject\",\"inLanguage\":\"fr-FR\",\"@id\":\"https:\/\/sha-luzern.ch\/fr#\/schema\/person\/image\/\",\"url\":\"https:\/\/secure.gravatar.com\/avatar\/c7742cab791c03d6ba68b2229279b1e623447addf8feb1dc9bd10ac9a6e6f0f8?s=96&d=mm&r=g\",\"contentUrl\":\"https:\/\/secure.gravatar.com\/avatar\/c7742cab791c03d6ba68b2229279b1e623447addf8feb1dc9bd10ac9a6e6f0f8?s=96&d=mm&r=g\",\"caption\":\"Max Frittgen\"},\"sameAs\":[\"http:\/\/www.sha-luzern.ch\"]}]}<\/script>\n<!-- \/ Yoast SEO plugin. -->","yoast_head_json":{"title":"1er SHA Think Tank | SHA Scheffler Helbich Architectes","description":"Des id\u00e9es innovantes, des pistes de r\u00e9flexion cr\u00e9atives et des discussions anim\u00e9es entre coll\u00e8gues ont eu lieu hier soir au PhoenixWERK \u00e0 l'occasion du 1er Think Tank SHA.","robots":{"index":"index","follow":"follow","max-snippet":"max-snippet:-1","max-image-preview":"max-image-preview:large","max-video-preview":"max-video-preview:-1"},"canonical":"https:\/\/sha-luzern.ch\/fr\/news\/1er-think-tank-sha-sous-le-theme-de-linnovation-a-phoenixwerk","og_locale":"fr_FR","og_type":"article","og_title":"1er SHA Think Tank | SHA Scheffler Helbich Architectes","og_description":"Des id\u00e9es innovantes, des pistes de r\u00e9flexion cr\u00e9atives et des discussions anim\u00e9es entre coll\u00e8gues ont eu lieu hier soir au PhoenixWERK \u00e0 l'occasion du 1er Think Tank SHA.","og_url":"https:\/\/sha-luzern.ch\/fr\/news\/1er-think-tank-sha-sous-le-theme-de-linnovation-a-phoenixwerk","og_site_name":"SHA Scheffler Helbich Architekten GmbH","article_published_time":"2024-06-21T12:44:00+00:00","article_modified_time":"2024-09-23T14:54:32+00:00","og_image":[{"width":1030,"height":773,"url":"https:\/\/sha-luzern.ch\/wp-content\/uploads\/IMG_2687-1030x773.jpg","type":"image\/jpeg"}],"author":"Max Frittgen","twitter_card":"summary_large_image","twitter_misc":{"\u00c9crit par":"Max Frittgen","Dur\u00e9e de lecture estim\u00e9e":"5 minutes"},"schema":{"@context":"https:\/\/schema.org","@graph":[{"@type":"WebPage","@id":"https:\/\/sha-luzern.ch\/fr\/news\/1er-think-tank-sha-sous-le-theme-de-linnovation-a-phoenixwerk","url":"https:\/\/sha-luzern.ch\/fr\/news\/1er-think-tank-sha-sous-le-theme-de-linnovation-a-phoenixwerk","name":"1er SHA Think Tank | SHA Scheffler Helbich Architectes","isPartOf":{"@id":"https:\/\/sha-luzern.ch\/fr#website"},"primaryImageOfPage":{"@id":"https:\/\/sha-luzern.ch\/fr\/news\/1er-think-tank-sha-sous-le-theme-de-linnovation-a-phoenixwerk#primaryimage"},"image":{"@id":"https:\/\/sha-luzern.ch\/fr\/news\/1er-think-tank-sha-sous-le-theme-de-linnovation-a-phoenixwerk#primaryimage"},"thumbnailUrl":"https:\/\/sha-luzern.ch\/wp-content\/uploads\/IMG_2687-scaled.jpg","datePublished":"2024-06-21T12:44:00+00:00","dateModified":"2024-09-23T14:54:32+00:00","author":{"@id":"https:\/\/sha-luzern.ch\/fr#\/schema\/person\/ce23b4e86defac6734402dec34d578ed"},"description":"Des id\u00e9es innovantes, des pistes de r\u00e9flexion cr\u00e9atives et des discussions anim\u00e9es entre coll\u00e8gues ont eu lieu hier soir au PhoenixWERK \u00e0 l'occasion du 1er Think Tank SHA.","breadcrumb":{"@id":"https:\/\/sha-luzern.ch\/fr\/news\/1er-think-tank-sha-sous-le-theme-de-linnovation-a-phoenixwerk#breadcrumb"},"inLanguage":"fr-FR","potentialAction":[{"@type":"ReadAction","target":["https:\/\/sha-luzern.ch\/fr\/news\/1er-think-tank-sha-sous-le-theme-de-linnovation-a-phoenixwerk"]}]},{"@type":"ImageObject","inLanguage":"fr-FR","@id":"https:\/\/sha-luzern.ch\/fr\/news\/1er-think-tank-sha-sous-le-theme-de-linnovation-a-phoenixwerk#primaryimage","url":"https:\/\/sha-luzern.ch\/wp-content\/uploads\/IMG_2687-scaled.jpg","contentUrl":"https:\/\/sha-luzern.ch\/wp-content\/uploads\/IMG_2687-scaled.jpg","width":2560,"height":1920},{"@type":"BreadcrumbList","@id":"https:\/\/sha-luzern.ch\/fr\/news\/1er-think-tank-sha-sous-le-theme-de-linnovation-a-phoenixwerk#breadcrumb","itemListElement":[{"@type":"ListItem","position":1,"name":"Startseite","item":"https:\/\/sha-luzern.ch\/fr\/accueil"},{"@type":"ListItem","position":2,"name":"1er Think Tank SHA sous le th\u00e8me de l&rsquo;innovation \u00e0 PhoenixWERK"}]},{"@type":"WebSite","@id":"https:\/\/sha-luzern.ch\/fr#website","url":"https:\/\/sha-luzern.ch\/fr","name":"SHA Scheffler Helbich Architekten GmbH","description":"","potentialAction":[{"@type":"SearchAction","target":{"@type":"EntryPoint","urlTemplate":"https:\/\/sha-luzern.ch\/fr?s={search_term_string}"},"query-input":{"@type":"PropertyValueSpecification","valueRequired":true,"valueName":"search_term_string"}}],"inLanguage":"fr-FR"},{"@type":"Person","@id":"https:\/\/sha-luzern.ch\/fr#\/schema\/person\/ce23b4e86defac6734402dec34d578ed","name":"Max Frittgen","image":{"@type":"ImageObject","inLanguage":"fr-FR","@id":"https:\/\/sha-luzern.ch\/fr#\/schema\/person\/image\/","url":"https:\/\/secure.gravatar.com\/avatar\/c7742cab791c03d6ba68b2229279b1e623447addf8feb1dc9bd10ac9a6e6f0f8?s=96&d=mm&r=g","contentUrl":"https:\/\/secure.gravatar.com\/avatar\/c7742cab791c03d6ba68b2229279b1e623447addf8feb1dc9bd10ac9a6e6f0f8?s=96&d=mm&r=g","caption":"Max Frittgen"},"sameAs":["http:\/\/www.sha-luzern.ch"]}]}},"_links":{"self":[{"href":"https:\/\/sha-luzern.ch\/fr\/wp-json\/wp\/v2\/posts\/33791","targetHints":{"allow":["GET"]}}],"collection":[{"href":"https:\/\/sha-luzern.ch\/fr\/wp-json\/wp\/v2\/posts"}],"about":[{"href":"https:\/\/sha-luzern.ch\/fr\/wp-json\/wp\/v2\/types\/post"}],"author":[{"embeddable":true,"href":"https:\/\/sha-luzern.ch\/fr\/wp-json\/wp\/v2\/users\/4"}],"replies":[{"embeddable":true,"href":"https:\/\/sha-luzern.ch\/fr\/wp-json\/wp\/v2\/comments?post=33791"}],"version-history":[{"count":20,"href":"https:\/\/sha-luzern.ch\/fr\/wp-json\/wp\/v2\/posts\/33791\/revisions"}],"predecessor-version":[{"id":47665,"href":"https:\/\/sha-luzern.ch\/fr\/wp-json\/wp\/v2\/posts\/33791\/revisions\/47665"}],"wp:featuredmedia":[{"embeddable":true,"href":"https:\/\/sha-luzern.ch\/fr\/wp-json\/wp\/v2\/media\/28937"}],"wp:attachment":[{"href":"https:\/\/sha-luzern.ch\/fr\/wp-json\/wp\/v2\/media?parent=33791"}],"wp:term":[{"taxonomy":"category","embeddable":true,"href":"https:\/\/sha-luzern.ch\/fr\/wp-json\/wp\/v2\/categories?post=33791"},{"taxonomy":"post_tag","embeddable":true,"href":"https:\/\/sha-luzern.ch\/fr\/wp-json\/wp\/v2\/tags?post=33791"}],"curies":[{"name":"wp","href":"https:\/\/api.w.org\/{rel}","templated":true}]}}