{"id":34029,"date":"2020-09-24T13:47:35","date_gmt":"2020-09-24T11:47:35","guid":{"rendered":"https:\/\/sha.de\/aktuelles\/phoenixwerk-nouveau-travail-a-dortmund"},"modified":"2024-09-23T16:55:00","modified_gmt":"2024-09-23T14:55:00","slug":"phoenixwerk-nouveau-travail-a-dortmund","status":"publish","type":"post","link":"https:\/\/sha-luzern.ch\/fr\/news\/phoenixwerk-nouveau-travail-a-dortmund","title":{"rendered":"PhoenixWERK : nouveau travail \u00e0 Dortmund"},"content":{"rendered":"<div id='av_section_1' class='avia-section main_color pt-default pb-default avia-no-border-styling avia-bg-style-scroll  avia-builder-el-0  avia-builder-el-no-sibling   container_wrap fullsize' style=' '  ><div class='container' ><main  role=\"main\" itemprop=\"mainContentOfPage\"  class='template-page content  av-content-full alpha units'><div class='post-entry post-entry-type-page post-entry-34029'><div class='entry-content-wrapper clearfix'>\n\n\t\t\t<div id=\"av-k1hoeuzj\" class=\"headline-column flex_column av_one_full flex_column_div first \">\n\t\t\t\t<div class=\"headline-wrap is-outside align-left sub-bottom\">\n\t\t\t\t\t<h1 class=\"headline-content headline-primary\">Le PhoenixWERK : un nouveau travail \u00e0 Dortmund<\/h1>\n\t\t\t\t\t<h3 class=\"headline-content headline-secondary\">&quot;Ce lieu au caract\u00e8re bien tremp\u00e9 nous a s\u00e9duits d\u00e8s le d\u00e9but&quot;<\/h3>\n\t\t\t\t<\/div>\n\t\t\t<\/div>\n<div class=\"flex_column av_one_third  flex_column_div av-zero-column-padding first bg-default      avia-builder-el-2  el_after_pixel_sc_headline  el_before_av_one_third  \"><section  class='av_textblock_section av-kfgpxslt-ea45c4f6a96ab89e301f07421d1279df '   itemscope=\"itemscope\" itemtype=\"https:\/\/schema.org\/BlogPosting\" itemprop=\"blogPost\" ><div class='avia_textblock'  itemprop=\"text\" ><p>Sur le site de l&rsquo;ancienne aci\u00e9rie <a href=\"https:\/\/www.wirtschaftsfoerderung-dortmund.de\/investition\/phoenix-west\" target=\"_blank\" rel=\"noopener nofollow\">PHOENIX West<\/a>, les deux premiers \u00e9l\u00e9ments d&rsquo;un ensemble de bureaux tourn\u00e9 vers l&rsquo;avenir ont \u00e9t\u00e9 achev\u00e9s sur une surface d&rsquo;environ 9.000 m\u00b2. Avec son orientation pointue et claire vers le haut-fourneau charg\u00e9 d&rsquo;histoire et le Warsteiner Music Hall, il repr\u00e9sente une r\u00e9miniscence de la culture industrielle de la Ruhr : le <a href=\"https:\/\/sha-luzern.ch\/fr\/projects\/bureau-administration\/un-espace-de-travail-innovant-sur-phoenix-west-a-dortmund-horde\">PhoenixWERK<\/a> &#8211; con\u00e7u, r\u00e9alis\u00e9 et entre-temps occup\u00e9 par le bureau SHA Scheffler Helbich Architekten. Elle fait ainsi partie de la \u00ab\u00a0g\u00e9n\u00e9ration fondatrice\u00a0\u00bb d&rsquo;une s\u00e9rie d&rsquo;entreprises sur le site d&rsquo;innovation encore jeune du sud de Dortmund.<\/p>\n<p>\u00ab\u00a0Nous sommes enthousiastes et fiers de pouvoir travailler tous les jours pour nos ma\u00eetres d&rsquo;ouvrage \u00e0 partir d&rsquo;ici\u00a0\u00bb, d\u00e9clare <a href=\"https:\/\/sha-luzern.ch\/fr\/notre-bureau\/direction-generale\">Christoph Helbich<\/a>, associ\u00e9 g\u00e9rant de SHA. C&rsquo;est ici, \u00e0 PHOENIX West, dans le quartier de H\u00f6rde, que sont d\u00e9sormais r\u00e9unis les deux anciens sites de Dortmund du cabinet d&rsquo;architecture. \u00ab\u00a0Le terrain et le lieu de caract\u00e8re nous ont convaincus d\u00e8s le d\u00e9part\u00a0\u00bb, s&rsquo;enthousiasme Christoph Helbich. En cherchant un nouveau si\u00e8ge social, SHA avait pris l&rsquo;initiative du projet avec la soci\u00e9t\u00e9 Remira, qui a construit la deuxi\u00e8me partie. C&rsquo;est l&rsquo;environnement ad\u00e9quat pour cette entreprise familiale traditionnelle qui s&rsquo;est \u00e9norm\u00e9ment d\u00e9velopp\u00e9e ces derni\u00e8res ann\u00e9es gr\u00e2ce \u00e0 sa sp\u00e9cialisation.<\/p>\n<\/div><\/section><\/div><div class=\"flex_column av_one_third  flex_column_div av-zero-column-padding        avia-builder-el-4  el_after_av_one_third  el_before_av_one_third  \"><section  class='av_textblock_section av-kaqj9hph-706c318c8f487264c95b3db12998d912 '   itemscope=\"itemscope\" itemtype=\"https:\/\/schema.org\/BlogPosting\" itemprop=\"blogPost\" ><div class='avia_textblock'  itemprop=\"text\" ><p>Depuis PHOENIX West, SHA \u00e9tendra encore davantage ses activit\u00e9s dans les ann\u00e9es \u00e0 venir et accompagnera ses ma\u00eetres d&rsquo;ouvrage dans toute l&rsquo;Allemagne en tant que partenaire solide et \u00ab\u00a0K\u00fcmmerer von A-Z\u00a0\u00bb dans toutes les phases du projet.<\/p>\n<p>A long terme, trois autres corps de b\u00e2timents &#8211; dont un parking d&rsquo;ici la fin de l&rsquo;ann\u00e9e &#8211; seront construits sur le site, compl\u00e9tant ainsi le quartier en fonction des besoins. Les deux autres \u00e9l\u00e9ments peuvent encore \u00eatre acquis par des investisseurs. \u00ab\u00a0L&rsquo;ensemble suit une id\u00e9e de campus\u00a0\u00bb, explique Christoph Helbich. Le parking garantit l&rsquo;absence de voitures sur le site et, avec la cour int\u00e9rieure verdoyante, une grande qualit\u00e9 de s\u00e9jour pour tous les locataires. Avec sa fa\u00e7ade en briques, le parking poursuit de mani\u00e8re coh\u00e9rente le langage du PhoenixWERK.<\/p>\n<p><strong>\u00c0 propos de PhoenixWERK<\/strong><\/p>\n<p>L&rsquo;ensemble de bureaux PhoenixWERK s&rsquo;int\u00e8gre naturellement dans l&rsquo;environnement historique de PHOENIX West, tout en cr\u00e9ant \u00e0 l&rsquo;int\u00e9rieur un environnement de travail prestigieux et unique pour ses utilisateurs. Des bureaux de grande qualit\u00e9 avec de vastes terrasses sur le toit dans les \u00e9tages sup\u00e9rieurs et <a href=\"https:\/\/www.das-hoesch.restaurant\/\" target=\"_blank\" rel=\"noopener nofollow\">des restaurants<\/a> au rez-de-chauss\u00e9e avec un vaste espace ext\u00e9rieur compl\u00e8tent d\u00e9j\u00e0 l&rsquo;offre manquante.<\/p>\n<\/div><\/section><\/div><div class=\"flex_column av_one_third  flex_column_div av-zero-column-padding        avia-builder-el-6  el_after_av_one_third  el_before_av_one_full  \"><section  class='av_textblock_section av-kdhemomz-e6892157fe883912ee1fde13a7af5956 '   itemscope=\"itemscope\" itemtype=\"https:\/\/schema.org\/BlogPosting\" itemprop=\"blogPost\" ><div class='avia_textblock'  itemprop=\"text\" ><p>La place Phoenix est ainsi renforc\u00e9e en tant que centre marquant du quartier dans un cadre historique.<\/p>\n<p>Encadr\u00e9e par le Warsteiner Music Hall, la Schalthaus 101 et le PhoenixWERK, la place est devenue un lieu de rencontre anim\u00e9, et pas seulement pendant les \u00e9v\u00e9nements culturels.<\/p>\n<p>Avec les prochaines \u00e9tapes de construction, le site pourra accueillir plus de 250 employ\u00e9s \u00e0 l&rsquo;avenir. Les grandes baies vitr\u00e9es permettent une r\u00e9partition lumineuse de l&rsquo;espace pour des bureaux contemporains : Ici, le nouveau travail n&rsquo;est pas un simple slogan, mais une r\u00e9alit\u00e9 quotidienne. Bureaux individuels ou open space, tout est envisageable \u00e0 PhoenixWERK. Il est tout aussi possible de se retirer que de travailler en \u00e9quipe dans les zones communes communicatives. Les relations internes avec les b\u00e2timents existants environnants se poursuivent de mani\u00e8re coh\u00e9rente. Toutes les entr\u00e9es sont accueillantes et accessibles et offriront \u00e0 terme un passage direct vers la cour commune. Une construction durable et respectueuse des ressources, une technologie de pointe et des mat\u00e9riaux de qualit\u00e9 sont des \u00e9l\u00e9ments essentiels de ce concept, qui peut r\u00e9pondre aux souhaits et exigences individuels des locataires et des investisseurs. En outre, le mode de fonctionnement \u00e9conomique et \u00e9cologique occupe une place particuli\u00e8rement importante.<\/p>\n<\/div><\/section><\/div><div class=\"flex_column av_one_full  flex_column_div av-zero-column-padding first       avia-builder-el-8  el_after_av_one_third  avia-builder-el-last  column-top-margin\"><div class=\"slickgallery \">\n\t<div class=\"pixel-slide-wrap\">\n\t\t<div class=\"pixel-slide\" style=\"display: block; width: 100%; float: left;\">\n\t\t\t\t\n\t\t\t\t\t\t\t\t\t\t\t\t\t\n\t\t\t\t\t<div class=\"pixel-slide__image-wrap slide-1\">\n\t\t\t\t\t\t\t<div class=\"pixel-slide__image \"><a href=\"https:\/\/sha-luzern.ch\/wp-content\/uploads\/CE655-680-2-1280x838.jpg\" rel=\"lightbox\"><img decoding=\"async\" src=\"https:\/\/sha-luzern.ch\/wp-content\/uploads\/CE655-680-2-706x368.jpg\" alt=\"PhoenixWerk Dortmund SHA Scheffler Helbich Architekten\" title=\"PhoenixWerk Dortmund SHA Scheffler Helbich Architekten\"><\/a><\/div>\n\t\t\t\t\t<\/div>\n\t\t\t\t\n\t\t\t\t\t\t\t\t\t\t\t\t\t\n\t\t\t\t\t<div class=\"pixel-slide__image-wrap slide-2\">\n\t\t\t\t\t\t\t<div class=\"pixel-slide__image \"><a href=\"https:\/\/sha-luzern.ch\/wp-content\/uploads\/CE655-171-567x850.jpg\" rel=\"lightbox\"><img decoding=\"async\" src=\"https:\/\/sha-luzern.ch\/wp-content\/uploads\/CE655-171-706x368.jpg\" alt=\"PhoenixWerk Dortmund SHA Scheffler Helbich Architekten\" title=\"PhoenixWerk Dortmund SHA Scheffler Helbich Architekten\"><\/a><\/div>\n\t\t\t\t\t<\/div>\n\t\t\t\t\n\t\t\t\t\t\t\t\t\t\t\t\t\t\n\t\t\t\t\t<div class=\"pixel-slide__image-wrap slide-3\">\n\t\t\t\t\t\t\t<div class=\"pixel-slide__image \"><a href=\"https:\/\/sha-luzern.ch\/wp-content\/uploads\/CE655-162-569x850.jpg\" rel=\"lightbox\"><img decoding=\"async\" src=\"https:\/\/sha-luzern.ch\/wp-content\/uploads\/CE655-162-706x368.jpg\" alt=\"PhoenixWerk Dortmund SHA Scheffler Helbich Architekten\" title=\"PhoenixWerk Dortmund SHA Scheffler Helbich Architekten\"><\/a><\/div>\n\t\t\t\t\t<\/div>\n\t\t\t\t\n\t\t\t\t\t\t\t\t\t\t\t\t\t\n\t\t\t\t\t<div class=\"pixel-slide__image-wrap slide-4\">\n\t\t\t\t\t\t\t<div class=\"pixel-slide__image \"><a href=\"https:\/\/sha-luzern.ch\/wp-content\/uploads\/CE655-587-1-1274x850.jpg\" rel=\"lightbox\"><img decoding=\"async\" src=\"https:\/\/sha-luzern.ch\/wp-content\/uploads\/CE655-587-1-706x368.jpg\" alt=\"PhoenixWerk Dortmund SHA Scheffler Helbich Architekten\" title=\"PhoenixWerk Dortmund SHA Scheffler Helbich Architekten\"><\/a><\/div>\n\t\t\t\t\t<\/div>\n\t\t\t\t\n\t\t\t\t\t\t\t\t\t\t\t\t\t\n\t\t\t\t\t<div class=\"pixel-slide__image-wrap slide-5\">\n\t\t\t\t\t\t\t<div class=\"pixel-slide__image \"><a href=\"https:\/\/sha-luzern.ch\/wp-content\/uploads\/CE655-462-1274x850.jpg\" rel=\"lightbox\"><img decoding=\"async\" src=\"https:\/\/sha-luzern.ch\/wp-content\/uploads\/CE655-462-706x368.jpg\" alt=\"PhoenixWerk Dortmund SHA Scheffler Helbich Architekten\" title=\"PhoenixWerk Dortmund SHA Scheffler Helbich Architekten\"><\/a><\/div>\n\t\t\t\t\t<\/div>\n\t\t\t\t\n\t\t\t\t\t\t\t\t\t\t\t\t\t\n\t\t\t\t\t<div class=\"pixel-slide__image-wrap slide-6\">\n\t\t\t\t\t\t\t<div class=\"pixel-slide__image \"><a href=\"https:\/\/sha-luzern.ch\/wp-content\/uploads\/CE655-444-571x850.jpg\" rel=\"lightbox\"><img decoding=\"async\" src=\"https:\/\/sha-luzern.ch\/wp-content\/uploads\/CE655-444-706x368.jpg\" alt=\"PhoenixWerk Dortmund SHA Scheffler Helbich Architekten\" title=\"PhoenixWerk Dortmund SHA Scheffler Helbich Architekten\"><\/a><\/div>\n\t\t\t\t\t<\/div>\n\t\t\t\t\n\t\t\t\t\t\t\t\t\t\t\t\t\t\n\t\t\t\t\t<div class=\"pixel-slide__image-wrap slide-7\">\n\t\t\t\t\t\t\t<div class=\"pixel-slide__image \"><a href=\"https:\/\/sha-luzern.ch\/wp-content\/uploads\/CE655-856-1274x850.jpg\" rel=\"lightbox\"><img decoding=\"async\" src=\"https:\/\/sha-luzern.ch\/wp-content\/uploads\/CE655-856-706x368.jpg\" alt=\"PhoenixWerk Dortmund SHA Scheffler Helbich Architekten\" title=\"PhoenixWerk Dortmund SHA Scheffler Helbich Architekten\"><\/a><\/div>\n\t\t\t\t\t<\/div>\n\t\t\t\t\n\t\t\t\t\t\t\t\t\t\t\t\t\t\n\t\t\t\t\t<div class=\"pixel-slide__image-wrap slide-8\">\n\t\t\t\t\t\t\t<div class=\"pixel-slide__image \"><a href=\"https:\/\/sha-luzern.ch\/wp-content\/uploads\/CE655-436-1274x850.jpg\" rel=\"lightbox\"><img decoding=\"async\" src=\"https:\/\/sha-luzern.ch\/wp-content\/uploads\/CE655-436-706x368.jpg\" alt=\"PhoenixWerk Dortmund SHA Scheffler Helbich Architekten\" title=\"PhoenixWerk Dortmund SHA Scheffler Helbich Architekten\"><\/a><\/div>\n\t\t\t\t\t<\/div>\n\t\t\t\t\n\t\t\t\t\t\t\t\t\t\t\t\t\t\n\t\t\t\t\t<div class=\"pixel-slide__image-wrap slide-9\">\n\t\t\t\t\t\t\t<div class=\"pixel-slide__image \"><a href=\"https:\/\/sha-luzern.ch\/wp-content\/uploads\/PhoenixWERK_Farbe_Web-9-1275x850.jpg\" rel=\"lightbox\"><img decoding=\"async\" src=\"https:\/\/sha-luzern.ch\/wp-content\/uploads\/PhoenixWERK_Farbe_Web-9-706x368.jpg\" alt=\"PhoenixWERK Farbe Web 9\" title=\"PhoenixWERK Farbe Web 9\"><\/a><\/div>\n\t\t\t\t\t<\/div>\n\t\t\t\t\n\t\t\t\t\t\t\t\t\t\t\t\t\t\n\t\t\t\t\t<div class=\"pixel-slide__image-wrap slide-10\">\n\t\t\t\t\t\t\t<div class=\"pixel-slide__image \"><a href=\"https:\/\/sha-luzern.ch\/wp-content\/uploads\/CE655-138-1274x850.jpg\" rel=\"lightbox\"><img decoding=\"async\" src=\"https:\/\/sha-luzern.ch\/wp-content\/uploads\/CE655-138-706x368.jpg\" alt=\"PhoenixWerk Dortmund SHA Scheffler Helbich Architekten\" title=\"PhoenixWerk Dortmund SHA Scheffler Helbich Architekten\"><\/a><\/div>\n\t\t\t\t\t<\/div>\n\t\t\t\t\n\t\t\t\t\t\t\t\t\t\t\t\t\t\n\t\t\t\t\t<div class=\"pixel-slide__image-wrap slide-11\">\n\t\t\t\t\t\t\t<div class=\"pixel-slide__image \"><a href=\"https:\/\/sha-luzern.ch\/wp-content\/uploads\/CE655-066-567x850.jpg\" rel=\"lightbox\"><img decoding=\"async\" src=\"https:\/\/sha-luzern.ch\/wp-content\/uploads\/CE655-066-706x368.jpg\" alt=\"PhoenixWerk Dortmund SHA Scheffler Helbich Architekten\" title=\"PhoenixWerk Dortmund SHA Scheffler Helbich Architekten\"><\/a><\/div>\n\t\t\t\t\t<\/div>\n\t\t\t\t\n\t\t\t\t\t\t\t\t\t\t\t\t\t\n\t\t\t\t\t<div class=\"pixel-slide__image-wrap slide-12\">\n\t\t\t\t\t\t\t<div class=\"pixel-slide__image \"><a href=\"https:\/\/sha-luzern.ch\/wp-content\/uploads\/CE655-1143-1280x843.jpg\" rel=\"lightbox\"><img decoding=\"async\" src=\"https:\/\/sha-luzern.ch\/wp-content\/uploads\/CE655-1143-706x368.jpg\" alt=\"PhoenixWerk Dortmund SHA Scheffler Helbich Architekten\" title=\"PhoenixWerk Dortmund SHA Scheffler Helbich Architekten\"><\/a><\/div>\n\t\t\t\t\t<\/div>\n\t\t\t\t\n\t\t\t\t\t\t\t\t\t\t\t\t\t\n\t\t\t\t\t<div class=\"pixel-slide__image-wrap slide-13\">\n\t\t\t\t\t\t\t<div class=\"pixel-slide__image \"><a href=\"https:\/\/sha-luzern.ch\/wp-content\/uploads\/CE655-1110-567x850.jpg\" rel=\"lightbox\"><img decoding=\"async\" src=\"https:\/\/sha-luzern.ch\/wp-content\/uploads\/CE655-1110-706x368.jpg\" alt=\"PhoenixWerk Dortmund SHA Scheffler Helbich Architekten\" title=\"PhoenixWerk Dortmund SHA Scheffler Helbich Architekten\"><\/a><\/div>\n\t\t\t\t\t<\/div>\n\t\t\t\t\n\t\t\t\t\t\t\t\t\t\t\t\t\t\n\t\t\t\t\t<div class=\"pixel-slide__image-wrap slide-14\">\n\t\t\t\t\t\t\t<div class=\"pixel-slide__image \"><a href=\"https:\/\/sha-luzern.ch\/wp-content\/uploads\/CE655-755-570x850.jpg\" rel=\"lightbox\"><img decoding=\"async\" src=\"https:\/\/sha-luzern.ch\/wp-content\/uploads\/CE655-755-706x368.jpg\" alt=\"PhoenixWerk Dortmund SHA Scheffler Helbich Architekten\" title=\"PhoenixWerk Dortmund SHA Scheffler Helbich Architekten\"><\/a><\/div>\n\t\t\t\t\t<\/div>\n\t\t\t\t\n\t\t\t\t\t\t\t\t\t\t\t\t\t\n\t\t\t\t\t<div class=\"pixel-slide__image-wrap slide-15\">\n\t\t\t\t\t\t\t<div class=\"pixel-slide__image \"><a href=\"https:\/\/sha-luzern.ch\/wp-content\/uploads\/CE655-769-570x850.jpg\" rel=\"lightbox\"><img decoding=\"async\" src=\"https:\/\/sha-luzern.ch\/wp-content\/uploads\/CE655-769-706x368.jpg\" alt=\"PhoenixWerk Dortmund SHA Scheffler Helbich Architekten\" title=\"PhoenixWerk Dortmund SHA Scheffler Helbich Architekten\"><\/a><\/div>\n\t\t\t\t\t<\/div>\n\t\t\t\t\t\t<\/div>\n\t<\/div>\n<\/div><\/div>\n","protected":false},"excerpt":{"rendered":"<p>Sur le site de l&rsquo;ancienne aci\u00e9rie PHOENIX West, les deux premiers \u00e9l\u00e9ments d&rsquo;un ensemble de bureaux tourn\u00e9 vers l&rsquo;avenir ont \u00e9t\u00e9 achev\u00e9s sur une surface d&rsquo;environ 9.000 m\u00b2 : le PhoenixWERK.<\/p>\n","protected":false},"author":2,"featured_media":23621,"comment_status":"closed","ping_status":"closed","sticky":false,"template":"","format":"standard","meta":{"_acf_changed":false,"content-type":"","footnotes":""},"categories":[846,854,857],"tags":[1015,1040,1041,1062,1088,1092,1093,1094],"class_list":["post-34029","post","type-post","status-publish","format-standard","has-post-thumbnail","hentry","category-dortmund-fr","category-notre-equipe","category-gestion","tag-sha-fr","tag-immeuble-de-bureaux","tag-bureau","tag-dortmund-fr","tag-nouvelle-construction","tag-christoph-helbich-fr","tag-usine-phoenix","tag-batiment-administratif"],"acf":[],"yoast_head":"<!-- This site is optimized with the Yoast SEO plugin v26.1.1 - https:\/\/yoast.com\/wordpress\/plugins\/seo\/ -->\n<title>PhoenixWERK : nouveau travail \u00e0 Dortmund<\/title>\n<meta name=\"description\" content=\"Les deux premiers \u00e9l\u00e9ments d&#039;un ensemble de bureaux tourn\u00e9 vers l&#039;avenir ont \u00e9t\u00e9 achev\u00e9s sur le site d&#039;une ancienne aci\u00e9rie : le PhoenixWERK.\" \/>\n<meta name=\"robots\" content=\"index, follow, max-snippet:-1, max-image-preview:large, max-video-preview:-1\" \/>\n<link rel=\"canonical\" href=\"https:\/\/sha-luzern.ch\/fr\/news\/phoenixwerk-nouveau-travail-a-dortmund\" \/>\n<meta property=\"og:locale\" content=\"fr_FR\" \/>\n<meta property=\"og:type\" content=\"article\" \/>\n<meta property=\"og:title\" content=\"PhoenixWERK : nouveau travail \u00e0 Dortmund\" \/>\n<meta property=\"og:description\" content=\"Les deux premiers \u00e9l\u00e9ments d&#039;un ensemble de bureaux tourn\u00e9 vers l&#039;avenir ont \u00e9t\u00e9 achev\u00e9s sur le site d&#039;une ancienne aci\u00e9rie : le PhoenixWERK.\" \/>\n<meta property=\"og:url\" content=\"https:\/\/sha-luzern.ch\/fr\/news\/phoenixwerk-nouveau-travail-a-dortmund\" \/>\n<meta property=\"og:site_name\" content=\"SHA Scheffler Helbich Architekten GmbH\" \/>\n<meta property=\"article:published_time\" content=\"2020-09-24T11:47:35+00:00\" \/>\n<meta property=\"article:modified_time\" content=\"2024-09-23T14:55:00+00:00\" \/>\n<meta property=\"og:image\" content=\"https:\/\/sha-luzern.ch\/wp-content\/uploads\/CE655-587-1.jpg\" \/>\n\t<meta property=\"og:image:width\" content=\"1800\" \/>\n\t<meta property=\"og:image:height\" content=\"1201\" \/>\n\t<meta property=\"og:image:type\" content=\"image\/jpeg\" \/>\n<meta name=\"author\" content=\"Judith Weitzel\" \/>\n<meta name=\"twitter:card\" content=\"summary_large_image\" \/>\n<meta name=\"twitter:label1\" content=\"\u00c9crit par\" \/>\n\t<meta name=\"twitter:data1\" content=\"Judith Weitzel\" \/>\n\t<meta name=\"twitter:label2\" content=\"Dur\u00e9e de lecture estim\u00e9e\" \/>\n\t<meta name=\"twitter:data2\" content=\"7 minutes\" \/>\n<script type=\"application\/ld+json\" class=\"yoast-schema-graph\">{\"@context\":\"https:\/\/schema.org\",\"@graph\":[{\"@type\":\"WebPage\",\"@id\":\"https:\/\/sha-luzern.ch\/fr\/news\/phoenixwerk-nouveau-travail-a-dortmund\",\"url\":\"https:\/\/sha-luzern.ch\/fr\/news\/phoenixwerk-nouveau-travail-a-dortmund\",\"name\":\"PhoenixWERK : nouveau travail \u00e0 Dortmund\",\"isPartOf\":{\"@id\":\"https:\/\/sha-luzern.ch\/fr#website\"},\"primaryImageOfPage\":{\"@id\":\"https:\/\/sha-luzern.ch\/fr\/news\/phoenixwerk-nouveau-travail-a-dortmund#primaryimage\"},\"image\":{\"@id\":\"https:\/\/sha-luzern.ch\/fr\/news\/phoenixwerk-nouveau-travail-a-dortmund#primaryimage\"},\"thumbnailUrl\":\"https:\/\/sha-luzern.ch\/wp-content\/uploads\/CE655-587-1.jpg\",\"datePublished\":\"2020-09-24T11:47:35+00:00\",\"dateModified\":\"2024-09-23T14:55:00+00:00\",\"author\":{\"@id\":\"https:\/\/sha-luzern.ch\/fr#\/schema\/person\/e68d44538591ce8617e273ae50cb9fb3\"},\"description\":\"Les deux premiers \u00e9l\u00e9ments d'un ensemble de bureaux tourn\u00e9 vers l'avenir ont \u00e9t\u00e9 achev\u00e9s sur le site d'une ancienne aci\u00e9rie : le PhoenixWERK.\",\"breadcrumb\":{\"@id\":\"https:\/\/sha-luzern.ch\/fr\/news\/phoenixwerk-nouveau-travail-a-dortmund#breadcrumb\"},\"inLanguage\":\"fr-FR\",\"potentialAction\":[{\"@type\":\"ReadAction\",\"target\":[\"https:\/\/sha-luzern.ch\/fr\/news\/phoenixwerk-nouveau-travail-a-dortmund\"]}]},{\"@type\":\"ImageObject\",\"inLanguage\":\"fr-FR\",\"@id\":\"https:\/\/sha-luzern.ch\/fr\/news\/phoenixwerk-nouveau-travail-a-dortmund#primaryimage\",\"url\":\"https:\/\/sha-luzern.ch\/wp-content\/uploads\/CE655-587-1.jpg\",\"contentUrl\":\"https:\/\/sha-luzern.ch\/wp-content\/uploads\/CE655-587-1.jpg\",\"width\":1800,\"height\":1201},{\"@type\":\"BreadcrumbList\",\"@id\":\"https:\/\/sha-luzern.ch\/fr\/news\/phoenixwerk-nouveau-travail-a-dortmund#breadcrumb\",\"itemListElement\":[{\"@type\":\"ListItem\",\"position\":1,\"name\":\"Startseite\",\"item\":\"https:\/\/sha-luzern.ch\/fr\/accueil\"},{\"@type\":\"ListItem\",\"position\":2,\"name\":\"PhoenixWERK : nouveau travail \u00e0 Dortmund\"}]},{\"@type\":\"WebSite\",\"@id\":\"https:\/\/sha-luzern.ch\/fr#website\",\"url\":\"https:\/\/sha-luzern.ch\/fr\",\"name\":\"SHA Scheffler Helbich Architekten GmbH\",\"description\":\"\",\"potentialAction\":[{\"@type\":\"SearchAction\",\"target\":{\"@type\":\"EntryPoint\",\"urlTemplate\":\"https:\/\/sha-luzern.ch\/fr?s={search_term_string}\"},\"query-input\":{\"@type\":\"PropertyValueSpecification\",\"valueRequired\":true,\"valueName\":\"search_term_string\"}}],\"inLanguage\":\"fr-FR\"},{\"@type\":\"Person\",\"@id\":\"https:\/\/sha-luzern.ch\/fr#\/schema\/person\/e68d44538591ce8617e273ae50cb9fb3\",\"name\":\"Judith Weitzel\",\"image\":{\"@type\":\"ImageObject\",\"inLanguage\":\"fr-FR\",\"@id\":\"https:\/\/sha-luzern.ch\/fr#\/schema\/person\/image\/\",\"url\":\"https:\/\/secure.gravatar.com\/avatar\/7c6bf497a9b76cc4943bd4d7716e797cafb90c96046233c36845e4654eed5e01?s=96&d=mm&r=g\",\"contentUrl\":\"https:\/\/secure.gravatar.com\/avatar\/7c6bf497a9b76cc4943bd4d7716e797cafb90c96046233c36845e4654eed5e01?s=96&d=mm&r=g\",\"caption\":\"Judith Weitzel\"}}]}<\/script>\n<!-- \/ Yoast SEO plugin. -->","yoast_head_json":{"title":"PhoenixWERK : nouveau travail \u00e0 Dortmund","description":"Les deux premiers \u00e9l\u00e9ments d'un ensemble de bureaux tourn\u00e9 vers l'avenir ont \u00e9t\u00e9 achev\u00e9s sur le site d'une ancienne aci\u00e9rie : le PhoenixWERK.","robots":{"index":"index","follow":"follow","max-snippet":"max-snippet:-1","max-image-preview":"max-image-preview:large","max-video-preview":"max-video-preview:-1"},"canonical":"https:\/\/sha-luzern.ch\/fr\/news\/phoenixwerk-nouveau-travail-a-dortmund","og_locale":"fr_FR","og_type":"article","og_title":"PhoenixWERK : nouveau travail \u00e0 Dortmund","og_description":"Les deux premiers \u00e9l\u00e9ments d'un ensemble de bureaux tourn\u00e9 vers l'avenir ont \u00e9t\u00e9 achev\u00e9s sur le site d'une ancienne aci\u00e9rie : le PhoenixWERK.","og_url":"https:\/\/sha-luzern.ch\/fr\/news\/phoenixwerk-nouveau-travail-a-dortmund","og_site_name":"SHA Scheffler Helbich Architekten GmbH","article_published_time":"2020-09-24T11:47:35+00:00","article_modified_time":"2024-09-23T14:55:00+00:00","og_image":[{"width":1800,"height":1201,"url":"https:\/\/sha-luzern.ch\/wp-content\/uploads\/CE655-587-1.jpg","type":"image\/jpeg"}],"author":"Judith Weitzel","twitter_card":"summary_large_image","twitter_misc":{"\u00c9crit par":"Judith Weitzel","Dur\u00e9e de lecture estim\u00e9e":"7 minutes"},"schema":{"@context":"https:\/\/schema.org","@graph":[{"@type":"WebPage","@id":"https:\/\/sha-luzern.ch\/fr\/news\/phoenixwerk-nouveau-travail-a-dortmund","url":"https:\/\/sha-luzern.ch\/fr\/news\/phoenixwerk-nouveau-travail-a-dortmund","name":"PhoenixWERK : nouveau travail \u00e0 Dortmund","isPartOf":{"@id":"https:\/\/sha-luzern.ch\/fr#website"},"primaryImageOfPage":{"@id":"https:\/\/sha-luzern.ch\/fr\/news\/phoenixwerk-nouveau-travail-a-dortmund#primaryimage"},"image":{"@id":"https:\/\/sha-luzern.ch\/fr\/news\/phoenixwerk-nouveau-travail-a-dortmund#primaryimage"},"thumbnailUrl":"https:\/\/sha-luzern.ch\/wp-content\/uploads\/CE655-587-1.jpg","datePublished":"2020-09-24T11:47:35+00:00","dateModified":"2024-09-23T14:55:00+00:00","author":{"@id":"https:\/\/sha-luzern.ch\/fr#\/schema\/person\/e68d44538591ce8617e273ae50cb9fb3"},"description":"Les deux premiers \u00e9l\u00e9ments d'un ensemble de bureaux tourn\u00e9 vers l'avenir ont \u00e9t\u00e9 achev\u00e9s sur le site d'une ancienne aci\u00e9rie : le PhoenixWERK.","breadcrumb":{"@id":"https:\/\/sha-luzern.ch\/fr\/news\/phoenixwerk-nouveau-travail-a-dortmund#breadcrumb"},"inLanguage":"fr-FR","potentialAction":[{"@type":"ReadAction","target":["https:\/\/sha-luzern.ch\/fr\/news\/phoenixwerk-nouveau-travail-a-dortmund"]}]},{"@type":"ImageObject","inLanguage":"fr-FR","@id":"https:\/\/sha-luzern.ch\/fr\/news\/phoenixwerk-nouveau-travail-a-dortmund#primaryimage","url":"https:\/\/sha-luzern.ch\/wp-content\/uploads\/CE655-587-1.jpg","contentUrl":"https:\/\/sha-luzern.ch\/wp-content\/uploads\/CE655-587-1.jpg","width":1800,"height":1201},{"@type":"BreadcrumbList","@id":"https:\/\/sha-luzern.ch\/fr\/news\/phoenixwerk-nouveau-travail-a-dortmund#breadcrumb","itemListElement":[{"@type":"ListItem","position":1,"name":"Startseite","item":"https:\/\/sha-luzern.ch\/fr\/accueil"},{"@type":"ListItem","position":2,"name":"PhoenixWERK : nouveau travail \u00e0 Dortmund"}]},{"@type":"WebSite","@id":"https:\/\/sha-luzern.ch\/fr#website","url":"https:\/\/sha-luzern.ch\/fr","name":"SHA Scheffler Helbich Architekten GmbH","description":"","potentialAction":[{"@type":"SearchAction","target":{"@type":"EntryPoint","urlTemplate":"https:\/\/sha-luzern.ch\/fr?s={search_term_string}"},"query-input":{"@type":"PropertyValueSpecification","valueRequired":true,"valueName":"search_term_string"}}],"inLanguage":"fr-FR"},{"@type":"Person","@id":"https:\/\/sha-luzern.ch\/fr#\/schema\/person\/e68d44538591ce8617e273ae50cb9fb3","name":"Judith Weitzel","image":{"@type":"ImageObject","inLanguage":"fr-FR","@id":"https:\/\/sha-luzern.ch\/fr#\/schema\/person\/image\/","url":"https:\/\/secure.gravatar.com\/avatar\/7c6bf497a9b76cc4943bd4d7716e797cafb90c96046233c36845e4654eed5e01?s=96&d=mm&r=g","contentUrl":"https:\/\/secure.gravatar.com\/avatar\/7c6bf497a9b76cc4943bd4d7716e797cafb90c96046233c36845e4654eed5e01?s=96&d=mm&r=g","caption":"Judith Weitzel"}}]}},"_links":{"self":[{"href":"https:\/\/sha-luzern.ch\/fr\/wp-json\/wp\/v2\/posts\/34029","targetHints":{"allow":["GET"]}}],"collection":[{"href":"https:\/\/sha-luzern.ch\/fr\/wp-json\/wp\/v2\/posts"}],"about":[{"href":"https:\/\/sha-luzern.ch\/fr\/wp-json\/wp\/v2\/types\/post"}],"author":[{"embeddable":true,"href":"https:\/\/sha-luzern.ch\/fr\/wp-json\/wp\/v2\/users\/2"}],"replies":[{"embeddable":true,"href":"https:\/\/sha-luzern.ch\/fr\/wp-json\/wp\/v2\/comments?post=34029"}],"version-history":[{"count":27,"href":"https:\/\/sha-luzern.ch\/fr\/wp-json\/wp\/v2\/posts\/34029\/revisions"}],"predecessor-version":[{"id":47883,"href":"https:\/\/sha-luzern.ch\/fr\/wp-json\/wp\/v2\/posts\/34029\/revisions\/47883"}],"wp:featuredmedia":[{"embeddable":true,"href":"https:\/\/sha-luzern.ch\/fr\/wp-json\/wp\/v2\/media\/23621"}],"wp:attachment":[{"href":"https:\/\/sha-luzern.ch\/fr\/wp-json\/wp\/v2\/media?parent=34029"}],"wp:term":[{"taxonomy":"category","embeddable":true,"href":"https:\/\/sha-luzern.ch\/fr\/wp-json\/wp\/v2\/categories?post=34029"},{"taxonomy":"post_tag","embeddable":true,"href":"https:\/\/sha-luzern.ch\/fr\/wp-json\/wp\/v2\/tags?post=34029"}],"curies":[{"name":"wp","href":"https:\/\/api.w.org\/{rel}","templated":true}]}}