{"id":34207,"date":"2020-11-13T10:26:54","date_gmt":"2020-11-13T09:26:54","guid":{"rendered":"https:\/\/sha.de\/aktuelles\/orange-your-city-le-phoenixwerk-voit-orange"},"modified":"2024-09-23T16:55:18","modified_gmt":"2024-09-23T14:55:18","slug":"orange-your-city-le-phoenixwerk-voit-orange","status":"publish","type":"post","link":"https:\/\/sha-luzern.ch\/fr\/news\/orange-your-city-le-phoenixwerk-voit-orange","title":{"rendered":"Orange your City : le PhoenixWERK voit orange"},"content":{"rendered":"<div id='av_section_1' class='avia-section main_color pt-default pb-default avia-no-border-styling avia-bg-style-scroll  avia-builder-el-0  avia-builder-el-no-sibling   container_wrap fullsize' style=' '  ><div class='container' ><main  role=\"main\" itemprop=\"mainContentOfPage\"  class='template-page content  av-content-full alpha units'><div class='post-entry post-entry-type-page post-entry-34207'><div class='entry-content-wrapper clearfix'>\n\n\t\t\t<div id=\"av-k1hoeuzj\" class=\"headline-column flex_column av_one_full flex_column_div first \">\n\t\t\t\t<div class=\"headline-wrap is-outside align-left sub-bottom\">\n\t\t\t\t\t<h1 class=\"headline-content headline-primary\">Orange your City : le PhoenixWERK voit orange<\/h1>\n\t\t\t\t\t<h3 class=\"headline-content headline-secondary\">Lancer un signal contre la violence envers les femmes<\/h3>\n\t\t\t\t<\/div>\n\t\t\t<\/div>\n<div class=\"flex_column av_one_third  flex_column_div av-zero-column-padding first bg-default      avia-builder-el-2  el_after_pixel_sc_headline  el_before_av_one_third  \"><section  class='av_textblock_section av-kfgpxslt-ea45c4f6a96ab89e301f07421d1279df '   itemscope=\"itemscope\" itemtype=\"https:\/\/schema.org\/BlogPosting\" itemprop=\"blogPost\" ><div class='avia_textblock'  itemprop=\"text\" ><p>L&rsquo;h\u00f4tel de ville de New York, la Commission europ\u00e9enne \u00e0 Bruxelles, le b\u00e2timent du parlement du Land de Rh\u00e9nanie-du-Nord-Westphalie, le U de Dortmund, le haut-fourneau de PHOENIX West et la tour Florian : tous s&rsquo;illumineront cette ann\u00e9e encore de lumi\u00e8re orange le soir du 25 novembre 2020 <span class=\"aCOpRe\">&#8211; et<\/span>avec eux 45 autres b\u00e2timents remarquables de Dortmund. L&rsquo;objectif est d&rsquo;attirer l&rsquo;attention sur les crimes violents commis contre les femmes dans le monde et de d\u00e9fendre leurs droits dans le cadre de la journ\u00e9e d&rsquo;action des Nations unies pour l&rsquo;\u00e9limination de la violence \u00e0 l&rsquo;\u00e9gard des femmes.<\/p>\n<p>A l&rsquo;initiative des <a href=\"https:\/\/www.zonta-dortmund.de\/\" target=\"_blank\" rel=\"noopener nofollow\">Zonta Clubs de Dortmund<\/a> <span class=\"aCOpRe\">&#8211; sous <\/span>le patronage du maire de Dortmund Thomas Westphal <span class=\"aCOpRe\">&#8211;<\/span> pr\u00e8s de 50 entreprises, autorit\u00e9s et organisations de Dortmund feront briller des b\u00e2timents, des symboles et des points de rep\u00e8re en orange le 25 novembre \u00e0 partir de 17 heures. Notre cabinet SHA Scheffler Helbich Architekten GmbH participe pour la premi\u00e8re fois \u00e0 cette action avec l&rsquo;<a href=\"https:\/\/sha-luzern.ch\/fr\/news\/phoenixwerk-nouveau-travail-a-dortmund\">ensemble de bureaux PhoenixWERK<\/a>, achev\u00e9 cette ann\u00e9e.<\/p>\n<p>\u00ab\u00a0Nous connaissons depuis longtemps la journ\u00e9e d&rsquo;action &lsquo;Orange your City'\u00a0\u00bb, explique Christoph Helbich. \u00ab\u00a0Apr\u00e8s un entretien personnel avec Claudia Austermann du Zonta Dortmund, nous avons compris que nous voulions \u00eatre pr\u00e9sents cette ann\u00e9e et montrer activement notre engagement\u00a0\u00bb, d\u00e9clare l&rsquo;associ\u00e9 g\u00e9rant de SHA.<\/p>\n<\/div><\/section><\/div><div class=\"flex_column av_one_third  flex_column_div av-zero-column-padding        avia-builder-el-4  el_after_av_one_third  el_before_av_one_third  \"><p><section  class='av_textblock_section av-kaqj9hph-706c318c8f487264c95b3db12998d912 '   itemscope=\"itemscope\" itemtype=\"https:\/\/schema.org\/BlogPosting\" itemprop=\"blogPost\" ><div class='avia_textblock'  itemprop=\"text\" ><p>La violence \u00e0 l&rsquo;\u00e9gard des femmes et des filles est une violation omnipr\u00e9sente des droits de l&rsquo;homme. Il ne faut jamais l&rsquo;oublier : A Dortmund aussi, des femmes et des jeunes filles sont victimes de violences physiques et\/ou psychologiques. Ceci est ind\u00e9pendant de l&rsquo;\u00e2ge, de l&rsquo;\u00e9ducation, de la nationalit\u00e9 ou d&rsquo;autres facteurs sociaux, comme le confirment la police, les associations de protection des victimes et les centres de conseil.<\/p>\n<p>La couleur orange a \u00e9t\u00e9 choisie par <a href=\"https:\/\/www.unwomen.org\/en\/what-we-do\/ending-violence-against-women\/take-action\/16-days-of-activism\" target=\"_blank\" rel=\"noopener nofollow\">ONU Femmes<\/a> comme symbole optimiste d&rsquo;un avenir sans violence envers les femmes et les filles. Et c&rsquo;est ainsi que fin novembre, le PhoenixWERK devrait \u00eatre reconnaissable de loin sur le site de l&rsquo;ancienne aci\u00e9rie PHOENIX West avec le message suivant : \u00ab\u00a0Ne d\u00e9tournez pas le regard ! C&rsquo;est pr\u00e9cis\u00e9ment en cette p\u00e9riode difficile que votre attention est requise\u00a0\u00bb. Les personnes concern\u00e9es doivent \u00eatre encourag\u00e9es \u00e0 se d\u00e9fendre, \u00e0 faire valoir leurs droits, \u00e0 se rendre dans un centre de conseil et \u00e0 demander de l&rsquo;aide.<\/p>\n<\/div><\/section><br \/>\n\n<style type=\"text\/css\" data-created_by=\"avia_inline_auto\" id=\"style-css-av-k3fpn5l3-d9d6046a9b2a064112ddf97d2ad905ed\">\n#top .hr.av-k3fpn5l3-d9d6046a9b2a064112ddf97d2ad905ed{\nmargin-top:20px;\nmargin-bottom:20px;\n}\n.hr.av-k3fpn5l3-d9d6046a9b2a064112ddf97d2ad905ed .hr-inner{\nwidth:100%;\nborder-color:#000000;\n}\n<\/style>\n<div  class='hr av-k3fpn5l3-d9d6046a9b2a064112ddf97d2ad905ed hr-custom  avia-builder-el-6  el_after_av_textblock  el_before_av_textblock  hr-center hr-icon-no'><span class='hr-inner inner-border-av-border-thin'><span class=\"hr-inner-style\"><\/span><\/span><\/div><br \/>\n<section  class='av_textblock_section av-k30ao5o3-54301ff3ed4b4a4bf1a49614e4c20b80 '   itemscope=\"itemscope\" itemtype=\"https:\/\/schema.org\/BlogPosting\" itemprop=\"blogPost\" ><div class='avia_textblock'  itemprop=\"text\" ><div class=\"fakten\">\n<p><strong>Liens compl\u00e9mentaires<\/strong><\/p>\n<ul>\n<li><a href=\"https:\/\/zonta-union.de\/\" target=\"_blank\" rel=\"noopener nofollow\">Zonta Allemagne<\/a><\/li>\n<li><a href=\"https:\/\/www.zonta-dortmund.de\/\" target=\"_blank\" rel=\"noopener nofollow\">Zonta Dortmund<\/a><\/li>\n<\/ul>\n<\/div>\n<\/div><\/section><\/p><\/div><div class=\"flex_column av_one_third  flex_column_div av-zero-column-padding        avia-builder-el-8  el_after_av_one_third  el_before_av_one_full  \"><div class=\"quotebox  has-image bg-grey  image-top\"><div class=\"quotebox__inner\"><div class=\"quotebox__media\"><img decoding=\"async\" src=\"https:\/\/sha-luzern.ch\/wp-content\/uploads\/007-Helbich-Portrait-SHA-Dortmund-Juni-2020-706x368.jpg\" alt=\"Birgit und Christoph Helbich\" \/><\/div><div class=\"quotebox__content\"><div class=\"quotebox__quote\"><span class=\"quotebox-text quotebox-quote\">\u00bbNous voulons montrer l\u2019exemple avec le PhoenixWERK illumin\u00e9.\u00ab<\/span><\/div><div class=\"quotebox__info\"><span class=\"quotebox-text quotebox-name\">Birgit und Christoph Helbich<\/span><span class=\"quotebox-text quotebox-desc\"><\/span><\/div><\/div><\/div><\/div><\/div><div class=\"flex_column av_one_full  flex_column_div av-zero-column-padding first       avia-builder-el-10  el_after_av_one_third  avia-builder-el-last  column-top-margin\"><div class=\"slickgallery \">\n\t<div class=\"pixel-slide-wrap\">\n\t\t<div class=\"pixel-slide\" style=\"display: block; width: 100%; float: left;\">\n\t\t\t\t\n\t\t\t\t\t\t\t\t\t\t\t\t\t\n\t\t\t\t\t<div class=\"pixel-slide__image-wrap slide-1\">\n\t\t\t\t\t\t\t<div class=\"pixel-slide__image \"><a href=\"https:\/\/sha-luzern.ch\/wp-content\/uploads\/CE655-680-2-1280x838.jpg\" rel=\"lightbox\"><img decoding=\"async\" src=\"https:\/\/sha-luzern.ch\/wp-content\/uploads\/CE655-680-2-706x368.jpg\" alt=\"PhoenixWerk Dortmund SHA Scheffler Helbich Architekten\" title=\"PhoenixWerk Dortmund SHA Scheffler Helbich Architekten\"><\/a><\/div>\n\t\t\t\t\t<\/div>\n\t\t\t\t\n\t\t\t\t\t\t\t\t\t\t\t\t\t\n\t\t\t\t\t<div class=\"pixel-slide__image-wrap slide-2\">\n\t\t\t\t\t\t\t<div class=\"pixel-slide__image \"><a href=\"https:\/\/sha-luzern.ch\/wp-content\/uploads\/ZSN-OTW_SocMed_131019-850x850.jpg\" rel=\"lightbox\"><img decoding=\"async\" src=\"https:\/\/sha-luzern.ch\/wp-content\/uploads\/ZSN-OTW_SocMed_131019-706x368.jpg\" alt=\"ZSN OTW SocMed 131019\" title=\"ZSN OTW SocMed 131019\"><\/a><\/div>\n\t\t\t\t\t<\/div>\n\t\t\t\t\n\t\t\t\t\t\t\t\t\t\t\t\t\t\n\t\t\t\t\t<div class=\"pixel-slide__image-wrap slide-3\">\n\t\t\t\t\t\t\t<div class=\"pixel-slide__image \"><a href=\"https:\/\/sha-luzern.ch\/wp-content\/uploads\/CE655-587-1-1274x850.jpg\" rel=\"lightbox\"><img decoding=\"async\" src=\"https:\/\/sha-luzern.ch\/wp-content\/uploads\/CE655-587-1-706x368.jpg\" alt=\"PhoenixWerk Dortmund SHA Scheffler Helbich Architekten\" title=\"PhoenixWerk Dortmund SHA Scheffler Helbich Architekten\"><\/a><\/div>\n\t\t\t\t\t<\/div>\n\t\t\t\t\n\t\t\t\t\t\t\t\t\t\t\t\t\t\n\t\t\t\t\t<div class=\"pixel-slide__image-wrap slide-4\">\n\t\t\t\t\t\t\t<div class=\"pixel-slide__image \"><a href=\"https:\/\/sha-luzern.ch\/wp-content\/uploads\/CE655-1110-567x850.jpg\" rel=\"lightbox\"><img decoding=\"async\" src=\"https:\/\/sha-luzern.ch\/wp-content\/uploads\/CE655-1110-706x368.jpg\" alt=\"PhoenixWerk Dortmund SHA Scheffler Helbich Architekten\" title=\"PhoenixWerk Dortmund SHA Scheffler Helbich Architekten\"><\/a><\/div>\n\t\t\t\t\t<\/div>\n\t\t\t\t\n\t\t\t\t\t\t\t\t\t\t\t\t\t\n\t\t\t\t\t<div class=\"pixel-slide__image-wrap slide-5\">\n\t\t\t\t\t\t\t<div class=\"pixel-slide__image \"><a href=\"https:\/\/sha-luzern.ch\/wp-content\/uploads\/007-Helbich-Portrait-SHA-Dortmund-Juni-2020-1273x850.jpg\" rel=\"lightbox\"><img decoding=\"async\" src=\"https:\/\/sha-luzern.ch\/wp-content\/uploads\/007-Helbich-Portrait-SHA-Dortmund-Juni-2020-706x368.jpg\" alt=\"007 Helbich Portrait SHA Dortmund Juni 2020\" title=\"007 Helbich Portrait SHA Dortmund Juni 2020\"><\/a><\/div>\n\t\t\t\t\t<\/div>\n\t\t\t\t\t\t<\/div>\n\t<\/div>\n<\/div><\/div>\n","protected":false},"excerpt":{"rendered":"<p>Fin novembre, des b\u00e2timents remarquables s&rsquo;illuminent d&rsquo;une lumi\u00e8re orange pour marquer la lutte contre la violence envers les femmes. PhoenixWERK est de la partie.<\/p>\n","protected":false},"author":2,"featured_media":23627,"comment_status":"closed","ping_status":"closed","sticky":false,"template":"","format":"standard","meta":{"_acf_changed":false,"content-type":"","footnotes":""},"categories":[846,856],"tags":[927,1015,1040,1062,1093],"class_list":["post-34207","post","type-post","status-publish","format-standard","has-post-thumbnail","hentry","category-dortmund-fr","category-notre-philosophie","tag-journee-daction","tag-sha-fr","tag-immeuble-de-bureaux","tag-dortmund-fr","tag-usine-phoenix"],"acf":[],"yoast_head":"<!-- This site is optimized with the Yoast SEO plugin v26.1.1 - https:\/\/yoast.com\/wordpress\/plugins\/seo\/ -->\n<title>Orange your city - SHA Scheffler Helbich Architectes<\/title>\n<meta name=\"description\" content=\"Fin novembre, des b\u00e2timents remarquables s&#039;illuminent d&#039;une lumi\u00e8re orange pour marquer la lutte contre la violence envers les femmes. PhoenixWERK est de la partie.\" \/>\n<meta name=\"robots\" content=\"index, follow, max-snippet:-1, max-image-preview:large, max-video-preview:-1\" \/>\n<link rel=\"canonical\" href=\"https:\/\/sha-luzern.ch\/fr\/news\/orange-your-city-le-phoenixwerk-voit-orange\" \/>\n<meta property=\"og:locale\" content=\"fr_FR\" \/>\n<meta property=\"og:type\" content=\"article\" \/>\n<meta property=\"og:title\" content=\"Orange your city - SHA Scheffler Helbich Architectes\" \/>\n<meta property=\"og:description\" content=\"Fin novembre, des b\u00e2timents remarquables s&#039;illuminent d&#039;une lumi\u00e8re orange pour marquer la lutte contre la violence envers les femmes. PhoenixWERK est de la partie.\" \/>\n<meta property=\"og:url\" content=\"https:\/\/sha-luzern.ch\/fr\/news\/orange-your-city-le-phoenixwerk-voit-orange\" \/>\n<meta property=\"og:site_name\" content=\"SHA Scheffler Helbich Architekten GmbH\" \/>\n<meta property=\"article:published_time\" content=\"2020-11-13T09:26:54+00:00\" \/>\n<meta property=\"article:modified_time\" content=\"2024-09-23T14:55:18+00:00\" \/>\n<meta property=\"og:image\" content=\"https:\/\/sha-luzern.ch\/wp-content\/uploads\/CE655-680-2.jpg\" \/>\n\t<meta property=\"og:image:width\" content=\"1800\" \/>\n\t<meta property=\"og:image:height\" content=\"1179\" \/>\n\t<meta property=\"og:image:type\" content=\"image\/jpeg\" \/>\n<meta name=\"author\" content=\"Judith Weitzel\" \/>\n<meta name=\"twitter:card\" content=\"summary_large_image\" \/>\n<meta name=\"twitter:label1\" content=\"\u00c9crit par\" \/>\n\t<meta name=\"twitter:data1\" content=\"Judith Weitzel\" \/>\n\t<meta name=\"twitter:label2\" content=\"Dur\u00e9e de lecture estim\u00e9e\" \/>\n\t<meta name=\"twitter:data2\" content=\"7 minutes\" \/>\n<script type=\"application\/ld+json\" class=\"yoast-schema-graph\">{\"@context\":\"https:\/\/schema.org\",\"@graph\":[{\"@type\":\"WebPage\",\"@id\":\"https:\/\/sha-luzern.ch\/fr\/news\/orange-your-city-le-phoenixwerk-voit-orange\",\"url\":\"https:\/\/sha-luzern.ch\/fr\/news\/orange-your-city-le-phoenixwerk-voit-orange\",\"name\":\"Orange your city - SHA Scheffler Helbich Architectes\",\"isPartOf\":{\"@id\":\"https:\/\/sha-luzern.ch\/fr#website\"},\"primaryImageOfPage\":{\"@id\":\"https:\/\/sha-luzern.ch\/fr\/news\/orange-your-city-le-phoenixwerk-voit-orange#primaryimage\"},\"image\":{\"@id\":\"https:\/\/sha-luzern.ch\/fr\/news\/orange-your-city-le-phoenixwerk-voit-orange#primaryimage\"},\"thumbnailUrl\":\"https:\/\/sha-luzern.ch\/wp-content\/uploads\/CE655-680-2.jpg\",\"datePublished\":\"2020-11-13T09:26:54+00:00\",\"dateModified\":\"2024-09-23T14:55:18+00:00\",\"author\":{\"@id\":\"https:\/\/sha-luzern.ch\/fr#\/schema\/person\/e68d44538591ce8617e273ae50cb9fb3\"},\"description\":\"Fin novembre, des b\u00e2timents remarquables s'illuminent d'une lumi\u00e8re orange pour marquer la lutte contre la violence envers les femmes. PhoenixWERK est de la partie.\",\"breadcrumb\":{\"@id\":\"https:\/\/sha-luzern.ch\/fr\/news\/orange-your-city-le-phoenixwerk-voit-orange#breadcrumb\"},\"inLanguage\":\"fr-FR\",\"potentialAction\":[{\"@type\":\"ReadAction\",\"target\":[\"https:\/\/sha-luzern.ch\/fr\/news\/orange-your-city-le-phoenixwerk-voit-orange\"]}]},{\"@type\":\"ImageObject\",\"inLanguage\":\"fr-FR\",\"@id\":\"https:\/\/sha-luzern.ch\/fr\/news\/orange-your-city-le-phoenixwerk-voit-orange#primaryimage\",\"url\":\"https:\/\/sha-luzern.ch\/wp-content\/uploads\/CE655-680-2.jpg\",\"contentUrl\":\"https:\/\/sha-luzern.ch\/wp-content\/uploads\/CE655-680-2.jpg\",\"width\":1800,\"height\":1179},{\"@type\":\"BreadcrumbList\",\"@id\":\"https:\/\/sha-luzern.ch\/fr\/news\/orange-your-city-le-phoenixwerk-voit-orange#breadcrumb\",\"itemListElement\":[{\"@type\":\"ListItem\",\"position\":1,\"name\":\"Startseite\",\"item\":\"https:\/\/sha-luzern.ch\/fr\/accueil\"},{\"@type\":\"ListItem\",\"position\":2,\"name\":\"Orange your City : le PhoenixWERK voit orange\"}]},{\"@type\":\"WebSite\",\"@id\":\"https:\/\/sha-luzern.ch\/fr#website\",\"url\":\"https:\/\/sha-luzern.ch\/fr\",\"name\":\"SHA Scheffler Helbich Architekten GmbH\",\"description\":\"\",\"potentialAction\":[{\"@type\":\"SearchAction\",\"target\":{\"@type\":\"EntryPoint\",\"urlTemplate\":\"https:\/\/sha-luzern.ch\/fr?s={search_term_string}\"},\"query-input\":{\"@type\":\"PropertyValueSpecification\",\"valueRequired\":true,\"valueName\":\"search_term_string\"}}],\"inLanguage\":\"fr-FR\"},{\"@type\":\"Person\",\"@id\":\"https:\/\/sha-luzern.ch\/fr#\/schema\/person\/e68d44538591ce8617e273ae50cb9fb3\",\"name\":\"Judith Weitzel\",\"image\":{\"@type\":\"ImageObject\",\"inLanguage\":\"fr-FR\",\"@id\":\"https:\/\/sha-luzern.ch\/fr#\/schema\/person\/image\/\",\"url\":\"https:\/\/secure.gravatar.com\/avatar\/7c6bf497a9b76cc4943bd4d7716e797cafb90c96046233c36845e4654eed5e01?s=96&d=mm&r=g\",\"contentUrl\":\"https:\/\/secure.gravatar.com\/avatar\/7c6bf497a9b76cc4943bd4d7716e797cafb90c96046233c36845e4654eed5e01?s=96&d=mm&r=g\",\"caption\":\"Judith Weitzel\"}}]}<\/script>\n<!-- \/ Yoast SEO plugin. -->","yoast_head_json":{"title":"Orange your city - SHA Scheffler Helbich Architectes","description":"Fin novembre, des b\u00e2timents remarquables s'illuminent d'une lumi\u00e8re orange pour marquer la lutte contre la violence envers les femmes. PhoenixWERK est de la partie.","robots":{"index":"index","follow":"follow","max-snippet":"max-snippet:-1","max-image-preview":"max-image-preview:large","max-video-preview":"max-video-preview:-1"},"canonical":"https:\/\/sha-luzern.ch\/fr\/news\/orange-your-city-le-phoenixwerk-voit-orange","og_locale":"fr_FR","og_type":"article","og_title":"Orange your city - SHA Scheffler Helbich Architectes","og_description":"Fin novembre, des b\u00e2timents remarquables s'illuminent d'une lumi\u00e8re orange pour marquer la lutte contre la violence envers les femmes. PhoenixWERK est de la partie.","og_url":"https:\/\/sha-luzern.ch\/fr\/news\/orange-your-city-le-phoenixwerk-voit-orange","og_site_name":"SHA Scheffler Helbich Architekten GmbH","article_published_time":"2020-11-13T09:26:54+00:00","article_modified_time":"2024-09-23T14:55:18+00:00","og_image":[{"width":1800,"height":1179,"url":"https:\/\/sha-luzern.ch\/wp-content\/uploads\/CE655-680-2.jpg","type":"image\/jpeg"}],"author":"Judith Weitzel","twitter_card":"summary_large_image","twitter_misc":{"\u00c9crit par":"Judith Weitzel","Dur\u00e9e de lecture estim\u00e9e":"7 minutes"},"schema":{"@context":"https:\/\/schema.org","@graph":[{"@type":"WebPage","@id":"https:\/\/sha-luzern.ch\/fr\/news\/orange-your-city-le-phoenixwerk-voit-orange","url":"https:\/\/sha-luzern.ch\/fr\/news\/orange-your-city-le-phoenixwerk-voit-orange","name":"Orange your city - SHA Scheffler Helbich Architectes","isPartOf":{"@id":"https:\/\/sha-luzern.ch\/fr#website"},"primaryImageOfPage":{"@id":"https:\/\/sha-luzern.ch\/fr\/news\/orange-your-city-le-phoenixwerk-voit-orange#primaryimage"},"image":{"@id":"https:\/\/sha-luzern.ch\/fr\/news\/orange-your-city-le-phoenixwerk-voit-orange#primaryimage"},"thumbnailUrl":"https:\/\/sha-luzern.ch\/wp-content\/uploads\/CE655-680-2.jpg","datePublished":"2020-11-13T09:26:54+00:00","dateModified":"2024-09-23T14:55:18+00:00","author":{"@id":"https:\/\/sha-luzern.ch\/fr#\/schema\/person\/e68d44538591ce8617e273ae50cb9fb3"},"description":"Fin novembre, des b\u00e2timents remarquables s'illuminent d'une lumi\u00e8re orange pour marquer la lutte contre la violence envers les femmes. PhoenixWERK est de la partie.","breadcrumb":{"@id":"https:\/\/sha-luzern.ch\/fr\/news\/orange-your-city-le-phoenixwerk-voit-orange#breadcrumb"},"inLanguage":"fr-FR","potentialAction":[{"@type":"ReadAction","target":["https:\/\/sha-luzern.ch\/fr\/news\/orange-your-city-le-phoenixwerk-voit-orange"]}]},{"@type":"ImageObject","inLanguage":"fr-FR","@id":"https:\/\/sha-luzern.ch\/fr\/news\/orange-your-city-le-phoenixwerk-voit-orange#primaryimage","url":"https:\/\/sha-luzern.ch\/wp-content\/uploads\/CE655-680-2.jpg","contentUrl":"https:\/\/sha-luzern.ch\/wp-content\/uploads\/CE655-680-2.jpg","width":1800,"height":1179},{"@type":"BreadcrumbList","@id":"https:\/\/sha-luzern.ch\/fr\/news\/orange-your-city-le-phoenixwerk-voit-orange#breadcrumb","itemListElement":[{"@type":"ListItem","position":1,"name":"Startseite","item":"https:\/\/sha-luzern.ch\/fr\/accueil"},{"@type":"ListItem","position":2,"name":"Orange your City : le PhoenixWERK voit orange"}]},{"@type":"WebSite","@id":"https:\/\/sha-luzern.ch\/fr#website","url":"https:\/\/sha-luzern.ch\/fr","name":"SHA Scheffler Helbich Architekten GmbH","description":"","potentialAction":[{"@type":"SearchAction","target":{"@type":"EntryPoint","urlTemplate":"https:\/\/sha-luzern.ch\/fr?s={search_term_string}"},"query-input":{"@type":"PropertyValueSpecification","valueRequired":true,"valueName":"search_term_string"}}],"inLanguage":"fr-FR"},{"@type":"Person","@id":"https:\/\/sha-luzern.ch\/fr#\/schema\/person\/e68d44538591ce8617e273ae50cb9fb3","name":"Judith Weitzel","image":{"@type":"ImageObject","inLanguage":"fr-FR","@id":"https:\/\/sha-luzern.ch\/fr#\/schema\/person\/image\/","url":"https:\/\/secure.gravatar.com\/avatar\/7c6bf497a9b76cc4943bd4d7716e797cafb90c96046233c36845e4654eed5e01?s=96&d=mm&r=g","contentUrl":"https:\/\/secure.gravatar.com\/avatar\/7c6bf497a9b76cc4943bd4d7716e797cafb90c96046233c36845e4654eed5e01?s=96&d=mm&r=g","caption":"Judith Weitzel"}}]}},"_links":{"self":[{"href":"https:\/\/sha-luzern.ch\/fr\/wp-json\/wp\/v2\/posts\/34207","targetHints":{"allow":["GET"]}}],"collection":[{"href":"https:\/\/sha-luzern.ch\/fr\/wp-json\/wp\/v2\/posts"}],"about":[{"href":"https:\/\/sha-luzern.ch\/fr\/wp-json\/wp\/v2\/types\/post"}],"author":[{"embeddable":true,"href":"https:\/\/sha-luzern.ch\/fr\/wp-json\/wp\/v2\/users\/2"}],"replies":[{"embeddable":true,"href":"https:\/\/sha-luzern.ch\/fr\/wp-json\/wp\/v2\/comments?post=34207"}],"version-history":[{"count":20,"href":"https:\/\/sha-luzern.ch\/fr\/wp-json\/wp\/v2\/posts\/34207\/revisions"}],"predecessor-version":[{"id":48029,"href":"https:\/\/sha-luzern.ch\/fr\/wp-json\/wp\/v2\/posts\/34207\/revisions\/48029"}],"wp:featuredmedia":[{"embeddable":true,"href":"https:\/\/sha-luzern.ch\/fr\/wp-json\/wp\/v2\/media\/23627"}],"wp:attachment":[{"href":"https:\/\/sha-luzern.ch\/fr\/wp-json\/wp\/v2\/media?parent=34207"}],"wp:term":[{"taxonomy":"category","embeddable":true,"href":"https:\/\/sha-luzern.ch\/fr\/wp-json\/wp\/v2\/categories?post=34207"},{"taxonomy":"post_tag","embeddable":true,"href":"https:\/\/sha-luzern.ch\/fr\/wp-json\/wp\/v2\/tags?post=34207"}],"curies":[{"name":"wp","href":"https:\/\/api.w.org\/{rel}","templated":true}]}}