{"id":34318,"date":"2020-12-23T11:28:43","date_gmt":"2020-12-23T10:28:43","guid":{"rendered":"https:\/\/sha.de\/aktuelles\/joyeux-noel"},"modified":"2024-09-23T16:55:32","modified_gmt":"2024-09-23T14:55:32","slug":"joyeux-noel","status":"publish","type":"post","link":"https:\/\/sha-luzern.ch\/fr\/news\/joyeux-noel","title":{"rendered":"Joyeux No\u00ebl !"},"content":{"rendered":"<div id='av_section_1' class='avia-section main_color pt-default pb-default avia-no-border-styling avia-bg-style-scroll  avia-builder-el-0  avia-builder-el-no-sibling   container_wrap fullsize' style=' '  ><div class='container' ><main  role=\"main\" itemprop=\"mainContentOfPage\"  class='template-page content  av-content-full alpha units'><div class='post-entry post-entry-type-page post-entry-34318'><div class='entry-content-wrapper clearfix'>\n\n\t\t\t<div id=\"av-k1hoeuzj\" class=\"headline-column flex_column av_one_full flex_column_div first \">\n\t\t\t\t<div class=\"headline-wrap is-outside align-left sub-bottom\">\n\t\t\t\t\t<h1 class=\"headline-content headline-primary\">SHA vous souhaite un joyeux No\u00ebl<\/h1>\n\t\t\t\t\t<h3 class=\"headline-content headline-secondary\">Restez en bonne sant\u00e9 !<\/h3>\n\t\t\t\t<\/div>\n\t\t\t<\/div>\n<div class=\"flex_column av_one_third  flex_column_div av-zero-column-padding first bg-default      avia-builder-el-2  el_after_pixel_sc_headline  el_before_av_one_third  \"><section  class='av_textblock_section av-kfgpxslt-ea45c4f6a96ab89e301f07421d1279df '   itemscope=\"itemscope\" itemtype=\"https:\/\/schema.org\/BlogPosting\" itemprop=\"blogPost\" ><div class='avia_textblock'  itemprop=\"text\" ><p>2020 marque la fin d&rsquo;une ann\u00e9e dont nous nous souviendrons longtemps, car elle a exig\u00e9 beaucoup de nous personnellement et en tant que soci\u00e9t\u00e9. Beaucoup ont d\u00fb faire de grands sacrifices.<\/p>\n<p>Il est d&rsquo;autant plus gratifiant de constater que nous avons malgr\u00e9 tout r\u00e9ussi ensemble \u00e0 rester constants et \u00e0 d\u00e9velopper <a href=\"https:\/\/sha-luzern.ch\/fr\/projets\">de nombreux <span style=\"text-decoration: underline;\">projets<\/span> passionnants<\/a>, m\u00eame pendant cette p\u00e9riode.<\/p>\n<p>Vous nous avez aid\u00e9s dans nos projets et pendant notre d\u00e9m\u00e9nagement dans notre nouveau domicile, le <a href=\"https:\/\/sha-luzern.ch\/fr\/news\/phoenixwerk-nouveau-travail-a-dortmund\"><span style=\"text-decoration: underline;\">PhoenixWERK<\/span><\/a>Nous vous avons accompagn\u00e9 avec bienveillance. Merci beaucoup ! Tout cela nous rend optimistes pour 2021.<\/p>\n<\/div><\/section><\/div><div class=\"flex_column av_one_third  flex_column_div av-zero-column-padding        avia-builder-el-4  el_after_av_one_third  el_before_av_one_third  \"><section  class='av_textblock_section av-kaqj9hph-a2dd80239ddf2f81ba644651e38ce4f1 '   itemscope=\"itemscope\" itemtype=\"https:\/\/schema.org\/BlogPosting\" itemprop=\"blogPost\" ><div class='avia_textblock'  itemprop=\"text\" ><p>Toute l&rsquo;\u00e9quipe de SHA vous souhaite de joyeuses f\u00eates de fin d&rsquo;ann\u00e9e et un bon d\u00e9but d&rsquo;ann\u00e9e ! Restez en bonne sant\u00e9 et toujours \u00e0 notre \u00e9coute !<\/p>\n<p>Du 24.12. jusqu&rsquo;au 03.01. nous nous accordons une pause. Nos bureaux de Dortmund et Berlin sont en cong\u00e9 sabbatique. <a href=\"https:\/\/sha-luzern.ch\/fr\/contact-2021\">Nous serons heureux de vous accueillir \u00e0 nouveau \u00e0 partir du 4 janvier<\/a>.<\/p>\n<\/div><\/section><\/div><div class=\"flex_column av_one_third  flex_column_div av-zero-column-padding        avia-builder-el-6  el_after_av_one_third  el_before_av_one_full  \"><div class=\"quotebox   bg-grey  image-bottom\"><div class=\"quotebox__inner\"><div class=\"quotebox__content\"><div class=\"quotebox__quote\"><span class=\"quotebox-text quotebox-quote\">\u00bbDu 24.12. jusqu\u2019au 03.01. notre bureau n\u2019est pas occup\u00e9. Nous serons heureux de vous accueillir \u00e0 nouveau \u00e0 partir du 4 janvier !\u00ab<\/span><\/div><div class=\"quotebox__info\"><span class=\"quotebox-text quotebox-name\">Ihr SHA-Team<\/span><span class=\"quotebox-text quotebox-desc\"><\/span><\/div><\/div><\/div><\/div><\/div><div class=\"flex_column av_one_full  flex_column_div av-zero-column-padding first       avia-builder-el-8  el_after_av_one_third  avia-builder-el-last  column-top-margin\"><div class=\"slickgallery \">\n\t<div class=\"pixel-slide-wrap\">\n\t\t<div class=\"pixel-slide\" style=\"display: block; width: 100%; float: left;\">\n\t\t\t\t\n\t\t\t\t\t\t\t\t\t\t\t\t\t\n\t\t\t\t\t<div class=\"pixel-slide__image-wrap slide-1\">\n\t\t\t\t\t\t\t<div class=\"pixel-slide__image \"><a href=\"https:\/\/sha-luzern.ch\/wp-content\/uploads\/CE655-674-1262x850.jpg\" rel=\"lightbox\"><img decoding=\"async\" src=\"https:\/\/sha-luzern.ch\/wp-content\/uploads\/CE655-674-706x368.jpg\" alt=\"PhoenixWerk Dortmund SHA Scheffler Helbich Architekten\" title=\"PhoenixWerk Dortmund SHA Scheffler Helbich Architekten\"><\/a><\/div>\n\t\t\t\t\t<\/div>\n\t\t\t\t\n\t\t\t\t\t\t\t\t\t\t\t\t\t\n\t\t\t\t\t<div class=\"pixel-slide__image-wrap slide-2\">\n\t\t\t\t\t\t\t<div class=\"pixel-slide__image \"><a href=\"https:\/\/sha-luzern.ch\/wp-content\/uploads\/201224_Frohe-Weihnachten-quer.jpg\" rel=\"lightbox\"><img decoding=\"async\" src=\"https:\/\/sha-luzern.ch\/wp-content\/uploads\/201224_Frohe-Weihnachten-quer-706x368.jpg\" alt=\"201224 Frohe Weihnachten Quer\" title=\"201224 Frohe Weihnachten Quer\"><\/a><\/div>\n\t\t\t\t\t<\/div>\n\t\t\t\t\n\t\t\t\t\t\t\t\t\t\t\t\t\t\n\t\t\t\t\t<div class=\"pixel-slide__image-wrap slide-3\">\n\t\t\t\t\t\t\t<div class=\"pixel-slide__image \"><a href=\"https:\/\/sha-luzern.ch\/wp-content\/uploads\/031-GF-SHA-Dortmund-September-2020-Kopie2.jpg\" rel=\"lightbox\"><img decoding=\"async\" src=\"https:\/\/sha-luzern.ch\/wp-content\/uploads\/031-GF-SHA-Dortmund-September-2020-Kopie2-706x368.jpg\" alt=\"031 GF SHA Dortmund September 2020 Kopie2\" title=\"031 GF SHA Dortmund September 2020 Kopie2\"><\/a><\/div>\n\t\t\t\t\t<\/div>\n\t\t\t\t\n\t\t\t\t\t\t\t\t\t\t\t\t\t\n\t\t\t\t\t<div class=\"pixel-slide__image-wrap slide-4\">\n\t\t\t\t\t\t\t<div class=\"pixel-slide__image \"><a href=\"https:\/\/sha-luzern.ch\/wp-content\/uploads\/CE655-680-2-1280x838.jpg\" rel=\"lightbox\"><img decoding=\"async\" src=\"https:\/\/sha-luzern.ch\/wp-content\/uploads\/CE655-680-2-706x368.jpg\" alt=\"PhoenixWerk Dortmund SHA Scheffler Helbich Architekten\" title=\"PhoenixWerk Dortmund SHA Scheffler Helbich Architekten\"><\/a><\/div>\n\t\t\t\t\t<\/div>\n\t\t\t\t\n\t\t\t\t\t\t\t\t\t\t\t\t\t\n\t\t\t\t\t<div class=\"pixel-slide__image-wrap slide-5\">\n\t\t\t\t\t\t\t<div class=\"pixel-slide__image \"><a href=\"https:\/\/sha-luzern.ch\/wp-content\/uploads\/CE655-1115-1-1274x850.jpg\" rel=\"lightbox\"><img decoding=\"async\" src=\"https:\/\/sha-luzern.ch\/wp-content\/uploads\/CE655-1115-1-706x368.jpg\" alt=\"PhoenixWerk Dortmund SHA Scheffler Helbich Architekten\" title=\"PhoenixWerk Dortmund SHA Scheffler Helbich Architekten\"><\/a><\/div>\n\t\t\t\t\t<\/div>\n\t\t\t\t\t\t<\/div>\n\t<\/div>\n<\/div><\/div>\n","protected":false},"excerpt":{"rendered":"<p>Toute l&rsquo;\u00e9quipe de SHA vous souhaite de joyeuses f\u00eates de fin d&rsquo;ann\u00e9e et un bon d\u00e9but d&rsquo;ann\u00e9e ! Nous serons de nouveau \u00e0 votre disposition \u00e0 partir du 4 janvier.<\/p>\n","protected":false},"author":2,"featured_media":24197,"comment_status":"closed","ping_status":"closed","sticky":false,"template":"","format":"standard","meta":{"_acf_changed":false,"content-type":"","footnotes":""},"categories":[854],"tags":[1015,1062,1093,1347,1348],"class_list":["post-34318","post","type-post","status-publish","format-standard","has-post-thumbnail","hentry","category-notre-equipe","tag-sha-fr","tag-dortmund-fr","tag-usine-phoenix","tag-jours-feries","tag-noel"],"acf":[],"yoast_head":"<!-- This site is optimized with the Yoast SEO plugin v26.1.1 - https:\/\/yoast.com\/wordpress\/plugins\/seo\/ -->\n<title>Joyeux No\u00ebl - SHA Scheffler Helbich Architectes<\/title>\n<meta name=\"description\" content=\"Toute l&#039;\u00e9quipe de SHA vous souhaite de joyeuses f\u00eates de fin d&#039;ann\u00e9e et un bon d\u00e9but d&#039;ann\u00e9e !\" \/>\n<meta name=\"robots\" content=\"index, follow, max-snippet:-1, max-image-preview:large, max-video-preview:-1\" \/>\n<link rel=\"canonical\" href=\"https:\/\/sha-luzern.ch\/fr\/news\/joyeux-noel\" \/>\n<meta property=\"og:locale\" content=\"fr_FR\" \/>\n<meta property=\"og:type\" content=\"article\" \/>\n<meta property=\"og:title\" content=\"Joyeux No\u00ebl - SHA Scheffler Helbich Architectes\" \/>\n<meta property=\"og:description\" content=\"Toute l&#039;\u00e9quipe de SHA vous souhaite de joyeuses f\u00eates de fin d&#039;ann\u00e9e et un bon d\u00e9but d&#039;ann\u00e9e !\" \/>\n<meta property=\"og:url\" content=\"https:\/\/sha-luzern.ch\/fr\/news\/joyeux-noel\" \/>\n<meta property=\"og:site_name\" content=\"SHA Scheffler Helbich Architekten GmbH\" \/>\n<meta property=\"article:published_time\" content=\"2020-12-23T10:28:43+00:00\" \/>\n<meta property=\"article:modified_time\" content=\"2024-09-23T14:55:32+00:00\" \/>\n<meta property=\"og:image\" content=\"https:\/\/sha-luzern.ch\/wp-content\/uploads\/201224_Frohe-Weihnachten-quer.jpg\" \/>\n\t<meta property=\"og:image:width\" content=\"1090\" \/>\n\t<meta property=\"og:image:height\" content=\"591\" \/>\n\t<meta property=\"og:image:type\" content=\"image\/jpeg\" \/>\n<meta name=\"author\" content=\"Judith Weitzel\" \/>\n<meta name=\"twitter:card\" content=\"summary_large_image\" \/>\n<meta name=\"twitter:label1\" content=\"\u00c9crit par\" \/>\n\t<meta name=\"twitter:data1\" content=\"Judith Weitzel\" \/>\n\t<meta name=\"twitter:label2\" content=\"Dur\u00e9e de lecture estim\u00e9e\" \/>\n\t<meta name=\"twitter:data2\" content=\"5 minutes\" \/>\n<script type=\"application\/ld+json\" class=\"yoast-schema-graph\">{\"@context\":\"https:\/\/schema.org\",\"@graph\":[{\"@type\":\"WebPage\",\"@id\":\"https:\/\/sha-luzern.ch\/fr\/news\/joyeux-noel\",\"url\":\"https:\/\/sha-luzern.ch\/fr\/news\/joyeux-noel\",\"name\":\"Joyeux No\u00ebl - SHA Scheffler Helbich Architectes\",\"isPartOf\":{\"@id\":\"https:\/\/sha-luzern.ch\/fr#website\"},\"primaryImageOfPage\":{\"@id\":\"https:\/\/sha-luzern.ch\/fr\/news\/joyeux-noel#primaryimage\"},\"image\":{\"@id\":\"https:\/\/sha-luzern.ch\/fr\/news\/joyeux-noel#primaryimage\"},\"thumbnailUrl\":\"https:\/\/sha-luzern.ch\/wp-content\/uploads\/201224_Frohe-Weihnachten-quer.jpg\",\"datePublished\":\"2020-12-23T10:28:43+00:00\",\"dateModified\":\"2024-09-23T14:55:32+00:00\",\"author\":{\"@id\":\"https:\/\/sha-luzern.ch\/fr#\/schema\/person\/e68d44538591ce8617e273ae50cb9fb3\"},\"description\":\"Toute l'\u00e9quipe de SHA vous souhaite de joyeuses f\u00eates de fin d'ann\u00e9e et un bon d\u00e9but d'ann\u00e9e !\",\"breadcrumb\":{\"@id\":\"https:\/\/sha-luzern.ch\/fr\/news\/joyeux-noel#breadcrumb\"},\"inLanguage\":\"fr-FR\",\"potentialAction\":[{\"@type\":\"ReadAction\",\"target\":[\"https:\/\/sha-luzern.ch\/fr\/news\/joyeux-noel\"]}]},{\"@type\":\"ImageObject\",\"inLanguage\":\"fr-FR\",\"@id\":\"https:\/\/sha-luzern.ch\/fr\/news\/joyeux-noel#primaryimage\",\"url\":\"https:\/\/sha-luzern.ch\/wp-content\/uploads\/201224_Frohe-Weihnachten-quer.jpg\",\"contentUrl\":\"https:\/\/sha-luzern.ch\/wp-content\/uploads\/201224_Frohe-Weihnachten-quer.jpg\",\"width\":1090,\"height\":591},{\"@type\":\"BreadcrumbList\",\"@id\":\"https:\/\/sha-luzern.ch\/fr\/news\/joyeux-noel#breadcrumb\",\"itemListElement\":[{\"@type\":\"ListItem\",\"position\":1,\"name\":\"Startseite\",\"item\":\"https:\/\/sha-luzern.ch\/fr\/accueil\"},{\"@type\":\"ListItem\",\"position\":2,\"name\":\"Joyeux No\u00ebl !\"}]},{\"@type\":\"WebSite\",\"@id\":\"https:\/\/sha-luzern.ch\/fr#website\",\"url\":\"https:\/\/sha-luzern.ch\/fr\",\"name\":\"SHA Scheffler Helbich Architekten GmbH\",\"description\":\"\",\"potentialAction\":[{\"@type\":\"SearchAction\",\"target\":{\"@type\":\"EntryPoint\",\"urlTemplate\":\"https:\/\/sha-luzern.ch\/fr?s={search_term_string}\"},\"query-input\":{\"@type\":\"PropertyValueSpecification\",\"valueRequired\":true,\"valueName\":\"search_term_string\"}}],\"inLanguage\":\"fr-FR\"},{\"@type\":\"Person\",\"@id\":\"https:\/\/sha-luzern.ch\/fr#\/schema\/person\/e68d44538591ce8617e273ae50cb9fb3\",\"name\":\"Judith Weitzel\",\"image\":{\"@type\":\"ImageObject\",\"inLanguage\":\"fr-FR\",\"@id\":\"https:\/\/sha-luzern.ch\/fr#\/schema\/person\/image\/\",\"url\":\"https:\/\/secure.gravatar.com\/avatar\/7c6bf497a9b76cc4943bd4d7716e797cafb90c96046233c36845e4654eed5e01?s=96&d=mm&r=g\",\"contentUrl\":\"https:\/\/secure.gravatar.com\/avatar\/7c6bf497a9b76cc4943bd4d7716e797cafb90c96046233c36845e4654eed5e01?s=96&d=mm&r=g\",\"caption\":\"Judith Weitzel\"}}]}<\/script>\n<!-- \/ Yoast SEO plugin. -->","yoast_head_json":{"title":"Joyeux No\u00ebl - SHA Scheffler Helbich Architectes","description":"Toute l'\u00e9quipe de SHA vous souhaite de joyeuses f\u00eates de fin d'ann\u00e9e et un bon d\u00e9but d'ann\u00e9e !","robots":{"index":"index","follow":"follow","max-snippet":"max-snippet:-1","max-image-preview":"max-image-preview:large","max-video-preview":"max-video-preview:-1"},"canonical":"https:\/\/sha-luzern.ch\/fr\/news\/joyeux-noel","og_locale":"fr_FR","og_type":"article","og_title":"Joyeux No\u00ebl - SHA Scheffler Helbich Architectes","og_description":"Toute l'\u00e9quipe de SHA vous souhaite de joyeuses f\u00eates de fin d'ann\u00e9e et un bon d\u00e9but d'ann\u00e9e !","og_url":"https:\/\/sha-luzern.ch\/fr\/news\/joyeux-noel","og_site_name":"SHA Scheffler Helbich Architekten GmbH","article_published_time":"2020-12-23T10:28:43+00:00","article_modified_time":"2024-09-23T14:55:32+00:00","og_image":[{"width":1090,"height":591,"url":"https:\/\/sha-luzern.ch\/wp-content\/uploads\/201224_Frohe-Weihnachten-quer.jpg","type":"image\/jpeg"}],"author":"Judith Weitzel","twitter_card":"summary_large_image","twitter_misc":{"\u00c9crit par":"Judith Weitzel","Dur\u00e9e de lecture estim\u00e9e":"5 minutes"},"schema":{"@context":"https:\/\/schema.org","@graph":[{"@type":"WebPage","@id":"https:\/\/sha-luzern.ch\/fr\/news\/joyeux-noel","url":"https:\/\/sha-luzern.ch\/fr\/news\/joyeux-noel","name":"Joyeux No\u00ebl - SHA Scheffler Helbich Architectes","isPartOf":{"@id":"https:\/\/sha-luzern.ch\/fr#website"},"primaryImageOfPage":{"@id":"https:\/\/sha-luzern.ch\/fr\/news\/joyeux-noel#primaryimage"},"image":{"@id":"https:\/\/sha-luzern.ch\/fr\/news\/joyeux-noel#primaryimage"},"thumbnailUrl":"https:\/\/sha-luzern.ch\/wp-content\/uploads\/201224_Frohe-Weihnachten-quer.jpg","datePublished":"2020-12-23T10:28:43+00:00","dateModified":"2024-09-23T14:55:32+00:00","author":{"@id":"https:\/\/sha-luzern.ch\/fr#\/schema\/person\/e68d44538591ce8617e273ae50cb9fb3"},"description":"Toute l'\u00e9quipe de SHA vous souhaite de joyeuses f\u00eates de fin d'ann\u00e9e et un bon d\u00e9but d'ann\u00e9e !","breadcrumb":{"@id":"https:\/\/sha-luzern.ch\/fr\/news\/joyeux-noel#breadcrumb"},"inLanguage":"fr-FR","potentialAction":[{"@type":"ReadAction","target":["https:\/\/sha-luzern.ch\/fr\/news\/joyeux-noel"]}]},{"@type":"ImageObject","inLanguage":"fr-FR","@id":"https:\/\/sha-luzern.ch\/fr\/news\/joyeux-noel#primaryimage","url":"https:\/\/sha-luzern.ch\/wp-content\/uploads\/201224_Frohe-Weihnachten-quer.jpg","contentUrl":"https:\/\/sha-luzern.ch\/wp-content\/uploads\/201224_Frohe-Weihnachten-quer.jpg","width":1090,"height":591},{"@type":"BreadcrumbList","@id":"https:\/\/sha-luzern.ch\/fr\/news\/joyeux-noel#breadcrumb","itemListElement":[{"@type":"ListItem","position":1,"name":"Startseite","item":"https:\/\/sha-luzern.ch\/fr\/accueil"},{"@type":"ListItem","position":2,"name":"Joyeux No\u00ebl !"}]},{"@type":"WebSite","@id":"https:\/\/sha-luzern.ch\/fr#website","url":"https:\/\/sha-luzern.ch\/fr","name":"SHA Scheffler Helbich Architekten GmbH","description":"","potentialAction":[{"@type":"SearchAction","target":{"@type":"EntryPoint","urlTemplate":"https:\/\/sha-luzern.ch\/fr?s={search_term_string}"},"query-input":{"@type":"PropertyValueSpecification","valueRequired":true,"valueName":"search_term_string"}}],"inLanguage":"fr-FR"},{"@type":"Person","@id":"https:\/\/sha-luzern.ch\/fr#\/schema\/person\/e68d44538591ce8617e273ae50cb9fb3","name":"Judith Weitzel","image":{"@type":"ImageObject","inLanguage":"fr-FR","@id":"https:\/\/sha-luzern.ch\/fr#\/schema\/person\/image\/","url":"https:\/\/secure.gravatar.com\/avatar\/7c6bf497a9b76cc4943bd4d7716e797cafb90c96046233c36845e4654eed5e01?s=96&d=mm&r=g","contentUrl":"https:\/\/secure.gravatar.com\/avatar\/7c6bf497a9b76cc4943bd4d7716e797cafb90c96046233c36845e4654eed5e01?s=96&d=mm&r=g","caption":"Judith Weitzel"}}]}},"_links":{"self":[{"href":"https:\/\/sha-luzern.ch\/fr\/wp-json\/wp\/v2\/posts\/34318","targetHints":{"allow":["GET"]}}],"collection":[{"href":"https:\/\/sha-luzern.ch\/fr\/wp-json\/wp\/v2\/posts"}],"about":[{"href":"https:\/\/sha-luzern.ch\/fr\/wp-json\/wp\/v2\/types\/post"}],"author":[{"embeddable":true,"href":"https:\/\/sha-luzern.ch\/fr\/wp-json\/wp\/v2\/users\/2"}],"replies":[{"embeddable":true,"href":"https:\/\/sha-luzern.ch\/fr\/wp-json\/wp\/v2\/comments?post=34318"}],"version-history":[{"count":30,"href":"https:\/\/sha-luzern.ch\/fr\/wp-json\/wp\/v2\/posts\/34318\/revisions"}],"predecessor-version":[{"id":48131,"href":"https:\/\/sha-luzern.ch\/fr\/wp-json\/wp\/v2\/posts\/34318\/revisions\/48131"}],"wp:featuredmedia":[{"embeddable":true,"href":"https:\/\/sha-luzern.ch\/fr\/wp-json\/wp\/v2\/media\/24197"}],"wp:attachment":[{"href":"https:\/\/sha-luzern.ch\/fr\/wp-json\/wp\/v2\/media?parent=34318"}],"wp:term":[{"taxonomy":"category","embeddable":true,"href":"https:\/\/sha-luzern.ch\/fr\/wp-json\/wp\/v2\/categories?post=34318"},{"taxonomy":"post_tag","embeddable":true,"href":"https:\/\/sha-luzern.ch\/fr\/wp-json\/wp\/v2\/tags?post=34318"}],"curies":[{"name":"wp","href":"https:\/\/api.w.org\/{rel}","templated":true}]}}