{"id":34664,"date":"2021-06-01T13:37:31","date_gmt":"2021-06-01T11:37:31","guid":{"rendered":"https:\/\/sha.de\/aktuelles\/le-concept-de-design-de-lensemble-de-bureaux-phoenixwerk"},"modified":"2024-09-23T16:56:28","modified_gmt":"2024-09-23T14:56:28","slug":"le-concept-de-design-de-lensemble-de-bureaux-phoenixwerk","status":"publish","type":"post","link":"https:\/\/sha-luzern.ch\/fr\/news\/le-concept-de-design-de-lensemble-de-bureaux-phoenixwerk","title":{"rendered":"Le concept de design de l&rsquo;ensemble de bureaux PhoenixWERK"},"content":{"rendered":"<div id='av_section_1' class='avia-section main_color pt-default pb-default avia-no-border-styling avia-bg-style-scroll  avia-builder-el-0  avia-builder-el-no-sibling   container_wrap fullsize' style=' '  ><div class='container' ><main  role=\"main\" itemprop=\"mainContentOfPage\"  class='template-page content  av-content-full alpha units'><div class='post-entry post-entry-type-page post-entry-34664'><div class='entry-content-wrapper clearfix'>\n\n\t\t\t<div id=\"av-k1hoeuzj\" class=\"headline-column flex_column av_one_full flex_column_div first \">\n\t\t\t\t<div class=\"headline-wrap is-outside align-left sub-bottom\">\n\t\t\t\t\t<h1 class=\"headline-content headline-primary\">Le concept de design de l\u2019ensemble de bureaux PhoenixWERK<\/h1>\n\t\t\t\t\t<h3 class=\"headline-content headline-secondary\">D\u00e9bat d\u2019experts en vid\u00e9o<\/h3>\n\t\t\t\t<\/div>\n\t\t\t<\/div>\n<div class=\"flex_column av_one_half  flex_column_div av-zero-column-padding first       avia-builder-el-2  el_after_pixel_sc_headline  el_before_av_one_half  \"><div  class='avia-video av-k1w2iezi-3bc240191f5cb4538148ec8f6de29ed1 avia-video-16-9 av-no-preview-image avia-video-load-always av-lazyload-immediate av-lazyload-video-embed'  itemprop=\"video\" itemtype=\"https:\/\/schema.org\/VideoObject\"  data-original_url='https:\/\/youtu.be\/mVww0YvHmnA?t=11'><script type='text\/html' class='av-video-tmpl'> <div class=\"brlbs-cmpnt-container brlbs-cmpnt-content-blocker brlbs-cmpnt-with-individual-styles\" data-borlabs-cookie-content-blocker-id=\"youtube-content-blocker\" data-borlabs-cookie-content=\"PGRpdiBjbGFzcz0nYXZpYS1pZnJhbWUtd3JhcCc+PGlmcmFtZSB0aXRsZT0iRUNPIFNDSFVMVEUgU1VNTUlUIOKAkyBUQUxLIDE6IEFyY2hpdGVrdHVyIHVuZCBCZXNjaGxhZyIgd2lkdGg9IjE1MDAiIGhlaWdodD0iODQ0IiBzcmM9Imh0dHBzOi8vd3d3LnlvdXR1YmUtbm9jb29raWUuY29tL2VtYmVkL21Wd3cwWXZIbW5BP3N0YXJ0PTExJmZlYXR1cmU9b2VtYmVkIiBmcmFtZWJvcmRlcj0iMCIgYWxsb3c9ImFjY2VsZXJvbWV0ZXI7IGF1dG9wbGF5OyBjbGlwYm9hcmQtd3JpdGU7IGVuY3J5cHRlZC1tZWRpYTsgZ3lyb3Njb3BlOyBwaWN0dXJlLWluLXBpY3R1cmU7IHdlYi1zaGFyZSIgcmVmZXJyZXJwb2xpY3k9InN0cmljdC1vcmlnaW4td2hlbi1jcm9zcy1vcmlnaW4iIGFsbG93ZnVsbHNjcmVlbj48L2lmcmFtZT48L2Rpdj4=\"><div class=\"brlbs-cmpnt-cb-preset-c brlbs-cmpnt-cb-youtube\"> <div class=\"brlbs-cmpnt-cb-thumbnail\" style=\"background-image: url('https:\/\/sha-luzern.ch\/wp-content\/uploads\/borlabs-cookie\/1\/yt_mVww0YvHmnA_hqdefault.jpg')\"><\/div> <div class=\"brlbs-cmpnt-cb-main\"> <div class=\"brlbs-cmpnt-cb-play-button\"><\/div> <div class=\"brlbs-cmpnt-cb-content\"> <p class=\"brlbs-cmpnt-cb-description\">Vous \u00eates actuellement en train de consulter le contenu d'un espace r\u00e9serv\u00e9 de <strong>YouTube<\/strong>. Pour acc\u00e9der au contenu r\u00e9el, cliquez sur le bouton ci-dessous. Veuillez noter que ce faisant, des donn\u00e9es seront partag\u00e9es avec des providers tiers.<\/p> <a class=\"brlbs-cmpnt-cb-provider-toggle\" href=\"#\" data-borlabs-cookie-show-provider-information role=\"button\">Plus d'informations<\/a> <\/div> <div class=\"brlbs-cmpnt-cb-buttons\"> <a class=\"brlbs-cmpnt-cb-btn\" href=\"#\" data-borlabs-cookie-unblock role=\"button\">D\u00e9bloquer le contenu<\/a> <a class=\"brlbs-cmpnt-cb-btn\" href=\"#\" data-borlabs-cookie-accept-service role=\"button\" style=\"display: inherit\">Accepter le service requis et d\u00e9bloquer les contenus<\/a> <\/div> <\/div> <\/div><\/div><\/script><div class='av-click-to-play-overlay'><div class=\"avia_playpause_icon\"><\/div><\/div><\/div><\/div><div class=\"flex_column av_one_half  flex_column_div av-zero-column-padding        avia-builder-el-4  el_after_av_one_half  avia-builder-el-last  \"><p><section  class='av_textblock_section av-1twngu-8766383d3879d45000dc1d76ee8c8455 '   itemscope=\"itemscope\" itemtype=\"https:\/\/schema.org\/BlogPosting\" itemprop=\"blogPost\" ><div class='avia_textblock'  itemprop=\"text\" ><p>Le concept architectural de l&rsquo;immeuble <span style=\"text-decoration: underline;\"><a href=\"https:\/\/sha-luzern.ch\/fr\/projects\/bureau-administration\/un-espace-de-travail-innovant-sur-phoenix-west-a-dortmund-horde\">ensemble de bureaux PhoenixWERK<\/a><\/span> a \u00e9t\u00e9 pens\u00e9 dans les moindres d\u00e9tails. Ainsi, pour la planification de l&rsquo;ensemble du syst\u00e8me de fermeture et pour la r\u00e9alisation des ferrures pour les fen\u00eatres et les portes, nous avons collabor\u00e9 avec le sp\u00e9cialiste des syst\u00e8mes de porte <a href=\"https:\/\/www.eco-schulte.com\/\" target=\"_blank\" rel=\"noopener nofollow\"><span style=\"text-decoration: underline;\">ECO Schulte<\/span><\/a> de Menden.<\/p>\n<p>Lors de l&rsquo;\u00e9v\u00e9nement en ligne <em>ECO Schulte Summit<\/em>, Christoph Helbich, associ\u00e9 g\u00e9rant de SHA Scheffler Helbich Architekten GmbH, a \u00e9t\u00e9 invit\u00e9 \u00e0 participer au talk en tant qu&rsquo;expert. L&rsquo;entretien avec Dennis Hogrebe de ECO Schulte a port\u00e9 sur l&rsquo;exemple du concept de design PhoenixWERKS et sur la question de savoir comment des ferrures de portes et de fen\u00eatres individuelles peuvent r\u00e9pondre \u00e0 une architecture de projet exigeante. Regardez \u00e0 l&rsquo;int\u00e9rieur !<\/p>\n<\/div><\/section><br \/>\n\n<style type=\"text\/css\" data-created_by=\"avia_inline_auto\" id=\"style-css-av-k3fr046x-cb289bc273ecde5472526e002776a8d1\">\n#top .hr.hr-invisible.av-k3fr046x-cb289bc273ecde5472526e002776a8d1{\nheight:40px;\n}\n<\/style>\n<div  class='hr av-k3fr046x-cb289bc273ecde5472526e002776a8d1 hr-invisible  avia-builder-el-6  el_after_av_textblock  el_before_av_textblock '><span class='hr-inner '><span class=\"hr-inner-style\"><\/span><\/span><\/div><br \/>\n<section  class='av_textblock_section av-k30ao5o3-5d6e10e6baaa11d3210e8720dcc0950a '   itemscope=\"itemscope\" itemtype=\"https:\/\/schema.org\/BlogPosting\" itemprop=\"blogPost\" ><div class='avia_textblock'  itemprop=\"text\" ><div class=\"fakten\">\n<p><strong>Liens compl\u00e9mentaires<\/strong><\/p>\n<ul>\n<li><a href=\"https:\/\/sha-luzern.ch\/fr\/news\/prix-darchitecture-pour-le-phoenixwerk\">Prix d&rsquo;architecture Dortmund Hamm Unna 2020 pour le PhoenixWERK<\/a><\/li>\n<li><a href=\"https:\/\/sha-luzern.ch\/fr\/projets\/bureau-et-administration\">R\u00e9f\u00e9rences dans la construction de bureaux et d&rsquo;administrations<\/a><\/li>\n<li><a href=\"https:\/\/www.youtube.com\/watch?v=rLvljSF5hHk\" target=\"_blank\" rel=\"noopener nofollow\">Le PhoenixWERK en vid\u00e9o<\/a><\/li>\n<\/ul>\n<\/div>\n<\/div><\/section><\/p><\/div>\n","protected":false},"excerpt":{"rendered":"<p>ECO Schulte Summit : Christoph Helbich de SHA a parl\u00e9 du concept de design de l&rsquo;ensemble de bureaux PhoenixWERK dans le cadre d&rsquo;un d\u00e9bat d&rsquo;experts en ligne. D\u00e9couvrez l&rsquo;\u00e9v\u00e9nement en vid\u00e9o ici.<\/p>\n","protected":false},"author":2,"featured_media":23963,"comment_status":"closed","ping_status":"closed","sticky":false,"template":"","format":"standard","meta":{"_acf_changed":false,"content-type":"","footnotes":""},"categories":[846,854,857],"tags":[1038,1039,1040,1041,1043,1093],"class_list":["post-34664","post","type-post","status-publish","format-standard","has-post-thumbnail","hentry","category-dortmund-fr","category-notre-equipe","category-gestion","tag-video-fr","tag-interview-fr","tag-immeuble-de-bureaux","tag-bureau","tag-design-fr","tag-usine-phoenix"],"acf":[],"yoast_head":"<!-- This site is optimized with the Yoast SEO plugin v26.1.1 - https:\/\/yoast.com\/wordpress\/plugins\/seo\/ -->\n<title>Discussion d&#039;experts sur le PhoenixWERK - SHA Scheffler Helnich Architekten<\/title>\n<meta name=\"description\" content=\"ECO Schulte Summit : Christoph Helbich de SHA en conversation d&#039;expert sur le concept de design de l&#039;ensemble de bureaux PhoenixWERK.\" \/>\n<meta name=\"robots\" content=\"index, follow, max-snippet:-1, max-image-preview:large, max-video-preview:-1\" \/>\n<link rel=\"canonical\" href=\"https:\/\/sha-luzern.ch\/fr\/news\/le-concept-de-design-de-lensemble-de-bureaux-phoenixwerk\" \/>\n<meta property=\"og:locale\" content=\"fr_FR\" \/>\n<meta property=\"og:type\" content=\"article\" \/>\n<meta property=\"og:title\" content=\"Discussion d&#039;experts sur le PhoenixWERK - SHA Scheffler Helnich Architekten\" \/>\n<meta property=\"og:description\" content=\"ECO Schulte Summit : Christoph Helbich de SHA en conversation d&#039;expert sur le concept de design de l&#039;ensemble de bureaux PhoenixWERK.\" \/>\n<meta property=\"og:url\" content=\"https:\/\/sha-luzern.ch\/fr\/news\/le-concept-de-design-de-lensemble-de-bureaux-phoenixwerk\" \/>\n<meta property=\"og:site_name\" content=\"SHA Scheffler Helbich Architekten GmbH\" \/>\n<meta property=\"article:published_time\" content=\"2021-06-01T11:37:31+00:00\" \/>\n<meta property=\"article:modified_time\" content=\"2024-09-23T14:56:28+00:00\" \/>\n<meta property=\"og:image\" content=\"https:\/\/sha-luzern.ch\/wp-content\/uploads\/CE655-138-1.jpg\" \/>\n\t<meta property=\"og:image:width\" content=\"1800\" \/>\n\t<meta property=\"og:image:height\" content=\"1201\" \/>\n\t<meta property=\"og:image:type\" content=\"image\/jpeg\" \/>\n<meta name=\"author\" content=\"Judith Weitzel\" \/>\n<meta name=\"twitter:card\" content=\"summary_large_image\" \/>\n<meta name=\"twitter:label1\" content=\"\u00c9crit par\" \/>\n\t<meta name=\"twitter:data1\" content=\"Judith Weitzel\" \/>\n\t<meta name=\"twitter:label2\" content=\"Dur\u00e9e de lecture estim\u00e9e\" \/>\n\t<meta name=\"twitter:data2\" content=\"4 minutes\" \/>\n<script type=\"application\/ld+json\" class=\"yoast-schema-graph\">{\"@context\":\"https:\/\/schema.org\",\"@graph\":[{\"@type\":\"WebPage\",\"@id\":\"https:\/\/sha-luzern.ch\/fr\/news\/le-concept-de-design-de-lensemble-de-bureaux-phoenixwerk\",\"url\":\"https:\/\/sha-luzern.ch\/fr\/news\/le-concept-de-design-de-lensemble-de-bureaux-phoenixwerk\",\"name\":\"Discussion d'experts sur le PhoenixWERK - SHA Scheffler Helnich Architekten\",\"isPartOf\":{\"@id\":\"https:\/\/sha-luzern.ch\/fr#website\"},\"primaryImageOfPage\":{\"@id\":\"https:\/\/sha-luzern.ch\/fr\/news\/le-concept-de-design-de-lensemble-de-bureaux-phoenixwerk#primaryimage\"},\"image\":{\"@id\":\"https:\/\/sha-luzern.ch\/fr\/news\/le-concept-de-design-de-lensemble-de-bureaux-phoenixwerk#primaryimage\"},\"thumbnailUrl\":\"https:\/\/sha-luzern.ch\/wp-content\/uploads\/CE655-138-1.jpg\",\"datePublished\":\"2021-06-01T11:37:31+00:00\",\"dateModified\":\"2024-09-23T14:56:28+00:00\",\"author\":{\"@id\":\"https:\/\/sha-luzern.ch\/fr#\/schema\/person\/e68d44538591ce8617e273ae50cb9fb3\"},\"description\":\"ECO Schulte Summit : Christoph Helbich de SHA en conversation d'expert sur le concept de design de l'ensemble de bureaux PhoenixWERK.\",\"breadcrumb\":{\"@id\":\"https:\/\/sha-luzern.ch\/fr\/news\/le-concept-de-design-de-lensemble-de-bureaux-phoenixwerk#breadcrumb\"},\"inLanguage\":\"fr-FR\",\"potentialAction\":[{\"@type\":\"ReadAction\",\"target\":[\"https:\/\/sha-luzern.ch\/fr\/news\/le-concept-de-design-de-lensemble-de-bureaux-phoenixwerk\"]}]},{\"@type\":\"ImageObject\",\"inLanguage\":\"fr-FR\",\"@id\":\"https:\/\/sha-luzern.ch\/fr\/news\/le-concept-de-design-de-lensemble-de-bureaux-phoenixwerk#primaryimage\",\"url\":\"https:\/\/sha-luzern.ch\/wp-content\/uploads\/CE655-138-1.jpg\",\"contentUrl\":\"https:\/\/sha-luzern.ch\/wp-content\/uploads\/CE655-138-1.jpg\",\"width\":1800,\"height\":1201},{\"@type\":\"BreadcrumbList\",\"@id\":\"https:\/\/sha-luzern.ch\/fr\/news\/le-concept-de-design-de-lensemble-de-bureaux-phoenixwerk#breadcrumb\",\"itemListElement\":[{\"@type\":\"ListItem\",\"position\":1,\"name\":\"Startseite\",\"item\":\"https:\/\/sha-luzern.ch\/fr\/accueil\"},{\"@type\":\"ListItem\",\"position\":2,\"name\":\"Le concept de design de l&#8217;ensemble de bureaux PhoenixWERK\"}]},{\"@type\":\"WebSite\",\"@id\":\"https:\/\/sha-luzern.ch\/fr#website\",\"url\":\"https:\/\/sha-luzern.ch\/fr\",\"name\":\"SHA Scheffler Helbich Architekten GmbH\",\"description\":\"\",\"potentialAction\":[{\"@type\":\"SearchAction\",\"target\":{\"@type\":\"EntryPoint\",\"urlTemplate\":\"https:\/\/sha-luzern.ch\/fr?s={search_term_string}\"},\"query-input\":{\"@type\":\"PropertyValueSpecification\",\"valueRequired\":true,\"valueName\":\"search_term_string\"}}],\"inLanguage\":\"fr-FR\"},{\"@type\":\"Person\",\"@id\":\"https:\/\/sha-luzern.ch\/fr#\/schema\/person\/e68d44538591ce8617e273ae50cb9fb3\",\"name\":\"Judith Weitzel\",\"image\":{\"@type\":\"ImageObject\",\"inLanguage\":\"fr-FR\",\"@id\":\"https:\/\/sha-luzern.ch\/fr#\/schema\/person\/image\/\",\"url\":\"https:\/\/secure.gravatar.com\/avatar\/7c6bf497a9b76cc4943bd4d7716e797cafb90c96046233c36845e4654eed5e01?s=96&d=mm&r=g\",\"contentUrl\":\"https:\/\/secure.gravatar.com\/avatar\/7c6bf497a9b76cc4943bd4d7716e797cafb90c96046233c36845e4654eed5e01?s=96&d=mm&r=g\",\"caption\":\"Judith Weitzel\"}}]}<\/script>\n<!-- \/ Yoast SEO plugin. -->","yoast_head_json":{"title":"Discussion d'experts sur le PhoenixWERK - SHA Scheffler Helnich Architekten","description":"ECO Schulte Summit : Christoph Helbich de SHA en conversation d'expert sur le concept de design de l'ensemble de bureaux PhoenixWERK.","robots":{"index":"index","follow":"follow","max-snippet":"max-snippet:-1","max-image-preview":"max-image-preview:large","max-video-preview":"max-video-preview:-1"},"canonical":"https:\/\/sha-luzern.ch\/fr\/news\/le-concept-de-design-de-lensemble-de-bureaux-phoenixwerk","og_locale":"fr_FR","og_type":"article","og_title":"Discussion d'experts sur le PhoenixWERK - SHA Scheffler Helnich Architekten","og_description":"ECO Schulte Summit : Christoph Helbich de SHA en conversation d'expert sur le concept de design de l'ensemble de bureaux PhoenixWERK.","og_url":"https:\/\/sha-luzern.ch\/fr\/news\/le-concept-de-design-de-lensemble-de-bureaux-phoenixwerk","og_site_name":"SHA Scheffler Helbich Architekten GmbH","article_published_time":"2021-06-01T11:37:31+00:00","article_modified_time":"2024-09-23T14:56:28+00:00","og_image":[{"width":1800,"height":1201,"url":"https:\/\/sha-luzern.ch\/wp-content\/uploads\/CE655-138-1.jpg","type":"image\/jpeg"}],"author":"Judith Weitzel","twitter_card":"summary_large_image","twitter_misc":{"\u00c9crit par":"Judith Weitzel","Dur\u00e9e de lecture estim\u00e9e":"4 minutes"},"schema":{"@context":"https:\/\/schema.org","@graph":[{"@type":"WebPage","@id":"https:\/\/sha-luzern.ch\/fr\/news\/le-concept-de-design-de-lensemble-de-bureaux-phoenixwerk","url":"https:\/\/sha-luzern.ch\/fr\/news\/le-concept-de-design-de-lensemble-de-bureaux-phoenixwerk","name":"Discussion d'experts sur le PhoenixWERK - SHA Scheffler Helnich Architekten","isPartOf":{"@id":"https:\/\/sha-luzern.ch\/fr#website"},"primaryImageOfPage":{"@id":"https:\/\/sha-luzern.ch\/fr\/news\/le-concept-de-design-de-lensemble-de-bureaux-phoenixwerk#primaryimage"},"image":{"@id":"https:\/\/sha-luzern.ch\/fr\/news\/le-concept-de-design-de-lensemble-de-bureaux-phoenixwerk#primaryimage"},"thumbnailUrl":"https:\/\/sha-luzern.ch\/wp-content\/uploads\/CE655-138-1.jpg","datePublished":"2021-06-01T11:37:31+00:00","dateModified":"2024-09-23T14:56:28+00:00","author":{"@id":"https:\/\/sha-luzern.ch\/fr#\/schema\/person\/e68d44538591ce8617e273ae50cb9fb3"},"description":"ECO Schulte Summit : Christoph Helbich de SHA en conversation d'expert sur le concept de design de l'ensemble de bureaux PhoenixWERK.","breadcrumb":{"@id":"https:\/\/sha-luzern.ch\/fr\/news\/le-concept-de-design-de-lensemble-de-bureaux-phoenixwerk#breadcrumb"},"inLanguage":"fr-FR","potentialAction":[{"@type":"ReadAction","target":["https:\/\/sha-luzern.ch\/fr\/news\/le-concept-de-design-de-lensemble-de-bureaux-phoenixwerk"]}]},{"@type":"ImageObject","inLanguage":"fr-FR","@id":"https:\/\/sha-luzern.ch\/fr\/news\/le-concept-de-design-de-lensemble-de-bureaux-phoenixwerk#primaryimage","url":"https:\/\/sha-luzern.ch\/wp-content\/uploads\/CE655-138-1.jpg","contentUrl":"https:\/\/sha-luzern.ch\/wp-content\/uploads\/CE655-138-1.jpg","width":1800,"height":1201},{"@type":"BreadcrumbList","@id":"https:\/\/sha-luzern.ch\/fr\/news\/le-concept-de-design-de-lensemble-de-bureaux-phoenixwerk#breadcrumb","itemListElement":[{"@type":"ListItem","position":1,"name":"Startseite","item":"https:\/\/sha-luzern.ch\/fr\/accueil"},{"@type":"ListItem","position":2,"name":"Le concept de design de l&#8217;ensemble de bureaux PhoenixWERK"}]},{"@type":"WebSite","@id":"https:\/\/sha-luzern.ch\/fr#website","url":"https:\/\/sha-luzern.ch\/fr","name":"SHA Scheffler Helbich Architekten GmbH","description":"","potentialAction":[{"@type":"SearchAction","target":{"@type":"EntryPoint","urlTemplate":"https:\/\/sha-luzern.ch\/fr?s={search_term_string}"},"query-input":{"@type":"PropertyValueSpecification","valueRequired":true,"valueName":"search_term_string"}}],"inLanguage":"fr-FR"},{"@type":"Person","@id":"https:\/\/sha-luzern.ch\/fr#\/schema\/person\/e68d44538591ce8617e273ae50cb9fb3","name":"Judith Weitzel","image":{"@type":"ImageObject","inLanguage":"fr-FR","@id":"https:\/\/sha-luzern.ch\/fr#\/schema\/person\/image\/","url":"https:\/\/secure.gravatar.com\/avatar\/7c6bf497a9b76cc4943bd4d7716e797cafb90c96046233c36845e4654eed5e01?s=96&d=mm&r=g","contentUrl":"https:\/\/secure.gravatar.com\/avatar\/7c6bf497a9b76cc4943bd4d7716e797cafb90c96046233c36845e4654eed5e01?s=96&d=mm&r=g","caption":"Judith Weitzel"}}]}},"_links":{"self":[{"href":"https:\/\/sha-luzern.ch\/fr\/wp-json\/wp\/v2\/posts\/34664","targetHints":{"allow":["GET"]}}],"collection":[{"href":"https:\/\/sha-luzern.ch\/fr\/wp-json\/wp\/v2\/posts"}],"about":[{"href":"https:\/\/sha-luzern.ch\/fr\/wp-json\/wp\/v2\/types\/post"}],"author":[{"embeddable":true,"href":"https:\/\/sha-luzern.ch\/fr\/wp-json\/wp\/v2\/users\/2"}],"replies":[{"embeddable":true,"href":"https:\/\/sha-luzern.ch\/fr\/wp-json\/wp\/v2\/comments?post=34664"}],"version-history":[{"count":16,"href":"https:\/\/sha-luzern.ch\/fr\/wp-json\/wp\/v2\/posts\/34664\/revisions"}],"predecessor-version":[{"id":48565,"href":"https:\/\/sha-luzern.ch\/fr\/wp-json\/wp\/v2\/posts\/34664\/revisions\/48565"}],"wp:featuredmedia":[{"embeddable":true,"href":"https:\/\/sha-luzern.ch\/fr\/wp-json\/wp\/v2\/media\/23963"}],"wp:attachment":[{"href":"https:\/\/sha-luzern.ch\/fr\/wp-json\/wp\/v2\/media?parent=34664"}],"wp:term":[{"taxonomy":"category","embeddable":true,"href":"https:\/\/sha-luzern.ch\/fr\/wp-json\/wp\/v2\/categories?post=34664"},{"taxonomy":"post_tag","embeddable":true,"href":"https:\/\/sha-luzern.ch\/fr\/wp-json\/wp\/v2\/tags?post=34664"}],"curies":[{"name":"wp","href":"https:\/\/api.w.org\/{rel}","templated":true}]}}