{"id":35092,"date":"2018-05-25T14:38:01","date_gmt":"2018-05-25T12:38:01","guid":{"rendered":"https:\/\/sha.de\/aktuelles\/construction-dinstallations-sportives-le-centre-dentrainement-du-bvb"},"modified":"2024-09-23T16:58:05","modified_gmt":"2024-09-23T14:58:05","slug":"construction-dinstallations-sportives-le-centre-dentrainement-du-bvb","status":"publish","type":"post","link":"https:\/\/sha-luzern.ch\/fr\/news\/construction-dinstallations-sportives-le-centre-dentrainement-du-bvb","title":{"rendered":"Construction d&rsquo;installations sportives : le centre d&rsquo;entra\u00eenement du BVB"},"content":{"rendered":"<div id='av_section_1' class='avia-section main_color pt-default pb-default avia-no-border-styling avia-bg-style-scroll  avia-builder-el-0  el_before_av_section  avia-builder-el-first   container_wrap fullsize' style=' '  ><div class='container' ><main  role=\"main\" itemprop=\"mainContentOfPage\"  class='template-page content  av-content-full alpha units'><div class='post-entry post-entry-type-page post-entry-35092'><div class='entry-content-wrapper clearfix'>\n\n\t\t\t<div id=\"av-k1hoeuzj\" class=\"headline-column flex_column av_one_full flex_column_div first \">\n\t\t\t\t<div class=\"headline-wrap is-outside align-left sub-bottom\">\n\t\t\t\t\t<h1 class=\"headline-content headline-primary\">Construction d\u2019installations sportives : un v\u00e9ritable amour<\/h1>\n\t\t\t\t\t<h3 class=\"headline-content headline-secondary\">Centre d\u2019entra\u00eenement du Borussia Dortmund<\/h3>\n\t\t\t\t<\/div>\n\t\t\t<\/div>\n<div class=\"flex_column av_one_third  flex_column_div av-zero-column-padding first bg-default   img-left   avia-builder-el-2  el_after_pixel_sc_headline  el_before_av_one_third  \"><p><section  class='av_textblock_section av-k306azl0-f912fc99859bcd495c04c1e187957bf8 '   itemscope=\"itemscope\" itemtype=\"https:\/\/schema.org\/BlogPosting\" itemprop=\"blogPost\" ><div class='avia_textblock'  itemprop=\"text\" ><p>Lorsque le nouveau centre d&rsquo;entra\u00eenement a \u00e9t\u00e9 inaugur\u00e9 en 2005 avec les b\u00e2timents amateurs et professionnels de l&rsquo;\u00e9poque ainsi que les premiers terrains, rien ne laissait pr\u00e9sager que ce ne serait que le d\u00e9but d&rsquo;une fantastique collaboration : Le Borussia Dortmund venait de traverser la p\u00e9riode la plus dramatique de son histoire sur le plan \u00e9conomique lorsque nous avons construit un autre b\u00e2timent &#8211; cette fois uniquement pour les professionnels &#8211; pour le Borussia Dortmund en tant qu&rsquo;utilisateur et DSW 21 en tant que ma\u00eetre d&rsquo;ouvrage dans la deuxi\u00e8me phase de construction.<\/p>\n<p>Ce b\u00e2timent \u00e9tait \u00e0 peine termin\u00e9 que J\u00fcrgen Klopp et sa jeune \u00e9quipe remportaient le championnat allemand. Selon la l\u00e9gende, il souhaitait que le club construise ce que l&rsquo;on appelle le footbonaute avec la salle que nous avons construite. Parall\u00e8lement, le club a renforc\u00e9 son engagement dans le travail avec les jeunes et a construit, selon nos plans, le centre de formation avec un total de 22 chambres pour les joueurs \u00e2g\u00e9s de 14 \u00e0 17 ans.<\/p>\n<\/div><\/section><br \/>\n<div class=\"linklist-wrap  avia-builder-el-4  el_after_av_textblock  avia-builder-el-last \"><h4>Liens compl\u00e9mentaires<\/h4><ul class=\"linklist\"><li class=\"linklist__entry av-dr5x6\"><a href=\"https:\/\/sha-luzern.ch\/projekte\/stadien-sportstaetten\" target=\"_blank\"><span class=\"\">Nos r\u00e9f\u00e9rences en mati\u00e8re d\u2019installations sportives<\/span><\/a><p class=\"linklist__entry-desc\"><\/p><\/li><li class=\"linklist__entry av-2sf0qi\"><a href=\"https:\/\/www.bvb.de\/\" target=\"_blank\"><span class=\"\">Toutes les infos sur le Borussia Dortmund<\/span><\/a><p class=\"linklist__entry-desc\"><\/p><\/li><\/ul><\/div><\/p><\/div><div class=\"flex_column av_one_third  flex_column_div av-zero-column-padding        avia-builder-el-5  el_after_av_one_third  el_before_av_one_third  \"><section  class='av_textblock_section av-k306azl0-1-ec7806697f535f6421796c18e3a2e267 '   itemscope=\"itemscope\" itemtype=\"https:\/\/schema.org\/BlogPosting\" itemprop=\"blogPost\" ><div class='avia_textblock'  itemprop=\"text\" ><p><strong>BRI\u00c8VEMENT DEMAND\u00c9&#8230; Marcel Schlegel<\/strong><\/p>\n<p><strong>Construire pour la Bundesliga : quelle est la particularit\u00e9 de cette mission ?<\/strong><br \/>\nLe travail avec le BVB est vraiment g\u00e9nial. Mais nous ne faisons pas de distinction entre le fait que notre ma\u00eetre d&rsquo;ouvrage soit ou non vainqueur de la Coupe du monde. Nos ma\u00eetres d&rsquo;ouvrage travaillent avec nous parce que nous comprenons leurs exigences sp\u00e9cifiques, les transformons en relations fonctionnelles et les r\u00e9alisons ensuite dans le respect des d\u00e9lais et des co\u00fbts. Il s&rsquo;agit simplement d&rsquo;un travail professionnel.<\/p>\n<p><strong>Pourtant, le bureau dispose manifestement de connaissances sp\u00e9cifiques en mati\u00e8re de construction d&rsquo;installations sportives.<\/strong><br \/>\nOui, c&rsquo;est vrai. Nous sommes convaincus que notre savoir-faire sp\u00e9cifique en mati\u00e8re de construction d&rsquo;installations sportives nous permet de conseiller particuli\u00e8rement bien nos ma\u00eetres d&rsquo;ouvrage.<\/p>\n<p><strong>Expliquez-nous bri\u00e8vement : qu&rsquo;est-ce qu&rsquo;un footbonaute ?<br \/>\n<\/strong>Il s&rsquo;agit d&rsquo;une sorte de PlayStation en prise avec la r\u00e9alit\u00e9 : ici, de grandes machines \u00e0 balles permettent aux joueurs convalescents de se remettre \u00e0 l&rsquo;entra\u00eenement. En m\u00eame temps, les athl\u00e8tes peuvent travailler leur rapidit\u00e9 d&rsquo;action et leur pr\u00e9cision de passe. D&rsquo;ailleurs, l&rsquo;inventeur du footbonaute est Christian G\u00fcttler, fils du trompettiste virtuose Ludwig G\u00fcttler, \u00e0 l&rsquo;origine de la reconstruction de l&rsquo;\u00e9glise Frauenkirche de Dresde.<\/p>\n<\/div><\/section><\/div><div class=\"flex_column av_one_third  flex_column_div av-zero-column-padding        avia-builder-el-7  el_after_av_one_third  avia-builder-el-last  \"><div class=\"quotebox  has-image bg-yellow  image-top\"><div class=\"quotebox__inner\"><div class=\"quotebox__media\"><img decoding=\"async\" src=\"https:\/\/sha-luzern.ch\/wp-content\/uploads\/Team_Schlegel-706x368.jpg\" alt=\"Marcel Schlegel\" \/><\/div><div class=\"quotebox__content\"><div class=\"quotebox__quote\"><span class=\"quotebox-text quotebox-quote\">\u00bbC\u2019est fantastique de travailler avec une association aussi formidable.\u00ab<\/span><\/div><div class=\"quotebox__info\"><span class=\"quotebox-text quotebox-name\">Marcel Schlegel<\/span><span class=\"quotebox-text quotebox-desc\">Chef de projet et responsable de la planification des projets BVB actuels<\/span><\/div><\/div><\/div><\/div><\/div><\/div><\/div><\/main><!-- close content main element --><\/div><\/div><div id='av_section_2' class='avia-section main_color pt-0 pb-default avia-no-border-styling avia-bg-style-scroll  avia-builder-el-9  el_after_av_section  avia-builder-el-last   container_wrap fullsize' style=' '  ><div class='container' ><div class='template-page content  av-content-full alpha units'><div class='post-entry post-entry-type-page post-entry-35092'><div class='entry-content-wrapper clearfix'>\n<div class=\"slickgallery \">\n\t<div class=\"pixel-slide-wrap\">\n\t\t<div class=\"pixel-slide\" style=\"display: block; width: 100%; float: left;\">\n\t\t\t\t\n\t\t\t\t\t\t\t\t\t\t\t\t\t\n\t\t\t\t\t<div class=\"pixel-slide__image-wrap slide-1\">\n\t\t\t\t\t\t\t<div class=\"pixel-slide__image \"><a href=\"https:\/\/sha-luzern.ch\/wp-content\/uploads\/BVB-Trainingszentrum-Borussia-Dortmund-2-1265x850.jpg\" rel=\"lightbox\"><img decoding=\"async\" src=\"https:\/\/sha-luzern.ch\/wp-content\/uploads\/BVB-Trainingszentrum-Borussia-Dortmund-2-706x368.jpg\" alt=\"BVB Trainingszentrum, SHA Scheffler Helbich Architekten Dortmund\" title=\"BVB Trainingszentrum, SHA Scheffler Helbich Architekten Dortmund\"><\/a><\/div>\n\t\t\t\t\t<\/div>\n\t\t\t\t\n\t\t\t\t\t\t\t\t\t\t\t\t\t\n\t\t\t\t\t<div class=\"pixel-slide__image-wrap slide-2\">\n\t\t\t\t\t\t\t<div class=\"pixel-slide__image \"><a href=\"https:\/\/sha-luzern.ch\/wp-content\/uploads\/BVB-Trainingszentrum-Borussia-Dortmund-1-1280x846.jpg\" rel=\"lightbox\"><img decoding=\"async\" src=\"https:\/\/sha-luzern.ch\/wp-content\/uploads\/BVB-Trainingszentrum-Borussia-Dortmund-1-706x368.jpg\" alt=\"BVB Trainingszentrum, SHA Scheffler Helbich Architekten Dortmund\" title=\"BVB Trainingszentrum, SHA Scheffler Helbich Architekten Dortmund\"><\/a><\/div>\n\t\t\t\t\t<\/div>\n\t\t\t\t\n\t\t\t\t\t\t\t\t\t\t\t\t\t\n\t\t\t\t\t<div class=\"pixel-slide__image-wrap slide-3\">\n\t\t\t\t\t\t\t<div class=\"pixel-slide__image \"><a href=\"https:\/\/sha-luzern.ch\/wp-content\/uploads\/BVB-Trainingszentrum-Borussia-Dortmund-5-1255x850.jpg\" rel=\"lightbox\"><img decoding=\"async\" src=\"https:\/\/sha-luzern.ch\/wp-content\/uploads\/BVB-Trainingszentrum-Borussia-Dortmund-5-706x368.jpg\" alt=\"BVB Trainingszentrum, SHA Scheffler Helbich Architekten Dortmund\" title=\"BVB Trainingszentrum, SHA Scheffler Helbich Architekten Dortmund\"><\/a><\/div>\n\t\t\t\t\t<\/div>\n\t\t\t\t\n\t\t\t\t\t\t\t\t\t\t\t\t\t\n\t\t\t\t\t<div class=\"pixel-slide__image-wrap slide-4\">\n\t\t\t\t\t\t\t<div class=\"pixel-slide__image \"><a href=\"https:\/\/sha-luzern.ch\/wp-content\/uploads\/BVB-Trainingszentrum-Borussia-Dortmund-6-574x850.jpg\" rel=\"lightbox\"><img decoding=\"async\" src=\"https:\/\/sha-luzern.ch\/wp-content\/uploads\/BVB-Trainingszentrum-Borussia-Dortmund-6-706x368.jpg\" alt=\"BVB Trainingszentrum, SHA Scheffler Helbich Architekten Dortmund\" title=\"BVB Trainingszentrum, SHA Scheffler Helbich Architekten Dortmund\"><\/a><\/div>\n\t\t\t\t\t<\/div>\n\t\t\t\t\n\t\t\t\t\t\t\t\t\t\t\t\t\t\n\t\t\t\t\t<div class=\"pixel-slide__image-wrap slide-5\">\n\t\t\t\t\t\t\t<div class=\"pixel-slide__image \"><a href=\"https:\/\/sha-luzern.ch\/wp-content\/uploads\/BVB-Trainingszentrum-Borussia-Dortmund-4-1272x850.jpg\" rel=\"lightbox\"><img decoding=\"async\" src=\"https:\/\/sha-luzern.ch\/wp-content\/uploads\/BVB-Trainingszentrum-Borussia-Dortmund-4-706x368.jpg\" alt=\"CE81 6\" title=\"CE81 6\"><\/a><\/div>\n\t\t\t\t\t<\/div>\n\t\t\t\t\n\t\t\t\t\t\t\t\t\t\t\t\t\t\n\t\t\t\t\t<div class=\"pixel-slide__image-wrap slide-6\">\n\t\t\t\t\t\t\t<div class=\"pixel-slide__image \"><a href=\"https:\/\/sha-luzern.ch\/wp-content\/uploads\/BVB-Trainingszentrum-Borussia-Dortmund-3-575x850.jpg\" rel=\"lightbox\"><img decoding=\"async\" src=\"https:\/\/sha-luzern.ch\/wp-content\/uploads\/BVB-Trainingszentrum-Borussia-Dortmund-3-706x368.jpg\" alt=\"BVB Trainingszentrum, SHA Scheffler Helbich Architekten Dortmund\" title=\"BVB Trainingszentrum, SHA Scheffler Helbich Architekten Dortmund\"><\/a><\/div>\n\t\t\t\t\t<\/div>\n\t\t\t\t\t\t<\/div>\n\t<\/div>\n<\/div>\n\n<\/p>\n","protected":false},"excerpt":{"rendered":"<p>Lorsqu&rsquo;en 2005, le nouveau centre d&rsquo;entra\u00eenement du BVB a \u00e9t\u00e9 inaugur\u00e9 avec les b\u00e2timents amateurs et professionnels de l&rsquo;\u00e9poque ainsi que les premiers terrains, rien ne laissait pr\u00e9sager que ce ne serait que le d\u00e9but d&rsquo;une fantastique collaboration.  <\/p>\n","protected":false},"author":2,"featured_media":19979,"comment_status":"closed","ping_status":"closed","sticky":false,"template":"","format":"standard","meta":{"_acf_changed":false,"content-type":"","footnotes":""},"categories":[846,852,855],"tags":[940,1062,1285,1286,1287,1318,1441],"class_list":["post-35092","post","type-post","status-publish","format-standard","has-post-thumbnail","hentry","category-dortmund-fr","category-installations-sportives","category-nos-prestations","tag-bvb-fr","tag-dortmund-fr","tag-installations-sportives","tag-centre-de-formation","tag-football","tag-borussia-dortmund-fr","tag-bundesliga-fr"],"acf":[],"yoast_head":"<!-- This site is optimized with the Yoast SEO plugin v26.1.1 - https:\/\/yoast.com\/wordpress\/plugins\/seo\/ -->\n<title>Construction d&#039;installations sportives : le centre d&#039;entra\u00eenement du BVB - SHA Scheffler Helbich Architekten GmbH<\/title>\n<meta name=\"robots\" content=\"index, follow, max-snippet:-1, max-image-preview:large, max-video-preview:-1\" \/>\n<link rel=\"canonical\" href=\"https:\/\/sha-luzern.ch\/fr\/news\/construction-dinstallations-sportives-le-centre-dentrainement-du-bvb\" \/>\n<meta property=\"og:locale\" content=\"fr_FR\" \/>\n<meta property=\"og:type\" content=\"article\" \/>\n<meta property=\"og:title\" content=\"Construction d&#039;installations sportives : le centre d&#039;entra\u00eenement du BVB - SHA Scheffler Helbich Architekten GmbH\" \/>\n<meta property=\"og:description\" content=\"Lorsqu&#039;en 2005, le nouveau centre d&#039;entra\u00eenement du BVB a \u00e9t\u00e9 inaugur\u00e9 avec les b\u00e2timents amateurs et professionnels de l&#039;\u00e9poque ainsi que les premiers terrains, rien ne laissait pr\u00e9sager que ce ne serait que le d\u00e9but d&#039;une fantastique collaboration.\" \/>\n<meta property=\"og:url\" content=\"https:\/\/sha-luzern.ch\/fr\/news\/construction-dinstallations-sportives-le-centre-dentrainement-du-bvb\" \/>\n<meta property=\"og:site_name\" content=\"SHA Scheffler Helbich Architekten GmbH\" \/>\n<meta property=\"article:published_time\" content=\"2018-05-25T12:38:01+00:00\" \/>\n<meta property=\"article:modified_time\" content=\"2024-09-23T14:58:05+00:00\" \/>\n<meta property=\"og:image\" content=\"https:\/\/sha-luzern.ch\/wp-content\/uploads\/BVB-Trainingszentrum-Borussia-Dortmund-3.jpg\" \/>\n\t<meta property=\"og:image:width\" content=\"887\" \/>\n\t<meta property=\"og:image:height\" content=\"1311\" \/>\n\t<meta property=\"og:image:type\" content=\"image\/jpeg\" \/>\n<meta name=\"author\" content=\"Judith Weitzel\" \/>\n<meta name=\"twitter:card\" content=\"summary_large_image\" \/>\n<meta name=\"twitter:label1\" content=\"\u00c9crit par\" \/>\n\t<meta name=\"twitter:data1\" content=\"Judith Weitzel\" \/>\n\t<meta name=\"twitter:label2\" content=\"Dur\u00e9e de lecture estim\u00e9e\" \/>\n\t<meta name=\"twitter:data2\" content=\"6 minutes\" \/>\n<script type=\"application\/ld+json\" class=\"yoast-schema-graph\">{\"@context\":\"https:\/\/schema.org\",\"@graph\":[{\"@type\":\"WebPage\",\"@id\":\"https:\/\/sha-luzern.ch\/fr\/news\/construction-dinstallations-sportives-le-centre-dentrainement-du-bvb\",\"url\":\"https:\/\/sha-luzern.ch\/fr\/news\/construction-dinstallations-sportives-le-centre-dentrainement-du-bvb\",\"name\":\"Construction d'installations sportives : le centre d'entra\u00eenement du BVB - SHA Scheffler Helbich Architekten GmbH\",\"isPartOf\":{\"@id\":\"https:\/\/sha-luzern.ch\/fr#website\"},\"primaryImageOfPage\":{\"@id\":\"https:\/\/sha-luzern.ch\/fr\/news\/construction-dinstallations-sportives-le-centre-dentrainement-du-bvb#primaryimage\"},\"image\":{\"@id\":\"https:\/\/sha-luzern.ch\/fr\/news\/construction-dinstallations-sportives-le-centre-dentrainement-du-bvb#primaryimage\"},\"thumbnailUrl\":\"https:\/\/sha-luzern.ch\/wp-content\/uploads\/BVB-Trainingszentrum-Borussia-Dortmund-3.jpg\",\"datePublished\":\"2018-05-25T12:38:01+00:00\",\"dateModified\":\"2024-09-23T14:58:05+00:00\",\"author\":{\"@id\":\"https:\/\/sha-luzern.ch\/fr#\/schema\/person\/e68d44538591ce8617e273ae50cb9fb3\"},\"breadcrumb\":{\"@id\":\"https:\/\/sha-luzern.ch\/fr\/news\/construction-dinstallations-sportives-le-centre-dentrainement-du-bvb#breadcrumb\"},\"inLanguage\":\"fr-FR\",\"potentialAction\":[{\"@type\":\"ReadAction\",\"target\":[\"https:\/\/sha-luzern.ch\/fr\/news\/construction-dinstallations-sportives-le-centre-dentrainement-du-bvb\"]}]},{\"@type\":\"ImageObject\",\"inLanguage\":\"fr-FR\",\"@id\":\"https:\/\/sha-luzern.ch\/fr\/news\/construction-dinstallations-sportives-le-centre-dentrainement-du-bvb#primaryimage\",\"url\":\"https:\/\/sha-luzern.ch\/wp-content\/uploads\/BVB-Trainingszentrum-Borussia-Dortmund-3.jpg\",\"contentUrl\":\"https:\/\/sha-luzern.ch\/wp-content\/uploads\/BVB-Trainingszentrum-Borussia-Dortmund-3.jpg\",\"width\":887,\"height\":1311,\"caption\":\"Dortmund\/Brakel 04.05.2006 BVB Trainingszentrum, Hesslingsweg 65, Dortmund Architekt: SHA Scheffler-Helbich Architekten Dortmund Fertigstellung: Mai 2006\"},{\"@type\":\"BreadcrumbList\",\"@id\":\"https:\/\/sha-luzern.ch\/fr\/news\/construction-dinstallations-sportives-le-centre-dentrainement-du-bvb#breadcrumb\",\"itemListElement\":[{\"@type\":\"ListItem\",\"position\":1,\"name\":\"Startseite\",\"item\":\"https:\/\/sha-luzern.ch\/fr\/accueil\"},{\"@type\":\"ListItem\",\"position\":2,\"name\":\"Construction d&#8217;installations sportives : le centre d&#8217;entra\u00eenement du BVB\"}]},{\"@type\":\"WebSite\",\"@id\":\"https:\/\/sha-luzern.ch\/fr#website\",\"url\":\"https:\/\/sha-luzern.ch\/fr\",\"name\":\"SHA Scheffler Helbich Architekten GmbH\",\"description\":\"\",\"potentialAction\":[{\"@type\":\"SearchAction\",\"target\":{\"@type\":\"EntryPoint\",\"urlTemplate\":\"https:\/\/sha-luzern.ch\/fr?s={search_term_string}\"},\"query-input\":{\"@type\":\"PropertyValueSpecification\",\"valueRequired\":true,\"valueName\":\"search_term_string\"}}],\"inLanguage\":\"fr-FR\"},{\"@type\":\"Person\",\"@id\":\"https:\/\/sha-luzern.ch\/fr#\/schema\/person\/e68d44538591ce8617e273ae50cb9fb3\",\"name\":\"Judith Weitzel\",\"image\":{\"@type\":\"ImageObject\",\"inLanguage\":\"fr-FR\",\"@id\":\"https:\/\/sha-luzern.ch\/fr#\/schema\/person\/image\/\",\"url\":\"https:\/\/secure.gravatar.com\/avatar\/7c6bf497a9b76cc4943bd4d7716e797cafb90c96046233c36845e4654eed5e01?s=96&d=mm&r=g\",\"contentUrl\":\"https:\/\/secure.gravatar.com\/avatar\/7c6bf497a9b76cc4943bd4d7716e797cafb90c96046233c36845e4654eed5e01?s=96&d=mm&r=g\",\"caption\":\"Judith Weitzel\"}}]}<\/script>\n<!-- \/ Yoast SEO plugin. -->","yoast_head_json":{"title":"Construction d'installations sportives : le centre d'entra\u00eenement du BVB - SHA Scheffler Helbich Architekten GmbH","robots":{"index":"index","follow":"follow","max-snippet":"max-snippet:-1","max-image-preview":"max-image-preview:large","max-video-preview":"max-video-preview:-1"},"canonical":"https:\/\/sha-luzern.ch\/fr\/news\/construction-dinstallations-sportives-le-centre-dentrainement-du-bvb","og_locale":"fr_FR","og_type":"article","og_title":"Construction d'installations sportives : le centre d'entra\u00eenement du BVB - SHA Scheffler Helbich Architekten GmbH","og_description":"Lorsqu'en 2005, le nouveau centre d'entra\u00eenement du BVB a \u00e9t\u00e9 inaugur\u00e9 avec les b\u00e2timents amateurs et professionnels de l'\u00e9poque ainsi que les premiers terrains, rien ne laissait pr\u00e9sager que ce ne serait que le d\u00e9but d'une fantastique collaboration.","og_url":"https:\/\/sha-luzern.ch\/fr\/news\/construction-dinstallations-sportives-le-centre-dentrainement-du-bvb","og_site_name":"SHA Scheffler Helbich Architekten GmbH","article_published_time":"2018-05-25T12:38:01+00:00","article_modified_time":"2024-09-23T14:58:05+00:00","og_image":[{"width":887,"height":1311,"url":"https:\/\/sha-luzern.ch\/wp-content\/uploads\/BVB-Trainingszentrum-Borussia-Dortmund-3.jpg","type":"image\/jpeg"}],"author":"Judith Weitzel","twitter_card":"summary_large_image","twitter_misc":{"\u00c9crit par":"Judith Weitzel","Dur\u00e9e de lecture estim\u00e9e":"6 minutes"},"schema":{"@context":"https:\/\/schema.org","@graph":[{"@type":"WebPage","@id":"https:\/\/sha-luzern.ch\/fr\/news\/construction-dinstallations-sportives-le-centre-dentrainement-du-bvb","url":"https:\/\/sha-luzern.ch\/fr\/news\/construction-dinstallations-sportives-le-centre-dentrainement-du-bvb","name":"Construction d'installations sportives : le centre d'entra\u00eenement du BVB - SHA Scheffler Helbich Architekten GmbH","isPartOf":{"@id":"https:\/\/sha-luzern.ch\/fr#website"},"primaryImageOfPage":{"@id":"https:\/\/sha-luzern.ch\/fr\/news\/construction-dinstallations-sportives-le-centre-dentrainement-du-bvb#primaryimage"},"image":{"@id":"https:\/\/sha-luzern.ch\/fr\/news\/construction-dinstallations-sportives-le-centre-dentrainement-du-bvb#primaryimage"},"thumbnailUrl":"https:\/\/sha-luzern.ch\/wp-content\/uploads\/BVB-Trainingszentrum-Borussia-Dortmund-3.jpg","datePublished":"2018-05-25T12:38:01+00:00","dateModified":"2024-09-23T14:58:05+00:00","author":{"@id":"https:\/\/sha-luzern.ch\/fr#\/schema\/person\/e68d44538591ce8617e273ae50cb9fb3"},"breadcrumb":{"@id":"https:\/\/sha-luzern.ch\/fr\/news\/construction-dinstallations-sportives-le-centre-dentrainement-du-bvb#breadcrumb"},"inLanguage":"fr-FR","potentialAction":[{"@type":"ReadAction","target":["https:\/\/sha-luzern.ch\/fr\/news\/construction-dinstallations-sportives-le-centre-dentrainement-du-bvb"]}]},{"@type":"ImageObject","inLanguage":"fr-FR","@id":"https:\/\/sha-luzern.ch\/fr\/news\/construction-dinstallations-sportives-le-centre-dentrainement-du-bvb#primaryimage","url":"https:\/\/sha-luzern.ch\/wp-content\/uploads\/BVB-Trainingszentrum-Borussia-Dortmund-3.jpg","contentUrl":"https:\/\/sha-luzern.ch\/wp-content\/uploads\/BVB-Trainingszentrum-Borussia-Dortmund-3.jpg","width":887,"height":1311,"caption":"Dortmund\/Brakel 04.05.2006 BVB Trainingszentrum, Hesslingsweg 65, Dortmund Architekt: SHA Scheffler-Helbich Architekten Dortmund Fertigstellung: Mai 2006"},{"@type":"BreadcrumbList","@id":"https:\/\/sha-luzern.ch\/fr\/news\/construction-dinstallations-sportives-le-centre-dentrainement-du-bvb#breadcrumb","itemListElement":[{"@type":"ListItem","position":1,"name":"Startseite","item":"https:\/\/sha-luzern.ch\/fr\/accueil"},{"@type":"ListItem","position":2,"name":"Construction d&#8217;installations sportives : le centre d&#8217;entra\u00eenement du BVB"}]},{"@type":"WebSite","@id":"https:\/\/sha-luzern.ch\/fr#website","url":"https:\/\/sha-luzern.ch\/fr","name":"SHA Scheffler Helbich Architekten GmbH","description":"","potentialAction":[{"@type":"SearchAction","target":{"@type":"EntryPoint","urlTemplate":"https:\/\/sha-luzern.ch\/fr?s={search_term_string}"},"query-input":{"@type":"PropertyValueSpecification","valueRequired":true,"valueName":"search_term_string"}}],"inLanguage":"fr-FR"},{"@type":"Person","@id":"https:\/\/sha-luzern.ch\/fr#\/schema\/person\/e68d44538591ce8617e273ae50cb9fb3","name":"Judith Weitzel","image":{"@type":"ImageObject","inLanguage":"fr-FR","@id":"https:\/\/sha-luzern.ch\/fr#\/schema\/person\/image\/","url":"https:\/\/secure.gravatar.com\/avatar\/7c6bf497a9b76cc4943bd4d7716e797cafb90c96046233c36845e4654eed5e01?s=96&d=mm&r=g","contentUrl":"https:\/\/secure.gravatar.com\/avatar\/7c6bf497a9b76cc4943bd4d7716e797cafb90c96046233c36845e4654eed5e01?s=96&d=mm&r=g","caption":"Judith Weitzel"}}]}},"_links":{"self":[{"href":"https:\/\/sha-luzern.ch\/fr\/wp-json\/wp\/v2\/posts\/35092","targetHints":{"allow":["GET"]}}],"collection":[{"href":"https:\/\/sha-luzern.ch\/fr\/wp-json\/wp\/v2\/posts"}],"about":[{"href":"https:\/\/sha-luzern.ch\/fr\/wp-json\/wp\/v2\/types\/post"}],"author":[{"embeddable":true,"href":"https:\/\/sha-luzern.ch\/fr\/wp-json\/wp\/v2\/users\/2"}],"replies":[{"embeddable":true,"href":"https:\/\/sha-luzern.ch\/fr\/wp-json\/wp\/v2\/comments?post=35092"}],"version-history":[{"count":8,"href":"https:\/\/sha-luzern.ch\/fr\/wp-json\/wp\/v2\/posts\/35092\/revisions"}],"predecessor-version":[{"id":49341,"href":"https:\/\/sha-luzern.ch\/fr\/wp-json\/wp\/v2\/posts\/35092\/revisions\/49341"}],"wp:featuredmedia":[{"embeddable":true,"href":"https:\/\/sha-luzern.ch\/fr\/wp-json\/wp\/v2\/media\/19979"}],"wp:attachment":[{"href":"https:\/\/sha-luzern.ch\/fr\/wp-json\/wp\/v2\/media?parent=35092"}],"wp:term":[{"taxonomy":"category","embeddable":true,"href":"https:\/\/sha-luzern.ch\/fr\/wp-json\/wp\/v2\/categories?post=35092"},{"taxonomy":"post_tag","embeddable":true,"href":"https:\/\/sha-luzern.ch\/fr\/wp-json\/wp\/v2\/tags?post=35092"}],"curies":[{"name":"wp","href":"https:\/\/api.w.org\/{rel}","templated":true}]}}