{"id":35134,"date":"2019-07-02T11:42:39","date_gmt":"2019-07-02T09:42:39","guid":{"rendered":"https:\/\/sha.de\/aktuelles\/contreplaque-wolbert-lancien-sen-va-le-nouveau-arrive"},"modified":"2024-09-23T16:58:33","modified_gmt":"2024-09-23T14:58:33","slug":"contreplaque-wolbert-lancien-sen-va-le-nouveau-arrive","status":"publish","type":"post","link":"https:\/\/sha-luzern.ch\/fr\/news\/contreplaque-wolbert-lancien-sen-va-le-nouveau-arrive","title":{"rendered":"Contreplaqu\u00e9 W\u00f6lbert : l&rsquo;ancien s&rsquo;en va, le nouveau arrive"},"content":{"rendered":"<div id='av_section_1' class='avia-section main_color pt-default pb-default avia-no-border-styling avia-bg-style-scroll  avia-builder-el-0  el_before_av_section  avia-builder-el-first   container_wrap fullsize' style=' '  ><div class='container' ><main  role=\"main\" itemprop=\"mainContentOfPage\"  class='template-page content  av-content-full alpha units'><div class='post-entry post-entry-type-page post-entry-35134'><div class='entry-content-wrapper clearfix'>\n\n\t\t\t<div id=\"av-k1hoeuzj\" class=\"headline-column flex_column av_one_full flex_column_div first \">\n\t\t\t\t<div class=\"headline-wrap is-outside align-left sub-bottom\">\n\t\t\t\t\t<h1 class=\"headline-content headline-primary\">Contreplaqu\u00e9 W\u00f6lbert<\/h1>\n\t\t\t\t\t<h3 class=\"headline-content headline-secondary\">Dortmund<\/h3>\n\t\t\t\t<\/div>\n\t\t\t<\/div>\n<div class=\"flex_column av_one_half  flex_column_div av-zero-column-padding first       avia-builder-el-2  el_after_pixel_sc_headline  avia-builder-el-last  \"><section  class='av_textblock_section av-10u9i-9a2edf74b36d7d63466415ae1f16355c '   itemscope=\"itemscope\" itemtype=\"https:\/\/schema.org\/BlogPosting\" itemprop=\"blogPost\" ><div class='avia_textblock'  itemprop=\"text\" ><p>L&rsquo;ancien s&rsquo;en va, le nouveau arrive ! Nous sommes heureux d&rsquo;avoir \u00e9t\u00e9 charg\u00e9s par <a href=\"https:\/\/www.sperrholz-woelbert.de\/\" target=\"_blank\" rel=\"noopener nofollow\">Sperrholz W\u00f6lbert<\/a> d&rsquo;augmenter la capacit\u00e9 de stockage de l&rsquo;entreprise de Dortmund. Cela signifie que l&rsquo;ancien b\u00e2timent en briques sera d\u00e9moli. Dans les mois \u00e0 venir, nous planifierons la construction du nouveau b\u00e2timent, dont l&rsquo;ach\u00e8vement est pr\u00e9vu pour fin 2020.<\/p>\n<\/div><\/section><\/div><\/div><\/div><\/main><!-- close content main element --><\/div><\/div><div id='av_section_2' class='avia-section main_color pt-default pb-default avia-no-border-styling avia-bg-style-scroll  avia-builder-el-4  el_after_av_section  avia-builder-el-last   container_wrap fullsize' style=' '  ><div class='container' ><div class='template-page content  av-content-full alpha units'><div class='post-entry post-entry-type-page post-entry-35134'><div class='entry-content-wrapper clearfix'>\n<div class=\"slickgallery no-nav\">\n\t<div class=\"pixel-slide-wrap\">\n\t\t<div class=\"pixel-slide\" style=\"display: block; width: 100%; float: left;\">\n\t\t\t\t\n\t\t\t\t\t\t\t\t\t\t\t\t\t\n\t\t\t\t\t<div class=\"pixel-slide__image-wrap slide-1\">\n\t\t\t\t\t\t\t<div class=\"pixel-slide__image \"><a href=\"https:\/\/sha-luzern.ch\/wp-content\/uploads\/Sperrholz-W\u00f6lbert-3-567x850.jpg\" rel=\"lightbox\"><img decoding=\"async\" src=\"https:\/\/sha-luzern.ch\/wp-content\/uploads\/Sperrholz-W\u00f6lbert-3-706x368.jpg\" alt=\"Sperrholz W\u00f6lbert (3)\" title=\"Sperrholz W\u00f6lbert (3)\"><\/a><\/div>\n\t\t\t\t\t<\/div>\n\t\t\t\t\n\t\t\t\t\t\t\t\t\t\t\t\t\t\n\t\t\t\t\t<div class=\"pixel-slide__image-wrap slide-2\">\n\t\t\t\t\t\t\t<div class=\"pixel-slide__image \"><a href=\"https:\/\/sha-luzern.ch\/wp-content\/uploads\/Sperrholz-W\u00f6lbert-2-1280x720.jpg\" rel=\"lightbox\"><img decoding=\"async\" src=\"https:\/\/sha-luzern.ch\/wp-content\/uploads\/Sperrholz-W\u00f6lbert-2-706x368.jpg\" alt=\"Sperrholz W\u00f6lbert (2)\" title=\"Sperrholz W\u00f6lbert (2)\"><\/a><\/div>\n\t\t\t\t\t<\/div>\n\t\t\t\t\n\t\t\t\t\t\t\t\t\t\t\t\t\t\n\t\t\t\t\t<div class=\"pixel-slide__image-wrap slide-3\">\n\t\t\t\t\t\t\t<div class=\"pixel-slide__image \"><a href=\"https:\/\/sha-luzern.ch\/wp-content\/uploads\/Sperrholz-W\u00f6lbert-1-1280x792.jpg\" rel=\"lightbox\"><img decoding=\"async\" src=\"https:\/\/sha-luzern.ch\/wp-content\/uploads\/Sperrholz-W\u00f6lbert-1-706x368.jpg\" alt=\"Sperrholz W\u00f6lbert (1)\" title=\"Sperrholz W\u00f6lbert (1)\"><\/a><\/div>\n\t\t\t\t\t<\/div>\n\t\t\t\t\t\t<\/div>\n\t<\/div>\n<\/div>\n\n<\/p>\n","protected":false},"excerpt":{"rendered":"<p>L&rsquo;ancien s&rsquo;en va, le nouveau arrive ! Nous sommes heureux d&rsquo;avoir \u00e9t\u00e9 charg\u00e9s par Sperrholz W\u00f6lbert d&rsquo;augmenter la capacit\u00e9 de stockage de l&rsquo;entreprise de Dortmund.<\/p>\n","protected":false},"author":2,"featured_media":19205,"comment_status":"closed","ping_status":"closed","sticky":false,"template":"","format":"standard","meta":{"_acf_changed":false,"content-type":"","footnotes":""},"categories":[843,846],"tags":[1062,1088,1442],"class_list":["post-35134","post","type-post","status-publish","format-standard","has-post-thumbnail","hentry","category-marche-de-la-construction-commerce-de-materiaux-de-construction","category-dortmund-fr","tag-dortmund-fr","tag-nouvelle-construction","tag-magasins-de-bois"],"acf":[],"yoast_head":"<!-- This site is optimized with the Yoast SEO plugin v26.1.1 - https:\/\/yoast.com\/wordpress\/plugins\/seo\/ -->\n<title>Contreplaqu\u00e9 W\u00f6lbert : l&#039;ancien s&#039;en va, le nouveau arrive - SHA Scheffler Helbich Architekten GmbH<\/title>\n<meta name=\"robots\" content=\"index, follow, max-snippet:-1, max-image-preview:large, max-video-preview:-1\" \/>\n<link rel=\"canonical\" href=\"https:\/\/sha-luzern.ch\/fr\/news\/contreplaque-wolbert-lancien-sen-va-le-nouveau-arrive\" \/>\n<meta property=\"og:locale\" content=\"fr_FR\" \/>\n<meta property=\"og:type\" content=\"article\" \/>\n<meta property=\"og:title\" content=\"Contreplaqu\u00e9 W\u00f6lbert : l&#039;ancien s&#039;en va, le nouveau arrive - SHA Scheffler Helbich Architekten GmbH\" \/>\n<meta property=\"og:description\" content=\"L&#039;ancien s&#039;en va, le nouveau arrive ! Nous sommes heureux d&#039;avoir \u00e9t\u00e9 charg\u00e9s par Sperrholz W\u00f6lbert d&#039;augmenter la capacit\u00e9 de stockage de l&#039;entreprise de Dortmund.\" \/>\n<meta property=\"og:url\" content=\"https:\/\/sha-luzern.ch\/fr\/news\/contreplaque-wolbert-lancien-sen-va-le-nouveau-arrive\" \/>\n<meta property=\"og:site_name\" content=\"SHA Scheffler Helbich Architekten GmbH\" \/>\n<meta property=\"article:published_time\" content=\"2019-07-02T09:42:39+00:00\" \/>\n<meta property=\"article:modified_time\" content=\"2024-09-23T14:58:33+00:00\" \/>\n<meta property=\"og:image\" content=\"https:\/\/sha-luzern.ch\/wp-content\/uploads\/Sperrholz-W\u00f6lbert-2.jpg\" \/>\n\t<meta property=\"og:image:width\" content=\"2040\" \/>\n\t<meta property=\"og:image:height\" content=\"1148\" \/>\n\t<meta property=\"og:image:type\" content=\"image\/jpeg\" \/>\n<meta name=\"author\" content=\"Judith Weitzel\" \/>\n<meta name=\"twitter:card\" content=\"summary_large_image\" \/>\n<meta name=\"twitter:label1\" content=\"\u00c9crit par\" \/>\n\t<meta name=\"twitter:data1\" content=\"Judith Weitzel\" \/>\n\t<meta name=\"twitter:label2\" content=\"Dur\u00e9e de lecture estim\u00e9e\" \/>\n\t<meta name=\"twitter:data2\" content=\"3 minutes\" \/>\n<script type=\"application\/ld+json\" class=\"yoast-schema-graph\">{\"@context\":\"https:\/\/schema.org\",\"@graph\":[{\"@type\":\"WebPage\",\"@id\":\"https:\/\/sha-luzern.ch\/fr\/news\/contreplaque-wolbert-lancien-sen-va-le-nouveau-arrive\",\"url\":\"https:\/\/sha-luzern.ch\/fr\/news\/contreplaque-wolbert-lancien-sen-va-le-nouveau-arrive\",\"name\":\"Contreplaqu\u00e9 W\u00f6lbert : l'ancien s'en va, le nouveau arrive - SHA Scheffler Helbich Architekten GmbH\",\"isPartOf\":{\"@id\":\"https:\/\/sha-luzern.ch\/fr#website\"},\"primaryImageOfPage\":{\"@id\":\"https:\/\/sha-luzern.ch\/fr\/news\/contreplaque-wolbert-lancien-sen-va-le-nouveau-arrive#primaryimage\"},\"image\":{\"@id\":\"https:\/\/sha-luzern.ch\/fr\/news\/contreplaque-wolbert-lancien-sen-va-le-nouveau-arrive#primaryimage\"},\"thumbnailUrl\":\"https:\/\/sha-luzern.ch\/wp-content\/uploads\/Sperrholz-W\u00f6lbert-2.jpg\",\"datePublished\":\"2019-07-02T09:42:39+00:00\",\"dateModified\":\"2024-09-23T14:58:33+00:00\",\"author\":{\"@id\":\"https:\/\/sha-luzern.ch\/fr#\/schema\/person\/e68d44538591ce8617e273ae50cb9fb3\"},\"breadcrumb\":{\"@id\":\"https:\/\/sha-luzern.ch\/fr\/news\/contreplaque-wolbert-lancien-sen-va-le-nouveau-arrive#breadcrumb\"},\"inLanguage\":\"fr-FR\",\"potentialAction\":[{\"@type\":\"ReadAction\",\"target\":[\"https:\/\/sha-luzern.ch\/fr\/news\/contreplaque-wolbert-lancien-sen-va-le-nouveau-arrive\"]}]},{\"@type\":\"ImageObject\",\"inLanguage\":\"fr-FR\",\"@id\":\"https:\/\/sha-luzern.ch\/fr\/news\/contreplaque-wolbert-lancien-sen-va-le-nouveau-arrive#primaryimage\",\"url\":\"https:\/\/sha-luzern.ch\/wp-content\/uploads\/Sperrholz-W\u00f6lbert-2.jpg\",\"contentUrl\":\"https:\/\/sha-luzern.ch\/wp-content\/uploads\/Sperrholz-W\u00f6lbert-2.jpg\",\"width\":2040,\"height\":1148},{\"@type\":\"BreadcrumbList\",\"@id\":\"https:\/\/sha-luzern.ch\/fr\/news\/contreplaque-wolbert-lancien-sen-va-le-nouveau-arrive#breadcrumb\",\"itemListElement\":[{\"@type\":\"ListItem\",\"position\":1,\"name\":\"Startseite\",\"item\":\"https:\/\/sha-luzern.ch\/fr\/accueil\"},{\"@type\":\"ListItem\",\"position\":2,\"name\":\"Contreplaqu\u00e9 W\u00f6lbert : l&rsquo;ancien s&rsquo;en va, le nouveau arrive\"}]},{\"@type\":\"WebSite\",\"@id\":\"https:\/\/sha-luzern.ch\/fr#website\",\"url\":\"https:\/\/sha-luzern.ch\/fr\",\"name\":\"SHA Scheffler Helbich Architekten GmbH\",\"description\":\"\",\"potentialAction\":[{\"@type\":\"SearchAction\",\"target\":{\"@type\":\"EntryPoint\",\"urlTemplate\":\"https:\/\/sha-luzern.ch\/fr?s={search_term_string}\"},\"query-input\":{\"@type\":\"PropertyValueSpecification\",\"valueRequired\":true,\"valueName\":\"search_term_string\"}}],\"inLanguage\":\"fr-FR\"},{\"@type\":\"Person\",\"@id\":\"https:\/\/sha-luzern.ch\/fr#\/schema\/person\/e68d44538591ce8617e273ae50cb9fb3\",\"name\":\"Judith Weitzel\",\"image\":{\"@type\":\"ImageObject\",\"inLanguage\":\"fr-FR\",\"@id\":\"https:\/\/sha-luzern.ch\/fr#\/schema\/person\/image\/\",\"url\":\"https:\/\/secure.gravatar.com\/avatar\/7c6bf497a9b76cc4943bd4d7716e797cafb90c96046233c36845e4654eed5e01?s=96&d=mm&r=g\",\"contentUrl\":\"https:\/\/secure.gravatar.com\/avatar\/7c6bf497a9b76cc4943bd4d7716e797cafb90c96046233c36845e4654eed5e01?s=96&d=mm&r=g\",\"caption\":\"Judith Weitzel\"}}]}<\/script>\n<!-- \/ Yoast SEO plugin. -->","yoast_head_json":{"title":"Contreplaqu\u00e9 W\u00f6lbert : l'ancien s'en va, le nouveau arrive - SHA Scheffler Helbich Architekten GmbH","robots":{"index":"index","follow":"follow","max-snippet":"max-snippet:-1","max-image-preview":"max-image-preview:large","max-video-preview":"max-video-preview:-1"},"canonical":"https:\/\/sha-luzern.ch\/fr\/news\/contreplaque-wolbert-lancien-sen-va-le-nouveau-arrive","og_locale":"fr_FR","og_type":"article","og_title":"Contreplaqu\u00e9 W\u00f6lbert : l'ancien s'en va, le nouveau arrive - SHA Scheffler Helbich Architekten GmbH","og_description":"L'ancien s'en va, le nouveau arrive ! Nous sommes heureux d'avoir \u00e9t\u00e9 charg\u00e9s par Sperrholz W\u00f6lbert d'augmenter la capacit\u00e9 de stockage de l'entreprise de Dortmund.","og_url":"https:\/\/sha-luzern.ch\/fr\/news\/contreplaque-wolbert-lancien-sen-va-le-nouveau-arrive","og_site_name":"SHA Scheffler Helbich Architekten GmbH","article_published_time":"2019-07-02T09:42:39+00:00","article_modified_time":"2024-09-23T14:58:33+00:00","og_image":[{"width":2040,"height":1148,"url":"https:\/\/sha-luzern.ch\/wp-content\/uploads\/Sperrholz-W\u00f6lbert-2.jpg","type":"image\/jpeg"}],"author":"Judith Weitzel","twitter_card":"summary_large_image","twitter_misc":{"\u00c9crit par":"Judith Weitzel","Dur\u00e9e de lecture estim\u00e9e":"3 minutes"},"schema":{"@context":"https:\/\/schema.org","@graph":[{"@type":"WebPage","@id":"https:\/\/sha-luzern.ch\/fr\/news\/contreplaque-wolbert-lancien-sen-va-le-nouveau-arrive","url":"https:\/\/sha-luzern.ch\/fr\/news\/contreplaque-wolbert-lancien-sen-va-le-nouveau-arrive","name":"Contreplaqu\u00e9 W\u00f6lbert : l'ancien s'en va, le nouveau arrive - SHA Scheffler Helbich Architekten GmbH","isPartOf":{"@id":"https:\/\/sha-luzern.ch\/fr#website"},"primaryImageOfPage":{"@id":"https:\/\/sha-luzern.ch\/fr\/news\/contreplaque-wolbert-lancien-sen-va-le-nouveau-arrive#primaryimage"},"image":{"@id":"https:\/\/sha-luzern.ch\/fr\/news\/contreplaque-wolbert-lancien-sen-va-le-nouveau-arrive#primaryimage"},"thumbnailUrl":"https:\/\/sha-luzern.ch\/wp-content\/uploads\/Sperrholz-W\u00f6lbert-2.jpg","datePublished":"2019-07-02T09:42:39+00:00","dateModified":"2024-09-23T14:58:33+00:00","author":{"@id":"https:\/\/sha-luzern.ch\/fr#\/schema\/person\/e68d44538591ce8617e273ae50cb9fb3"},"breadcrumb":{"@id":"https:\/\/sha-luzern.ch\/fr\/news\/contreplaque-wolbert-lancien-sen-va-le-nouveau-arrive#breadcrumb"},"inLanguage":"fr-FR","potentialAction":[{"@type":"ReadAction","target":["https:\/\/sha-luzern.ch\/fr\/news\/contreplaque-wolbert-lancien-sen-va-le-nouveau-arrive"]}]},{"@type":"ImageObject","inLanguage":"fr-FR","@id":"https:\/\/sha-luzern.ch\/fr\/news\/contreplaque-wolbert-lancien-sen-va-le-nouveau-arrive#primaryimage","url":"https:\/\/sha-luzern.ch\/wp-content\/uploads\/Sperrholz-W\u00f6lbert-2.jpg","contentUrl":"https:\/\/sha-luzern.ch\/wp-content\/uploads\/Sperrholz-W\u00f6lbert-2.jpg","width":2040,"height":1148},{"@type":"BreadcrumbList","@id":"https:\/\/sha-luzern.ch\/fr\/news\/contreplaque-wolbert-lancien-sen-va-le-nouveau-arrive#breadcrumb","itemListElement":[{"@type":"ListItem","position":1,"name":"Startseite","item":"https:\/\/sha-luzern.ch\/fr\/accueil"},{"@type":"ListItem","position":2,"name":"Contreplaqu\u00e9 W\u00f6lbert : l&rsquo;ancien s&rsquo;en va, le nouveau arrive"}]},{"@type":"WebSite","@id":"https:\/\/sha-luzern.ch\/fr#website","url":"https:\/\/sha-luzern.ch\/fr","name":"SHA Scheffler Helbich Architekten GmbH","description":"","potentialAction":[{"@type":"SearchAction","target":{"@type":"EntryPoint","urlTemplate":"https:\/\/sha-luzern.ch\/fr?s={search_term_string}"},"query-input":{"@type":"PropertyValueSpecification","valueRequired":true,"valueName":"search_term_string"}}],"inLanguage":"fr-FR"},{"@type":"Person","@id":"https:\/\/sha-luzern.ch\/fr#\/schema\/person\/e68d44538591ce8617e273ae50cb9fb3","name":"Judith Weitzel","image":{"@type":"ImageObject","inLanguage":"fr-FR","@id":"https:\/\/sha-luzern.ch\/fr#\/schema\/person\/image\/","url":"https:\/\/secure.gravatar.com\/avatar\/7c6bf497a9b76cc4943bd4d7716e797cafb90c96046233c36845e4654eed5e01?s=96&d=mm&r=g","contentUrl":"https:\/\/secure.gravatar.com\/avatar\/7c6bf497a9b76cc4943bd4d7716e797cafb90c96046233c36845e4654eed5e01?s=96&d=mm&r=g","caption":"Judith Weitzel"}}]}},"_links":{"self":[{"href":"https:\/\/sha-luzern.ch\/fr\/wp-json\/wp\/v2\/posts\/35134","targetHints":{"allow":["GET"]}}],"collection":[{"href":"https:\/\/sha-luzern.ch\/fr\/wp-json\/wp\/v2\/posts"}],"about":[{"href":"https:\/\/sha-luzern.ch\/fr\/wp-json\/wp\/v2\/types\/post"}],"author":[{"embeddable":true,"href":"https:\/\/sha-luzern.ch\/fr\/wp-json\/wp\/v2\/users\/2"}],"replies":[{"embeddable":true,"href":"https:\/\/sha-luzern.ch\/fr\/wp-json\/wp\/v2\/comments?post=35134"}],"version-history":[{"count":7,"href":"https:\/\/sha-luzern.ch\/fr\/wp-json\/wp\/v2\/posts\/35134\/revisions"}],"predecessor-version":[{"id":49610,"href":"https:\/\/sha-luzern.ch\/fr\/wp-json\/wp\/v2\/posts\/35134\/revisions\/49610"}],"wp:featuredmedia":[{"embeddable":true,"href":"https:\/\/sha-luzern.ch\/fr\/wp-json\/wp\/v2\/media\/19205"}],"wp:attachment":[{"href":"https:\/\/sha-luzern.ch\/fr\/wp-json\/wp\/v2\/media?parent=35134"}],"wp:term":[{"taxonomy":"category","embeddable":true,"href":"https:\/\/sha-luzern.ch\/fr\/wp-json\/wp\/v2\/categories?post=35134"},{"taxonomy":"post_tag","embeddable":true,"href":"https:\/\/sha-luzern.ch\/fr\/wp-json\/wp\/v2\/tags?post=35134"}],"curies":[{"name":"wp","href":"https:\/\/api.w.org\/{rel}","templated":true}]}}