{"id":35184,"date":"2019-07-17T10:13:24","date_gmt":"2019-07-17T08:13:24","guid":{"rendered":"https:\/\/sha.de\/aktuelles\/ouverture-du-centre-de-construction-auer-a-landshut"},"modified":"2024-09-23T16:58:39","modified_gmt":"2024-09-23T14:58:39","slug":"ouverture-du-centre-de-construction-auer-a-landshut","status":"publish","type":"post","link":"https:\/\/sha-luzern.ch\/fr\/news\/ouverture-du-centre-de-construction-auer-a-landshut","title":{"rendered":"Ouverture du centre de construction Auer \u00e0 Landshut"},"content":{"rendered":"<div id='av_section_1' class='avia-section main_color pt-default pb-default avia-no-border-styling avia-bg-style-scroll  avia-builder-el-0  el_before_av_section  avia-builder-el-first   container_wrap fullsize' style=' '  ><div class='container' ><main  role=\"main\" itemprop=\"mainContentOfPage\"  class='template-page content  av-content-full alpha units'><div class='post-entry post-entry-type-page post-entry-35184'><div class='entry-content-wrapper clearfix'>\n\n\t\t\t<div id=\"av-k1hoeuzj\" class=\"headline-column flex_column av_one_full flex_column_div first \">\n\t\t\t\t<div class=\"headline-wrap is-outside align-left sub-bottom\">\n\t\t\t\t\t<h1 class=\"headline-content headline-primary\">Auer Bauzentrum : premi\u00e8res impressions<\/h1>\n\t\t\t\t\t<h3 class=\"headline-content headline-secondary\">Galerie d\u2019images<\/h3>\n\t\t\t\t<\/div>\n\t\t\t<\/div>\n<div class=\"flex_column av_one_third  flex_column_div av-zero-column-padding first       avia-builder-el-2  el_after_pixel_sc_headline  el_before_av_one_third  \"><section  class='av_textblock_section av-10u9i-c89949c824faaf32120cf5229290afb1 '   itemscope=\"itemscope\" itemtype=\"https:\/\/schema.org\/BlogPosting\" itemprop=\"blogPost\" ><div class='avia_textblock'  itemprop=\"text\" ><p>Le site <span style=\"text-decoration: underline;\"><a href=\"https:\/\/www.auer-bauzentrum.de\/startseite\/\" target=\"_blank\" rel=\"noopener nofollow\">Auer Bauzentrum<\/a><\/span> a \u00e9t\u00e9 inaugur\u00e9 en grande pompe il y a un peu plus d&rsquo;un mois &#8211; et plus qu&rsquo;un simple magasin de mat\u00e9riaux de construction.<\/p>\n<p>Il comprend tout le programme d&rsquo;une conception contemporaine avec un hall pour les mat\u00e9riaux de construction, un entrep\u00f4t \u00e0 ciel ouvert et une zone de chargement, ainsi qu&rsquo;un march\u00e9 sp\u00e9cialis\u00e9 dans la construction, un hall d&rsquo;exposition et une exposition d&rsquo;am\u00e9nagement paysager.<\/p>\n<\/div><\/section><\/div><div class=\"flex_column av_one_third  flex_column_div av-zero-column-padding  bg-default   img-left   avia-builder-el-4  el_after_av_one_third  el_before_av_one_third  \"><section  class='av_textblock_section av-k6m77ezb-efa136d734a791bba2116f71ca65c389 '   itemscope=\"itemscope\" itemtype=\"https:\/\/schema.org\/BlogPosting\" itemprop=\"blogPost\" ><div class='avia_textblock'  itemprop=\"text\" ><p>La large gamme de produits s&rsquo;adresse aussi bien \u00e0 des clients professionnels ax\u00e9s sur la performance, tels que les entreprises de construction et d&rsquo;artisanat, les promoteurs immobiliers et les architectes, qu&rsquo;\u00e0 des bricoleurs priv\u00e9s exigeants, propri\u00e9taires de maisons ou d&rsquo;appartements. L&rsquo;exposition de qualit\u00e9 offre une exp\u00e9rience d&rsquo;achat formidable &#8211; une visite s&rsquo;impose !<\/p>\n<p><em>Images : <a href=\"https:\/\/www.christian-eblenkamp.de\/\" target=\"_blank\" rel=\"noopener nofollow\">Photodesign Christian Eblenkamp<\/a> <\/em><\/p>\n<\/div><\/section><\/div><div class=\"flex_column av_one_third  flex_column_div av-zero-column-padding  bg-default   img-left   avia-builder-el-6  el_after_av_one_third  avia-builder-el-last  \"><div class=\"call-to-action    has-button ci-black hover-white bg-yellow  align-left \"><div class=\"call-to-action__inner\"><div class=\"call-to-action__text\"><span class=\"call-to-action__primary\">Votre bureau d\u2019architecture<\/span><span class=\"call-to-action__secondary\">pour le commerce des mat\u00e9riaux de construction<\/span><\/div><div class=\"call-to-action__button\"><div class=\"avia-button-wrap theme-fill avia-button-left\"><a href=\"https:\/\/sha-luzern.ch\/?page_id=29806\" class=\"avia-button color-ci-black hover-white avia-icon_select-no avia-size-medium\"><span>En savoir plus<\/span><\/a><\/div><\/div><\/div><\/div><\/div><\/div><\/div><\/main><!-- close content main element --><\/div><\/div><div id='av_section_2' class='avia-section main_color pt-default pb-default avia-no-border-styling avia-bg-style-scroll  avia-builder-el-8  el_after_av_section  avia-builder-el-last   container_wrap fullsize' style=' '  ><div class='container' ><div class='template-page content  av-content-full alpha units'><div class='post-entry post-entry-type-page post-entry-35184'><div class='entry-content-wrapper clearfix'>\n<div class=\"slickgallery \">\n\t<div class=\"pixel-slide-wrap\">\n\t\t<div class=\"pixel-slide\" style=\"display: block; width: 100%; float: left;\">\n\t\t\t\t\n\t\t\t\t\t\t\t\t\t\t\t\t\t\n\t\t\t\t\t<div class=\"pixel-slide__image-wrap slide-1\">\n\t\t\t\t\t\t\t<div class=\"pixel-slide__image \"><a href=\"https:\/\/sha-luzern.ch\/wp-content\/uploads\/19_Bauzentrum-Auer-Baustoffhandel-Landshut-CE-2-1274x850.jpg\" rel=\"lightbox\"><img decoding=\"async\" src=\"https:\/\/sha-luzern.ch\/wp-content\/uploads\/19_Bauzentrum-Auer-Baustoffhandel-Landshut-CE-2-706x368.jpg\" alt=\"Bauzentrum Auer In Landshut Scheffler Helbich Architekten Dortmund\" title=\"Bauzentrum Auer In Landshut Scheffler Helbich Architekten Dortmund\"><\/a><\/div>\n\t\t\t\t\t<\/div>\n\t\t\t\t\n\t\t\t\t\t\t\t\t\t\t\t\t\t\n\t\t\t\t\t<div class=\"pixel-slide__image-wrap slide-2\">\n\t\t\t\t\t\t\t<div class=\"pixel-slide__image \"><a href=\"https:\/\/sha-luzern.ch\/wp-content\/uploads\/19_Bauzentrum-Auer-Baustoffhandel-Landshut-CE-5-1274x850.jpg\" rel=\"lightbox\"><img decoding=\"async\" src=\"https:\/\/sha-luzern.ch\/wp-content\/uploads\/19_Bauzentrum-Auer-Baustoffhandel-Landshut-CE-5-706x368.jpg\" alt=\"Bauzentrum Auer In Landshut Scheffler Helbich Architekten Dortmund\" title=\"Bauzentrum Auer In Landshut Scheffler Helbich Architekten Dortmund\"><\/a><\/div>\n\t\t\t\t\t<\/div>\n\t\t\t\t\n\t\t\t\t\t\t\t\t\t\t\t\t\t\n\t\t\t\t\t<div class=\"pixel-slide__image-wrap slide-3\">\n\t\t\t\t\t\t\t<div class=\"pixel-slide__image \"><a href=\"https:\/\/sha-luzern.ch\/wp-content\/uploads\/19_Bauzentrum-Auer-Baustoffhandel-Landshut-CE-6-1280x850.jpg\" rel=\"lightbox\"><img decoding=\"async\" src=\"https:\/\/sha-luzern.ch\/wp-content\/uploads\/19_Bauzentrum-Auer-Baustoffhandel-Landshut-CE-6-706x368.jpg\" alt=\"Bauzentrum Auer In Landshut Scheffler Helbich Architekten Dortmund\" title=\"Bauzentrum Auer In Landshut Scheffler Helbich Architekten Dortmund\"><\/a><\/div>\n\t\t\t\t\t<\/div>\n\t\t\t\t\n\t\t\t\t\t\t\t\t\t\t\t\t\t\n\t\t\t\t\t<div class=\"pixel-slide__image-wrap slide-4\">\n\t\t\t\t\t\t\t<div class=\"pixel-slide__image \"><a href=\"https:\/\/sha-luzern.ch\/wp-content\/uploads\/19_Bauzentrum-Auer-Baustoffhandel-Landshut-CE-3-1274x850.jpg\" rel=\"lightbox\"><img decoding=\"async\" src=\"https:\/\/sha-luzern.ch\/wp-content\/uploads\/19_Bauzentrum-Auer-Baustoffhandel-Landshut-CE-3-706x368.jpg\" alt=\"Bauzentrum Auer In Landshut Scheffler Helbich Architekten Dortmund\" title=\"Bauzentrum Auer In Landshut Scheffler Helbich Architekten Dortmund\"><\/a><\/div>\n\t\t\t\t\t<\/div>\n\t\t\t\t\n\t\t\t\t\t\t\t\t\t\t\t\t\t\n\t\t\t\t\t<div class=\"pixel-slide__image-wrap slide-5\">\n\t\t\t\t\t\t\t<div class=\"pixel-slide__image \"><a href=\"https:\/\/sha-luzern.ch\/wp-content\/uploads\/19_Bauzentrum-Auer-Baustoffhandel-Landshut-CE-664x850.jpg\" rel=\"lightbox\"><img decoding=\"async\" src=\"https:\/\/sha-luzern.ch\/wp-content\/uploads\/19_Bauzentrum-Auer-Baustoffhandel-Landshut-CE-706x368.jpg\" alt=\"Bauzentrum Auer In Landshut Scheffler Helbich Architekten Dortmund\" title=\"Bauzentrum Auer In Landshut Scheffler Helbich Architekten Dortmund\"><\/a><\/div>\n\t\t\t\t\t<\/div>\n\t\t\t\t\t\t<\/div>\n\t<\/div>\n<\/div>\n\n<\/p>\n","protected":false},"excerpt":{"rendered":"<p>Le centre de construction Auer a \u00e9t\u00e9 inaugur\u00e9 en grande pompe il y a un peu plus d&rsquo;un mois. L&rsquo;exposition de qualit\u00e9 offre une exp\u00e9rience d&rsquo;achat formidable &#8211; une visite s&rsquo;impose !<\/p>\n","protected":false},"author":2,"featured_media":18929,"comment_status":"closed","ping_status":"closed","sticky":false,"template":"","format":"standard","meta":{"_acf_changed":false,"content-type":"","footnotes":""},"categories":[843],"tags":[935,1088,1454,1455,1456],"class_list":["post-35184","post","type-post","status-publish","format-standard","has-post-thumbnail","hentry","category-marche-de-la-construction-commerce-de-materiaux-de-construction","tag-auer-fr","tag-nouvelle-construction","tag-negoce-de-materiaux-de-construction","tag-centre-de-construction","tag-landshut-fr"],"acf":[],"yoast_head":"<!-- This site is optimized with the Yoast SEO plugin v26.1.1 - https:\/\/yoast.com\/wordpress\/plugins\/seo\/ -->\n<title>Ouverture du centre de construction Auer \u00e0 Landshut - SHA Scheffler Helbich Architekten GmbH<\/title>\n<meta name=\"robots\" content=\"index, follow, max-snippet:-1, max-image-preview:large, max-video-preview:-1\" \/>\n<link rel=\"canonical\" href=\"https:\/\/sha-luzern.ch\/fr\/news\/ouverture-du-centre-de-construction-auer-a-landshut\" \/>\n<meta property=\"og:locale\" content=\"fr_FR\" \/>\n<meta property=\"og:type\" content=\"article\" \/>\n<meta property=\"og:title\" content=\"Ouverture du centre de construction Auer \u00e0 Landshut - SHA Scheffler Helbich Architekten GmbH\" \/>\n<meta property=\"og:description\" content=\"Le centre de construction Auer a \u00e9t\u00e9 inaugur\u00e9 en grande pompe il y a un peu plus d&#039;un mois. L&#039;exposition de qualit\u00e9 offre une exp\u00e9rience d&#039;achat formidable - une visite s&#039;impose !\" \/>\n<meta property=\"og:url\" content=\"https:\/\/sha-luzern.ch\/fr\/news\/ouverture-du-centre-de-construction-auer-a-landshut\" \/>\n<meta property=\"og:site_name\" content=\"SHA Scheffler Helbich Architekten GmbH\" \/>\n<meta property=\"article:published_time\" content=\"2019-07-17T08:13:24+00:00\" \/>\n<meta property=\"article:modified_time\" content=\"2024-09-23T14:58:39+00:00\" \/>\n<meta property=\"og:image\" content=\"https:\/\/sha-luzern.ch\/wp-content\/uploads\/19_Bauzentrum-Auer-Baustoffhandel-Landshut-CE-2.jpg\" \/>\n\t<meta property=\"og:image:width\" content=\"1400\" \/>\n\t<meta property=\"og:image:height\" content=\"934\" \/>\n\t<meta property=\"og:image:type\" content=\"image\/jpeg\" \/>\n<meta name=\"author\" content=\"Judith Weitzel\" \/>\n<meta name=\"twitter:card\" content=\"summary_large_image\" \/>\n<meta name=\"twitter:label1\" content=\"\u00c9crit par\" \/>\n\t<meta name=\"twitter:data1\" content=\"Judith Weitzel\" \/>\n\t<meta name=\"twitter:label2\" content=\"Dur\u00e9e de lecture estim\u00e9e\" \/>\n\t<meta name=\"twitter:data2\" content=\"5 minutes\" \/>\n<script type=\"application\/ld+json\" class=\"yoast-schema-graph\">{\"@context\":\"https:\/\/schema.org\",\"@graph\":[{\"@type\":\"WebPage\",\"@id\":\"https:\/\/sha-luzern.ch\/fr\/news\/ouverture-du-centre-de-construction-auer-a-landshut\",\"url\":\"https:\/\/sha-luzern.ch\/fr\/news\/ouverture-du-centre-de-construction-auer-a-landshut\",\"name\":\"Ouverture du centre de construction Auer \u00e0 Landshut - SHA Scheffler Helbich Architekten GmbH\",\"isPartOf\":{\"@id\":\"https:\/\/sha-luzern.ch\/fr#website\"},\"primaryImageOfPage\":{\"@id\":\"https:\/\/sha-luzern.ch\/fr\/news\/ouverture-du-centre-de-construction-auer-a-landshut#primaryimage\"},\"image\":{\"@id\":\"https:\/\/sha-luzern.ch\/fr\/news\/ouverture-du-centre-de-construction-auer-a-landshut#primaryimage\"},\"thumbnailUrl\":\"https:\/\/sha-luzern.ch\/wp-content\/uploads\/19_Bauzentrum-Auer-Baustoffhandel-Landshut-CE-2.jpg\",\"datePublished\":\"2019-07-17T08:13:24+00:00\",\"dateModified\":\"2024-09-23T14:58:39+00:00\",\"author\":{\"@id\":\"https:\/\/sha-luzern.ch\/fr#\/schema\/person\/e68d44538591ce8617e273ae50cb9fb3\"},\"breadcrumb\":{\"@id\":\"https:\/\/sha-luzern.ch\/fr\/news\/ouverture-du-centre-de-construction-auer-a-landshut#breadcrumb\"},\"inLanguage\":\"fr-FR\",\"potentialAction\":[{\"@type\":\"ReadAction\",\"target\":[\"https:\/\/sha-luzern.ch\/fr\/news\/ouverture-du-centre-de-construction-auer-a-landshut\"]}]},{\"@type\":\"ImageObject\",\"inLanguage\":\"fr-FR\",\"@id\":\"https:\/\/sha-luzern.ch\/fr\/news\/ouverture-du-centre-de-construction-auer-a-landshut#primaryimage\",\"url\":\"https:\/\/sha-luzern.ch\/wp-content\/uploads\/19_Bauzentrum-Auer-Baustoffhandel-Landshut-CE-2.jpg\",\"contentUrl\":\"https:\/\/sha-luzern.ch\/wp-content\/uploads\/19_Bauzentrum-Auer-Baustoffhandel-Landshut-CE-2.jpg\",\"width\":1400,\"height\":934,\"caption\":\"Das Auer Bauzentrum in Landshut\"},{\"@type\":\"BreadcrumbList\",\"@id\":\"https:\/\/sha-luzern.ch\/fr\/news\/ouverture-du-centre-de-construction-auer-a-landshut#breadcrumb\",\"itemListElement\":[{\"@type\":\"ListItem\",\"position\":1,\"name\":\"Startseite\",\"item\":\"https:\/\/sha-luzern.ch\/fr\/accueil\"},{\"@type\":\"ListItem\",\"position\":2,\"name\":\"Ouverture du centre de construction Auer \u00e0 Landshut\"}]},{\"@type\":\"WebSite\",\"@id\":\"https:\/\/sha-luzern.ch\/fr#website\",\"url\":\"https:\/\/sha-luzern.ch\/fr\",\"name\":\"SHA Scheffler Helbich Architekten GmbH\",\"description\":\"\",\"potentialAction\":[{\"@type\":\"SearchAction\",\"target\":{\"@type\":\"EntryPoint\",\"urlTemplate\":\"https:\/\/sha-luzern.ch\/fr?s={search_term_string}\"},\"query-input\":{\"@type\":\"PropertyValueSpecification\",\"valueRequired\":true,\"valueName\":\"search_term_string\"}}],\"inLanguage\":\"fr-FR\"},{\"@type\":\"Person\",\"@id\":\"https:\/\/sha-luzern.ch\/fr#\/schema\/person\/e68d44538591ce8617e273ae50cb9fb3\",\"name\":\"Judith Weitzel\",\"image\":{\"@type\":\"ImageObject\",\"inLanguage\":\"fr-FR\",\"@id\":\"https:\/\/sha-luzern.ch\/fr#\/schema\/person\/image\/\",\"url\":\"https:\/\/secure.gravatar.com\/avatar\/7c6bf497a9b76cc4943bd4d7716e797cafb90c96046233c36845e4654eed5e01?s=96&d=mm&r=g\",\"contentUrl\":\"https:\/\/secure.gravatar.com\/avatar\/7c6bf497a9b76cc4943bd4d7716e797cafb90c96046233c36845e4654eed5e01?s=96&d=mm&r=g\",\"caption\":\"Judith Weitzel\"}}]}<\/script>\n<!-- \/ Yoast SEO plugin. -->","yoast_head_json":{"title":"Ouverture du centre de construction Auer \u00e0 Landshut - SHA Scheffler Helbich Architekten GmbH","robots":{"index":"index","follow":"follow","max-snippet":"max-snippet:-1","max-image-preview":"max-image-preview:large","max-video-preview":"max-video-preview:-1"},"canonical":"https:\/\/sha-luzern.ch\/fr\/news\/ouverture-du-centre-de-construction-auer-a-landshut","og_locale":"fr_FR","og_type":"article","og_title":"Ouverture du centre de construction Auer \u00e0 Landshut - SHA Scheffler Helbich Architekten GmbH","og_description":"Le centre de construction Auer a \u00e9t\u00e9 inaugur\u00e9 en grande pompe il y a un peu plus d'un mois. L'exposition de qualit\u00e9 offre une exp\u00e9rience d'achat formidable - une visite s'impose !","og_url":"https:\/\/sha-luzern.ch\/fr\/news\/ouverture-du-centre-de-construction-auer-a-landshut","og_site_name":"SHA Scheffler Helbich Architekten GmbH","article_published_time":"2019-07-17T08:13:24+00:00","article_modified_time":"2024-09-23T14:58:39+00:00","og_image":[{"width":1400,"height":934,"url":"https:\/\/sha-luzern.ch\/wp-content\/uploads\/19_Bauzentrum-Auer-Baustoffhandel-Landshut-CE-2.jpg","type":"image\/jpeg"}],"author":"Judith Weitzel","twitter_card":"summary_large_image","twitter_misc":{"\u00c9crit par":"Judith Weitzel","Dur\u00e9e de lecture estim\u00e9e":"5 minutes"},"schema":{"@context":"https:\/\/schema.org","@graph":[{"@type":"WebPage","@id":"https:\/\/sha-luzern.ch\/fr\/news\/ouverture-du-centre-de-construction-auer-a-landshut","url":"https:\/\/sha-luzern.ch\/fr\/news\/ouverture-du-centre-de-construction-auer-a-landshut","name":"Ouverture du centre de construction Auer \u00e0 Landshut - SHA Scheffler Helbich Architekten GmbH","isPartOf":{"@id":"https:\/\/sha-luzern.ch\/fr#website"},"primaryImageOfPage":{"@id":"https:\/\/sha-luzern.ch\/fr\/news\/ouverture-du-centre-de-construction-auer-a-landshut#primaryimage"},"image":{"@id":"https:\/\/sha-luzern.ch\/fr\/news\/ouverture-du-centre-de-construction-auer-a-landshut#primaryimage"},"thumbnailUrl":"https:\/\/sha-luzern.ch\/wp-content\/uploads\/19_Bauzentrum-Auer-Baustoffhandel-Landshut-CE-2.jpg","datePublished":"2019-07-17T08:13:24+00:00","dateModified":"2024-09-23T14:58:39+00:00","author":{"@id":"https:\/\/sha-luzern.ch\/fr#\/schema\/person\/e68d44538591ce8617e273ae50cb9fb3"},"breadcrumb":{"@id":"https:\/\/sha-luzern.ch\/fr\/news\/ouverture-du-centre-de-construction-auer-a-landshut#breadcrumb"},"inLanguage":"fr-FR","potentialAction":[{"@type":"ReadAction","target":["https:\/\/sha-luzern.ch\/fr\/news\/ouverture-du-centre-de-construction-auer-a-landshut"]}]},{"@type":"ImageObject","inLanguage":"fr-FR","@id":"https:\/\/sha-luzern.ch\/fr\/news\/ouverture-du-centre-de-construction-auer-a-landshut#primaryimage","url":"https:\/\/sha-luzern.ch\/wp-content\/uploads\/19_Bauzentrum-Auer-Baustoffhandel-Landshut-CE-2.jpg","contentUrl":"https:\/\/sha-luzern.ch\/wp-content\/uploads\/19_Bauzentrum-Auer-Baustoffhandel-Landshut-CE-2.jpg","width":1400,"height":934,"caption":"Das Auer Bauzentrum in Landshut"},{"@type":"BreadcrumbList","@id":"https:\/\/sha-luzern.ch\/fr\/news\/ouverture-du-centre-de-construction-auer-a-landshut#breadcrumb","itemListElement":[{"@type":"ListItem","position":1,"name":"Startseite","item":"https:\/\/sha-luzern.ch\/fr\/accueil"},{"@type":"ListItem","position":2,"name":"Ouverture du centre de construction Auer \u00e0 Landshut"}]},{"@type":"WebSite","@id":"https:\/\/sha-luzern.ch\/fr#website","url":"https:\/\/sha-luzern.ch\/fr","name":"SHA Scheffler Helbich Architekten GmbH","description":"","potentialAction":[{"@type":"SearchAction","target":{"@type":"EntryPoint","urlTemplate":"https:\/\/sha-luzern.ch\/fr?s={search_term_string}"},"query-input":{"@type":"PropertyValueSpecification","valueRequired":true,"valueName":"search_term_string"}}],"inLanguage":"fr-FR"},{"@type":"Person","@id":"https:\/\/sha-luzern.ch\/fr#\/schema\/person\/e68d44538591ce8617e273ae50cb9fb3","name":"Judith Weitzel","image":{"@type":"ImageObject","inLanguage":"fr-FR","@id":"https:\/\/sha-luzern.ch\/fr#\/schema\/person\/image\/","url":"https:\/\/secure.gravatar.com\/avatar\/7c6bf497a9b76cc4943bd4d7716e797cafb90c96046233c36845e4654eed5e01?s=96&d=mm&r=g","contentUrl":"https:\/\/secure.gravatar.com\/avatar\/7c6bf497a9b76cc4943bd4d7716e797cafb90c96046233c36845e4654eed5e01?s=96&d=mm&r=g","caption":"Judith Weitzel"}}]}},"_links":{"self":[{"href":"https:\/\/sha-luzern.ch\/fr\/wp-json\/wp\/v2\/posts\/35184","targetHints":{"allow":["GET"]}}],"collection":[{"href":"https:\/\/sha-luzern.ch\/fr\/wp-json\/wp\/v2\/posts"}],"about":[{"href":"https:\/\/sha-luzern.ch\/fr\/wp-json\/wp\/v2\/types\/post"}],"author":[{"embeddable":true,"href":"https:\/\/sha-luzern.ch\/fr\/wp-json\/wp\/v2\/users\/2"}],"replies":[{"embeddable":true,"href":"https:\/\/sha-luzern.ch\/fr\/wp-json\/wp\/v2\/comments?post=35184"}],"version-history":[{"count":10,"href":"https:\/\/sha-luzern.ch\/fr\/wp-json\/wp\/v2\/posts\/35184\/revisions"}],"predecessor-version":[{"id":49657,"href":"https:\/\/sha-luzern.ch\/fr\/wp-json\/wp\/v2\/posts\/35184\/revisions\/49657"}],"wp:featuredmedia":[{"embeddable":true,"href":"https:\/\/sha-luzern.ch\/fr\/wp-json\/wp\/v2\/media\/18929"}],"wp:attachment":[{"href":"https:\/\/sha-luzern.ch\/fr\/wp-json\/wp\/v2\/media?parent=35184"}],"wp:term":[{"taxonomy":"category","embeddable":true,"href":"https:\/\/sha-luzern.ch\/fr\/wp-json\/wp\/v2\/categories?post=35184"},{"taxonomy":"post_tag","embeddable":true,"href":"https:\/\/sha-luzern.ch\/fr\/wp-json\/wp\/v2\/tags?post=35184"}],"curies":[{"name":"wp","href":"https:\/\/api.w.org\/{rel}","templated":true}]}}