{"id":35511,"date":"2022-02-11T09:56:57","date_gmt":"2022-02-11T08:56:57","guid":{"rendered":"https:\/\/sha.de\/aktuelles\/lensing-media-port-transformation-de-la-speicherstrase"},"modified":"2024-09-23T16:57:45","modified_gmt":"2024-09-23T14:57:45","slug":"lensing-media-port-transformation-de-la-speicherstrase","status":"publish","type":"post","link":"https:\/\/sha-luzern.ch\/fr\/news\/lensing-media-port-transformation-de-la-speicherstrase","title":{"rendered":"Lensing Media Port : transformation de la Speicherstra\u00dfe"},"content":{"rendered":"<div id='av_section_1' class='avia-section main_color pt-default pb-default avia-no-border-styling avia-bg-style-scroll  avia-builder-el-0  avia-builder-el-no-sibling   container_wrap fullsize' style=' '  ><div class='container' ><main  role=\"main\" itemprop=\"mainContentOfPage\"  class='template-page content  av-content-full alpha units'><div class='post-entry post-entry-type-page post-entry-35511'><div class='entry-content-wrapper clearfix'>\n\n\t\t\t<div id=\"av-k1hoeuzj\" class=\"headline-column flex_column av_one_full flex_column_div first \">\n\t\t\t\t<div class=\"headline-wrap is-outside align-left sub-bottom\">\n\t\t\t\t\t<h1 class=\"headline-content headline-primary\">Lensing Media Port : transformation de la Speicherstra\u00dfe<\/h1>\n\t\t\t\t\t<h3 class=\"headline-content headline-secondary\">Port de Dortmund<\/h3>\n\t\t\t\t<\/div>\n\t\t\t<\/div>\n<div class=\"flex_column av_one_half  flex_column_div av-zero-column-padding first       avia-builder-el-2  el_after_pixel_sc_headline  el_before_av_one_half  \"><style type=\"text\/css\" data-created_by=\"avia_inline_auto\" id=\"style-css-av-k1w2iezi-07ce49ba32934c402d050e0877de0b59\">\n.avia-video.av-k1w2iezi-07ce49ba32934c402d050e0877de0b59{\nbackground-image:url(https:\/\/sha-luzern.ch\/wp-content\/uploads\/210611_Persp-Speicherstrasse-706x368.jpg);\n}\n<\/style>\n<div  class='avia-video av-k1w2iezi-07ce49ba32934c402d050e0877de0b59 avia-video-16-9 av-preview-image avia-video-load-always av-lazyload-immediate av-lazyload-video-embed'  itemprop=\"video\" itemtype=\"https:\/\/schema.org\/VideoObject\"  data-original_url='https:\/\/youtu.be\/0o1JRNCBpL8'><script type='text\/html' class='av-video-tmpl'> <div class=\"brlbs-cmpnt-container brlbs-cmpnt-content-blocker brlbs-cmpnt-with-individual-styles\" data-borlabs-cookie-content-blocker-id=\"youtube-content-blocker\" data-borlabs-cookie-content=\"PGRpdiBjbGFzcz0nYXZpYS1pZnJhbWUtd3JhcCc+PGlmcmFtZSB0aXRsZT0iTGVuc2luZyBNZWRpYSBQb3J0OiBVbWJhdSBhbiBkZXIgU3BlaWNoZXJzdHJhw59lIiB3aWR0aD0iMTUwMCIgaGVpZ2h0PSI4NDQiIHNyYz0iaHR0cHM6Ly93d3cueW91dHViZS1ub2Nvb2tpZS5jb20vZW1iZWQvMG8xSlJOQ0JwTDg\/ZmVhdHVyZT1vZW1iZWQiIGZyYW1lYm9yZGVyPSIwIiBhbGxvdz0iYWNjZWxlcm9tZXRlcjsgYXV0b3BsYXk7IGNsaXBib2FyZC13cml0ZTsgZW5jcnlwdGVkLW1lZGlhOyBneXJvc2NvcGU7IHBpY3R1cmUtaW4tcGljdHVyZTsgd2ViLXNoYXJlIiByZWZlcnJlcnBvbGljeT0ic3RyaWN0LW9yaWdpbi13aGVuLWNyb3NzLW9yaWdpbiIgYWxsb3dmdWxsc2NyZWVuPjwvaWZyYW1lPjwvZGl2Pg==\"><div class=\"brlbs-cmpnt-cb-preset-c brlbs-cmpnt-cb-youtube\"> <div class=\"brlbs-cmpnt-cb-thumbnail\" style=\"background-image: url('https:\/\/sha-luzern.ch\/wp-content\/uploads\/210611_Persp-Speicherstrasse-706x368.jpg')\"><\/div> <div class=\"brlbs-cmpnt-cb-main\"> <div class=\"brlbs-cmpnt-cb-play-button\"><\/div> <div class=\"brlbs-cmpnt-cb-content\"> <p class=\"brlbs-cmpnt-cb-description\">Vous \u00eates actuellement en train de consulter le contenu d'un espace r\u00e9serv\u00e9 de <strong>YouTube<\/strong>. Pour acc\u00e9der au contenu r\u00e9el, cliquez sur le bouton ci-dessous. Veuillez noter que ce faisant, des donn\u00e9es seront partag\u00e9es avec des providers tiers.<\/p> <a class=\"brlbs-cmpnt-cb-provider-toggle\" href=\"#\" data-borlabs-cookie-show-provider-information role=\"button\">Plus d'informations<\/a> <\/div> <div class=\"brlbs-cmpnt-cb-buttons\"> <a class=\"brlbs-cmpnt-cb-btn\" href=\"#\" data-borlabs-cookie-unblock role=\"button\">D\u00e9bloquer le contenu<\/a> <a class=\"brlbs-cmpnt-cb-btn\" href=\"#\" data-borlabs-cookie-accept-service role=\"button\" style=\"display: inherit\">Accepter le service requis et d\u00e9bloquer les contenus<\/a> <\/div> <\/div> <\/div><\/div><\/script><div class='av-click-to-play-overlay'><div class=\"avia_playpause_icon\"><\/div><\/div><\/div><\/div><div class=\"flex_column av_one_half  flex_column_div av-zero-column-padding        avia-builder-el-4  el_after_av_one_half  avia-builder-el-last  \"><p><section  class='av_textblock_section av-10u9i-c89949c824faaf32120cf5229290afb1 '   itemscope=\"itemscope\" itemtype=\"https:\/\/schema.org\/BlogPosting\" itemprop=\"blogPost\" ><div class='avia_textblock'  itemprop=\"text\" ><p><span dir=\"ltr\" role=\"presentation\">Dans le port de Dortmund, l&rsquo;ancien <\/span><span dir=\"ltr\" role=\"presentation\">b\u00e2timent de stockage de la Speicherstra\u00dfe 2, le<\/span><span dir=\"ltr\" role=\"presentation\">  \u00ab\u00a0Lensing Media Port\u00a0\u00bb. Actuellement, la transformation du b\u00e2timent est en cours et le permis de construire a \u00e9t\u00e9 d\u00e9livr\u00e9. Le nouveau concept d&rsquo;utilisation<\/span> <span dir=\"ltr\" role=\"presentation\"> pr\u00e9voit des industries et des services li\u00e9s au num\u00e9rique et aux m\u00e9dias.<\/span><span dir=\"ltr\" role=\"presentation\"> et une ouverture du site sur le monde ext\u00e9rieur.<\/span><span dir=\"ltr\" role=\"presentation\"> aux zones r\u00e9sidentielles voisines et aux <\/span><span dir=\"ltr\" role=\"presentation\">le grand public.<\/span><br role=\"presentation\"><span class=\"markedContent\"><br role=\"presentation\"><\/span><span dir=\"ltr\" role=\"presentation\">Une fois les travaux termin\u00e9s, des <a href=\"https:\/\/sha-luzern.ch\/fr\/projets\/bureau-et-administration\"><span style=\"text-decoration: underline;\">bureaux et salles de r\u00e9union<\/span><\/a><\/span><span dir=\"ltr\" role=\"presentation\">des agences num\u00e9riques, des restaurants et bien plus encore.<\/span><span dir=\"ltr\" role=\"presentation\"> l&rsquo;ancien b\u00e2timent de stockage<\/span><span dir=\"ltr\" role=\"presentation\">  \u00e0 l&rsquo;int\u00e9rieur du port. Le site<\/span> <span dir=\"ltr\" role=\"presentation\"> l&rsquo;ensemble du quartier &#8211; avec le Lensing Media Port comme<\/span><span dir=\"ltr\" role=\"presentation\"> l&rsquo;ancrage central &#8211; se transforme en un quartier num\u00e9rique, cr\u00e9atif<\/span><span dir=\"ltr\" role=\"presentation\"> urbain de la cr\u00e9ation d&rsquo;entreprise et de la connaissance, qui<\/span><span dir=\"ltr\" role=\"presentation\"> Le quartier se nourrit de l&rsquo;\u00e9change et de la collaboration.<\/span><\/p>\n<p><a href=\"https:\/\/www.ruhrnachrichten.de\/\" target=\"_blank\" rel=\"noopener nofollow\"><em>Vid\u00e9o de pr\u00e9sentation : Ruhr Nachrichten<\/em><\/a><\/p>\n<\/div><\/section><br \/>\n\n<style type=\"text\/css\" data-created_by=\"avia_inline_auto\" id=\"style-css-av-k3fpn5l3-d9d6046a9b2a064112ddf97d2ad905ed\">\n#top .hr.av-k3fpn5l3-d9d6046a9b2a064112ddf97d2ad905ed{\nmargin-top:20px;\nmargin-bottom:20px;\n}\n.hr.av-k3fpn5l3-d9d6046a9b2a064112ddf97d2ad905ed .hr-inner{\nwidth:100%;\nborder-color:#000000;\n}\n<\/style>\n<div  class='hr av-k3fpn5l3-d9d6046a9b2a064112ddf97d2ad905ed hr-custom  avia-builder-el-6  el_after_av_textblock  el_before_av_textblock  hr-center hr-icon-no'><span class='hr-inner inner-border-av-border-thin'><span class=\"hr-inner-style\"><\/span><\/span><\/div><br \/>\n<section  class='av_textblock_section av-kzi6hofm-843d3a3cfd217ca0cc9b889a985758db '   itemscope=\"itemscope\" itemtype=\"https:\/\/schema.org\/BlogPosting\" itemprop=\"blogPost\" ><div class='avia_textblock'  itemprop=\"text\" ><p>Si vous \u00eates int\u00e9ress\u00e9 par <span style=\"text-decoration: underline;\"><a href=\"https:\/\/sha-luzern.ch\/fr\/services\/planification-et-coordination\">nos services<\/a><\/span> <span class=\"tBJ dyH iFc MF7 pBj DrD IZT swG\">n&rsquo;h\u00e9sitez pas \u00e0 prendre directement rendez-vous <span style=\"text-decoration: underline;\"><a href=\"https:\/\/sha-luzern.ch\/fr\/contact-2021\">Rendez-vous sur<\/a><\/span>. N&rsquo;h\u00e9sitez pas \u00e0 nous contacter par t\u00e9l\u00e9phone ou par e-mail.<\/span><\/p>\n<\/div><\/section><\/p><\/div>\n","protected":false},"excerpt":{"rendered":"<p>Dans le port de Dortmund, l&rsquo;ancien b\u00e2timent de stockage de la Speicherstra\u00dfe 2 devient le \u00ab\u00a0Lensing Media Port\u00a0\u00bb. Les travaux de r\u00e9novation du b\u00e2timent sont actuellement en cours. Jetez un coup d&rsquo;\u0153il sur l&rsquo;\u00e9tat actuel des mesures.<\/p>\n","protected":false},"author":2,"featured_media":24569,"comment_status":"closed","ping_status":"closed","sticky":false,"template":"","format":"standard","meta":{"_acf_changed":false,"content-type":"","footnotes":""},"categories":[846,857],"tags":[1038,1040,1041,1042,1062,1094,1468],"class_list":["post-35511","post","type-post","status-publish","format-standard","has-post-thumbnail","hentry","category-dortmund-fr","category-gestion","tag-video-fr","tag-immeuble-de-bureaux","tag-bureau","tag-planification","tag-dortmund-fr","tag-batiment-administratif","tag-restauration"],"acf":[],"yoast_head":"<!-- This site is optimized with the Yoast SEO plugin v26.1.1 - https:\/\/yoast.com\/wordpress\/plugins\/seo\/ -->\n<title>Reconstruction Speicherstra\u00dfe - SHA Scheffler Helbich Architekten GmbH<\/title>\n<meta name=\"description\" content=\"Dans le port de Dortmund, l&#039;ancien b\u00e2timent de stockage de la Speicherstra\u00dfe 2 devient le &quot;Lensing Media Port&quot;. Les travaux de r\u00e9novation du b\u00e2timent sont actuellement en cours.\" \/>\n<meta name=\"robots\" content=\"index, follow, max-snippet:-1, max-image-preview:large, max-video-preview:-1\" \/>\n<link rel=\"canonical\" href=\"https:\/\/sha-luzern.ch\/fr\/news\/lensing-media-port-transformation-de-la-speicherstrase\" \/>\n<meta property=\"og:locale\" content=\"fr_FR\" \/>\n<meta property=\"og:type\" content=\"article\" \/>\n<meta property=\"og:title\" content=\"Reconstruction Speicherstra\u00dfe - SHA Scheffler Helbich Architekten GmbH\" \/>\n<meta property=\"og:description\" content=\"Dans le port de Dortmund, l&#039;ancien b\u00e2timent de stockage de la Speicherstra\u00dfe 2 devient le &quot;Lensing Media Port&quot;. Les travaux de r\u00e9novation du b\u00e2timent sont actuellement en cours.\" \/>\n<meta property=\"og:url\" content=\"https:\/\/sha-luzern.ch\/fr\/news\/lensing-media-port-transformation-de-la-speicherstrase\" \/>\n<meta property=\"og:site_name\" content=\"SHA Scheffler Helbich Architekten GmbH\" \/>\n<meta property=\"article:published_time\" content=\"2022-02-11T08:56:57+00:00\" \/>\n<meta property=\"article:modified_time\" content=\"2024-09-23T14:57:45+00:00\" \/>\n<meta property=\"og:image\" content=\"https:\/\/sha-luzern.ch\/wp-content\/uploads\/210611_Persp-Speicherstrasse.jpg\" \/>\n\t<meta property=\"og:image:width\" content=\"2000\" \/>\n\t<meta property=\"og:image:height\" content=\"1000\" \/>\n\t<meta property=\"og:image:type\" content=\"image\/jpeg\" \/>\n<meta name=\"author\" content=\"Judith Weitzel\" \/>\n<meta name=\"twitter:card\" content=\"summary_large_image\" \/>\n<meta name=\"twitter:label1\" content=\"\u00c9crit par\" \/>\n\t<meta name=\"twitter:data1\" content=\"Judith Weitzel\" \/>\n\t<meta name=\"twitter:label2\" content=\"Dur\u00e9e de lecture estim\u00e9e\" \/>\n\t<meta name=\"twitter:data2\" content=\"5 minutes\" \/>\n<script type=\"application\/ld+json\" class=\"yoast-schema-graph\">{\"@context\":\"https:\/\/schema.org\",\"@graph\":[{\"@type\":\"WebPage\",\"@id\":\"https:\/\/sha-luzern.ch\/fr\/news\/lensing-media-port-transformation-de-la-speicherstrase\",\"url\":\"https:\/\/sha-luzern.ch\/fr\/news\/lensing-media-port-transformation-de-la-speicherstrase\",\"name\":\"Reconstruction Speicherstra\u00dfe - SHA Scheffler Helbich Architekten GmbH\",\"isPartOf\":{\"@id\":\"https:\/\/sha-luzern.ch\/fr#website\"},\"primaryImageOfPage\":{\"@id\":\"https:\/\/sha-luzern.ch\/fr\/news\/lensing-media-port-transformation-de-la-speicherstrase#primaryimage\"},\"image\":{\"@id\":\"https:\/\/sha-luzern.ch\/fr\/news\/lensing-media-port-transformation-de-la-speicherstrase#primaryimage\"},\"thumbnailUrl\":\"https:\/\/sha-luzern.ch\/wp-content\/uploads\/210611_Persp-Speicherstrasse.jpg\",\"datePublished\":\"2022-02-11T08:56:57+00:00\",\"dateModified\":\"2024-09-23T14:57:45+00:00\",\"author\":{\"@id\":\"https:\/\/sha-luzern.ch\/fr#\/schema\/person\/e68d44538591ce8617e273ae50cb9fb3\"},\"description\":\"Dans le port de Dortmund, l'ancien b\u00e2timent de stockage de la Speicherstra\u00dfe 2 devient le \\\"Lensing Media Port\\\". Les travaux de r\u00e9novation du b\u00e2timent sont actuellement en cours.\",\"breadcrumb\":{\"@id\":\"https:\/\/sha-luzern.ch\/fr\/news\/lensing-media-port-transformation-de-la-speicherstrase#breadcrumb\"},\"inLanguage\":\"fr-FR\",\"potentialAction\":[{\"@type\":\"ReadAction\",\"target\":[\"https:\/\/sha-luzern.ch\/fr\/news\/lensing-media-port-transformation-de-la-speicherstrase\"]}]},{\"@type\":\"ImageObject\",\"inLanguage\":\"fr-FR\",\"@id\":\"https:\/\/sha-luzern.ch\/fr\/news\/lensing-media-port-transformation-de-la-speicherstrase#primaryimage\",\"url\":\"https:\/\/sha-luzern.ch\/wp-content\/uploads\/210611_Persp-Speicherstrasse.jpg\",\"contentUrl\":\"https:\/\/sha-luzern.ch\/wp-content\/uploads\/210611_Persp-Speicherstrasse.jpg\",\"width\":2000,\"height\":1000},{\"@type\":\"BreadcrumbList\",\"@id\":\"https:\/\/sha-luzern.ch\/fr\/news\/lensing-media-port-transformation-de-la-speicherstrase#breadcrumb\",\"itemListElement\":[{\"@type\":\"ListItem\",\"position\":1,\"name\":\"Startseite\",\"item\":\"https:\/\/sha-luzern.ch\/fr\/accueil\"},{\"@type\":\"ListItem\",\"position\":2,\"name\":\"Lensing Media Port : transformation de la Speicherstra\u00dfe\"}]},{\"@type\":\"WebSite\",\"@id\":\"https:\/\/sha-luzern.ch\/fr#website\",\"url\":\"https:\/\/sha-luzern.ch\/fr\",\"name\":\"SHA Scheffler Helbich Architekten GmbH\",\"description\":\"\",\"potentialAction\":[{\"@type\":\"SearchAction\",\"target\":{\"@type\":\"EntryPoint\",\"urlTemplate\":\"https:\/\/sha-luzern.ch\/fr?s={search_term_string}\"},\"query-input\":{\"@type\":\"PropertyValueSpecification\",\"valueRequired\":true,\"valueName\":\"search_term_string\"}}],\"inLanguage\":\"fr-FR\"},{\"@type\":\"Person\",\"@id\":\"https:\/\/sha-luzern.ch\/fr#\/schema\/person\/e68d44538591ce8617e273ae50cb9fb3\",\"name\":\"Judith Weitzel\",\"image\":{\"@type\":\"ImageObject\",\"inLanguage\":\"fr-FR\",\"@id\":\"https:\/\/sha-luzern.ch\/fr#\/schema\/person\/image\/\",\"url\":\"https:\/\/secure.gravatar.com\/avatar\/7c6bf497a9b76cc4943bd4d7716e797cafb90c96046233c36845e4654eed5e01?s=96&d=mm&r=g\",\"contentUrl\":\"https:\/\/secure.gravatar.com\/avatar\/7c6bf497a9b76cc4943bd4d7716e797cafb90c96046233c36845e4654eed5e01?s=96&d=mm&r=g\",\"caption\":\"Judith Weitzel\"}}]}<\/script>\n<!-- \/ Yoast SEO plugin. -->","yoast_head_json":{"title":"Reconstruction Speicherstra\u00dfe - SHA Scheffler Helbich Architekten GmbH","description":"Dans le port de Dortmund, l'ancien b\u00e2timent de stockage de la Speicherstra\u00dfe 2 devient le \"Lensing Media Port\". Les travaux de r\u00e9novation du b\u00e2timent sont actuellement en cours.","robots":{"index":"index","follow":"follow","max-snippet":"max-snippet:-1","max-image-preview":"max-image-preview:large","max-video-preview":"max-video-preview:-1"},"canonical":"https:\/\/sha-luzern.ch\/fr\/news\/lensing-media-port-transformation-de-la-speicherstrase","og_locale":"fr_FR","og_type":"article","og_title":"Reconstruction Speicherstra\u00dfe - SHA Scheffler Helbich Architekten GmbH","og_description":"Dans le port de Dortmund, l'ancien b\u00e2timent de stockage de la Speicherstra\u00dfe 2 devient le \"Lensing Media Port\". Les travaux de r\u00e9novation du b\u00e2timent sont actuellement en cours.","og_url":"https:\/\/sha-luzern.ch\/fr\/news\/lensing-media-port-transformation-de-la-speicherstrase","og_site_name":"SHA Scheffler Helbich Architekten GmbH","article_published_time":"2022-02-11T08:56:57+00:00","article_modified_time":"2024-09-23T14:57:45+00:00","og_image":[{"width":2000,"height":1000,"url":"https:\/\/sha-luzern.ch\/wp-content\/uploads\/210611_Persp-Speicherstrasse.jpg","type":"image\/jpeg"}],"author":"Judith Weitzel","twitter_card":"summary_large_image","twitter_misc":{"\u00c9crit par":"Judith Weitzel","Dur\u00e9e de lecture estim\u00e9e":"5 minutes"},"schema":{"@context":"https:\/\/schema.org","@graph":[{"@type":"WebPage","@id":"https:\/\/sha-luzern.ch\/fr\/news\/lensing-media-port-transformation-de-la-speicherstrase","url":"https:\/\/sha-luzern.ch\/fr\/news\/lensing-media-port-transformation-de-la-speicherstrase","name":"Reconstruction Speicherstra\u00dfe - SHA Scheffler Helbich Architekten GmbH","isPartOf":{"@id":"https:\/\/sha-luzern.ch\/fr#website"},"primaryImageOfPage":{"@id":"https:\/\/sha-luzern.ch\/fr\/news\/lensing-media-port-transformation-de-la-speicherstrase#primaryimage"},"image":{"@id":"https:\/\/sha-luzern.ch\/fr\/news\/lensing-media-port-transformation-de-la-speicherstrase#primaryimage"},"thumbnailUrl":"https:\/\/sha-luzern.ch\/wp-content\/uploads\/210611_Persp-Speicherstrasse.jpg","datePublished":"2022-02-11T08:56:57+00:00","dateModified":"2024-09-23T14:57:45+00:00","author":{"@id":"https:\/\/sha-luzern.ch\/fr#\/schema\/person\/e68d44538591ce8617e273ae50cb9fb3"},"description":"Dans le port de Dortmund, l'ancien b\u00e2timent de stockage de la Speicherstra\u00dfe 2 devient le \"Lensing Media Port\". Les travaux de r\u00e9novation du b\u00e2timent sont actuellement en cours.","breadcrumb":{"@id":"https:\/\/sha-luzern.ch\/fr\/news\/lensing-media-port-transformation-de-la-speicherstrase#breadcrumb"},"inLanguage":"fr-FR","potentialAction":[{"@type":"ReadAction","target":["https:\/\/sha-luzern.ch\/fr\/news\/lensing-media-port-transformation-de-la-speicherstrase"]}]},{"@type":"ImageObject","inLanguage":"fr-FR","@id":"https:\/\/sha-luzern.ch\/fr\/news\/lensing-media-port-transformation-de-la-speicherstrase#primaryimage","url":"https:\/\/sha-luzern.ch\/wp-content\/uploads\/210611_Persp-Speicherstrasse.jpg","contentUrl":"https:\/\/sha-luzern.ch\/wp-content\/uploads\/210611_Persp-Speicherstrasse.jpg","width":2000,"height":1000},{"@type":"BreadcrumbList","@id":"https:\/\/sha-luzern.ch\/fr\/news\/lensing-media-port-transformation-de-la-speicherstrase#breadcrumb","itemListElement":[{"@type":"ListItem","position":1,"name":"Startseite","item":"https:\/\/sha-luzern.ch\/fr\/accueil"},{"@type":"ListItem","position":2,"name":"Lensing Media Port : transformation de la Speicherstra\u00dfe"}]},{"@type":"WebSite","@id":"https:\/\/sha-luzern.ch\/fr#website","url":"https:\/\/sha-luzern.ch\/fr","name":"SHA Scheffler Helbich Architekten GmbH","description":"","potentialAction":[{"@type":"SearchAction","target":{"@type":"EntryPoint","urlTemplate":"https:\/\/sha-luzern.ch\/fr?s={search_term_string}"},"query-input":{"@type":"PropertyValueSpecification","valueRequired":true,"valueName":"search_term_string"}}],"inLanguage":"fr-FR"},{"@type":"Person","@id":"https:\/\/sha-luzern.ch\/fr#\/schema\/person\/e68d44538591ce8617e273ae50cb9fb3","name":"Judith Weitzel","image":{"@type":"ImageObject","inLanguage":"fr-FR","@id":"https:\/\/sha-luzern.ch\/fr#\/schema\/person\/image\/","url":"https:\/\/secure.gravatar.com\/avatar\/7c6bf497a9b76cc4943bd4d7716e797cafb90c96046233c36845e4654eed5e01?s=96&d=mm&r=g","contentUrl":"https:\/\/secure.gravatar.com\/avatar\/7c6bf497a9b76cc4943bd4d7716e797cafb90c96046233c36845e4654eed5e01?s=96&d=mm&r=g","caption":"Judith Weitzel"}}]}},"_links":{"self":[{"href":"https:\/\/sha-luzern.ch\/fr\/wp-json\/wp\/v2\/posts\/35511","targetHints":{"allow":["GET"]}}],"collection":[{"href":"https:\/\/sha-luzern.ch\/fr\/wp-json\/wp\/v2\/posts"}],"about":[{"href":"https:\/\/sha-luzern.ch\/fr\/wp-json\/wp\/v2\/types\/post"}],"author":[{"embeddable":true,"href":"https:\/\/sha-luzern.ch\/fr\/wp-json\/wp\/v2\/users\/2"}],"replies":[{"embeddable":true,"href":"https:\/\/sha-luzern.ch\/fr\/wp-json\/wp\/v2\/comments?post=35511"}],"version-history":[{"count":2,"href":"https:\/\/sha-luzern.ch\/fr\/wp-json\/wp\/v2\/posts\/35511\/revisions"}],"predecessor-version":[{"id":49174,"href":"https:\/\/sha-luzern.ch\/fr\/wp-json\/wp\/v2\/posts\/35511\/revisions\/49174"}],"wp:featuredmedia":[{"embeddable":true,"href":"https:\/\/sha-luzern.ch\/fr\/wp-json\/wp\/v2\/media\/24569"}],"wp:attachment":[{"href":"https:\/\/sha-luzern.ch\/fr\/wp-json\/wp\/v2\/media?parent=35511"}],"wp:term":[{"taxonomy":"category","embeddable":true,"href":"https:\/\/sha-luzern.ch\/fr\/wp-json\/wp\/v2\/categories?post=35511"},{"taxonomy":"post_tag","embeddable":true,"href":"https:\/\/sha-luzern.ch\/fr\/wp-json\/wp\/v2\/tags?post=35511"}],"curies":[{"name":"wp","href":"https:\/\/api.w.org\/{rel}","templated":true}]}}