{"id":35921,"date":"2019-10-14T13:34:47","date_gmt":"2019-10-14T11:34:47","guid":{"rendered":"https:\/\/sha.de\/aktuelles\/hagebaumarkt-iserlohn-mission-accomplie"},"modified":"2024-09-23T16:59:10","modified_gmt":"2024-09-23T14:59:10","slug":"hagebaumarkt-iserlohn-mission-accomplie","status":"publish","type":"post","link":"https:\/\/sha-luzern.ch\/fr\/news\/hagebaumarkt-iserlohn-mission-accomplie","title":{"rendered":"Hagebaumarkt Iserlohn : mission accomplie"},"content":{"rendered":"<div id='av_section_1' class='avia-section main_color pt-default pb-default avia-no-border-styling avia-bg-style-scroll  avia-builder-el-0  avia-builder-el-no-sibling   container_wrap fullsize' style=' '  ><div class='container' ><main  role=\"main\" itemprop=\"mainContentOfPage\"  class='template-page content  av-content-full alpha units'><div class='post-entry post-entry-type-page post-entry-35921'><div class='entry-content-wrapper clearfix'>\n\n\t\t\t<div id=\"av-k1hoeuzj\" class=\"headline-column flex_column av_one_full flex_column_div first \">\n\t\t\t\t<div class=\"headline-wrap is-outside align-left sub-bottom\">\n\t\t\t\t\t<h1 class=\"headline-content headline-primary\">hagebaumarkt Iserlohn<\/h1>\n\t\t\t\t\t<h3 class=\"headline-content headline-secondary\">Transformation r\u00e9ussie sans interruption des activit\u00e9s<\/h3>\n\t\t\t\t<\/div>\n\t\t\t<\/div>\n<div class=\"flex_column av_one_third  flex_column_div av-zero-column-padding first bg-default      avia-builder-el-2  el_after_pixel_sc_headline  el_before_av_one_third  \"><section  class='av_textblock_section av-k5pfdfmq-9bdd61c64fd08882635a98822068b7f9 '   itemscope=\"itemscope\" itemtype=\"https:\/\/schema.org\/BlogPosting\" itemprop=\"blogPost\" ><div class='avia_textblock'  itemprop=\"text\" ><p>Au cours des derniers mois, SHA a transform\u00e9, agrandi et restructur\u00e9 le magasin Hagebaumarkt d&rsquo;Iserlohn sans interrompre ses activit\u00e9s. <span class=\"content-excerpt\">Tous les \u00e9chafaudages sont maintenant d\u00e9mont\u00e9s &#8211; le magasin de bricolage a une toute nouvelle apparence.<\/span><\/p>\n<p>A voir ici : l&rsquo;entr\u00e9e principale r\u00e9am\u00e9nag\u00e9e (avec boulangerie int\u00e9gr\u00e9e) et le nouveau hall des mat\u00e9riaux de construction.<\/p>\n<\/div><\/section><\/div><div class=\"flex_column av_one_third  flex_column_div av-zero-column-padding        avia-builder-el-4  el_after_av_one_third  el_before_av_one_third  \"><section  class='av_textblock_section av-10u9i-2145f984be230f5ffabcafbaea6790df '   itemscope=\"itemscope\" itemtype=\"https:\/\/schema.org\/BlogPosting\" itemprop=\"blogPost\" ><div class='avia_textblock'  itemprop=\"text\" ><p>Depuis la r\u00e9novation, la jardinerie brille par sa propre entr\u00e9e.<\/p>\n<p><em>Images : <a href=\"https:\/\/www.christian-eblenkamp.de\/\" target=\"_blank\" rel=\"noopener nofollow\">Photodesign Christian Eblenkamp<\/a> <\/em><\/p>\n<\/div><\/section><\/div><div class=\"flex_column av_one_third  flex_column_div av-zero-column-padding  bg-default      avia-builder-el-6  el_after_av_one_third  el_before_av_one_full  \"><section  class='av_textblock_section av-k30ao5o3-65c12ceb537f25a47653a08ab3e06273 '   itemscope=\"itemscope\" itemtype=\"https:\/\/schema.org\/BlogPosting\" itemprop=\"blogPost\" ><div class='avia_textblock'  itemprop=\"text\" ><div class=\"fakten\">\n<p><strong>Liens compl\u00e9mentaires<\/strong><\/p>\n<ul>\n<li><a href=\"https:\/\/sha-luzern.ch\/fr\/references\/bricolage-materiaux-de-construction\">Nos r\u00e9f\u00e9rences dans le commerce des mat\u00e9riaux de construction<\/a><\/li>\n<li><a href=\"https:\/\/www.hagebaumarkt-iserlohn.de\/\" target=\"_blank\" rel=\"noopener nofollow\">Site web Hagebaumarkt Iserlohn<\/a><\/li>\n<\/ul>\n<\/div>\n<\/div><\/section><\/div><div class=\"flex_column av_one_full  flex_column_div av-zero-column-padding first       avia-builder-el-8  el_after_av_one_third  avia-builder-el-last  column-top-margin\"><div class=\"slickgallery \">\n\t<div class=\"pixel-slide-wrap\">\n\t\t<div class=\"pixel-slide\" style=\"display: block; width: 100%; float: left;\">\n\t\t\t\t\n\t\t\t\t\t\t\t\t\t\t\t\t\t\n\t\t\t\t\t<div class=\"pixel-slide__image-wrap slide-1\">\n\t\t\t\t\t\t\t<div class=\"pixel-slide__image \"><a href=\"https:\/\/sha-luzern.ch\/wp-content\/uploads\/19_hagebaumarkt-Iserlohn-Blick-ins-Gartencenter-CE-5.jpg\" rel=\"lightbox\"><img decoding=\"async\" src=\"https:\/\/sha-luzern.ch\/wp-content\/uploads\/19_hagebaumarkt-Iserlohn-Blick-ins-Gartencenter-CE-5-706x368.jpg\" alt=\"Hagebaumarkt Iserlohn Scheffler Helbich Architekten Dortmund\" title=\"Hagebaumarkt Iserlohn Scheffler Helbich Architekten Dortmund\"><\/a><\/div>\n\t\t\t\t\t<\/div>\n\t\t\t\t\n\t\t\t\t\t\t\t\t\t\t\t\t\t\n\t\t\t\t\t<div class=\"pixel-slide__image-wrap slide-2\">\n\t\t\t\t\t\t\t<div class=\"pixel-slide__image \"><a href=\"https:\/\/sha-luzern.ch\/wp-content\/uploads\/19_hagebaumarkt-Iserlohn-Gartencenter-Eingang-CE-4-1274x850.jpg\" rel=\"lightbox\"><img decoding=\"async\" src=\"https:\/\/sha-luzern.ch\/wp-content\/uploads\/19_hagebaumarkt-Iserlohn-Gartencenter-Eingang-CE-4-706x368.jpg\" alt=\"Hagebaumarkt Iserlohn Scheffler Helbich Architekten Dortmund\" title=\"Hagebaumarkt Iserlohn Scheffler Helbich Architekten Dortmund\"><\/a><\/div>\n\t\t\t\t\t<\/div>\n\t\t\t\t\n\t\t\t\t\t\t\t\t\t\t\t\t\t\n\t\t\t\t\t<div class=\"pixel-slide__image-wrap slide-3\">\n\t\t\t\t\t\t\t<div class=\"pixel-slide__image \"><a href=\"https:\/\/sha-luzern.ch\/wp-content\/uploads\/19_hagebaumarkt-Iserlohn-CE-3-1277x850.jpg\" rel=\"lightbox\"><img decoding=\"async\" src=\"https:\/\/sha-luzern.ch\/wp-content\/uploads\/19_hagebaumarkt-Iserlohn-CE-3-706x368.jpg\" alt=\"Hagebaumarkt Iserlohn Scheffler Helbich Architekten Dortmund\" title=\"Hagebaumarkt Iserlohn Scheffler Helbich Architekten Dortmund\"><\/a><\/div>\n\t\t\t\t\t<\/div>\n\t\t\t\t\n\t\t\t\t\t\t\t\t\t\t\t\t\t\n\t\t\t\t\t<div class=\"pixel-slide__image-wrap slide-4\">\n\t\t\t\t\t\t\t<div class=\"pixel-slide__image \"><a href=\"https:\/\/sha-luzern.ch\/wp-content\/uploads\/19_hagebaumarkt-Iserlohn-mit-B\u00e4ckerei-CE-2.jpg\" rel=\"lightbox\"><img decoding=\"async\" src=\"https:\/\/sha-luzern.ch\/wp-content\/uploads\/19_hagebaumarkt-Iserlohn-mit-B\u00e4ckerei-CE-2-706x368.jpg\" alt=\"Hagebaumarkt Iserlohn Scheffler Helbich Architekten Dortmund\" title=\"Hagebaumarkt Iserlohn Scheffler Helbich Architekten Dortmund\"><\/a><\/div>\n\t\t\t\t\t<\/div>\n\t\t\t\t\n\t\t\t\t\t\t\t\t\t\t\t\t\t\n\t\t\t\t\t<div class=\"pixel-slide__image-wrap slide-5\">\n\t\t\t\t\t\t\t<div class=\"pixel-slide__image \"><a href=\"https:\/\/sha-luzern.ch\/wp-content\/uploads\/19_hagebaumarkt-Iserlohn-Baustoffhalle-CE-1-1274x850.jpg\" rel=\"lightbox\"><img decoding=\"async\" src=\"https:\/\/sha-luzern.ch\/wp-content\/uploads\/19_hagebaumarkt-Iserlohn-Baustoffhalle-CE-1-706x368.jpg\" alt=\"Hagebaumarkt Iserlohn Scheffler Helbich Architekten Dortmund\" title=\"Hagebaumarkt Iserlohn Scheffler Helbich Architekten Dortmund\"><\/a><\/div>\n\t\t\t\t\t<\/div>\n\t\t\t\t\t\t<\/div>\n\t<\/div>\n<\/div><\/div>\n","protected":false},"excerpt":{"rendered":"<p>Au cours des derniers mois, SHA a transform\u00e9, agrandi et restructur\u00e9 le magasin Hagebaumarkt d&rsquo;Iserlohn sans interrompre ses activit\u00e9s. Tous les \u00e9chafaudages sont maintenant d\u00e9mont\u00e9s &#8211; le magasin de bricolage a une toute nouvelle apparence.<\/p>\n","protected":false},"author":2,"featured_media":18995,"comment_status":"closed","ping_status":"closed","sticky":false,"template":"","format":"standard","meta":{"_acf_changed":false,"content-type":"","footnotes":""},"categories":[843],"tags":[946,1216,1409,1537,1538,1539],"class_list":["post-35921","post","type-post","status-publish","format-standard","has-post-thumbnail","hentry","category-marche-de-la-construction-commerce-de-materiaux-de-construction","tag-marche-de-la-construction","tag-transformation","tag-batiment-de-materiaux-de-construction","tag-hagebaumarkt-fr","tag-iserlohn-fr","tag-jardinerie"],"acf":[],"yoast_head":"<!-- This site is optimized with the Yoast SEO plugin v26.1.1 - https:\/\/yoast.com\/wordpress\/plugins\/seo\/ -->\n<title>Hagebaumarkt Iserlohn : mission accomplie - SHA Scheffler Helbich Architekten GmbH<\/title>\n<meta name=\"robots\" content=\"index, follow, max-snippet:-1, max-image-preview:large, max-video-preview:-1\" \/>\n<link rel=\"canonical\" href=\"https:\/\/sha-luzern.ch\/fr\/news\/hagebaumarkt-iserlohn-mission-accomplie\" \/>\n<meta property=\"og:locale\" content=\"fr_FR\" \/>\n<meta property=\"og:type\" content=\"article\" \/>\n<meta property=\"og:title\" content=\"Hagebaumarkt Iserlohn : mission accomplie - SHA Scheffler Helbich Architekten GmbH\" \/>\n<meta property=\"og:description\" content=\"Au cours des derniers mois, SHA a transform\u00e9, agrandi et restructur\u00e9 le magasin Hagebaumarkt d&#039;Iserlohn sans interrompre ses activit\u00e9s. Tous les \u00e9chafaudages sont maintenant d\u00e9mont\u00e9s - le magasin de bricolage a une toute nouvelle apparence.\" \/>\n<meta property=\"og:url\" content=\"https:\/\/sha-luzern.ch\/fr\/news\/hagebaumarkt-iserlohn-mission-accomplie\" \/>\n<meta property=\"og:site_name\" content=\"SHA Scheffler Helbich Architekten GmbH\" \/>\n<meta property=\"article:published_time\" content=\"2019-10-14T11:34:47+00:00\" \/>\n<meta property=\"article:modified_time\" content=\"2024-09-23T14:59:10+00:00\" \/>\n<meta property=\"og:image\" content=\"https:\/\/sha-luzern.ch\/wp-content\/uploads\/19_hagebaumarkt-Iserlohn-CE-3.jpg\" \/>\n\t<meta property=\"og:image:width\" content=\"1672\" \/>\n\t<meta property=\"og:image:height\" content=\"1113\" \/>\n\t<meta property=\"og:image:type\" content=\"image\/jpeg\" \/>\n<meta name=\"author\" content=\"Judith Weitzel\" \/>\n<meta name=\"twitter:card\" content=\"summary_large_image\" \/>\n<meta name=\"twitter:label1\" content=\"\u00c9crit par\" \/>\n\t<meta name=\"twitter:data1\" content=\"Judith Weitzel\" \/>\n\t<meta name=\"twitter:label2\" content=\"Dur\u00e9e de lecture estim\u00e9e\" \/>\n\t<meta name=\"twitter:data2\" content=\"4 minutes\" \/>\n<script type=\"application\/ld+json\" class=\"yoast-schema-graph\">{\"@context\":\"https:\/\/schema.org\",\"@graph\":[{\"@type\":\"WebPage\",\"@id\":\"https:\/\/sha-luzern.ch\/fr\/news\/hagebaumarkt-iserlohn-mission-accomplie\",\"url\":\"https:\/\/sha-luzern.ch\/fr\/news\/hagebaumarkt-iserlohn-mission-accomplie\",\"name\":\"Hagebaumarkt Iserlohn : mission accomplie - SHA Scheffler Helbich Architekten GmbH\",\"isPartOf\":{\"@id\":\"https:\/\/sha-luzern.ch\/fr#website\"},\"primaryImageOfPage\":{\"@id\":\"https:\/\/sha-luzern.ch\/fr\/news\/hagebaumarkt-iserlohn-mission-accomplie#primaryimage\"},\"image\":{\"@id\":\"https:\/\/sha-luzern.ch\/fr\/news\/hagebaumarkt-iserlohn-mission-accomplie#primaryimage\"},\"thumbnailUrl\":\"https:\/\/sha-luzern.ch\/wp-content\/uploads\/19_hagebaumarkt-Iserlohn-CE-3.jpg\",\"datePublished\":\"2019-10-14T11:34:47+00:00\",\"dateModified\":\"2024-09-23T14:59:10+00:00\",\"author\":{\"@id\":\"https:\/\/sha-luzern.ch\/fr#\/schema\/person\/e68d44538591ce8617e273ae50cb9fb3\"},\"breadcrumb\":{\"@id\":\"https:\/\/sha-luzern.ch\/fr\/news\/hagebaumarkt-iserlohn-mission-accomplie#breadcrumb\"},\"inLanguage\":\"fr-FR\",\"potentialAction\":[{\"@type\":\"ReadAction\",\"target\":[\"https:\/\/sha-luzern.ch\/fr\/news\/hagebaumarkt-iserlohn-mission-accomplie\"]}]},{\"@type\":\"ImageObject\",\"inLanguage\":\"fr-FR\",\"@id\":\"https:\/\/sha-luzern.ch\/fr\/news\/hagebaumarkt-iserlohn-mission-accomplie#primaryimage\",\"url\":\"https:\/\/sha-luzern.ch\/wp-content\/uploads\/19_hagebaumarkt-Iserlohn-CE-3.jpg\",\"contentUrl\":\"https:\/\/sha-luzern.ch\/wp-content\/uploads\/19_hagebaumarkt-Iserlohn-CE-3.jpg\",\"width\":1672,\"height\":1113},{\"@type\":\"BreadcrumbList\",\"@id\":\"https:\/\/sha-luzern.ch\/fr\/news\/hagebaumarkt-iserlohn-mission-accomplie#breadcrumb\",\"itemListElement\":[{\"@type\":\"ListItem\",\"position\":1,\"name\":\"Startseite\",\"item\":\"https:\/\/sha-luzern.ch\/fr\/accueil\"},{\"@type\":\"ListItem\",\"position\":2,\"name\":\"Hagebaumarkt Iserlohn : mission accomplie\"}]},{\"@type\":\"WebSite\",\"@id\":\"https:\/\/sha-luzern.ch\/fr#website\",\"url\":\"https:\/\/sha-luzern.ch\/fr\",\"name\":\"SHA Scheffler Helbich Architekten GmbH\",\"description\":\"\",\"potentialAction\":[{\"@type\":\"SearchAction\",\"target\":{\"@type\":\"EntryPoint\",\"urlTemplate\":\"https:\/\/sha-luzern.ch\/fr?s={search_term_string}\"},\"query-input\":{\"@type\":\"PropertyValueSpecification\",\"valueRequired\":true,\"valueName\":\"search_term_string\"}}],\"inLanguage\":\"fr-FR\"},{\"@type\":\"Person\",\"@id\":\"https:\/\/sha-luzern.ch\/fr#\/schema\/person\/e68d44538591ce8617e273ae50cb9fb3\",\"name\":\"Judith Weitzel\",\"image\":{\"@type\":\"ImageObject\",\"inLanguage\":\"fr-FR\",\"@id\":\"https:\/\/sha-luzern.ch\/fr#\/schema\/person\/image\/\",\"url\":\"https:\/\/secure.gravatar.com\/avatar\/7c6bf497a9b76cc4943bd4d7716e797cafb90c96046233c36845e4654eed5e01?s=96&d=mm&r=g\",\"contentUrl\":\"https:\/\/secure.gravatar.com\/avatar\/7c6bf497a9b76cc4943bd4d7716e797cafb90c96046233c36845e4654eed5e01?s=96&d=mm&r=g\",\"caption\":\"Judith Weitzel\"}}]}<\/script>\n<!-- \/ Yoast SEO plugin. -->","yoast_head_json":{"title":"Hagebaumarkt Iserlohn : mission accomplie - SHA Scheffler Helbich Architekten GmbH","robots":{"index":"index","follow":"follow","max-snippet":"max-snippet:-1","max-image-preview":"max-image-preview:large","max-video-preview":"max-video-preview:-1"},"canonical":"https:\/\/sha-luzern.ch\/fr\/news\/hagebaumarkt-iserlohn-mission-accomplie","og_locale":"fr_FR","og_type":"article","og_title":"Hagebaumarkt Iserlohn : mission accomplie - SHA Scheffler Helbich Architekten GmbH","og_description":"Au cours des derniers mois, SHA a transform\u00e9, agrandi et restructur\u00e9 le magasin Hagebaumarkt d'Iserlohn sans interrompre ses activit\u00e9s. Tous les \u00e9chafaudages sont maintenant d\u00e9mont\u00e9s - le magasin de bricolage a une toute nouvelle apparence.","og_url":"https:\/\/sha-luzern.ch\/fr\/news\/hagebaumarkt-iserlohn-mission-accomplie","og_site_name":"SHA Scheffler Helbich Architekten GmbH","article_published_time":"2019-10-14T11:34:47+00:00","article_modified_time":"2024-09-23T14:59:10+00:00","og_image":[{"width":1672,"height":1113,"url":"https:\/\/sha-luzern.ch\/wp-content\/uploads\/19_hagebaumarkt-Iserlohn-CE-3.jpg","type":"image\/jpeg"}],"author":"Judith Weitzel","twitter_card":"summary_large_image","twitter_misc":{"\u00c9crit par":"Judith Weitzel","Dur\u00e9e de lecture estim\u00e9e":"4 minutes"},"schema":{"@context":"https:\/\/schema.org","@graph":[{"@type":"WebPage","@id":"https:\/\/sha-luzern.ch\/fr\/news\/hagebaumarkt-iserlohn-mission-accomplie","url":"https:\/\/sha-luzern.ch\/fr\/news\/hagebaumarkt-iserlohn-mission-accomplie","name":"Hagebaumarkt Iserlohn : mission accomplie - SHA Scheffler Helbich Architekten GmbH","isPartOf":{"@id":"https:\/\/sha-luzern.ch\/fr#website"},"primaryImageOfPage":{"@id":"https:\/\/sha-luzern.ch\/fr\/news\/hagebaumarkt-iserlohn-mission-accomplie#primaryimage"},"image":{"@id":"https:\/\/sha-luzern.ch\/fr\/news\/hagebaumarkt-iserlohn-mission-accomplie#primaryimage"},"thumbnailUrl":"https:\/\/sha-luzern.ch\/wp-content\/uploads\/19_hagebaumarkt-Iserlohn-CE-3.jpg","datePublished":"2019-10-14T11:34:47+00:00","dateModified":"2024-09-23T14:59:10+00:00","author":{"@id":"https:\/\/sha-luzern.ch\/fr#\/schema\/person\/e68d44538591ce8617e273ae50cb9fb3"},"breadcrumb":{"@id":"https:\/\/sha-luzern.ch\/fr\/news\/hagebaumarkt-iserlohn-mission-accomplie#breadcrumb"},"inLanguage":"fr-FR","potentialAction":[{"@type":"ReadAction","target":["https:\/\/sha-luzern.ch\/fr\/news\/hagebaumarkt-iserlohn-mission-accomplie"]}]},{"@type":"ImageObject","inLanguage":"fr-FR","@id":"https:\/\/sha-luzern.ch\/fr\/news\/hagebaumarkt-iserlohn-mission-accomplie#primaryimage","url":"https:\/\/sha-luzern.ch\/wp-content\/uploads\/19_hagebaumarkt-Iserlohn-CE-3.jpg","contentUrl":"https:\/\/sha-luzern.ch\/wp-content\/uploads\/19_hagebaumarkt-Iserlohn-CE-3.jpg","width":1672,"height":1113},{"@type":"BreadcrumbList","@id":"https:\/\/sha-luzern.ch\/fr\/news\/hagebaumarkt-iserlohn-mission-accomplie#breadcrumb","itemListElement":[{"@type":"ListItem","position":1,"name":"Startseite","item":"https:\/\/sha-luzern.ch\/fr\/accueil"},{"@type":"ListItem","position":2,"name":"Hagebaumarkt Iserlohn : mission accomplie"}]},{"@type":"WebSite","@id":"https:\/\/sha-luzern.ch\/fr#website","url":"https:\/\/sha-luzern.ch\/fr","name":"SHA Scheffler Helbich Architekten GmbH","description":"","potentialAction":[{"@type":"SearchAction","target":{"@type":"EntryPoint","urlTemplate":"https:\/\/sha-luzern.ch\/fr?s={search_term_string}"},"query-input":{"@type":"PropertyValueSpecification","valueRequired":true,"valueName":"search_term_string"}}],"inLanguage":"fr-FR"},{"@type":"Person","@id":"https:\/\/sha-luzern.ch\/fr#\/schema\/person\/e68d44538591ce8617e273ae50cb9fb3","name":"Judith Weitzel","image":{"@type":"ImageObject","inLanguage":"fr-FR","@id":"https:\/\/sha-luzern.ch\/fr#\/schema\/person\/image\/","url":"https:\/\/secure.gravatar.com\/avatar\/7c6bf497a9b76cc4943bd4d7716e797cafb90c96046233c36845e4654eed5e01?s=96&d=mm&r=g","contentUrl":"https:\/\/secure.gravatar.com\/avatar\/7c6bf497a9b76cc4943bd4d7716e797cafb90c96046233c36845e4654eed5e01?s=96&d=mm&r=g","caption":"Judith Weitzel"}}]}},"_links":{"self":[{"href":"https:\/\/sha-luzern.ch\/fr\/wp-json\/wp\/v2\/posts\/35921","targetHints":{"allow":["GET"]}}],"collection":[{"href":"https:\/\/sha-luzern.ch\/fr\/wp-json\/wp\/v2\/posts"}],"about":[{"href":"https:\/\/sha-luzern.ch\/fr\/wp-json\/wp\/v2\/types\/post"}],"author":[{"embeddable":true,"href":"https:\/\/sha-luzern.ch\/fr\/wp-json\/wp\/v2\/users\/2"}],"replies":[{"embeddable":true,"href":"https:\/\/sha-luzern.ch\/fr\/wp-json\/wp\/v2\/comments?post=35921"}],"version-history":[{"count":13,"href":"https:\/\/sha-luzern.ch\/fr\/wp-json\/wp\/v2\/posts\/35921\/revisions"}],"predecessor-version":[{"id":49922,"href":"https:\/\/sha-luzern.ch\/fr\/wp-json\/wp\/v2\/posts\/35921\/revisions\/49922"}],"wp:featuredmedia":[{"embeddable":true,"href":"https:\/\/sha-luzern.ch\/fr\/wp-json\/wp\/v2\/media\/18995"}],"wp:attachment":[{"href":"https:\/\/sha-luzern.ch\/fr\/wp-json\/wp\/v2\/media?parent=35921"}],"wp:term":[{"taxonomy":"category","embeddable":true,"href":"https:\/\/sha-luzern.ch\/fr\/wp-json\/wp\/v2\/categories?post=35921"},{"taxonomy":"post_tag","embeddable":true,"href":"https:\/\/sha-luzern.ch\/fr\/wp-json\/wp\/v2\/tags?post=35921"}],"curies":[{"name":"wp","href":"https:\/\/api.w.org\/{rel}","templated":true}]}}