{"id":35929,"date":"2019-11-26T14:36:10","date_gmt":"2019-11-26T13:36:10","guid":{"rendered":"https:\/\/sha.de\/aktuelles\/tous-les-ans-la-fete-de-noel-de-sha"},"modified":"2024-09-23T16:59:10","modified_gmt":"2024-09-23T14:59:10","slug":"tous-les-ans-la-fete-de-noel-de-sha","status":"publish","type":"post","link":"https:\/\/sha-luzern.ch\/fr\/news\/tous-les-ans-la-fete-de-noel-de-sha","title":{"rendered":"Tous les ans : la f\u00eate de No\u00ebl de SHA"},"content":{"rendered":"<div id='av_section_1' class='avia-section main_color pt-default pb-default avia-no-border-styling avia-bg-style-scroll  avia-builder-el-0  avia-builder-el-no-sibling   container_wrap fullsize' style=' '  ><div class='container' ><main  role=\"main\" itemprop=\"mainContentOfPage\"  class='template-page content  av-content-full alpha units'><div class='post-entry post-entry-type-page post-entry-35929'><div class='entry-content-wrapper clearfix'>\n\n\t\t\t<div id=\"av-k1hoeuzj\" class=\"headline-column flex_column av_one_full flex_column_div first \">\n\t\t\t\t<div class=\"headline-wrap is-outside align-left sub-bottom\">\n\t\t\t\t\t<h1 class=\"headline-content headline-primary\">F\u00eate de No\u00ebl SHA<\/h1>\n\t\t\t\t\t<h3 class=\"headline-content headline-secondary\">Tous les ans<\/h3>\n\t\t\t\t<\/div>\n\t\t\t<\/div>\n<div class=\"flex_column av_one_third  flex_column_div av-zero-column-padding first       avia-builder-el-2  el_after_pixel_sc_headline  el_before_av_one_third  \"><section  class='av_textblock_section av-10u9i-9a2edf74b36d7d63466415ae1f16355c '   itemscope=\"itemscope\" itemtype=\"https:\/\/schema.org\/BlogPosting\" itemprop=\"blogPost\" ><div class='avia_textblock'  itemprop=\"text\" ><p>Nous ne travaillons pas seulement ensemble sur les derniers plans et projets de magasins de bricolage, d&rsquo;installations sportives ou d&rsquo;un nouveau magasin de v\u00e9los &#8211; nous aimons aussi faire la f\u00eate ensemble. Apr\u00e8s tout, cela fait partie d&rsquo;une vie de bureau r\u00e9ussie et c&rsquo;est une bonne tradition chez SHA.<\/p>\n<p>La f\u00eate de No\u00ebl de cette ann\u00e9e nous a tout d&rsquo;abord conduits dans ce qui sera bient\u00f4t notre maison, \u00e0 PhoenixWERK, dans le sud de Dortmund. L&rsquo;ann\u00e9e prochaine, cet imposant b\u00e2timent deviendra notre nouveau lieu de travail commun. Sur place, nous avons fait le point sur l&rsquo;\u00e9tat d&rsquo;avancement des travaux et inspect\u00e9 nos nouveaux locaux. Jonas Schwarzenh\u00f6lzer, qui passe de toute fa\u00e7on plus de temps dans le conteneur de construction de Phoenix West qu&rsquo;ailleurs en ce moment, a expliqu\u00e9 \u00e0 l&rsquo;\u00e9quipe l&rsquo;avancement des travaux de construction. A la fin de la visite du site, il \u00e9tait clair que l&rsquo;impatience de d\u00e9m\u00e9nager augmentait !<\/p>\n<\/div><\/section><\/div><div class=\"flex_column av_one_third  flex_column_div av-zero-column-padding        avia-builder-el-4  el_after_av_one_third  el_before_av_one_third  \"><section  class='av_textblock_section av-k3fw0l3u-12827654c20d905bd267c3d7deba6cc2 '   itemscope=\"itemscope\" itemtype=\"https:\/\/schema.org\/BlogPosting\" itemprop=\"blogPost\" ><div class='avia_textblock'  itemprop=\"text\" ><p>Nous nous sommes ensuite rendus dans le port de Dortmund. Lors d&rsquo;un atelier de graffiti, nous avons fait preuve de cr\u00e9ativit\u00e9 et nous avons tagu\u00e9 la silhouette de la ville de Dortmund (dessin\u00e9e, il est vrai, par les gar\u00e7ons de <a href=\"https:\/\/www.graffiti-cans.com\/\" target=\"_blank\" rel=\"noopener nofollow\">Graffiti Cans<\/a> ). Certains avec plus de talent, d&rsquo;autres avec moins, mais tous avec plaisir et enthousiasme. Et le r\u00e9sultat est \u00e0 la hauteur, n&rsquo;est-ce pas ?<\/p>\n<p>\u00c0 la tomb\u00e9e de la nuit, nous avons fait un tour aux flambeaux amusant et instructif dans la zone portuaire.<\/p>\n<p>Nous avons termin\u00e9 la soir\u00e9e en mangeant de bons plats, en discutant bien et en dansant dans les <a href=\"https:\/\/www.tydestudios.com\/\" target=\"_blank\" rel=\"noopener nofollow\">studios Tyde<\/a>. Ainsi, d\u00e8s \u00e0 pr\u00e9sent, l&rsquo;anticipation de la f\u00eate de No\u00ebl 2021 peut commencer&#8230;<\/p>\n<\/div><\/section><\/div><div class=\"flex_column av_one_third  flex_column_div av-zero-column-padding        avia-builder-el-6  el_after_av_one_third  el_before_av_one_full  \"><div class=\"call-to-action   has-button ci-black hover-white bg-yellow  align-left \"><div class=\"call-to-action__inner\"><div class=\"call-to-action__text\"><span class=\"call-to-action__primary\">Joueur d\u2019\u00e9quipe  <br \/>recherch\u00e9.<\/span><span class=\"call-to-action__secondary\">Envie de participer ?  <br \/>Rejoignez SHA !<\/span><\/div><div class=\"call-to-action__button\"><div class=\"avia-button-wrap theme-fill avia-button-left\"><a href=\"https:\/\/sha-luzern.ch\/karriere\/stellenangebote\" class=\"avia-button color-ci-black hover-white avia-icon_select-no avia-size-medium\"><span>Offres d\u2019emploi<\/span><\/a><\/div><\/div><\/div><\/div><\/div><div class=\"flex_column av_one_full  flex_column_div av-zero-column-padding first bg-default   img-left   avia-builder-el-8  el_after_av_one_third  avia-builder-el-last  column-top-margin\"><div class=\"slickgallery \">\n\t<div class=\"pixel-slide-wrap\">\n\t\t<div class=\"pixel-slide\" style=\"display: block; width: 100%; float: left;\">\n\t\t\t\t\n\t\t\t\t\t\t\t\t\t\t\t\t\t\n\t\t\t\t\t<div class=\"pixel-slide__image-wrap slide-1\">\n\t\t\t\t\t\t\t<div class=\"pixel-slide__image \"><a href=\"https:\/\/sha-luzern.ch\/wp-content\/uploads\/Weihnachtsfeier-2019-SHA-9.jpg\" rel=\"lightbox\"><img decoding=\"async\" src=\"https:\/\/sha-luzern.ch\/wp-content\/uploads\/Weihnachtsfeier-2019-SHA-9-706x368.jpg\" alt=\"Weihnachtsfeier 2019 SHA (9)\" title=\"Weihnachtsfeier 2019 SHA (9)\"><\/a><\/div>\n\t\t\t\t\t<\/div>\n\t\t\t\t\n\t\t\t\t\t\t\t\t\t\t\t\t\t\n\t\t\t\t\t<div class=\"pixel-slide__image-wrap slide-2\">\n\t\t\t\t\t\t\t<div class=\"pixel-slide__image \"><a href=\"https:\/\/sha-luzern.ch\/wp-content\/uploads\/Weihnachtsfeier-2019-SHA-18.jpg\" rel=\"lightbox\"><img decoding=\"async\" src=\"https:\/\/sha-luzern.ch\/wp-content\/uploads\/Weihnachtsfeier-2019-SHA-18-706x368.jpg\" alt=\"Weihnachtsfeier 2019 SHA (18)\" title=\"Weihnachtsfeier 2019 SHA (18)\"><\/a><\/div>\n\t\t\t\t\t<\/div>\n\t\t\t\t\n\t\t\t\t\t\t\t\t\t\t\t\t\t\n\t\t\t\t\t<div class=\"pixel-slide__image-wrap slide-3\">\n\t\t\t\t\t\t\t<div class=\"pixel-slide__image \"><a href=\"https:\/\/sha-luzern.ch\/wp-content\/uploads\/Weihnachtsfeier-2019-SHA-15.jpg\" rel=\"lightbox\"><img decoding=\"async\" src=\"https:\/\/sha-luzern.ch\/wp-content\/uploads\/Weihnachtsfeier-2019-SHA-15-706x368.jpg\" alt=\"Weihnachtsfeier 2019 SHA (15)\" title=\"Weihnachtsfeier 2019 SHA (15)\"><\/a><\/div>\n\t\t\t\t\t<\/div>\n\t\t\t\t\n\t\t\t\t\t\t\t\t\t\t\t\t\t\n\t\t\t\t\t<div class=\"pixel-slide__image-wrap slide-4\">\n\t\t\t\t\t\t\t<div class=\"pixel-slide__image \"><a href=\"https:\/\/sha-luzern.ch\/wp-content\/uploads\/Weihnachtsfeier-2019-SHA-16.jpg\" rel=\"lightbox\"><img decoding=\"async\" src=\"https:\/\/sha-luzern.ch\/wp-content\/uploads\/Weihnachtsfeier-2019-SHA-16-706x368.jpg\" alt=\"Weihnachtsfeier 2019 SHA (16)\" title=\"Weihnachtsfeier 2019 SHA (16)\"><\/a><\/div>\n\t\t\t\t\t<\/div>\n\t\t\t\t\n\t\t\t\t\t\t\t\t\t\t\t\t\t\n\t\t\t\t\t<div class=\"pixel-slide__image-wrap slide-5\">\n\t\t\t\t\t\t\t<div class=\"pixel-slide__image \"><a href=\"https:\/\/sha-luzern.ch\/wp-content\/uploads\/Weihnachtsfeier-2019-SHA-14.jpg\" rel=\"lightbox\"><img decoding=\"async\" src=\"https:\/\/sha-luzern.ch\/wp-content\/uploads\/Weihnachtsfeier-2019-SHA-14-706x368.jpg\" alt=\"Weihnachtsfeier 2019 SHA (14)\" title=\"Weihnachtsfeier 2019 SHA (14)\"><\/a><\/div>\n\t\t\t\t\t<\/div>\n\t\t\t\t\n\t\t\t\t\t\t\t\t\t\t\t\t\t\n\t\t\t\t\t<div class=\"pixel-slide__image-wrap slide-6\">\n\t\t\t\t\t\t\t<div class=\"pixel-slide__image \"><a href=\"https:\/\/sha-luzern.ch\/wp-content\/uploads\/Weihnachtsfeier-2019-SHA-17-rotated-e1583740909491-638x850.jpg\" rel=\"lightbox\"><img decoding=\"async\" src=\"https:\/\/sha-luzern.ch\/wp-content\/uploads\/Weihnachtsfeier-2019-SHA-17-rotated-e1583740909491-706x368.jpg\" alt=\"Weihnachtsfeier 2019 SHA (17)\" title=\"Weihnachtsfeier 2019 SHA (17)\"><\/a><\/div>\n\t\t\t\t\t<\/div>\n\t\t\t\t\n\t\t\t\t\t\t\t\t\t\t\t\t\t\n\t\t\t\t\t<div class=\"pixel-slide__image-wrap slide-7\">\n\t\t\t\t\t\t\t<div class=\"pixel-slide__image \"><a href=\"https:\/\/sha-luzern.ch\/wp-content\/uploads\/Weihnachtsfeier-2019-SHA-5.jpg\" rel=\"lightbox\"><img decoding=\"async\" src=\"https:\/\/sha-luzern.ch\/wp-content\/uploads\/Weihnachtsfeier-2019-SHA-5-706x368.jpg\" alt=\"Weihnachtsfeier 2019 SHA (5)\" title=\"Weihnachtsfeier 2019 SHA (5)\"><\/a><\/div>\n\t\t\t\t\t<\/div>\n\t\t\t\t\n\t\t\t\t\t\t\t\t\t\t\t\t\t\n\t\t\t\t\t<div class=\"pixel-slide__image-wrap slide-8\">\n\t\t\t\t\t\t\t<div class=\"pixel-slide__image \"><a href=\"https:\/\/sha-luzern.ch\/wp-content\/uploads\/Weihnachtsfeier-2019-SHA-4.jpg\" rel=\"lightbox\"><img decoding=\"async\" src=\"https:\/\/sha-luzern.ch\/wp-content\/uploads\/Weihnachtsfeier-2019-SHA-4-706x368.jpg\" alt=\"Weihnachtsfeier 2019 SHA (4)\" title=\"Weihnachtsfeier 2019 SHA (4)\"><\/a><\/div>\n\t\t\t\t\t<\/div>\n\t\t\t\t\n\t\t\t\t\t\t\t\t\t\t\t\t\t\n\t\t\t\t\t<div class=\"pixel-slide__image-wrap slide-9\">\n\t\t\t\t\t\t\t<div class=\"pixel-slide__image \"><a href=\"https:\/\/sha-luzern.ch\/wp-content\/uploads\/Weihnachtsfeier-2019-SHA-6.jpg\" rel=\"lightbox\"><img decoding=\"async\" src=\"https:\/\/sha-luzern.ch\/wp-content\/uploads\/Weihnachtsfeier-2019-SHA-6-706x368.jpg\" alt=\"Weihnachtsfeier 2019 SHA (6)\" title=\"Weihnachtsfeier 2019 SHA (6)\"><\/a><\/div>\n\t\t\t\t\t<\/div>\n\t\t\t\t\n\t\t\t\t\t\t\t\t\t\t\t\t\t\n\t\t\t\t\t<div class=\"pixel-slide__image-wrap slide-10\">\n\t\t\t\t\t\t\t<div class=\"pixel-slide__image \"><a href=\"https:\/\/sha-luzern.ch\/wp-content\/uploads\/Weihnachtsfeier-2019-SHA-7.jpg\" rel=\"lightbox\"><img decoding=\"async\" src=\"https:\/\/sha-luzern.ch\/wp-content\/uploads\/Weihnachtsfeier-2019-SHA-7-706x368.jpg\" alt=\"Weihnachtsfeier 2019 SHA (7)\" title=\"Weihnachtsfeier 2019 SHA (7)\"><\/a><\/div>\n\t\t\t\t\t<\/div>\n\t\t\t\t\n\t\t\t\t\t\t\t\t\t\t\t\t\t\n\t\t\t\t\t<div class=\"pixel-slide__image-wrap slide-11\">\n\t\t\t\t\t\t\t<div class=\"pixel-slide__image \"><a href=\"https:\/\/sha-luzern.ch\/wp-content\/uploads\/Weihnachtsfeier-2019-SHA-8.jpg\" rel=\"lightbox\"><img decoding=\"async\" src=\"https:\/\/sha-luzern.ch\/wp-content\/uploads\/Weihnachtsfeier-2019-SHA-8-706x368.jpg\" alt=\"Weihnachtsfeier 2019 SHA (8)\" title=\"Weihnachtsfeier 2019 SHA (8)\"><\/a><\/div>\n\t\t\t\t\t<\/div>\n\t\t\t\t\n\t\t\t\t\t\t\t\t\t\t\t\t\t\n\t\t\t\t\t<div class=\"pixel-slide__image-wrap slide-12\">\n\t\t\t\t\t\t\t<div class=\"pixel-slide__image \"><a href=\"https:\/\/sha-luzern.ch\/wp-content\/uploads\/Weihnachtsfeier-2019-SHA-3.jpg\" rel=\"lightbox\"><img decoding=\"async\" src=\"https:\/\/sha-luzern.ch\/wp-content\/uploads\/Weihnachtsfeier-2019-SHA-3-706x368.jpg\" alt=\"Default\" title=\"Default\"><\/a><\/div>\n\t\t\t\t\t<\/div>\n\t\t\t\t\n\t\t\t\t\t\t\t\t\t\t\t\t\t\n\t\t\t\t\t<div class=\"pixel-slide__image-wrap slide-13\">\n\t\t\t\t\t\t\t<div class=\"pixel-slide__image \"><a href=\"https:\/\/sha-luzern.ch\/wp-content\/uploads\/Weihnachtsfeier-2019-SHA-2.jpg\" rel=\"lightbox\"><img decoding=\"async\" src=\"https:\/\/sha-luzern.ch\/wp-content\/uploads\/Weihnachtsfeier-2019-SHA-2-706x368.jpg\" alt=\"Weihnachtsfeier 2019 SHA (2)\" title=\"Weihnachtsfeier 2019 SHA (2)\"><\/a><\/div>\n\t\t\t\t\t<\/div>\n\t\t\t\t\n\t\t\t\t\t\t\t\t\t\t\t\t\t\n\t\t\t\t\t<div class=\"pixel-slide__image-wrap slide-14\">\n\t\t\t\t\t\t\t<div class=\"pixel-slide__image \"><a href=\"https:\/\/sha-luzern.ch\/wp-content\/uploads\/Weihnachtsfeier-2019-SHA-1.jpg\" rel=\"lightbox\"><img decoding=\"async\" src=\"https:\/\/sha-luzern.ch\/wp-content\/uploads\/Weihnachtsfeier-2019-SHA-1-706x368.jpg\" alt=\"Weihnachtsfeier 2019 SHA (1)\" title=\"Weihnachtsfeier 2019 SHA (1)\"><\/a><\/div>\n\t\t\t\t\t<\/div>\n\t\t\t\t\n\t\t\t\t\t\t\t\t\t\t\t\t\t\n\t\t\t\t\t<div class=\"pixel-slide__image-wrap slide-15\">\n\t\t\t\t\t\t\t<div class=\"pixel-slide__image \"><a href=\"https:\/\/sha-luzern.ch\/wp-content\/uploads\/Weihnachtsfeier-2019-SHA-11.jpg\" rel=\"lightbox\"><img decoding=\"async\" src=\"https:\/\/sha-luzern.ch\/wp-content\/uploads\/Weihnachtsfeier-2019-SHA-11-706x368.jpg\" alt=\"Weihnachtsfeier 2019 SHA (11)\" title=\"Weihnachtsfeier 2019 SHA (11)\"><\/a><\/div>\n\t\t\t\t\t<\/div>\n\t\t\t\t\n\t\t\t\t\t\t\t\t\t\t\t\t\t\n\t\t\t\t\t<div class=\"pixel-slide__image-wrap slide-16\">\n\t\t\t\t\t\t\t<div class=\"pixel-slide__image \"><a href=\"https:\/\/sha-luzern.ch\/wp-content\/uploads\/Weihnachtsfeier-2019-SHA-10.jpg\" rel=\"lightbox\"><img decoding=\"async\" src=\"https:\/\/sha-luzern.ch\/wp-content\/uploads\/Weihnachtsfeier-2019-SHA-10-706x368.jpg\" alt=\"Weihnachtsfeier 2019 SHA (10)\" title=\"Weihnachtsfeier 2019 SHA (10)\"><\/a><\/div>\n\t\t\t\t\t<\/div>\n\t\t\t\t\n\t\t\t\t\t\t\t\t\t\t\t\t\t\n\t\t\t\t\t<div class=\"pixel-slide__image-wrap slide-17\">\n\t\t\t\t\t\t\t<div class=\"pixel-slide__image \"><a href=\"https:\/\/sha-luzern.ch\/wp-content\/uploads\/Weihnachtsfeier-2019-SHA-12-638x850.jpg\" rel=\"lightbox\"><img decoding=\"async\" src=\"https:\/\/sha-luzern.ch\/wp-content\/uploads\/Weihnachtsfeier-2019-SHA-12-706x368.jpg\" alt=\"Weihnachtsfeier 2019 SHA (12)\" title=\"Weihnachtsfeier 2019 SHA (12)\"><\/a><\/div>\n\t\t\t\t\t<\/div>\n\t\t\t\t\n\t\t\t\t\t\t\t\t\t\t\t\t\t\n\t\t\t\t\t<div class=\"pixel-slide__image-wrap slide-18\">\n\t\t\t\t\t\t\t<div class=\"pixel-slide__image \"><a href=\"https:\/\/sha-luzern.ch\/wp-content\/uploads\/Weihnachtsfeier-2019-SHA-13.jpg\" rel=\"lightbox\"><img decoding=\"async\" src=\"https:\/\/sha-luzern.ch\/wp-content\/uploads\/Weihnachtsfeier-2019-SHA-13-706x368.jpg\" alt=\"Weihnachtsfeier 2019 SHA (13)\" title=\"Weihnachtsfeier 2019 SHA (13)\"><\/a><\/div>\n\t\t\t\t\t<\/div>\n\t\t\t\t\t\t<\/div>\n\t<\/div>\n<\/div><\/div>\n","protected":false},"excerpt":{"rendered":"<p>Au sein de l&rsquo;\u00e9quipe SHA, nous ne travaillons pas seulement en bonne intelligence sur les derniers plans et projets de magasins de bricolage, d&rsquo;installations sportives ou d&rsquo;un nouveau magasin de v\u00e9los &#8211; nous aimons aussi faire la f\u00eate ensemble.  <\/p>\n","protected":false},"author":2,"featured_media":20453,"comment_status":"closed","ping_status":"closed","sticky":false,"template":"","format":"standard","meta":{"_acf_changed":false,"content-type":"","footnotes":""},"categories":[856,851,854],"tags":[1540,930,1290],"class_list":["post-35929","post","type-post","status-publish","format-standard","has-post-thumbnail","hentry","category-notre-philosophie","category-sha-en-tant-quemployeur","category-notre-equipe","tag-fete-de-noel","tag-employeur","tag-equipe"],"acf":[],"yoast_head":"<!-- This site is optimized with the Yoast SEO plugin v26.1.1 - https:\/\/yoast.com\/wordpress\/plugins\/seo\/ -->\n<title>Tous les ans : la f\u00eate de No\u00ebl de SHA - SHA Scheffler Helbich Architekten GmbH<\/title>\n<meta name=\"robots\" content=\"index, follow, max-snippet:-1, max-image-preview:large, max-video-preview:-1\" \/>\n<link rel=\"canonical\" href=\"https:\/\/sha-luzern.ch\/fr\/news\/tous-les-ans-la-fete-de-noel-de-sha\" \/>\n<meta property=\"og:locale\" content=\"fr_FR\" \/>\n<meta property=\"og:type\" content=\"article\" \/>\n<meta property=\"og:title\" content=\"Tous les ans : la f\u00eate de No\u00ebl de SHA - SHA Scheffler Helbich Architekten GmbH\" \/>\n<meta property=\"og:description\" content=\"Au sein de l&#039;\u00e9quipe SHA, nous ne travaillons pas seulement en bonne intelligence sur les derniers plans et projets de magasins de bricolage, d&#039;installations sportives ou d&#039;un nouveau magasin de v\u00e9los - nous aimons aussi faire la f\u00eate ensemble.\" \/>\n<meta property=\"og:url\" content=\"https:\/\/sha-luzern.ch\/fr\/news\/tous-les-ans-la-fete-de-noel-de-sha\" \/>\n<meta property=\"og:site_name\" content=\"SHA Scheffler Helbich Architekten GmbH\" \/>\n<meta property=\"article:published_time\" content=\"2019-11-26T13:36:10+00:00\" \/>\n<meta property=\"article:modified_time\" content=\"2024-09-23T14:59:10+00:00\" \/>\n<meta property=\"og:image\" content=\"https:\/\/sha-luzern.ch\/wp-content\/uploads\/Weihnachtsfeier-2019-SHA-12.jpg\" \/>\n\t<meta property=\"og:image:width\" content=\"768\" \/>\n\t<meta property=\"og:image:height\" content=\"1024\" \/>\n\t<meta property=\"og:image:type\" content=\"image\/jpeg\" \/>\n<meta name=\"author\" content=\"Judith Weitzel\" \/>\n<meta name=\"twitter:card\" content=\"summary_large_image\" \/>\n<meta name=\"twitter:label1\" content=\"\u00c9crit par\" \/>\n\t<meta name=\"twitter:data1\" content=\"Judith Weitzel\" \/>\n\t<meta name=\"twitter:label2\" content=\"Dur\u00e9e de lecture estim\u00e9e\" \/>\n\t<meta name=\"twitter:data2\" content=\"5 minutes\" \/>\n<script type=\"application\/ld+json\" class=\"yoast-schema-graph\">{\"@context\":\"https:\/\/schema.org\",\"@graph\":[{\"@type\":\"WebPage\",\"@id\":\"https:\/\/sha-luzern.ch\/fr\/news\/tous-les-ans-la-fete-de-noel-de-sha\",\"url\":\"https:\/\/sha-luzern.ch\/fr\/news\/tous-les-ans-la-fete-de-noel-de-sha\",\"name\":\"Tous les ans : la f\u00eate de No\u00ebl de SHA - SHA Scheffler Helbich Architekten GmbH\",\"isPartOf\":{\"@id\":\"https:\/\/sha-luzern.ch\/fr#website\"},\"primaryImageOfPage\":{\"@id\":\"https:\/\/sha-luzern.ch\/fr\/news\/tous-les-ans-la-fete-de-noel-de-sha#primaryimage\"},\"image\":{\"@id\":\"https:\/\/sha-luzern.ch\/fr\/news\/tous-les-ans-la-fete-de-noel-de-sha#primaryimage\"},\"thumbnailUrl\":\"https:\/\/sha-luzern.ch\/wp-content\/uploads\/Weihnachtsfeier-2019-SHA-12.jpg\",\"datePublished\":\"2019-11-26T13:36:10+00:00\",\"dateModified\":\"2024-09-23T14:59:10+00:00\",\"author\":{\"@id\":\"https:\/\/sha-luzern.ch\/fr#\/schema\/person\/e68d44538591ce8617e273ae50cb9fb3\"},\"breadcrumb\":{\"@id\":\"https:\/\/sha-luzern.ch\/fr\/news\/tous-les-ans-la-fete-de-noel-de-sha#breadcrumb\"},\"inLanguage\":\"fr-FR\",\"potentialAction\":[{\"@type\":\"ReadAction\",\"target\":[\"https:\/\/sha-luzern.ch\/fr\/news\/tous-les-ans-la-fete-de-noel-de-sha\"]}]},{\"@type\":\"ImageObject\",\"inLanguage\":\"fr-FR\",\"@id\":\"https:\/\/sha-luzern.ch\/fr\/news\/tous-les-ans-la-fete-de-noel-de-sha#primaryimage\",\"url\":\"https:\/\/sha-luzern.ch\/wp-content\/uploads\/Weihnachtsfeier-2019-SHA-12.jpg\",\"contentUrl\":\"https:\/\/sha-luzern.ch\/wp-content\/uploads\/Weihnachtsfeier-2019-SHA-12.jpg\",\"width\":768,\"height\":1024},{\"@type\":\"BreadcrumbList\",\"@id\":\"https:\/\/sha-luzern.ch\/fr\/news\/tous-les-ans-la-fete-de-noel-de-sha#breadcrumb\",\"itemListElement\":[{\"@type\":\"ListItem\",\"position\":1,\"name\":\"Startseite\",\"item\":\"https:\/\/sha-luzern.ch\/fr\/accueil\"},{\"@type\":\"ListItem\",\"position\":2,\"name\":\"Tous les ans : la f\u00eate de No\u00ebl de SHA\"}]},{\"@type\":\"WebSite\",\"@id\":\"https:\/\/sha-luzern.ch\/fr#website\",\"url\":\"https:\/\/sha-luzern.ch\/fr\",\"name\":\"SHA Scheffler Helbich Architekten GmbH\",\"description\":\"\",\"potentialAction\":[{\"@type\":\"SearchAction\",\"target\":{\"@type\":\"EntryPoint\",\"urlTemplate\":\"https:\/\/sha-luzern.ch\/fr?s={search_term_string}\"},\"query-input\":{\"@type\":\"PropertyValueSpecification\",\"valueRequired\":true,\"valueName\":\"search_term_string\"}}],\"inLanguage\":\"fr-FR\"},{\"@type\":\"Person\",\"@id\":\"https:\/\/sha-luzern.ch\/fr#\/schema\/person\/e68d44538591ce8617e273ae50cb9fb3\",\"name\":\"Judith Weitzel\",\"image\":{\"@type\":\"ImageObject\",\"inLanguage\":\"fr-FR\",\"@id\":\"https:\/\/sha-luzern.ch\/fr#\/schema\/person\/image\/\",\"url\":\"https:\/\/secure.gravatar.com\/avatar\/7c6bf497a9b76cc4943bd4d7716e797cafb90c96046233c36845e4654eed5e01?s=96&d=mm&r=g\",\"contentUrl\":\"https:\/\/secure.gravatar.com\/avatar\/7c6bf497a9b76cc4943bd4d7716e797cafb90c96046233c36845e4654eed5e01?s=96&d=mm&r=g\",\"caption\":\"Judith Weitzel\"}}]}<\/script>\n<!-- \/ Yoast SEO plugin. -->","yoast_head_json":{"title":"Tous les ans : la f\u00eate de No\u00ebl de SHA - SHA Scheffler Helbich Architekten GmbH","robots":{"index":"index","follow":"follow","max-snippet":"max-snippet:-1","max-image-preview":"max-image-preview:large","max-video-preview":"max-video-preview:-1"},"canonical":"https:\/\/sha-luzern.ch\/fr\/news\/tous-les-ans-la-fete-de-noel-de-sha","og_locale":"fr_FR","og_type":"article","og_title":"Tous les ans : la f\u00eate de No\u00ebl de SHA - SHA Scheffler Helbich Architekten GmbH","og_description":"Au sein de l'\u00e9quipe SHA, nous ne travaillons pas seulement en bonne intelligence sur les derniers plans et projets de magasins de bricolage, d'installations sportives ou d'un nouveau magasin de v\u00e9los - nous aimons aussi faire la f\u00eate ensemble.","og_url":"https:\/\/sha-luzern.ch\/fr\/news\/tous-les-ans-la-fete-de-noel-de-sha","og_site_name":"SHA Scheffler Helbich Architekten GmbH","article_published_time":"2019-11-26T13:36:10+00:00","article_modified_time":"2024-09-23T14:59:10+00:00","og_image":[{"width":768,"height":1024,"url":"https:\/\/sha-luzern.ch\/wp-content\/uploads\/Weihnachtsfeier-2019-SHA-12.jpg","type":"image\/jpeg"}],"author":"Judith Weitzel","twitter_card":"summary_large_image","twitter_misc":{"\u00c9crit par":"Judith Weitzel","Dur\u00e9e de lecture estim\u00e9e":"5 minutes"},"schema":{"@context":"https:\/\/schema.org","@graph":[{"@type":"WebPage","@id":"https:\/\/sha-luzern.ch\/fr\/news\/tous-les-ans-la-fete-de-noel-de-sha","url":"https:\/\/sha-luzern.ch\/fr\/news\/tous-les-ans-la-fete-de-noel-de-sha","name":"Tous les ans : la f\u00eate de No\u00ebl de SHA - SHA Scheffler Helbich Architekten GmbH","isPartOf":{"@id":"https:\/\/sha-luzern.ch\/fr#website"},"primaryImageOfPage":{"@id":"https:\/\/sha-luzern.ch\/fr\/news\/tous-les-ans-la-fete-de-noel-de-sha#primaryimage"},"image":{"@id":"https:\/\/sha-luzern.ch\/fr\/news\/tous-les-ans-la-fete-de-noel-de-sha#primaryimage"},"thumbnailUrl":"https:\/\/sha-luzern.ch\/wp-content\/uploads\/Weihnachtsfeier-2019-SHA-12.jpg","datePublished":"2019-11-26T13:36:10+00:00","dateModified":"2024-09-23T14:59:10+00:00","author":{"@id":"https:\/\/sha-luzern.ch\/fr#\/schema\/person\/e68d44538591ce8617e273ae50cb9fb3"},"breadcrumb":{"@id":"https:\/\/sha-luzern.ch\/fr\/news\/tous-les-ans-la-fete-de-noel-de-sha#breadcrumb"},"inLanguage":"fr-FR","potentialAction":[{"@type":"ReadAction","target":["https:\/\/sha-luzern.ch\/fr\/news\/tous-les-ans-la-fete-de-noel-de-sha"]}]},{"@type":"ImageObject","inLanguage":"fr-FR","@id":"https:\/\/sha-luzern.ch\/fr\/news\/tous-les-ans-la-fete-de-noel-de-sha#primaryimage","url":"https:\/\/sha-luzern.ch\/wp-content\/uploads\/Weihnachtsfeier-2019-SHA-12.jpg","contentUrl":"https:\/\/sha-luzern.ch\/wp-content\/uploads\/Weihnachtsfeier-2019-SHA-12.jpg","width":768,"height":1024},{"@type":"BreadcrumbList","@id":"https:\/\/sha-luzern.ch\/fr\/news\/tous-les-ans-la-fete-de-noel-de-sha#breadcrumb","itemListElement":[{"@type":"ListItem","position":1,"name":"Startseite","item":"https:\/\/sha-luzern.ch\/fr\/accueil"},{"@type":"ListItem","position":2,"name":"Tous les ans : la f\u00eate de No\u00ebl de SHA"}]},{"@type":"WebSite","@id":"https:\/\/sha-luzern.ch\/fr#website","url":"https:\/\/sha-luzern.ch\/fr","name":"SHA Scheffler Helbich Architekten GmbH","description":"","potentialAction":[{"@type":"SearchAction","target":{"@type":"EntryPoint","urlTemplate":"https:\/\/sha-luzern.ch\/fr?s={search_term_string}"},"query-input":{"@type":"PropertyValueSpecification","valueRequired":true,"valueName":"search_term_string"}}],"inLanguage":"fr-FR"},{"@type":"Person","@id":"https:\/\/sha-luzern.ch\/fr#\/schema\/person\/e68d44538591ce8617e273ae50cb9fb3","name":"Judith Weitzel","image":{"@type":"ImageObject","inLanguage":"fr-FR","@id":"https:\/\/sha-luzern.ch\/fr#\/schema\/person\/image\/","url":"https:\/\/secure.gravatar.com\/avatar\/7c6bf497a9b76cc4943bd4d7716e797cafb90c96046233c36845e4654eed5e01?s=96&d=mm&r=g","contentUrl":"https:\/\/secure.gravatar.com\/avatar\/7c6bf497a9b76cc4943bd4d7716e797cafb90c96046233c36845e4654eed5e01?s=96&d=mm&r=g","caption":"Judith Weitzel"}}]}},"_links":{"self":[{"href":"https:\/\/sha-luzern.ch\/fr\/wp-json\/wp\/v2\/posts\/35929","targetHints":{"allow":["GET"]}}],"collection":[{"href":"https:\/\/sha-luzern.ch\/fr\/wp-json\/wp\/v2\/posts"}],"about":[{"href":"https:\/\/sha-luzern.ch\/fr\/wp-json\/wp\/v2\/types\/post"}],"author":[{"embeddable":true,"href":"https:\/\/sha-luzern.ch\/fr\/wp-json\/wp\/v2\/users\/2"}],"replies":[{"embeddable":true,"href":"https:\/\/sha-luzern.ch\/fr\/wp-json\/wp\/v2\/comments?post=35929"}],"version-history":[{"count":8,"href":"https:\/\/sha-luzern.ch\/fr\/wp-json\/wp\/v2\/posts\/35929\/revisions"}],"predecessor-version":[{"id":49929,"href":"https:\/\/sha-luzern.ch\/fr\/wp-json\/wp\/v2\/posts\/35929\/revisions\/49929"}],"wp:featuredmedia":[{"embeddable":true,"href":"https:\/\/sha-luzern.ch\/fr\/wp-json\/wp\/v2\/media\/20453"}],"wp:attachment":[{"href":"https:\/\/sha-luzern.ch\/fr\/wp-json\/wp\/v2\/media?parent=35929"}],"wp:term":[{"taxonomy":"category","embeddable":true,"href":"https:\/\/sha-luzern.ch\/fr\/wp-json\/wp\/v2\/categories?post=35929"},{"taxonomy":"post_tag","embeddable":true,"href":"https:\/\/sha-luzern.ch\/fr\/wp-json\/wp\/v2\/tags?post=35929"}],"curies":[{"name":"wp","href":"https:\/\/api.w.org\/{rel}","templated":true}]}}