{"id":36834,"date":"2018-07-30T17:09:18","date_gmt":"2018-07-30T15:09:18","guid":{"rendered":"https:\/\/sha.de\/aktuelles\/hoeschpark-de-la-cendre-au-gazon-synthetique"},"modified":"2024-09-23T16:58:16","modified_gmt":"2024-09-23T14:58:16","slug":"hoeschpark-de-la-cendre-au-gazon-synthetique","status":"publish","type":"post","link":"https:\/\/sha-luzern.ch\/fr\/news\/hoeschpark-de-la-cendre-au-gazon-synthetique","title":{"rendered":"Hoeschpark &#8211; de la cendre au gazon synth\u00e9tique"},"content":{"rendered":"<div id='av_section_1' class='avia-section main_color pt-default pb-default avia-no-border-styling avia-bg-style-scroll  avia-builder-el-0  avia-builder-el-no-sibling   container_wrap fullsize' style=' '  ><div class='container' ><main  role=\"main\" itemprop=\"mainContentOfPage\"  class='template-page content  av-content-full alpha units'><div class='post-entry post-entry-type-page post-entry-36834'><div class='entry-content-wrapper clearfix'>\n\n\t\t\t<div id=\"av-k1hoeuzj\" class=\"headline-column flex_column av_one_full flex_column_div first \">\n\t\t\t\t<div class=\"headline-wrap is-outside align-left sub-bottom\">\n\t\t\t\t\t<h1 class=\"headline-content headline-primary\">Hoeschpark - de la cendre au gazon synth\u00e9tique<\/h1>\n\t\t\t\t\t<h3 class=\"headline-content headline-secondary\">Protection du patrimoine dans la construction d\u2019installations sportives<\/h3>\n\t\t\t\t<\/div>\n\t\t\t<\/div>\n<div class=\"flex_column av_one_third  flex_column_div av-zero-column-padding first       avia-builder-el-2  el_after_pixel_sc_headline  el_before_av_one_third  \"><section  class='av_textblock_section av-k306azl0-76249be821e29472472ab122ccc0778f '   itemscope=\"itemscope\" itemtype=\"https:\/\/schema.org\/BlogPosting\" itemprop=\"blogPost\" ><div class='avia_textblock'  itemprop=\"text\" ><p>En 2014, nous avons r\u00e9alis\u00e9 la transformation de trois terrains en cendres en terrains en gazon synth\u00e9tique dans le parc Hoeschpark de Dortmund, class\u00e9 monument historique. Outre le terrain de football am\u00e9ricain pour les Giants de Dortmund, un terrain de football r\u00e9cr\u00e9atif et un terrain de petits jeux ont \u00e9t\u00e9 cr\u00e9\u00e9s. Il en r\u00e9sulte plusieurs missions de conseil pour les clubs sportifs lors de la transformation en terrains en gazon synth\u00e9tique.<\/p>\n<\/div><\/section><\/div><div class=\"flex_column av_one_third  flex_column_div av-zero-column-padding        avia-builder-el-4  el_after_av_one_third  el_before_av_one_third  \"><section  class='av_textblock_section av-k306h4s8-28e5d7d81e488aa86dfc59b40e41d563 '   itemscope=\"itemscope\" itemtype=\"https:\/\/schema.org\/BlogPosting\" itemprop=\"blogPost\" ><div class='avia_textblock'  itemprop=\"text\" ><p>\u00ab\u00a0Nous sommes heureux d&rsquo;aider ainsi les petits clubs \u00e0 devenir des sites d&rsquo;entra\u00eenement professionnels\u00a0\u00bb, explique Jonas Schwarzenh\u00f6lzer, architecte au sein de la direction des travaux et responsable des projets de pelouse artificielle.<\/p>\n<\/div><\/section><\/div><div class=\"flex_column av_one_third  flex_column_div av-zero-column-padding  bg-default   img-left   avia-builder-el-6  el_after_av_one_third  el_before_pixel_sc_slickgallery  \"><div class=\"call-to-action    has-button ci-black hover-white bg-yellow  align-left \"><div class=\"call-to-action__inner\"><div class=\"call-to-action__text\"><span class=\"call-to-action__primary\">Votre bureau d\u2019architecture<\/span><span class=\"call-to-action__secondary\">pour la construction d\u2019installations sportives<\/span><\/div><div class=\"call-to-action__button\"><div class=\"avia-button-wrap theme-fill avia-button-left\"><a href=\"https:\/\/sha-luzern.ch\/projekte\/stadien-sportstaetten\" class=\"avia-button color-ci-black hover-white avia-icon_select-no avia-size-medium\"><span>En savoir plus<\/span><\/a><\/div><\/div><\/div><\/div><\/div><div class=\"slickgallery \">\n\t<div class=\"pixel-slide-wrap\">\n\t\t<div class=\"pixel-slide\" style=\"display: block; width: 100%; float: left;\">\n\t\t\t\t\n\t\t\t\t\t\t\t\t\t\t\t\t\t\n\t\t\t\t\t<div class=\"pixel-slide__image-wrap slide-1\">\n\t\t\t\t\t\t\t<div class=\"pixel-slide__image \"><a href=\"https:\/\/sha-luzern.ch\/wp-content\/uploads\/Kunstrasenfelder-Hoeschpark-Dortmund-3.jpg\" rel=\"lightbox\"><img decoding=\"async\" src=\"https:\/\/sha-luzern.ch\/wp-content\/uploads\/Kunstrasenfelder-Hoeschpark-Dortmund-3-706x368.jpg\" alt=\"Kunstrasenfelder Hoeschpark Dortmund (3)\" title=\"Kunstrasenfelder Hoeschpark Dortmund (3)\"><\/a><\/div>\n\t\t\t\t\t<\/div>\n\t\t\t\t\n\t\t\t\t\t\t\t\t\t\t\t\t\t\n\t\t\t\t\t<div class=\"pixel-slide__image-wrap slide-2\">\n\t\t\t\t\t\t\t<div class=\"pixel-slide__image \"><a href=\"https:\/\/sha-luzern.ch\/wp-content\/uploads\/Kunstrasenfelder-Hoeschpark-Dortmund-2.jpg\" rel=\"lightbox\"><img decoding=\"async\" src=\"https:\/\/sha-luzern.ch\/wp-content\/uploads\/Kunstrasenfelder-Hoeschpark-Dortmund-2-706x368.jpg\" alt=\"Kunstrasenfelder Hoeschpark Dortmund (2)\" title=\"Kunstrasenfelder Hoeschpark Dortmund (2)\"><\/a><\/div>\n\t\t\t\t\t<\/div>\n\t\t\t\t\n\t\t\t\t\t\t\t\t\t\t\t\t\t\n\t\t\t\t\t<div class=\"pixel-slide__image-wrap slide-3\">\n\t\t\t\t\t\t\t<div class=\"pixel-slide__image \"><a href=\"https:\/\/sha-luzern.ch\/wp-content\/uploads\/Kunstrasenfelder-Hoeschpark-Dortmund-4-1275x850.jpg\" rel=\"lightbox\"><img decoding=\"async\" src=\"https:\/\/sha-luzern.ch\/wp-content\/uploads\/Kunstrasenfelder-Hoeschpark-Dortmund-4-706x368.jpg\" alt=\"Kunstrasenfelder Hoeschpark Dortmund (4)\" title=\"Kunstrasenfelder Hoeschpark Dortmund (4)\"><\/a><\/div>\n\t\t\t\t\t<\/div>\n\t\t\t\t\n\t\t\t\t\t\t\t\t\t\t\t\t\t\n\t\t\t\t\t<div class=\"pixel-slide__image-wrap slide-4\">\n\t\t\t\t\t\t\t<div class=\"pixel-slide__image \"><a href=\"https:\/\/sha-luzern.ch\/wp-content\/uploads\/Kunstrasenfelder-Hoeschpark-Dortmund-1.jpg\" rel=\"lightbox\"><img decoding=\"async\" src=\"https:\/\/sha-luzern.ch\/wp-content\/uploads\/Kunstrasenfelder-Hoeschpark-Dortmund-1-706x368.jpg\" alt=\"Kunstrasenfelder Hoeschpark Dortmund (1)\" title=\"Kunstrasenfelder Hoeschpark Dortmund (1)\"><\/a><\/div>\n\t\t\t\t\t<\/div>\n\t\t\t\t\t\t<\/div>\n\t<\/div>\n<\/div>\n\n\n<style type=\"text\/css\" data-created_by=\"avia_inline_auto\" id=\"style-css-av-k2cxuj7x-8c50b344fe3ce2de9f0b374756e79903\">\n#top .hr.hr-invisible.av-k2cxuj7x-8c50b344fe3ce2de9f0b374756e79903{\nheight:40px;\n}\n<\/style>\n<div  class='hr av-k2cxuj7x-8c50b344fe3ce2de9f0b374756e79903 hr-invisible  avia-builder-el-9  el_after_pixel_sc_slickgallery  avia-builder-el-last '><span class='hr-inner '><span class=\"hr-inner-style\"><\/span><\/span><\/div>\n\n","protected":false},"excerpt":{"rendered":"<p>En 2014, nous avons r\u00e9alis\u00e9 la transformation de trois terrains en cendres en terrains en gazon synth\u00e9tique dans le parc Hoeschpark de Dortmund, class\u00e9 monument historique. Nous aidons ainsi les petits clubs \u00e0 devenir des sites d&rsquo;entra\u00eenement professionnels.<\/p>\n","protected":false},"author":2,"featured_media":20015,"comment_status":"closed","ping_status":"closed","sticky":false,"template":"","format":"standard","meta":{"_acf_changed":false,"content-type":"","footnotes":""},"categories":[846,852],"tags":[1062,1285,1341,1666,1669,1670],"class_list":["post-36834","post","type-post","status-publish","format-standard","has-post-thumbnail","hentry","category-dortmund-fr","category-installations-sportives","tag-dortmund-fr","tag-installations-sportives","tag-parc-hoesch","tag-stade-de-football","tag-gazon-synthetique","tag-petit-terrain-de-jeu"],"acf":[],"yoast_head":"<!-- This site is optimized with the Yoast SEO plugin v26.1.1 - https:\/\/yoast.com\/wordpress\/plugins\/seo\/ -->\n<title>Hoeschpark - de la cendre au gazon synth\u00e9tique - SHA Scheffler Helbich Architekten GmbH<\/title>\n<meta name=\"robots\" content=\"index, follow, max-snippet:-1, max-image-preview:large, max-video-preview:-1\" \/>\n<link rel=\"canonical\" href=\"https:\/\/sha-luzern.ch\/fr\/news\/hoeschpark-de-la-cendre-au-gazon-synthetique\" \/>\n<meta property=\"og:locale\" content=\"fr_FR\" \/>\n<meta property=\"og:type\" content=\"article\" \/>\n<meta property=\"og:title\" content=\"Hoeschpark - de la cendre au gazon synth\u00e9tique - SHA Scheffler Helbich Architekten GmbH\" \/>\n<meta property=\"og:description\" content=\"En 2014, nous avons r\u00e9alis\u00e9 la transformation de trois terrains en cendres en terrains en gazon synth\u00e9tique dans le parc Hoeschpark de Dortmund, class\u00e9 monument historique. Nous aidons ainsi les petits clubs \u00e0 devenir des sites d&#039;entra\u00eenement professionnels.\" \/>\n<meta property=\"og:url\" content=\"https:\/\/sha-luzern.ch\/fr\/news\/hoeschpark-de-la-cendre-au-gazon-synthetique\" \/>\n<meta property=\"og:site_name\" content=\"SHA Scheffler Helbich Architekten GmbH\" \/>\n<meta property=\"article:published_time\" content=\"2018-07-30T15:09:18+00:00\" \/>\n<meta property=\"article:modified_time\" content=\"2024-09-23T14:58:16+00:00\" \/>\n<meta property=\"og:image\" content=\"https:\/\/sha-luzern.ch\/wp-content\/uploads\/Kunstrasenfelder-Hoeschpark-Dortmund-4.jpg\" \/>\n\t<meta property=\"og:image:width\" content=\"1332\" \/>\n\t<meta property=\"og:image:height\" content=\"888\" \/>\n\t<meta property=\"og:image:type\" content=\"image\/jpeg\" \/>\n<meta name=\"author\" content=\"Judith Weitzel\" \/>\n<meta name=\"twitter:card\" content=\"summary_large_image\" \/>\n<meta name=\"twitter:label1\" content=\"\u00c9crit par\" \/>\n\t<meta name=\"twitter:data1\" content=\"Judith Weitzel\" \/>\n\t<meta name=\"twitter:label2\" content=\"Dur\u00e9e de lecture estim\u00e9e\" \/>\n\t<meta name=\"twitter:data2\" content=\"4 minutes\" \/>\n<script type=\"application\/ld+json\" class=\"yoast-schema-graph\">{\"@context\":\"https:\/\/schema.org\",\"@graph\":[{\"@type\":\"WebPage\",\"@id\":\"https:\/\/sha-luzern.ch\/fr\/news\/hoeschpark-de-la-cendre-au-gazon-synthetique\",\"url\":\"https:\/\/sha-luzern.ch\/fr\/news\/hoeschpark-de-la-cendre-au-gazon-synthetique\",\"name\":\"Hoeschpark - de la cendre au gazon synth\u00e9tique - SHA Scheffler Helbich Architekten GmbH\",\"isPartOf\":{\"@id\":\"https:\/\/sha-luzern.ch\/fr#website\"},\"primaryImageOfPage\":{\"@id\":\"https:\/\/sha-luzern.ch\/fr\/news\/hoeschpark-de-la-cendre-au-gazon-synthetique#primaryimage\"},\"image\":{\"@id\":\"https:\/\/sha-luzern.ch\/fr\/news\/hoeschpark-de-la-cendre-au-gazon-synthetique#primaryimage\"},\"thumbnailUrl\":\"https:\/\/sha-luzern.ch\/wp-content\/uploads\/Kunstrasenfelder-Hoeschpark-Dortmund-4.jpg\",\"datePublished\":\"2018-07-30T15:09:18+00:00\",\"dateModified\":\"2024-09-23T14:58:16+00:00\",\"author\":{\"@id\":\"https:\/\/sha-luzern.ch\/fr#\/schema\/person\/e68d44538591ce8617e273ae50cb9fb3\"},\"breadcrumb\":{\"@id\":\"https:\/\/sha-luzern.ch\/fr\/news\/hoeschpark-de-la-cendre-au-gazon-synthetique#breadcrumb\"},\"inLanguage\":\"fr-FR\",\"potentialAction\":[{\"@type\":\"ReadAction\",\"target\":[\"https:\/\/sha-luzern.ch\/fr\/news\/hoeschpark-de-la-cendre-au-gazon-synthetique\"]}]},{\"@type\":\"ImageObject\",\"inLanguage\":\"fr-FR\",\"@id\":\"https:\/\/sha-luzern.ch\/fr\/news\/hoeschpark-de-la-cendre-au-gazon-synthetique#primaryimage\",\"url\":\"https:\/\/sha-luzern.ch\/wp-content\/uploads\/Kunstrasenfelder-Hoeschpark-Dortmund-4.jpg\",\"contentUrl\":\"https:\/\/sha-luzern.ch\/wp-content\/uploads\/Kunstrasenfelder-Hoeschpark-Dortmund-4.jpg\",\"width\":1332,\"height\":888},{\"@type\":\"BreadcrumbList\",\"@id\":\"https:\/\/sha-luzern.ch\/fr\/news\/hoeschpark-de-la-cendre-au-gazon-synthetique#breadcrumb\",\"itemListElement\":[{\"@type\":\"ListItem\",\"position\":1,\"name\":\"Startseite\",\"item\":\"https:\/\/sha-luzern.ch\/fr\/accueil\"},{\"@type\":\"ListItem\",\"position\":2,\"name\":\"Hoeschpark &#8211; de la cendre au gazon synth\u00e9tique\"}]},{\"@type\":\"WebSite\",\"@id\":\"https:\/\/sha-luzern.ch\/fr#website\",\"url\":\"https:\/\/sha-luzern.ch\/fr\",\"name\":\"SHA Scheffler Helbich Architekten GmbH\",\"description\":\"\",\"potentialAction\":[{\"@type\":\"SearchAction\",\"target\":{\"@type\":\"EntryPoint\",\"urlTemplate\":\"https:\/\/sha-luzern.ch\/fr?s={search_term_string}\"},\"query-input\":{\"@type\":\"PropertyValueSpecification\",\"valueRequired\":true,\"valueName\":\"search_term_string\"}}],\"inLanguage\":\"fr-FR\"},{\"@type\":\"Person\",\"@id\":\"https:\/\/sha-luzern.ch\/fr#\/schema\/person\/e68d44538591ce8617e273ae50cb9fb3\",\"name\":\"Judith Weitzel\",\"image\":{\"@type\":\"ImageObject\",\"inLanguage\":\"fr-FR\",\"@id\":\"https:\/\/sha-luzern.ch\/fr#\/schema\/person\/image\/\",\"url\":\"https:\/\/secure.gravatar.com\/avatar\/7c6bf497a9b76cc4943bd4d7716e797cafb90c96046233c36845e4654eed5e01?s=96&d=mm&r=g\",\"contentUrl\":\"https:\/\/secure.gravatar.com\/avatar\/7c6bf497a9b76cc4943bd4d7716e797cafb90c96046233c36845e4654eed5e01?s=96&d=mm&r=g\",\"caption\":\"Judith Weitzel\"}}]}<\/script>\n<!-- \/ Yoast SEO plugin. -->","yoast_head_json":{"title":"Hoeschpark - de la cendre au gazon synth\u00e9tique - SHA Scheffler Helbich Architekten GmbH","robots":{"index":"index","follow":"follow","max-snippet":"max-snippet:-1","max-image-preview":"max-image-preview:large","max-video-preview":"max-video-preview:-1"},"canonical":"https:\/\/sha-luzern.ch\/fr\/news\/hoeschpark-de-la-cendre-au-gazon-synthetique","og_locale":"fr_FR","og_type":"article","og_title":"Hoeschpark - de la cendre au gazon synth\u00e9tique - SHA Scheffler Helbich Architekten GmbH","og_description":"En 2014, nous avons r\u00e9alis\u00e9 la transformation de trois terrains en cendres en terrains en gazon synth\u00e9tique dans le parc Hoeschpark de Dortmund, class\u00e9 monument historique. Nous aidons ainsi les petits clubs \u00e0 devenir des sites d'entra\u00eenement professionnels.","og_url":"https:\/\/sha-luzern.ch\/fr\/news\/hoeschpark-de-la-cendre-au-gazon-synthetique","og_site_name":"SHA Scheffler Helbich Architekten GmbH","article_published_time":"2018-07-30T15:09:18+00:00","article_modified_time":"2024-09-23T14:58:16+00:00","og_image":[{"width":1332,"height":888,"url":"https:\/\/sha-luzern.ch\/wp-content\/uploads\/Kunstrasenfelder-Hoeschpark-Dortmund-4.jpg","type":"image\/jpeg"}],"author":"Judith Weitzel","twitter_card":"summary_large_image","twitter_misc":{"\u00c9crit par":"Judith Weitzel","Dur\u00e9e de lecture estim\u00e9e":"4 minutes"},"schema":{"@context":"https:\/\/schema.org","@graph":[{"@type":"WebPage","@id":"https:\/\/sha-luzern.ch\/fr\/news\/hoeschpark-de-la-cendre-au-gazon-synthetique","url":"https:\/\/sha-luzern.ch\/fr\/news\/hoeschpark-de-la-cendre-au-gazon-synthetique","name":"Hoeschpark - de la cendre au gazon synth\u00e9tique - SHA Scheffler Helbich Architekten GmbH","isPartOf":{"@id":"https:\/\/sha-luzern.ch\/fr#website"},"primaryImageOfPage":{"@id":"https:\/\/sha-luzern.ch\/fr\/news\/hoeschpark-de-la-cendre-au-gazon-synthetique#primaryimage"},"image":{"@id":"https:\/\/sha-luzern.ch\/fr\/news\/hoeschpark-de-la-cendre-au-gazon-synthetique#primaryimage"},"thumbnailUrl":"https:\/\/sha-luzern.ch\/wp-content\/uploads\/Kunstrasenfelder-Hoeschpark-Dortmund-4.jpg","datePublished":"2018-07-30T15:09:18+00:00","dateModified":"2024-09-23T14:58:16+00:00","author":{"@id":"https:\/\/sha-luzern.ch\/fr#\/schema\/person\/e68d44538591ce8617e273ae50cb9fb3"},"breadcrumb":{"@id":"https:\/\/sha-luzern.ch\/fr\/news\/hoeschpark-de-la-cendre-au-gazon-synthetique#breadcrumb"},"inLanguage":"fr-FR","potentialAction":[{"@type":"ReadAction","target":["https:\/\/sha-luzern.ch\/fr\/news\/hoeschpark-de-la-cendre-au-gazon-synthetique"]}]},{"@type":"ImageObject","inLanguage":"fr-FR","@id":"https:\/\/sha-luzern.ch\/fr\/news\/hoeschpark-de-la-cendre-au-gazon-synthetique#primaryimage","url":"https:\/\/sha-luzern.ch\/wp-content\/uploads\/Kunstrasenfelder-Hoeschpark-Dortmund-4.jpg","contentUrl":"https:\/\/sha-luzern.ch\/wp-content\/uploads\/Kunstrasenfelder-Hoeschpark-Dortmund-4.jpg","width":1332,"height":888},{"@type":"BreadcrumbList","@id":"https:\/\/sha-luzern.ch\/fr\/news\/hoeschpark-de-la-cendre-au-gazon-synthetique#breadcrumb","itemListElement":[{"@type":"ListItem","position":1,"name":"Startseite","item":"https:\/\/sha-luzern.ch\/fr\/accueil"},{"@type":"ListItem","position":2,"name":"Hoeschpark &#8211; de la cendre au gazon synth\u00e9tique"}]},{"@type":"WebSite","@id":"https:\/\/sha-luzern.ch\/fr#website","url":"https:\/\/sha-luzern.ch\/fr","name":"SHA Scheffler Helbich Architekten GmbH","description":"","potentialAction":[{"@type":"SearchAction","target":{"@type":"EntryPoint","urlTemplate":"https:\/\/sha-luzern.ch\/fr?s={search_term_string}"},"query-input":{"@type":"PropertyValueSpecification","valueRequired":true,"valueName":"search_term_string"}}],"inLanguage":"fr-FR"},{"@type":"Person","@id":"https:\/\/sha-luzern.ch\/fr#\/schema\/person\/e68d44538591ce8617e273ae50cb9fb3","name":"Judith Weitzel","image":{"@type":"ImageObject","inLanguage":"fr-FR","@id":"https:\/\/sha-luzern.ch\/fr#\/schema\/person\/image\/","url":"https:\/\/secure.gravatar.com\/avatar\/7c6bf497a9b76cc4943bd4d7716e797cafb90c96046233c36845e4654eed5e01?s=96&d=mm&r=g","contentUrl":"https:\/\/secure.gravatar.com\/avatar\/7c6bf497a9b76cc4943bd4d7716e797cafb90c96046233c36845e4654eed5e01?s=96&d=mm&r=g","caption":"Judith Weitzel"}}]}},"_links":{"self":[{"href":"https:\/\/sha-luzern.ch\/fr\/wp-json\/wp\/v2\/posts\/36834","targetHints":{"allow":["GET"]}}],"collection":[{"href":"https:\/\/sha-luzern.ch\/fr\/wp-json\/wp\/v2\/posts"}],"about":[{"href":"https:\/\/sha-luzern.ch\/fr\/wp-json\/wp\/v2\/types\/post"}],"author":[{"embeddable":true,"href":"https:\/\/sha-luzern.ch\/fr\/wp-json\/wp\/v2\/users\/2"}],"replies":[{"embeddable":true,"href":"https:\/\/sha-luzern.ch\/fr\/wp-json\/wp\/v2\/comments?post=36834"}],"version-history":[{"count":12,"href":"https:\/\/sha-luzern.ch\/fr\/wp-json\/wp\/v2\/posts\/36834\/revisions"}],"predecessor-version":[{"id":49444,"href":"https:\/\/sha-luzern.ch\/fr\/wp-json\/wp\/v2\/posts\/36834\/revisions\/49444"}],"wp:featuredmedia":[{"embeddable":true,"href":"https:\/\/sha-luzern.ch\/fr\/wp-json\/wp\/v2\/media\/20015"}],"wp:attachment":[{"href":"https:\/\/sha-luzern.ch\/fr\/wp-json\/wp\/v2\/media?parent=36834"}],"wp:term":[{"taxonomy":"category","embeddable":true,"href":"https:\/\/sha-luzern.ch\/fr\/wp-json\/wp\/v2\/categories?post=36834"},{"taxonomy":"post_tag","embeddable":true,"href":"https:\/\/sha-luzern.ch\/fr\/wp-json\/wp\/v2\/tags?post=36834"}],"curies":[{"name":"wp","href":"https:\/\/api.w.org\/{rel}","templated":true}]}}