{"id":34493,"date":"2021-02-17T11:58:10","date_gmt":"2021-02-17T10:58:10","guid":{"rendered":"https:\/\/sha.de\/aktuelles\/buurtparkeerplaats-advies-over-elektromobiliteit"},"modified":"2024-09-23T16:55:55","modified_gmt":"2024-09-23T14:55:55","slug":"buurtparkeerplaats-advies-over-elektromobiliteit","status":"publish","type":"post","link":"https:\/\/sha-luzern.ch\/nl\/news\/buurtparkeerplaats-advies-over-elektromobiliteit","title":{"rendered":"Buurtparkeerplaats: advies over elektromobiliteit"},"content":{"rendered":"<div id='av_section_1' class='avia-section main_color pt-default pb-default avia-no-border-styling avia-bg-style-scroll  avia-builder-el-0  avia-builder-el-no-sibling   container_wrap fullsize' style=' '  ><div class='container' ><main  role=\"main\" itemprop=\"mainContentOfPage\"  class='template-page content  av-content-full alpha units'><div class='post-entry post-entry-type-page post-entry-34493'><div class='entry-content-wrapper clearfix'>\n\n\t\t\t<div id=\"av-k1hoeuzj\" class=\"headline-column flex_column av_one_full flex_column_div first \">\n\t\t\t\t<div class=\"headline-wrap is-outside align-left sub-bottom\">\n\t\t\t\t\t<h1 class=\"headline-content headline-primary\">Buurtparkeerplaats bij PhoenixWERK<\/h1>\n\t\t\t\t\t<h3 class=\"headline-content headline-secondary\">Advies over elektromobiliteit: SHA doet mee<\/h3>\n\t\t\t\t<\/div>\n\t\t\t<\/div>\n<div class=\"flex_column av_one_third  flex_column_div av-zero-column-padding first bg-default      avia-builder-el-2  el_after_pixel_sc_headline  el_before_av_one_third  \"><section  class='av_textblock_section av-kfgpxslt-04f9fccb669364580f9680de1cfc2458 '   itemscope=\"itemscope\" itemtype=\"https:\/\/schema.org\/BlogPosting\" itemprop=\"blogPost\" ><div class='avia_textblock'  itemprop=\"text\" ><p>In het kader van het subsidieproject &#8220;Emissievrije binnenstad&#8221; ondersteunt de stad Dortmund ambachtelijke bedrijven en dienstverlenende bedrijven die mobiel zijn in de binnenstad van Dortmund, evenals eigenaren en exploitanten van binnenstedelijke eigendommen bij de ontwikkeling en implementatie van duurzame mobiliteitsmaatregelen. In het bijzonder moet het aandeel van elektromobiliteit in bedrijven worden verhoogd en moet oplaadinfrastructuur in gebouwen worden ge\u00efntegreerd.<\/p>\n<h4>Eerste aanvragers hebben zich gekwalificeerd voor counselingsessies<\/h4>\n<p>In een openbare aanvraagprocedure werden de eerste bedrijven en vastgoedeigenaren geselecteerd om gratis <a href=\"https:\/\/www.umsteigern.de\/index.html\" target=\"_blank\" rel=\"noopener nofollow\">advies over elektromobiliteit te<\/a> ontvangen om hen te helpen hun bedrijven en eigendommen klaar te maken voor de toekomst en elektromobiliteit. SHA Scheffler Helbich Architekten GmbH is betrokken bij de buurtparkeergarage, die direct naast <a href=\"..\/referenzen\/verwaltung\/innovativer-arbeitsraum-auf-phoenix-west\" target=\"_blank\" rel=\"nofollow\">het PhoenixWERK-kantoorensemble<\/a> ligt: &#8220;Met de buurtparkeergarage willen we onze klanten, huurders, ons team en het recreatieve publiek van Phoenix West een goed doordacht concept bieden dat rekening houdt met de vele aspecten van het veelomvattende thema &#8216;mobiliteit&#8217;. We kijken dan ook uit naar het advies over milieuvriendelijke en toekomstgerichte vormen van mobiliteit van de stad Dortmund,&#8221; zegt Christoph Helbich, Managing Partner van SHA. De parkeergarage met meerdere verdiepingen wordt in het voorjaar van 2021 opgeleverd en zal in eerste instantie 155 parkeerplaatsen hebben. Het kan later worden bijgevuld.<\/p>\n<p>De volgende bedrijven hebben zich ook succesvol aangemeld voor het Elektromobiliteitsoverleg: Die AboKiste &#8211; Werkhof Service GmbH, arrondissementsrechtbank Dortmund, ased &#8211; Ambulanter Pflegedienst Gabriele Doepner OHG, Cabdo GmbH, Fidelio Bau GmbH, Green IT &#8211; Das Systemhaus GmbH, Diakonische Pflege Dortmund gGmbH, Home Instead Seniorenbetreuung &#8211; HISB.<\/p>\n<\/div><\/section><\/div><div class=\"flex_column av_one_third  flex_column_div av-zero-column-padding        avia-builder-el-4  el_after_av_one_third  el_before_av_one_third  \"><section  class='av_textblock_section av-kaqj9hph-706c318c8f487264c95b3db12998d912 '   itemscope=\"itemscope\" itemtype=\"https:\/\/schema.org\/BlogPosting\" itemprop=\"blogPost\" ><div class='avia_textblock'  itemprop=\"text\" ><p>Betreuungsdienst Dortmund-Nord GmbH, Katholische St.-Johannes-Gesellschaft Dortmund gGmbH met Johannes-Hospital, Rolland Mawson K\u00fcchendesign, Studierendenwerk Dortmund A\u00f6R als bedrijf en voor een wooncomplex aan de Emil-Figge-Stra\u00dfe en de Uwe Walter Group.<\/p>\n<p>Tijdens een virtueel kick-off en informatie-evenement kregen de deelnemers informatie over het onderwerp elektromobiliteit: van aandrijvingstypes van elektrische voertuigen tot mogelijke kosten- en emissiebesparingen door elektromobiliteit. Daarnaast gebruikten de bedrijven de eerste gelegenheden om te netwerken en ervaringen met elkaar uit te wisselen.<\/p>\n<h4>Bekroond met Green Mobility en Fit for e-Mobility<\/h4>\n<p>De individuele consulten, die zijn afgestemd op individuele bedrijven en vastgoedeigenaren, gaan momenteel van start. In twee adviesgesprekken worden de uitgangssituatie, doelen en mogelijkheden van het bedrijf in aanmerking genomen en geanalyseerd, en op basis daarvan worden actieplannen op maat ontwikkeld.<\/p>\n<p>De uitvoering van de maatregelen is in handen van de bedrijven. Ze krijgen organisatorische ondersteuning van de consultants B.A.U.M Consult GmbH en EcoLibro GmbH en de stad Dortmund. Bedrijven die met succes maatregelen ter bevordering van elektromobiliteit hebben ge\u00efmplementeerd of nog implementeren, worden door de stad Dortmund onderscheiden met het label &#8220;Green Mobility&#8221; voor handels- en dienstverlenende bedrijven en &#8220;Fit for eMobility&#8221; voor onroerend goed. Een selectiecomit\u00e9 bestaande uit vertegenwoordigers van de stad Dortmund, de Industrie- en Handelskamer van Dortmund en de Kamer van Ambachten beoordeelt of de bedrijven en eigendommen in aanmerking komen en kent de labels toe.<\/p>\n<\/div><\/section><\/div><div class=\"flex_column av_one_third  flex_column_div av-zero-column-padding        avia-builder-el-6  el_after_av_one_third  el_before_av_one_full  \"><section  class='av_textblock_section av-kdhemomz-e6892157fe883912ee1fde13a7af5956 '   itemscope=\"itemscope\" itemtype=\"https:\/\/schema.org\/BlogPosting\" itemprop=\"blogPost\" ><div class='avia_textblock'  itemprop=\"text\" ><h4>16 Maatregelen voor klimaatvriendelijk mobiliteitsgedrag<\/h4>\n<p>De bevordering van elektromobiliteit onder handelaars en dienstverleners en in de vastgoedsector is een van de 16 maatregelen van het EU-financieringsproject &#8220;Emissievrije binnenstad&#8221;. De Europese Unie en de deelstaat Noordrijn-Westfalen steunen het project uit het Europees Fonds voor Regionale Ontwikkeling (EFRO).<\/p>\n<\/div><\/section><br \/>\n\n<style type=\"text\/css\" data-created_by=\"avia_inline_auto\" id=\"style-css-av-k3fpn5l3-eb7af154f9f9958fdff8aeb7a6c40790\">\n#top .hr.av-k3fpn5l3-eb7af154f9f9958fdff8aeb7a6c40790{\nmargin-top:20px;\nmargin-bottom:40px;\n}\n.hr.av-k3fpn5l3-eb7af154f9f9958fdff8aeb7a6c40790 .hr-inner{\nwidth:100%;\nborder-color:#000000;\n}\n<\/style>\n<div  class='hr av-k3fpn5l3-eb7af154f9f9958fdff8aeb7a6c40790 hr-custom  avia-builder-el-8  el_after_av_textblock  el_before_pixel_sc_cta  hr-center hr-icon-no'><span class='hr-inner inner-border-av-border-thin'><span class=\"hr-inner-style\"><\/span><\/span><\/div><br \/>\n\n<div class=\"call-to-action  no-grow  has-button ci-black hover-white bg-yellow  align-left \"><div class=\"call-to-action__inner\"><div class=\"call-to-action__text\"><span class=\"call-to-action__primary\">Teamspeler  <br \/>gezocht.<\/span><span class=\"call-to-action__secondary\">Zin om mee te doen?  <br \/>Word lid van SHA!<\/span><\/div><div class=\"call-to-action__button\"><div class=\"avia-button-wrap theme-fill avia-button-left\"><a href=\"https:\/\/sha-luzern.ch\/karriere\/stellenangebote\" class=\"avia-button color-ci-black hover-white avia-icon_select-no avia-size-medium\"><span>Meer informatie<\/span><\/a><\/div><\/div><\/div><\/div><\/p><\/div><div class=\"flex_column av_one_full  flex_column_div av-zero-column-padding first       avia-builder-el-10  el_after_av_one_third  avia-builder-el-last  column-top-margin\"><div class=\"slickgallery \">\n\t<div class=\"pixel-slide-wrap\">\n\t\t<div class=\"pixel-slide\" style=\"display: block; width: 100%; float: left;\">\n\t\t\t\t\n\t\t\t\t\t\t\t\t\t\t\t\t\t\n\t\t\t\t\t<div class=\"pixel-slide__image-wrap slide-1\">\n\t\t\t\t\t\t\t<div class=\"pixel-slide__image \"><a href=\"https:\/\/sha-luzern.ch\/wp-content\/uploads\/Baustelle-Quartiersparkhaus-1133x850.jpg\" rel=\"lightbox\"><img decoding=\"async\" src=\"https:\/\/sha-luzern.ch\/wp-content\/uploads\/Baustelle-Quartiersparkhaus-706x368.jpg\" alt=\"Baustelle Quartiersparkhaus\" title=\"Baustelle Quartiersparkhaus\"><\/a><\/div>\n\t\t\t\t\t<\/div>\n\t\t\t\t\n\t\t\t\t\t\t\t\t\t\t\t\t\t\n\t\t\t\t\t<div class=\"pixel-slide__image-wrap slide-2\">\n\t\t\t\t\t\t\t<div class=\"pixel-slide__image \"><a href=\"https:\/\/sha-luzern.ch\/wp-content\/uploads\/Baustelle-Parkhaus-1280x720.jpg\" rel=\"lightbox\"><img decoding=\"async\" src=\"https:\/\/sha-luzern.ch\/wp-content\/uploads\/Baustelle-Parkhaus-706x368.jpg\" alt=\"Baustelle Parkhaus\" title=\"Baustelle Parkhaus\"><\/a><\/div>\n\t\t\t\t\t<\/div>\n\t\t\t\t\n\t\t\t\t\t\t\t\t\t\t\t\t\t\n\t\t\t\t\t<div class=\"pixel-slide__image-wrap slide-3\">\n\t\t\t\t\t\t\t<div class=\"pixel-slide__image \"><a href=\"https:\/\/sha-luzern.ch\/wp-content\/uploads\/CE655-990-1269x850.jpg\" rel=\"lightbox\"><img decoding=\"async\" src=\"https:\/\/sha-luzern.ch\/wp-content\/uploads\/CE655-990-706x368.jpg\" alt=\"PhoenixWerk Dortmund SHA Scheffler Helbich Architekten\" title=\"PhoenixWerk Dortmund SHA Scheffler Helbich Architekten\"><\/a><\/div>\n\t\t\t\t\t<\/div>\n\t\t\t\t\n\t\t\t\t\t\t\t\t\t\t\t\t\t\n\t\t\t\t\t<div class=\"pixel-slide__image-wrap slide-4\">\n\t\t\t\t\t\t\t<div class=\"pixel-slide__image \"><a href=\"https:\/\/sha-luzern.ch\/wp-content\/uploads\/PHOENIXWERK_Spatenstich_Helme_Hochofen-567x850.jpg\" rel=\"lightbox\"><img decoding=\"async\" src=\"https:\/\/sha-luzern.ch\/wp-content\/uploads\/PHOENIXWERK_Spatenstich_Helme_Hochofen-706x368.jpg\" alt=\"PHOENIXWERK Spatenstich Helme Hochofen\" title=\"PHOENIXWERK Spatenstich Helme Hochofen\"><\/a><\/div>\n\t\t\t\t\t<\/div>\n\t\t\t\t\n\t\t\t\t\t\t\t\t\t\t\t\t\t\n\t\t\t\t\t<div class=\"pixel-slide__image-wrap slide-5\">\n\t\t\t\t\t\t\t<div class=\"pixel-slide__image \"><a href=\"https:\/\/sha-luzern.ch\/wp-content\/uploads\/Scheffler-Helbich-Architekten-Dortmund-Berlin-9-1273x850.jpg\" rel=\"lightbox\"><img decoding=\"async\" src=\"https:\/\/sha-luzern.ch\/wp-content\/uploads\/Scheffler-Helbich-Architekten-Dortmund-Berlin-9-706x368.jpg\" alt=\"Scheffler Helbich Architekten Dortmund Berlin (9)\" title=\"Scheffler Helbich Architekten Dortmund Berlin (9)\"><\/a><\/div>\n\t\t\t\t\t<\/div>\n\t\t\t\t\t\t<\/div>\n\t<\/div>\n<\/div><\/div>\n","protected":false},"excerpt":{"rendered":"<p>&#8220;Met de buurtparkeergarage willen we onze klanten, huurders, ons team en het recreatieve publiek van Phoenix West een goed doordacht concept bieden dat rekening houdt met de vele aspecten van het veelomvattende thema &#8216;mobiliteit&#8217;,&#8221; zegt Christoph Helbich.<\/p>\n","protected":false},"author":2,"featured_media":24291,"comment_status":"closed","ping_status":"closed","sticky":false,"template":"","format":"standard","meta":{"_acf_changed":false,"content-type":"","footnotes":""},"categories":[830,840,841],"tags":[1224,1247,1291,1292,1007,1066,1101],"class_list":["post-34493","post","type-post","status-publish","format-standard","has-post-thumbnail","hentry","category-dortmund-nl","category-onze-filosofie","category-administratie","tag-phoenix-west-nl","tag-mobiliteit","tag-parkeerplaats","tag-elektromobiliteit","tag-sha-nl","tag-dortmund-nl","tag-plant-phoenix"],"acf":[],"yoast_head":"<!-- This site is optimized with the Yoast SEO plugin v26.1.1 - https:\/\/yoast.com\/wordpress\/plugins\/seo\/ -->\n<title>Wijkparkeergarage bij PhoenixWERK - SHA Scheffler Helbich Architekten<\/title>\n<meta name=\"description\" content=\"Met de buurtparkeergarage bij PhoenixWERK neemt SHA deel aan een overleg over elektromobiliteit met de stad Dortmund.\" \/>\n<meta name=\"robots\" content=\"index, follow, max-snippet:-1, max-image-preview:large, max-video-preview:-1\" \/>\n<link rel=\"canonical\" href=\"https:\/\/sha-luzern.ch\/nl\/news\/buurtparkeerplaats-advies-over-elektromobiliteit\" \/>\n<meta property=\"og:locale\" content=\"nl_NL\" \/>\n<meta property=\"og:type\" content=\"article\" \/>\n<meta property=\"og:title\" content=\"Wijkparkeergarage bij PhoenixWERK - SHA Scheffler Helbich Architekten\" \/>\n<meta property=\"og:description\" content=\"Met de buurtparkeergarage bij PhoenixWERK neemt SHA deel aan een overleg over elektromobiliteit met de stad Dortmund.\" \/>\n<meta property=\"og:url\" content=\"https:\/\/sha-luzern.ch\/nl\/news\/buurtparkeerplaats-advies-over-elektromobiliteit\" \/>\n<meta property=\"og:site_name\" content=\"SHA Scheffler Helbich Architekten GmbH\" \/>\n<meta property=\"article:published_time\" content=\"2021-02-17T10:58:10+00:00\" \/>\n<meta property=\"article:modified_time\" content=\"2024-09-23T14:55:55+00:00\" \/>\n<meta property=\"og:image\" content=\"https:\/\/sha-luzern.ch\/wp-content\/uploads\/Baustelle-Parkhaus.jpg\" \/>\n\t<meta property=\"og:image:width\" content=\"2000\" \/>\n\t<meta property=\"og:image:height\" content=\"1125\" \/>\n\t<meta property=\"og:image:type\" content=\"image\/jpeg\" \/>\n<meta name=\"author\" content=\"Judith Weitzel\" \/>\n<meta name=\"twitter:card\" content=\"summary_large_image\" \/>\n<meta name=\"twitter:label1\" content=\"Geschreven door\" \/>\n\t<meta name=\"twitter:data1\" content=\"Judith Weitzel\" \/>\n\t<meta name=\"twitter:label2\" content=\"Geschatte leestijd\" \/>\n\t<meta name=\"twitter:data2\" content=\"7 minuten\" \/>\n<script type=\"application\/ld+json\" class=\"yoast-schema-graph\">{\"@context\":\"https:\/\/schema.org\",\"@graph\":[{\"@type\":\"WebPage\",\"@id\":\"https:\/\/sha-luzern.ch\/nl\/news\/buurtparkeerplaats-advies-over-elektromobiliteit\",\"url\":\"https:\/\/sha-luzern.ch\/nl\/news\/buurtparkeerplaats-advies-over-elektromobiliteit\",\"name\":\"Wijkparkeergarage bij PhoenixWERK - SHA Scheffler Helbich Architekten\",\"isPartOf\":{\"@id\":\"https:\/\/sha-luzern.ch\/nl#website\"},\"primaryImageOfPage\":{\"@id\":\"https:\/\/sha-luzern.ch\/nl\/news\/buurtparkeerplaats-advies-over-elektromobiliteit#primaryimage\"},\"image\":{\"@id\":\"https:\/\/sha-luzern.ch\/nl\/news\/buurtparkeerplaats-advies-over-elektromobiliteit#primaryimage\"},\"thumbnailUrl\":\"https:\/\/sha-luzern.ch\/wp-content\/uploads\/Baustelle-Parkhaus.jpg\",\"datePublished\":\"2021-02-17T10:58:10+00:00\",\"dateModified\":\"2024-09-23T14:55:55+00:00\",\"author\":{\"@id\":\"https:\/\/sha-luzern.ch\/nl#\/schema\/person\/e68d44538591ce8617e273ae50cb9fb3\"},\"description\":\"Met de buurtparkeergarage bij PhoenixWERK neemt SHA deel aan een overleg over elektromobiliteit met de stad Dortmund.\",\"breadcrumb\":{\"@id\":\"https:\/\/sha-luzern.ch\/nl\/news\/buurtparkeerplaats-advies-over-elektromobiliteit#breadcrumb\"},\"inLanguage\":\"nl-NL\",\"potentialAction\":[{\"@type\":\"ReadAction\",\"target\":[\"https:\/\/sha-luzern.ch\/nl\/news\/buurtparkeerplaats-advies-over-elektromobiliteit\"]}]},{\"@type\":\"ImageObject\",\"inLanguage\":\"nl-NL\",\"@id\":\"https:\/\/sha-luzern.ch\/nl\/news\/buurtparkeerplaats-advies-over-elektromobiliteit#primaryimage\",\"url\":\"https:\/\/sha-luzern.ch\/wp-content\/uploads\/Baustelle-Parkhaus.jpg\",\"contentUrl\":\"https:\/\/sha-luzern.ch\/wp-content\/uploads\/Baustelle-Parkhaus.jpg\",\"width\":2000,\"height\":1125},{\"@type\":\"BreadcrumbList\",\"@id\":\"https:\/\/sha-luzern.ch\/nl\/news\/buurtparkeerplaats-advies-over-elektromobiliteit#breadcrumb\",\"itemListElement\":[{\"@type\":\"ListItem\",\"position\":1,\"name\":\"Startseite\",\"item\":\"https:\/\/sha-luzern.ch\/nl\/home\"},{\"@type\":\"ListItem\",\"position\":2,\"name\":\"Buurtparkeerplaats: advies over elektromobiliteit\"}]},{\"@type\":\"WebSite\",\"@id\":\"https:\/\/sha-luzern.ch\/nl#website\",\"url\":\"https:\/\/sha-luzern.ch\/nl\",\"name\":\"SHA Scheffler Helbich Architekten GmbH\",\"description\":\"\",\"potentialAction\":[{\"@type\":\"SearchAction\",\"target\":{\"@type\":\"EntryPoint\",\"urlTemplate\":\"https:\/\/sha-luzern.ch\/nl?s={search_term_string}\"},\"query-input\":{\"@type\":\"PropertyValueSpecification\",\"valueRequired\":true,\"valueName\":\"search_term_string\"}}],\"inLanguage\":\"nl-NL\"},{\"@type\":\"Person\",\"@id\":\"https:\/\/sha-luzern.ch\/nl#\/schema\/person\/e68d44538591ce8617e273ae50cb9fb3\",\"name\":\"Judith Weitzel\",\"image\":{\"@type\":\"ImageObject\",\"inLanguage\":\"nl-NL\",\"@id\":\"https:\/\/sha-luzern.ch\/nl#\/schema\/person\/image\/\",\"url\":\"https:\/\/secure.gravatar.com\/avatar\/7c6bf497a9b76cc4943bd4d7716e797cafb90c96046233c36845e4654eed5e01?s=96&d=mm&r=g\",\"contentUrl\":\"https:\/\/secure.gravatar.com\/avatar\/7c6bf497a9b76cc4943bd4d7716e797cafb90c96046233c36845e4654eed5e01?s=96&d=mm&r=g\",\"caption\":\"Judith Weitzel\"}}]}<\/script>\n<!-- \/ Yoast SEO plugin. -->","yoast_head_json":{"title":"Wijkparkeergarage bij PhoenixWERK - SHA Scheffler Helbich Architekten","description":"Met de buurtparkeergarage bij PhoenixWERK neemt SHA deel aan een overleg over elektromobiliteit met de stad Dortmund.","robots":{"index":"index","follow":"follow","max-snippet":"max-snippet:-1","max-image-preview":"max-image-preview:large","max-video-preview":"max-video-preview:-1"},"canonical":"https:\/\/sha-luzern.ch\/nl\/news\/buurtparkeerplaats-advies-over-elektromobiliteit","og_locale":"nl_NL","og_type":"article","og_title":"Wijkparkeergarage bij PhoenixWERK - SHA Scheffler Helbich Architekten","og_description":"Met de buurtparkeergarage bij PhoenixWERK neemt SHA deel aan een overleg over elektromobiliteit met de stad Dortmund.","og_url":"https:\/\/sha-luzern.ch\/nl\/news\/buurtparkeerplaats-advies-over-elektromobiliteit","og_site_name":"SHA Scheffler Helbich Architekten GmbH","article_published_time":"2021-02-17T10:58:10+00:00","article_modified_time":"2024-09-23T14:55:55+00:00","og_image":[{"width":2000,"height":1125,"url":"https:\/\/sha-luzern.ch\/wp-content\/uploads\/Baustelle-Parkhaus.jpg","type":"image\/jpeg"}],"author":"Judith Weitzel","twitter_card":"summary_large_image","twitter_misc":{"Geschreven door":"Judith Weitzel","Geschatte leestijd":"7 minuten"},"schema":{"@context":"https:\/\/schema.org","@graph":[{"@type":"WebPage","@id":"https:\/\/sha-luzern.ch\/nl\/news\/buurtparkeerplaats-advies-over-elektromobiliteit","url":"https:\/\/sha-luzern.ch\/nl\/news\/buurtparkeerplaats-advies-over-elektromobiliteit","name":"Wijkparkeergarage bij PhoenixWERK - SHA Scheffler Helbich Architekten","isPartOf":{"@id":"https:\/\/sha-luzern.ch\/nl#website"},"primaryImageOfPage":{"@id":"https:\/\/sha-luzern.ch\/nl\/news\/buurtparkeerplaats-advies-over-elektromobiliteit#primaryimage"},"image":{"@id":"https:\/\/sha-luzern.ch\/nl\/news\/buurtparkeerplaats-advies-over-elektromobiliteit#primaryimage"},"thumbnailUrl":"https:\/\/sha-luzern.ch\/wp-content\/uploads\/Baustelle-Parkhaus.jpg","datePublished":"2021-02-17T10:58:10+00:00","dateModified":"2024-09-23T14:55:55+00:00","author":{"@id":"https:\/\/sha-luzern.ch\/nl#\/schema\/person\/e68d44538591ce8617e273ae50cb9fb3"},"description":"Met de buurtparkeergarage bij PhoenixWERK neemt SHA deel aan een overleg over elektromobiliteit met de stad Dortmund.","breadcrumb":{"@id":"https:\/\/sha-luzern.ch\/nl\/news\/buurtparkeerplaats-advies-over-elektromobiliteit#breadcrumb"},"inLanguage":"nl-NL","potentialAction":[{"@type":"ReadAction","target":["https:\/\/sha-luzern.ch\/nl\/news\/buurtparkeerplaats-advies-over-elektromobiliteit"]}]},{"@type":"ImageObject","inLanguage":"nl-NL","@id":"https:\/\/sha-luzern.ch\/nl\/news\/buurtparkeerplaats-advies-over-elektromobiliteit#primaryimage","url":"https:\/\/sha-luzern.ch\/wp-content\/uploads\/Baustelle-Parkhaus.jpg","contentUrl":"https:\/\/sha-luzern.ch\/wp-content\/uploads\/Baustelle-Parkhaus.jpg","width":2000,"height":1125},{"@type":"BreadcrumbList","@id":"https:\/\/sha-luzern.ch\/nl\/news\/buurtparkeerplaats-advies-over-elektromobiliteit#breadcrumb","itemListElement":[{"@type":"ListItem","position":1,"name":"Startseite","item":"https:\/\/sha-luzern.ch\/nl\/home"},{"@type":"ListItem","position":2,"name":"Buurtparkeerplaats: advies over elektromobiliteit"}]},{"@type":"WebSite","@id":"https:\/\/sha-luzern.ch\/nl#website","url":"https:\/\/sha-luzern.ch\/nl","name":"SHA Scheffler Helbich Architekten GmbH","description":"","potentialAction":[{"@type":"SearchAction","target":{"@type":"EntryPoint","urlTemplate":"https:\/\/sha-luzern.ch\/nl?s={search_term_string}"},"query-input":{"@type":"PropertyValueSpecification","valueRequired":true,"valueName":"search_term_string"}}],"inLanguage":"nl-NL"},{"@type":"Person","@id":"https:\/\/sha-luzern.ch\/nl#\/schema\/person\/e68d44538591ce8617e273ae50cb9fb3","name":"Judith Weitzel","image":{"@type":"ImageObject","inLanguage":"nl-NL","@id":"https:\/\/sha-luzern.ch\/nl#\/schema\/person\/image\/","url":"https:\/\/secure.gravatar.com\/avatar\/7c6bf497a9b76cc4943bd4d7716e797cafb90c96046233c36845e4654eed5e01?s=96&d=mm&r=g","contentUrl":"https:\/\/secure.gravatar.com\/avatar\/7c6bf497a9b76cc4943bd4d7716e797cafb90c96046233c36845e4654eed5e01?s=96&d=mm&r=g","caption":"Judith Weitzel"}}]}},"_links":{"self":[{"href":"https:\/\/sha-luzern.ch\/nl\/wp-json\/wp\/v2\/posts\/34493","targetHints":{"allow":["GET"]}}],"collection":[{"href":"https:\/\/sha-luzern.ch\/nl\/wp-json\/wp\/v2\/posts"}],"about":[{"href":"https:\/\/sha-luzern.ch\/nl\/wp-json\/wp\/v2\/types\/post"}],"author":[{"embeddable":true,"href":"https:\/\/sha-luzern.ch\/nl\/wp-json\/wp\/v2\/users\/2"}],"replies":[{"embeddable":true,"href":"https:\/\/sha-luzern.ch\/nl\/wp-json\/wp\/v2\/comments?post=34493"}],"version-history":[{"count":18,"href":"https:\/\/sha-luzern.ch\/nl\/wp-json\/wp\/v2\/posts\/34493\/revisions"}],"predecessor-version":[{"id":48287,"href":"https:\/\/sha-luzern.ch\/nl\/wp-json\/wp\/v2\/posts\/34493\/revisions\/48287"}],"wp:featuredmedia":[{"embeddable":true,"href":"https:\/\/sha-luzern.ch\/nl\/wp-json\/wp\/v2\/media\/24291"}],"wp:attachment":[{"href":"https:\/\/sha-luzern.ch\/nl\/wp-json\/wp\/v2\/media?parent=34493"}],"wp:term":[{"taxonomy":"category","embeddable":true,"href":"https:\/\/sha-luzern.ch\/nl\/wp-json\/wp\/v2\/categories?post=34493"},{"taxonomy":"post_tag","embeddable":true,"href":"https:\/\/sha-luzern.ch\/nl\/wp-json\/wp\/v2\/tags?post=34493"}],"curies":[{"name":"wp","href":"https:\/\/api.w.org\/{rel}","templated":true}]}}