{"id":32560,"date":"2022-04-21T10:48:01","date_gmt":"2022-04-21T08:48:01","guid":{"rendered":"https:\/\/sha.de\/aktuelles\/nowy-budynek-marki-veloland-rower-zawsze-w-centrum-uwagi"},"modified":"2024-09-23T16:52:11","modified_gmt":"2024-09-23T14:52:11","slug":"nowy-budynek-marki-veloland-rower-zawsze-w-centrum-uwagi","status":"publish","type":"post","link":"https:\/\/sha-luzern.ch\/pl\/news\/nowy-budynek-marki-veloland-rower-zawsze-w-centrum-uwagi","title":{"rendered":"Nowy budynek marki Veloland: &#8222;Rower zawsze w centrum uwagi&#8221;"},"content":{"rendered":"<div id='av_section_1' class='avia-section main_color pt-default pb-default avia-no-border-styling avia-bg-style-scroll  avia-builder-el-0  avia-builder-el-no-sibling   container_wrap fullsize' style=' '  ><div class='container' ><main  role=\"main\" itemprop=\"mainContentOfPage\"  class='template-page content  av-content-full alpha units'><div class='post-entry post-entry-type-page post-entry-32560'><div class='entry-content-wrapper clearfix'>\n\n\t\t\t<div id=\"av-k1hoeuzj\" class=\"headline-column flex_column av_one_full flex_column_div first \">\n\t\t\t\t<div class=\"headline-wrap is-outside align-left sub-bottom\">\n\t\t\t\t\t<h1 class=\"headline-content headline-primary\">Nowy budynek marki Veloland: &quot;Rower zawsze w centrum uwagi&quot;<\/h1>\n\t\t\t\t\t<h3 class=\"headline-content headline-secondary\">Wywiad z klientk\u0105 Nastassj\u0105 Brand  <\/h3>\n\t\t\t\t<\/div>\n\t\t\t<\/div>\n<div class=\"flex_column av_one_third  flex_column_div av-zero-column-padding first bg-default      avia-builder-el-2  el_after_pixel_sc_headline  el_before_av_one_third  \"><section  class='av_textblock_section av-k5pfdfmq-75eeeeace81604f9741c5e0bb23a16ef '   itemscope=\"itemscope\" itemtype=\"https:\/\/schema.org\/BlogPosting\" itemprop=\"blogPost\" ><div class='avia_textblock'  itemprop=\"text\" ><p>Za kilka dni w Wiesloch w Badenii-Wirtembergii zostanie otwarty nowy salon sprzeda\u017cy pojazd\u00f3w dwuko\u0142owych. <a href=\"https:\/\/www.peter-brand.com\/\" target=\"_blank\" rel=\"noopener nofollow\"><span style=\"text-decoration: underline;\">Marka Veloland<\/span><\/a>. Opr\u00f3cz obszaru sprzeda\u017cy, na terenie o powierzchni oko\u0142o 5 000 metr\u00f3w kwadratowych zgodnie z planami SHA wybudowano budynek biurowy, magazyn i warsztat. W wywiadzie dla SHA, w\u0142a\u015bcicielka Nastassja Brand opisuje, w jaki spos\u00f3b powsta\u0142 nowy budynek dawnego specjalistycznego sklepu rowerowego &#8222;Peter Brand&#8221;.<\/p>\n<p><strong>Pani Brand, powierzchnia sprzeda\u017cy samego Pani sklepu wzros\u0142a z nieca\u0142ych 200 m\u00b2 do oko\u0142o 1000 m\u00b2. Dlaczego chcia\u0142 si\u0119 Pan rozwija\u0107?<\/strong><\/p>\n<p>&#8222;Poza kilkoma remontami, sklep moich rodzic\u00f3w pozosta\u0142 praktycznie niezmieniony od 1980 roku. Kiedy zdecydowa\u0142em si\u0119 przej\u0105\u0107 firm\u0119 w 2018 roku, wiedzia\u0142em jedno na pewno: nie mo\u017ce pozosta\u0107 tak, jak jest &#8211; absolutnie musimy si\u0119 rozwija\u0107. Pracownicy wchodz\u0105 sobie w drog\u0119, klienci zbyt d\u0142ugo czekaj\u0105 na wizyty w warsztatach. Chcemy prezentowa\u0107 i magazynowa\u0107 wi\u0119cej rower\u00f3w, a tak\u017ce potrzebujemy wi\u0119cej miejsca do pracy biurowej, sanitariat\u00f3w i nie tylko&#8221;.<\/p>\n<p><strong>Jest to wi\u0119c wszechstronny hit. Mieli ju\u017c dzia\u0142k\u0119 i architekta dla nowego budynku. Dlaczego przeszed\u0142 Pan na SHA?<\/strong><\/p>\n<p>&#8222;Pierwotnie planowano owalny, trzypi\u0119trowy budynek. Mie\u015bci\u0142yby si\u0119 tam r\u00f3wnie\u017c gabinety lekarskie i inni najemcy. By\u0142 to \u0142adny projekt, ale ostatecznie &#8222;odwraca\u0142 uwag\u0119&#8221; od rzeczywistego <a href=\"https:\/\/sha-luzern.ch\/pl\/biuro-architektoniczne-handel-rowerami\"><span style=\"text-decoration: underline;\">handlu rowerami<\/span><\/a>.<\/p>\n<\/div><\/section><\/div><div class=\"flex_column av_one_third  flex_column_div av-zero-column-padding        avia-builder-el-4  el_after_av_one_third  el_before_av_one_third  \"><section  class='av_textblock_section av-kyipooet-484b83cf78447e0a9b93eb16b70867b9 '   itemscope=\"itemscope\" itemtype=\"https:\/\/schema.org\/BlogPosting\" itemprop=\"blogPost\" ><div class='avia_textblock'  itemprop=\"text\" ><p>Nast\u0119pnie ZEG Zweirad-Einkaufs-Genossenschaft zaoferowa\u0142 wsparcie i w ten spos\u00f3b dosz\u0142o do kontaktu z SHA. Dyskusje sprowadzi\u0142y nas z powrotem do tego, co najwa\u017cniejsze:<br \/>\n<br class=\"avia-permanent-lb\">Chcemy sprzedawa\u0107 rowery&#8221;.<\/p>\n<p><strong>Co sta\u0142o si\u0119 p\u00f3\u017aniej?<\/strong><\/p>\n<p>&#8222;Zesp\u00f3\u0142 SHA-Zesp\u00f3\u0142 pokaza\u0142, \u017ce potrzebne jest nowe planowanie, aby od samego pocz\u0105tku zoptymalizowa\u0107 podstawowe procesy w salonie sprzeda\u017cy pojazd\u00f3w dwuko\u0142owych &#8211; chodniki, obszary warsztatowe, magazynowanie i wiele innych. SHA uda\u0142o si\u0119 stworzy\u0107 budynek, kt\u00f3ry stawia handel rowerami w centrum i pomija wszystko, co zb\u0119dne. Ca\u0142y projekt szybko sta\u0142 si\u0119 pewnym sukcesem.<br \/>\n<br class=\"avia-permanent-lb\">Ciesz\u0119 si\u0119, \u017ce mam biuro po swojej stronie. Zarz\u0105dza rozwojem projekt\u00f3w z wykorzystaniem wiedzy bran\u017cowej, a ja mog\u0119 nadal koncentrowa\u0107 si\u0119 na mojej podstawowej dzia\u0142alno\u015bci. Zesp\u00f3\u0142 planuj\u0105cy naprawd\u0119 si\u0119 postara\u0142 i zadba\u0142 o wszystko od A do Z. A na placu budowy <span style=\"text-decoration: underline;\"><a href=\"https:\/\/sha-luzern.ch\/pl\/news\/nasze-zarzadzanie-budowa-obecnosc-na-miejscu\">kierownictwo budowy<\/a><\/span> doskonale reprezentuje moje interesy jako klienta. Bez wzgl\u0119du na to, kiedy mia\u0142em do czynienia z SHA, zawsze by\u0142o to bardzo profesjonalne, niezwykle przejrzyste i nigdy nie by\u0142o skomplikowane. Kr\u00f3tkie dystanse, jasne i proste konsultacje: tak to dzia\u0142a idealnie&#8221;.<\/p>\n<\/div><\/section><\/div><div class=\"flex_column av_one_third  flex_column_div av-zero-column-padding        avia-builder-el-6  el_after_av_one_third  el_before_av_one_full  \"><p><section  class='av_textblock_section av-l27nuznx-2d1770620ff326c0a2c0abf3b6e4d9c5 '   itemscope=\"itemscope\" itemtype=\"https:\/\/schema.org\/BlogPosting\" itemprop=\"blogPost\" ><div class='avia_textblock'  itemprop=\"text\" ><p><strong>To brzmi dobrze &#8211; ale czy na pewno w drodze do nowego budynku by\u0142o jedno lub dwa wyzwania?<\/strong><\/p>\n<p>&#8222;Poniewa\u017c obiekt znajduje si\u0119 przy &#8222;wej\u015bciu do miasta&#8221; Wiesloch, lokalna rada chcia\u0142a presti\u017cowego budynku; pocz\u0105tkowo obawia\u0142a si\u0119 prostej hali budowlanej. Na szcz\u0119\u015bcie uda\u0142o nam si\u0119 wsp\u00f3lnie rozwia\u0107 te obawy w wielu otwartych dyskusjach z miastem i przekona\u0107 je do projektu SHA, dzi\u0119ki czemu wyzwania zosta\u0142y szybko przezwyci\u0119\u017cone. Budynek jest obecnie rozpoznawalny z zewn\u0105trz jako salon rowerowy. Fasada nawi\u0105zuje do motywu roweru, nie tworz\u0105c &#8222;jaskrawego&#8221; billboardu. Wszyscy z niecierpliwo\u015bci\u0105 czekamy na otwarcie 30 kwietnia!<\/p>\n<p><strong>Dzi\u0119kuj\u0119 bardzo za wywiad!<\/strong><\/p>\n<p><em>Zdj\u0119cie <span dir=\"ltr\" role=\"presentation\">Nastassja Brand: <\/span>prywatne<\/em><\/p>\n<\/div><\/section><br \/>\n<div  class='hr av-1v5h7v-2af8d1850b0565d7575612779750c108 hr-default  avia-builder-el-8  el_after_av_textblock  el_before_pixel_sc_linklist '><span class='hr-inner '><span class=\"hr-inner-style\"><\/span><\/span><\/div><br \/>\n<div class=\"linklist-wrap  avia-builder-el-9  el_after_av_hr  avia-builder-el-last \"><ul class=\"linklist\"><li class=\"linklist__entry av-2s83vf\"><a href=\"https:\/\/sha-luzern.ch\/architekturbuero-fahrradhandel\" target=\"_blank\"><span class=\"\">SHA: Pa\u0144stwa biuro architektoniczne dla bran\u017cy dwuko\u0142owej<\/span><\/a><p class=\"linklist__entry-desc\"><\/p><\/li><li class=\"linklist__entry av-2s83vf-1\"><a href=\"https:\/\/sha-luzern.ch\/architekturbuero-fahrradhandel\" target=\"_blank\"><span class=\"\">Nasze projekty w bran\u017cy rowerowej<\/span><\/a><p class=\"linklist__entry-desc\"><\/p><\/li><li class=\"linklist__entry av-2s83vf-1-1\"><a href=\"https:\/\/sha-luzern.ch\/news\/downloads\" target=\"_blank\"><span class=\"\">Prosz\u0119 zam\u00f3wi\u0107 broszury referencyjne<\/span><\/a><p class=\"linklist__entry-desc\"><\/p><\/li><\/ul><\/div><\/p><\/div><div class=\"flex_column av_one_full  flex_column_div av-zero-column-padding first       avia-builder-el-10  el_after_av_one_third  avia-builder-el-last  column-top-margin\"><div class=\"slickgallery no-nav\">\n\t<div class=\"pixel-slide-wrap\">\n\t\t<div class=\"pixel-slide\" style=\"display: block; width: 100%; float: left;\">\n\t\t\t\t\n\t\t\t\t\t\t\t\t\t\t\t\t\t\n\t\t\t\t\t<div class=\"pixel-slide__image-wrap slide-1\">\n\t\t\t\t\t\t\t<div class=\"pixel-slide__image \"><a href=\"https:\/\/sha-luzern.ch\/wp-content\/uploads\/web-Render-Haupteingang_Veloland-1280x600.jpg\" rel=\"lightbox\"><img decoding=\"async\" src=\"https:\/\/sha-luzern.ch\/wp-content\/uploads\/web-Render-Haupteingang_Veloland-706x368.jpg\" alt=\"Web Render Haupteingang Veloland\" title=\"Web Render Haupteingang Veloland\"><\/a><\/div>\n\t\t\t\t\t<\/div>\n\t\t\t\t\n\t\t\t\t\t\t\t\t\t\t\t\t\t\n\t\t\t\t\t<div class=\"pixel-slide__image-wrap slide-2\">\n\t\t\t\t\t\t\t<div class=\"pixel-slide__image \"><a href=\"https:\/\/sha-luzern.ch\/wp-content\/uploads\/web-N-Brand-Veloland-1133x850.jpg\" rel=\"lightbox\"><img decoding=\"async\" src=\"https:\/\/sha-luzern.ch\/wp-content\/uploads\/web-N-Brand-Veloland-706x368.jpg\" alt=\"Web N Brand Veloland\" title=\"Web N Brand Veloland\"><\/a><\/div>\n\t\t\t\t\t<\/div>\n\t\t\t\t\n\t\t\t\t\t\t\t\t\t\t\t\t\t\n\t\t\t\t\t<div class=\"pixel-slide__image-wrap slide-3\">\n\t\t\t\t\t\t\t<div class=\"pixel-slide__image \"><a href=\"https:\/\/sha-luzern.ch\/wp-content\/uploads\/CE655-1008-1274x850.jpg\" rel=\"lightbox\"><img decoding=\"async\" src=\"https:\/\/sha-luzern.ch\/wp-content\/uploads\/CE655-1008-706x368.jpg\" alt=\"PhoenixWerk Dortmund SHA Scheffler Helbich Architekten\" title=\"PhoenixWerk Dortmund SHA Scheffler Helbich Architekten\"><\/a><\/div>\n\t\t\t\t\t<\/div>\n\t\t\t\t\t\t<\/div>\n\t<\/div>\n<\/div><\/div>\n","protected":false},"excerpt":{"rendered":"<p>Za kilka dni w Wiesloch w Badenii-Wirtembergii zostanie otwarty nowy sklep rowerowy &#8222;Veloland Brand&#8221;. W wywiadzie dla SHA, w\u0142a\u015bcicielka Nastassja Brand opisuje, w jaki spos\u00f3b powsta\u0142 nowy budynek dawnego specjalistycznego sklepu rowerowego &#8222;Peter Brand&#8221;.<\/p>\n","protected":false},"author":2,"featured_media":25986,"comment_status":"closed","ping_status":"closed","sticky":false,"template":"","format":"standard","meta":{"_acf_changed":false,"content-type":"","footnotes":""},"categories":[863],"tags":[953,1035,1084,1085,1086,1087],"class_list":["post-32560","post","type-post","status-publish","format-standard","has-post-thumbnail","hentry","category-handel-rowerami","tag-konkurs-architektoniczny","tag-planowanie","tag-nowy-budynek","tag-centrum-dwukolowe","tag-handel-pojazdami-dwukolowymi","tag-wiesloch-pl"],"acf":[],"yoast_head":"<!-- This site is optimized with the Yoast SEO plugin v26.1.1 - https:\/\/yoast.com\/wordpress\/plugins\/seo\/ -->\n<title>Nowy budynek marki Veloland: &quot;Rower zawsze w centrum uwagi&quot;<\/title>\n<meta name=\"description\" content=\"Nowy budynek dla sklepu rowerowego &quot;Veloland Brand&quot; oferuje najlepsze standardy z du\u017c\u0105 powierzchni\u0105 sprzeda\u017cy, budynkiem biurowym, magazynem i warsztatem.\" \/>\n<meta name=\"robots\" content=\"index, follow, max-snippet:-1, max-image-preview:large, max-video-preview:-1\" \/>\n<link rel=\"canonical\" href=\"https:\/\/sha-luzern.ch\/pl\/news\/nowy-budynek-marki-veloland-rower-zawsze-w-centrum-uwagi\" \/>\n<meta property=\"og:locale\" content=\"pl_PL\" \/>\n<meta property=\"og:type\" content=\"article\" \/>\n<meta property=\"og:title\" content=\"Nowy budynek marki Veloland: &quot;Rower zawsze w centrum uwagi&quot;\" \/>\n<meta property=\"og:description\" content=\"Nowy budynek dla sklepu rowerowego &quot;Veloland Brand&quot; oferuje najlepsze standardy z du\u017c\u0105 powierzchni\u0105 sprzeda\u017cy, budynkiem biurowym, magazynem i warsztatem.\" \/>\n<meta property=\"og:url\" content=\"https:\/\/sha-luzern.ch\/pl\/news\/nowy-budynek-marki-veloland-rower-zawsze-w-centrum-uwagi\" \/>\n<meta property=\"og:site_name\" content=\"SHA Scheffler Helbich Architekten GmbH\" \/>\n<meta property=\"article:published_time\" content=\"2022-04-21T08:48:01+00:00\" \/>\n<meta property=\"article:modified_time\" content=\"2024-09-23T14:52:11+00:00\" \/>\n<meta property=\"og:image\" content=\"https:\/\/sha-luzern.ch\/wp-content\/uploads\/web-N-Brand-Veloland.jpg\" \/>\n\t<meta property=\"og:image:width\" content=\"2000\" \/>\n\t<meta property=\"og:image:height\" content=\"1500\" \/>\n\t<meta property=\"og:image:type\" content=\"image\/jpeg\" \/>\n<meta name=\"author\" content=\"Judith Weitzel\" \/>\n<meta name=\"twitter:card\" content=\"summary_large_image\" \/>\n<meta name=\"twitter:label1\" content=\"Napisane przez\" \/>\n\t<meta name=\"twitter:data1\" content=\"Judith Weitzel\" \/>\n\t<meta name=\"twitter:label2\" content=\"Szacowany czas czytania\" \/>\n\t<meta name=\"twitter:data2\" content=\"8 minut\" \/>\n<script type=\"application\/ld+json\" class=\"yoast-schema-graph\">{\"@context\":\"https:\/\/schema.org\",\"@graph\":[{\"@type\":\"WebPage\",\"@id\":\"https:\/\/sha-luzern.ch\/pl\/news\/nowy-budynek-marki-veloland-rower-zawsze-w-centrum-uwagi\",\"url\":\"https:\/\/sha-luzern.ch\/pl\/news\/nowy-budynek-marki-veloland-rower-zawsze-w-centrum-uwagi\",\"name\":\"Nowy budynek marki Veloland: \\\"Rower zawsze w centrum uwagi\\\"\",\"isPartOf\":{\"@id\":\"https:\/\/sha-luzern.ch\/pl#website\"},\"primaryImageOfPage\":{\"@id\":\"https:\/\/sha-luzern.ch\/pl\/news\/nowy-budynek-marki-veloland-rower-zawsze-w-centrum-uwagi#primaryimage\"},\"image\":{\"@id\":\"https:\/\/sha-luzern.ch\/pl\/news\/nowy-budynek-marki-veloland-rower-zawsze-w-centrum-uwagi#primaryimage\"},\"thumbnailUrl\":\"https:\/\/sha-luzern.ch\/wp-content\/uploads\/web-N-Brand-Veloland.jpg\",\"datePublished\":\"2022-04-21T08:48:01+00:00\",\"dateModified\":\"2024-09-23T14:52:11+00:00\",\"author\":{\"@id\":\"https:\/\/sha-luzern.ch\/pl#\/schema\/person\/e68d44538591ce8617e273ae50cb9fb3\"},\"description\":\"Nowy budynek dla sklepu rowerowego \\\"Veloland Brand\\\" oferuje najlepsze standardy z du\u017c\u0105 powierzchni\u0105 sprzeda\u017cy, budynkiem biurowym, magazynem i warsztatem.\",\"breadcrumb\":{\"@id\":\"https:\/\/sha-luzern.ch\/pl\/news\/nowy-budynek-marki-veloland-rower-zawsze-w-centrum-uwagi#breadcrumb\"},\"inLanguage\":\"pl-PL\",\"potentialAction\":[{\"@type\":\"ReadAction\",\"target\":[\"https:\/\/sha-luzern.ch\/pl\/news\/nowy-budynek-marki-veloland-rower-zawsze-w-centrum-uwagi\"]}]},{\"@type\":\"ImageObject\",\"inLanguage\":\"pl-PL\",\"@id\":\"https:\/\/sha-luzern.ch\/pl\/news\/nowy-budynek-marki-veloland-rower-zawsze-w-centrum-uwagi#primaryimage\",\"url\":\"https:\/\/sha-luzern.ch\/wp-content\/uploads\/web-N-Brand-Veloland.jpg\",\"contentUrl\":\"https:\/\/sha-luzern.ch\/wp-content\/uploads\/web-N-Brand-Veloland.jpg\",\"width\":2000,\"height\":1500,\"caption\":\"Nastassja Brand\"},{\"@type\":\"BreadcrumbList\",\"@id\":\"https:\/\/sha-luzern.ch\/pl\/news\/nowy-budynek-marki-veloland-rower-zawsze-w-centrum-uwagi#breadcrumb\",\"itemListElement\":[{\"@type\":\"ListItem\",\"position\":1,\"name\":\"Startseite\",\"item\":\"https:\/\/sha-luzern.ch\/pl\/strona-glowna\"},{\"@type\":\"ListItem\",\"position\":2,\"name\":\"Nowy budynek marki Veloland: &#8222;Rower zawsze w centrum uwagi&#8221;\"}]},{\"@type\":\"WebSite\",\"@id\":\"https:\/\/sha-luzern.ch\/pl#website\",\"url\":\"https:\/\/sha-luzern.ch\/pl\",\"name\":\"SHA Scheffler Helbich Architekten GmbH\",\"description\":\"\",\"potentialAction\":[{\"@type\":\"SearchAction\",\"target\":{\"@type\":\"EntryPoint\",\"urlTemplate\":\"https:\/\/sha-luzern.ch\/pl?s={search_term_string}\"},\"query-input\":{\"@type\":\"PropertyValueSpecification\",\"valueRequired\":true,\"valueName\":\"search_term_string\"}}],\"inLanguage\":\"pl-PL\"},{\"@type\":\"Person\",\"@id\":\"https:\/\/sha-luzern.ch\/pl#\/schema\/person\/e68d44538591ce8617e273ae50cb9fb3\",\"name\":\"Judith Weitzel\",\"image\":{\"@type\":\"ImageObject\",\"inLanguage\":\"pl-PL\",\"@id\":\"https:\/\/sha-luzern.ch\/pl#\/schema\/person\/image\/\",\"url\":\"https:\/\/secure.gravatar.com\/avatar\/7c6bf497a9b76cc4943bd4d7716e797cafb90c96046233c36845e4654eed5e01?s=96&d=mm&r=g\",\"contentUrl\":\"https:\/\/secure.gravatar.com\/avatar\/7c6bf497a9b76cc4943bd4d7716e797cafb90c96046233c36845e4654eed5e01?s=96&d=mm&r=g\",\"caption\":\"Judith Weitzel\"}}]}<\/script>\n<!-- \/ Yoast SEO plugin. -->","yoast_head_json":{"title":"Nowy budynek marki Veloland: \"Rower zawsze w centrum uwagi\"","description":"Nowy budynek dla sklepu rowerowego \"Veloland Brand\" oferuje najlepsze standardy z du\u017c\u0105 powierzchni\u0105 sprzeda\u017cy, budynkiem biurowym, magazynem i warsztatem.","robots":{"index":"index","follow":"follow","max-snippet":"max-snippet:-1","max-image-preview":"max-image-preview:large","max-video-preview":"max-video-preview:-1"},"canonical":"https:\/\/sha-luzern.ch\/pl\/news\/nowy-budynek-marki-veloland-rower-zawsze-w-centrum-uwagi","og_locale":"pl_PL","og_type":"article","og_title":"Nowy budynek marki Veloland: \"Rower zawsze w centrum uwagi\"","og_description":"Nowy budynek dla sklepu rowerowego \"Veloland Brand\" oferuje najlepsze standardy z du\u017c\u0105 powierzchni\u0105 sprzeda\u017cy, budynkiem biurowym, magazynem i warsztatem.","og_url":"https:\/\/sha-luzern.ch\/pl\/news\/nowy-budynek-marki-veloland-rower-zawsze-w-centrum-uwagi","og_site_name":"SHA Scheffler Helbich Architekten GmbH","article_published_time":"2022-04-21T08:48:01+00:00","article_modified_time":"2024-09-23T14:52:11+00:00","og_image":[{"width":2000,"height":1500,"url":"https:\/\/sha-luzern.ch\/wp-content\/uploads\/web-N-Brand-Veloland.jpg","type":"image\/jpeg"}],"author":"Judith Weitzel","twitter_card":"summary_large_image","twitter_misc":{"Napisane przez":"Judith Weitzel","Szacowany czas czytania":"8 minut"},"schema":{"@context":"https:\/\/schema.org","@graph":[{"@type":"WebPage","@id":"https:\/\/sha-luzern.ch\/pl\/news\/nowy-budynek-marki-veloland-rower-zawsze-w-centrum-uwagi","url":"https:\/\/sha-luzern.ch\/pl\/news\/nowy-budynek-marki-veloland-rower-zawsze-w-centrum-uwagi","name":"Nowy budynek marki Veloland: \"Rower zawsze w centrum uwagi\"","isPartOf":{"@id":"https:\/\/sha-luzern.ch\/pl#website"},"primaryImageOfPage":{"@id":"https:\/\/sha-luzern.ch\/pl\/news\/nowy-budynek-marki-veloland-rower-zawsze-w-centrum-uwagi#primaryimage"},"image":{"@id":"https:\/\/sha-luzern.ch\/pl\/news\/nowy-budynek-marki-veloland-rower-zawsze-w-centrum-uwagi#primaryimage"},"thumbnailUrl":"https:\/\/sha-luzern.ch\/wp-content\/uploads\/web-N-Brand-Veloland.jpg","datePublished":"2022-04-21T08:48:01+00:00","dateModified":"2024-09-23T14:52:11+00:00","author":{"@id":"https:\/\/sha-luzern.ch\/pl#\/schema\/person\/e68d44538591ce8617e273ae50cb9fb3"},"description":"Nowy budynek dla sklepu rowerowego \"Veloland Brand\" oferuje najlepsze standardy z du\u017c\u0105 powierzchni\u0105 sprzeda\u017cy, budynkiem biurowym, magazynem i warsztatem.","breadcrumb":{"@id":"https:\/\/sha-luzern.ch\/pl\/news\/nowy-budynek-marki-veloland-rower-zawsze-w-centrum-uwagi#breadcrumb"},"inLanguage":"pl-PL","potentialAction":[{"@type":"ReadAction","target":["https:\/\/sha-luzern.ch\/pl\/news\/nowy-budynek-marki-veloland-rower-zawsze-w-centrum-uwagi"]}]},{"@type":"ImageObject","inLanguage":"pl-PL","@id":"https:\/\/sha-luzern.ch\/pl\/news\/nowy-budynek-marki-veloland-rower-zawsze-w-centrum-uwagi#primaryimage","url":"https:\/\/sha-luzern.ch\/wp-content\/uploads\/web-N-Brand-Veloland.jpg","contentUrl":"https:\/\/sha-luzern.ch\/wp-content\/uploads\/web-N-Brand-Veloland.jpg","width":2000,"height":1500,"caption":"Nastassja Brand"},{"@type":"BreadcrumbList","@id":"https:\/\/sha-luzern.ch\/pl\/news\/nowy-budynek-marki-veloland-rower-zawsze-w-centrum-uwagi#breadcrumb","itemListElement":[{"@type":"ListItem","position":1,"name":"Startseite","item":"https:\/\/sha-luzern.ch\/pl\/strona-glowna"},{"@type":"ListItem","position":2,"name":"Nowy budynek marki Veloland: &#8222;Rower zawsze w centrum uwagi&#8221;"}]},{"@type":"WebSite","@id":"https:\/\/sha-luzern.ch\/pl#website","url":"https:\/\/sha-luzern.ch\/pl","name":"SHA Scheffler Helbich Architekten GmbH","description":"","potentialAction":[{"@type":"SearchAction","target":{"@type":"EntryPoint","urlTemplate":"https:\/\/sha-luzern.ch\/pl?s={search_term_string}"},"query-input":{"@type":"PropertyValueSpecification","valueRequired":true,"valueName":"search_term_string"}}],"inLanguage":"pl-PL"},{"@type":"Person","@id":"https:\/\/sha-luzern.ch\/pl#\/schema\/person\/e68d44538591ce8617e273ae50cb9fb3","name":"Judith Weitzel","image":{"@type":"ImageObject","inLanguage":"pl-PL","@id":"https:\/\/sha-luzern.ch\/pl#\/schema\/person\/image\/","url":"https:\/\/secure.gravatar.com\/avatar\/7c6bf497a9b76cc4943bd4d7716e797cafb90c96046233c36845e4654eed5e01?s=96&d=mm&r=g","contentUrl":"https:\/\/secure.gravatar.com\/avatar\/7c6bf497a9b76cc4943bd4d7716e797cafb90c96046233c36845e4654eed5e01?s=96&d=mm&r=g","caption":"Judith Weitzel"}}]}},"_links":{"self":[{"href":"https:\/\/sha-luzern.ch\/pl\/wp-json\/wp\/v2\/posts\/32560","targetHints":{"allow":["GET"]}}],"collection":[{"href":"https:\/\/sha-luzern.ch\/pl\/wp-json\/wp\/v2\/posts"}],"about":[{"href":"https:\/\/sha-luzern.ch\/pl\/wp-json\/wp\/v2\/types\/post"}],"author":[{"embeddable":true,"href":"https:\/\/sha-luzern.ch\/pl\/wp-json\/wp\/v2\/users\/2"}],"replies":[{"embeddable":true,"href":"https:\/\/sha-luzern.ch\/pl\/wp-json\/wp\/v2\/comments?post=32560"}],"version-history":[{"count":14,"href":"https:\/\/sha-luzern.ch\/pl\/wp-json\/wp\/v2\/posts\/32560\/revisions"}],"predecessor-version":[{"id":46534,"href":"https:\/\/sha-luzern.ch\/pl\/wp-json\/wp\/v2\/posts\/32560\/revisions\/46534"}],"wp:featuredmedia":[{"embeddable":true,"href":"https:\/\/sha-luzern.ch\/pl\/wp-json\/wp\/v2\/media\/25986"}],"wp:attachment":[{"href":"https:\/\/sha-luzern.ch\/pl\/wp-json\/wp\/v2\/media?parent=32560"}],"wp:term":[{"taxonomy":"category","embeddable":true,"href":"https:\/\/sha-luzern.ch\/pl\/wp-json\/wp\/v2\/categories?post=32560"},{"taxonomy":"post_tag","embeddable":true,"href":"https:\/\/sha-luzern.ch\/pl\/wp-json\/wp\/v2\/tags?post=32560"}],"curies":[{"name":"wp","href":"https:\/\/api.w.org\/{rel}","templated":true}]}}