{"id":32650,"date":"2022-05-12T16:16:25","date_gmt":"2022-05-12T14:16:25","guid":{"rendered":"https:\/\/sha.de\/aktuelles\/architektura-buduje-przyszlosc"},"modified":"2024-09-23T16:52:26","modified_gmt":"2024-09-23T14:52:26","slug":"architektura-buduje-przyszlosc","status":"publish","type":"post","link":"https:\/\/sha-luzern.ch\/pl\/news\/architektura-buduje-przyszlosc","title":{"rendered":"&#8222;Architektura buduje przysz\u0142o\u015b\u0107!&#8221;"},"content":{"rendered":"<div id='av_section_1' class='avia-section main_color pt-default pb-default avia-no-border-styling avia-bg-style-scroll  avia-builder-el-0  avia-builder-el-no-sibling   container_wrap fullsize' style=' '  ><div class='container' ><main  role=\"main\" itemprop=\"mainContentOfPage\"  class='template-page content  av-content-full alpha units'><div class='post-entry post-entry-type-page post-entry-32650'><div class='entry-content-wrapper clearfix'>\n\n\t\t\t<div id=\"av-k1hoeuzj\" class=\"headline-column flex_column av_one_full flex_column_div first \">\n\t\t\t\t<div class=\"headline-wrap is-outside align-left sub-bottom\">\n\t\t\t\t\t<h1 class=\"headline-content headline-primary\">&quot;Architektura buduje przysz\u0142o\u015b\u0107!&quot;: 139 nowych dom\u00f3w, park\u00f3w i projekt\u00f3w otwartych w NRW<\/h1>\n\t\t\t\t\t<h3 class=\"headline-content headline-secondary\">18\/19 czerwca 2022: Dzie\u0144 Architektury w Nadrenii P\u00f3\u0142nocnej-Westfalii<\/h3>\n\t\t\t\t<\/div>\n\t\t\t<\/div>\n<div class=\"flex_column av_one_third  flex_column_div av-zero-column-padding first bg-default      avia-builder-el-2  el_after_pixel_sc_headline  el_before_av_one_third  \"><section  class='av_textblock_section av-kfgpxslt-ea45c4f6a96ab89e301f07421d1279df '   itemscope=\"itemscope\" itemtype=\"https:\/\/schema.org\/BlogPosting\" itemprop=\"blogPost\" ><div class='avia_textblock'  itemprop=\"text\" ><p>Zobacz nowe budynki mieszkalne i konstrukcje, dzielnice, prywatne ogrody i parki i zainspiruj si\u0119 przyk\u0142adami zbudowanymi dla w\u0142asnych projekt\u00f3w &#8211; entuzja\u015bci architektury mog\u0105 to zrobi\u0107 ponownie w tym roku w &#8222;Dniu Architektury&#8221;. Na 18. i Od 19 czerwca 2022 r. dok\u0142adnie 139 projekt\u00f3w architektonicznych zostanie zaprezentowanych publiczno\u015bci w 76 miastach i gminach Nadrenii P\u00f3\u0142nocnej-Westfalii.  <a href=\"https:\/\/sha-luzern.ch\/pl\/news\/dzien-architektury-2022-witamy-w-phoenixwerk\">SHA Scheffler Helbich Architekten r\u00f3wnie\u017c otworzy swoje podwoje 19 czerwca.<\/a> Prosz\u0119 odwiedzi\u0107 kompleks biurowy PhoenixWERK w Dortmundzie!<\/a><\/p>\n<p>&#8222;Cieszymy si\u0119, \u017ce ludzie w naszym kraju zwi\u0105zkowym maj\u0105 wreszcie okazj\u0119 ponownie do\u015bwiadczy\u0107 architektury na miejscu i osobi\u015bcie wymieni\u0107 si\u0119 pomys\u0142ami z architektami&#8221; &#8211; wyja\u015bnia Ernst Uhing, prezes Izby Architekt\u00f3w NRW. Dzie\u0144 Architektury ma na celu umo\u017cliwienie dialogu mi\u0119dzy ekspertami i zainteresowanymi laikami oraz skupienie uwagi szerokiej publiczno\u015bci na architekturze przez jeden weekend. &#8211; Izba Architekt\u00f3w Nadrenii P\u00f3\u0142nocnej-Westfalii prezentuje &#8222;Dzie\u0144 Architektury&#8221; w obszernym katalogu, kt\u00f3ry mo\u017cna bezp\u0142atnie zam\u00f3wi\u0107 w Izbie. Baza danych obraz\u00f3w jest teraz dost\u0119pna online pod adresem <a href=\"https:\/\/www.aknw.de\/\" target=\"_blank\" rel=\"noopener nofollow\">aknw.de.<\/a> <\/p>\n<p>To ju\u017c 27. rocznica &#8222;Dnia Architektury&#8221; w Nadrenii P\u00f3\u0142nocnej-Westfalii. W latach poprzedzaj\u0105cych koronawirusa wiele tysi\u0119cy fan\u00f3w architektury i os\u00f3b zainteresowanych budownictwem wybra\u0142o si\u0119 w czerwcowy weekend, aby dowiedzie\u0107 si\u0119 o trendach w projektowaniu i osi\u0105gni\u0119ciach technicznych w budownictwie i \u017cyciu oraz skorzysta\u0107 z okazji do wymiany pomys\u0142\u00f3w z projektantami. Dzi\u0119ki szerokiemu rozg\u0142osowi medialnemu prezentowane budynki s\u0105 r\u00f3wnie\u017c rozpoznawane przez szerok\u0105 publiczno\u015b\u0107. Izba Architekt\u00f3w Nadrenii P\u00f3\u0142nocnej-Westfalii postrzega zatem Dzie\u0144 Architektury jako wa\u017cny wk\u0142ad w dyskurs na temat kultury budowlanej w Niemczech.<\/p>\n<h5>Motto Dnia Architektury 2022: &#8222;Architektura buduje przysz\u0142o\u015b\u0107!&#8221;<\/h5>\n<p>Og\u00f3lnopolskie has\u0142o Dnia Architektury w tym roku brzmi &#8222;Architektura buduje przysz\u0142o\u015b\u0107&#8221;. W ko\u0144cu planowanie i budowanie zawsze odbywa si\u0119 z odpowiedzialno\u015bci\u0105 za przysz\u0142e pokolenia, wyja\u015bnia prezes Izby Ernst Uhing. &#8222;To, co my, architekci, tworzymy dzi\u015b wsp\u00f3lnie z naszymi klientami, musi zawiera\u0107 obietnic\u0119 lepszego jutra.<\/p>\n<\/div><\/section><\/div><div class=\"flex_column av_one_third  flex_column_div av-zero-column-padding        avia-builder-el-4  el_after_av_one_third  el_before_av_one_third  \"><section  class='av_textblock_section av-kaqj9hph-e19ae7f8a10ba2fcf8dd1f2fd19d88b0 '   itemscope=\"itemscope\" itemtype=\"https:\/\/schema.org\/BlogPosting\" itemprop=\"blogPost\" ><div class='avia_textblock'  itemprop=\"text\" ><p>Odnosi si\u0119 to do aspekt\u00f3w sprawiedliwo\u015bci klimatycznej w taki sam spos\u00f3b, jak do kwestii spo\u0142ecznych i kulturowych&#8221;.<\/p>\n<p>Fakt, \u017ce nasze \u015brodowisko zbudowane, nasze dzielnice i budynki mieszkalne zapewniaj\u0105 ludziom ochron\u0119 i dom, zostanie nam wyra\u017aniej pokazany w miesi\u0105cach pierwszej po\u0142owy 2022 r. ni\u017c przez d\u0142ugi czas.<\/p>\n<h5>Trendy i tematy 2022<\/h5>\n<p>Dzie\u0144 Architektury zawsze odzwierciedla zmiany spo\u0142eczne. Ochrona klimatu pozostaje fundamentaln\u0105 kwesti\u0105, co znajduje odzwierciedlenie mi\u0119dzy innymi w konwersji i dalszym wykorzystaniu istniej\u0105cych budynk\u00f3w oraz w energooszcz\u0119dnych dzia\u0142aniach remontowych. Liczne przyk\u0142ady mo\u017cna obejrze\u0107 na miejscu podczas Dnia Architektury w NRW. Budynki edukacyjne, projekty komunalne i sp\u00f3\u0142dzielni mieszkaniowych, redensyfikacja, dost\u0119pno\u015b\u0107 i konwersje, a tak\u017ce wyrafinowane projekty ogrod\u00f3w i zielonych stref to tylko niekt\u00f3re z konkretnych zada\u0144 budowlanych, kt\u00f3re mo\u017cna zobaczy\u0107 w budynkach TdA 2022. Dla wielu odwiedzaj\u0105cych Dzie\u0144 Architektury jest zatem wa\u017cnym \u017ar\u00f3d\u0142em inspiracji.<\/p>\n<p>Ostatnie dwa &#8222;Dni Architektury&#8221; w warunkach pandemii pokaza\u0142y, \u017ce komunikacja architektoniczna jest r\u00f3wnie\u017c mo\u017cliwa w ekscytuj\u0105cy spos\u00f3b za po\u015brednictwem medi\u00f3w cyfrowych i w przestrzeni wirtualnej. W zwi\u0105zku z tym Izba Architekt\u00f3w Nadrenii P\u00f3\u0142nocnej-Westfalii po raz kolejny zaprosi\u0142a uczestnicz\u0105ce biura architektoniczne do zaprezentowania swoich prac w formie cyfrowej &#8211; w postaci klip\u00f3w wideo, wirtualnych wycieczek lub podcast\u00f3w.<\/p>\n<h5>T\u0142o: &#8222;Dzie\u0144 Architektury&#8221;<\/h5>\n<p>&#8222;Dzie\u0144 Architektury&#8221; ugruntowa\u0142 swoj\u0105 pozycj\u0119 w ca\u0142ym kraju jako wydarzenie architektoniczne przed rozpocz\u0119ciem letnich wakacji. Architekci, projektanci wn\u0119trz, architekci krajobrazu i urbani\u015bci b\u0119d\u0105 prezentowa\u0107 nowe lub odnowione budynki wraz ze swoimi klientami, wyja\u015bnia\u0107 szczeg\u00f3lne cechy architektury i odpowiada\u0107 na pytania odwiedzaj\u0105cych.<\/p>\n<\/div><\/section><\/div><div class=\"flex_column av_one_third  flex_column_div av-zero-column-padding        avia-builder-el-6  el_after_av_one_third  el_before_av_one_full  \"><p><section  class='av_textblock_section av-kdhemomz-89fb426e1616a1129fd869592b8a2bef '   itemscope=\"itemscope\" itemtype=\"https:\/\/schema.org\/BlogPosting\" itemprop=\"blogPost\" ><div class='avia_textblock'  itemprop=\"text\" ><p>Zaprezentowane zostan\u0105 budynki w Nadrenii P\u00f3\u0142nocnej-Westfalii, kt\u00f3re zosta\u0142y zrealizowane w naszym kraju zwi\u0105zkowym w ci\u0105gu ostatnich pi\u0119ciu lat; w przypadku architektury krajobrazu i projekt\u00f3w urbanistycznych termin wynosi osiem lat. &#8222;Dzie\u0144 Architektury&#8221; odb\u0119dzie si\u0119 w ca\u0142ym kraju w dniach 25-26 czerwca 2022 r.; w Nadrenii P\u00f3\u0142nocnej-Westfalii zosta\u0142 on przeniesiony na przedostatni weekend czerwca ze wzgl\u0119du na wczesne rozpocz\u0119cie wakacji szkolnych.<\/p>\n<h5>Katalog i internetowa baza danych<\/h5>\n<p>Dost\u0119p do wszystkich obiekt\u00f3w mo\u017cna uzyska\u0107 za po\u015brednictwem internetowej bazy danych ze zdj\u0119ciami i kr\u00f3tkimi opisami, a tak\u017ce planowanymi godzinami otwarcia na stronie www.aknw.de. Izba Architekt\u00f3w Nadrenii P\u00f3\u0142nocnej-Westfalii prezentuje r\u00f3wnie\u017c wszystkie budynki i obiekty na &#8222;Dzie\u0144 Architektury 2022&#8221; w obszernej broszurze, kt\u00f3r\u0105 od teraz mo\u017cna otrzyma\u0107 bezp\u0142atnie: za po\u015brednictwem formularza zam\u00f3wienia na stronie www.aknw.de, telefonicznie pod numerem (0211) 49 67-12 lub -713 lub poczt\u0105 elektroniczn\u0105 na adres <a href=\"javascript:secureDecryptAndNavigate('5nQs6yLqVta34W3ZzsUJ5roOSoQ5p0\/83RCI77PE1eJIER920L6nyt7nzFQl2cBKvG1UAcWCW4eHFRaMoBqnobxx', '7fb6b0a631c756e2798c0419dd401ac6392a180022e45865affe1bd81a905598')\">tda@aknw.de<\/a>.<\/p>\n<p><em> <\/em><\/p>\n<\/div><\/section><br \/>\n\n<style type=\"text\/css\" data-created_by=\"avia_inline_auto\" id=\"style-css-av-k3fr046x-cb289bc273ecde5472526e002776a8d1\">\n#top .hr.hr-invisible.av-k3fr046x-cb289bc273ecde5472526e002776a8d1{\nheight:40px;\n}\n<\/style>\n<div  class='hr av-k3fr046x-cb289bc273ecde5472526e002776a8d1 hr-invisible  avia-builder-el-8  el_after_av_textblock  el_before_pixel_sc_postcard '><span class='hr-inner '><span class=\"hr-inner-style\"><\/span><\/span><\/div><br \/>\n<article id=\"\" class=\"card-entry referenz-entry static-button   text-align-left has-link   heading-link  has-button \">\n\t<div class=\"card-entry__inner\">\n\t\t\n\t\n\t\t<div class=\"card-entry__media media-type-\">\n\t<div class=\"card-entry__media-inner\">\n\n\t\t<div class=\"card_entry__referenz\">\n\t\t\t<div class=\"card_entry__referenz-inner\">\n\t\t\t\t\t\t\t\t\t<div class=\"card-entry__heading\">\n\t<div class=\"card-entry__heading-inner\">\n\n\n\t\t\t\n\t\t\t\n\t\t\t<a class=\"card-entry__link\" href=\"https:\/\/sha-luzern.ch\/projekte\/buero-verwaltung\/innovativer-arbeitsraum-auf-phoenix-west\" target=\"_self\">\n\t\t\t\t\t\t\t<h3 class=\"card-entry__headline  \">\n\t\t\t\t\tInnovativer Arbeitsraum auf PHOENIX West in Dortmund H\u00f6rde\n\t\t\t\t<\/h3>\n\t\t\t\n\t\t\t\n\t\t<\/a>\n\t<\/div>\n<\/div>\n\t\t\t\t\t\t\t<\/div>\n\t\t<\/div>\n\n\t\t\t\t\t<div class=\"card-entry__action\">\n\t<div class=\"card-entry__action-inner\">\n\t\t<div class=\"card-entry__button-wrap avia-button-wrap avia-button-right theme-fill\">\n\t\t\t\t\t\t\t<a class=\"card-entry__button avia-button avia-button color-ci-black hover-yellow avia-size-small  avia-position-right\" href=\"https:\/\/sha-luzern.ch\/projekte\/buero-verwaltung\/innovativer-arbeitsraum-auf-phoenix-west\" target=\"\">\n\t\t\t\t\t<span class=\"button-icon\"><i class=\"icon-arrow_next\"><\/i><\/span><span class=\"button-text\">Czytaj wi\u0119cej<\/span>\n\t\t\t\t<\/a>\n\t\t\t\t\t<\/div>\n\t<\/div>\n<\/div>\n\t\t\n\t\t\t\t\t<a href=\"https:\/\/sha-luzern.ch\/projekte\/buero-verwaltung\/innovativer-arbeitsraum-auf-phoenix-west\" class=\"slide-image\" title=\"\"><img decoding=\"async\" src=\"https:\/\/sha-luzern.ch\/wp-content\/uploads\/sha_kopfbild_pheonixwest_2-2-706x564.jpg\" \/><\/a>\n\t\t\t<\/div>\n<\/div>\n\n\t\n\t<\/div>\n<\/article>\n<\/p><\/div><div class=\"flex_column av_one_full  flex_column_div av-zero-column-padding first       avia-builder-el-10  el_after_av_one_third  avia-builder-el-last  column-top-margin\"><div class=\"slickgallery \">\n\t<div class=\"pixel-slide-wrap\">\n\t\t<div class=\"pixel-slide\" style=\"display: block; width: 100%; float: left;\">\n\t\t\t\t\n\t\t\t\t\t\t\t\t\t\t\t\t\t\n\t\t\t\t\t<div class=\"pixel-slide__image-wrap slide-1\">\n\t\t\t\t\t\t\t<div class=\"pixel-slide__image \"><a href=\"https:\/\/sha-luzern.ch\/wp-content\/uploads\/CE655-769-570x850.jpg\" rel=\"lightbox\"><img decoding=\"async\" src=\"https:\/\/sha-luzern.ch\/wp-content\/uploads\/CE655-769-706x368.jpg\" alt=\"PhoenixWerk Dortmund SHA Scheffler Helbich Architekten\" title=\"PhoenixWerk Dortmund SHA Scheffler Helbich Architekten\"><\/a><\/div>\n\t\t\t\t\t<\/div>\n\t\t\t\t\n\t\t\t\t\t\t\t\t\t\t\t\t\t\n\t\t\t\t\t<div class=\"pixel-slide__image-wrap slide-2\">\n\t\t\t\t\t\t\t<div class=\"pixel-slide__image \"><a href=\"https:\/\/sha-luzern.ch\/wp-content\/uploads\/CE655-680-2-1280x838.jpg\" rel=\"lightbox\"><img decoding=\"async\" src=\"https:\/\/sha-luzern.ch\/wp-content\/uploads\/CE655-680-2-706x368.jpg\" alt=\"PhoenixWerk Dortmund SHA Scheffler Helbich Architekten\" title=\"PhoenixWerk Dortmund SHA Scheffler Helbich Architekten\"><\/a><\/div>\n\t\t\t\t\t<\/div>\n\t\t\t\t\n\t\t\t\t\t\t\t\t\t\t\t\t\t\n\t\t\t\t\t<div class=\"pixel-slide__image-wrap slide-3\">\n\t\t\t\t\t\t\t<div class=\"pixel-slide__image \"><a href=\"https:\/\/sha-luzern.ch\/wp-content\/uploads\/PhoenixWERK_Farbe_Web-9-1275x850.jpg\" rel=\"lightbox\"><img decoding=\"async\" src=\"https:\/\/sha-luzern.ch\/wp-content\/uploads\/PhoenixWERK_Farbe_Web-9-706x368.jpg\" alt=\"PhoenixWERK Farbe Web 9\" title=\"PhoenixWERK Farbe Web 9\"><\/a><\/div>\n\t\t\t\t\t<\/div>\n\t\t\t\t\n\t\t\t\t\t\t\t\t\t\t\t\t\t\n\t\t\t\t\t<div class=\"pixel-slide__image-wrap slide-4\">\n\t\t\t\t\t\t\t<div class=\"pixel-slide__image \"><a href=\"https:\/\/sha-luzern.ch\/wp-content\/uploads\/CE655-462-1274x850.jpg\" rel=\"lightbox\"><img decoding=\"async\" src=\"https:\/\/sha-luzern.ch\/wp-content\/uploads\/CE655-462-706x368.jpg\" alt=\"PhoenixWerk Dortmund SHA Scheffler Helbich Architekten\" title=\"PhoenixWerk Dortmund SHA Scheffler Helbich Architekten\"><\/a><\/div>\n\t\t\t\t\t<\/div>\n\t\t\t\t\n\t\t\t\t\t\t\t\t\t\t\t\t\t\n\t\t\t\t\t<div class=\"pixel-slide__image-wrap slide-5\">\n\t\t\t\t\t\t\t<div class=\"pixel-slide__image \"><a href=\"https:\/\/sha-luzern.ch\/wp-content\/uploads\/CE655-171-567x850.jpg\" rel=\"lightbox\"><img decoding=\"async\" src=\"https:\/\/sha-luzern.ch\/wp-content\/uploads\/CE655-171-706x368.jpg\" alt=\"PhoenixWerk Dortmund SHA Scheffler Helbich Architekten\" title=\"PhoenixWerk Dortmund SHA Scheffler Helbich Architekten\"><\/a><\/div>\n\t\t\t\t\t<\/div>\n\t\t\t\t\n\t\t\t\t\t\t\t\t\t\t\t\t\t\n\t\t\t\t\t<div class=\"pixel-slide__image-wrap slide-6\">\n\t\t\t\t\t\t\t<div class=\"pixel-slide__image \"><a href=\"https:\/\/sha-luzern.ch\/wp-content\/uploads\/CE655-587-1-1274x850.jpg\" rel=\"lightbox\"><img decoding=\"async\" src=\"https:\/\/sha-luzern.ch\/wp-content\/uploads\/CE655-587-1-706x368.jpg\" alt=\"PhoenixWerk Dortmund SHA Scheffler Helbich Architekten\" title=\"PhoenixWerk Dortmund SHA Scheffler Helbich Architekten\"><\/a><\/div>\n\t\t\t\t\t<\/div>\n\t\t\t\t\n\t\t\t\t\t\t\t\t\t\t\t\t\t\n\t\t\t\t\t<div class=\"pixel-slide__image-wrap slide-7\">\n\t\t\t\t\t\t\t<div class=\"pixel-slide__image \"><a href=\"https:\/\/sha-luzern.ch\/wp-content\/uploads\/CE655-444-571x850.jpg\" rel=\"lightbox\"><img decoding=\"async\" src=\"https:\/\/sha-luzern.ch\/wp-content\/uploads\/CE655-444-706x368.jpg\" alt=\"PhoenixWerk Dortmund SHA Scheffler Helbich Architekten\" title=\"PhoenixWerk Dortmund SHA Scheffler Helbich Architekten\"><\/a><\/div>\n\t\t\t\t\t<\/div>\n\t\t\t\t\n\t\t\t\t\t\t\t\t\t\t\t\t\t\n\t\t\t\t\t<div class=\"pixel-slide__image-wrap slide-8\">\n\t\t\t\t\t\t\t<div class=\"pixel-slide__image \"><a href=\"https:\/\/sha-luzern.ch\/wp-content\/uploads\/CE655-436-1274x850.jpg\" rel=\"lightbox\"><img decoding=\"async\" src=\"https:\/\/sha-luzern.ch\/wp-content\/uploads\/CE655-436-706x368.jpg\" alt=\"PhoenixWerk Dortmund SHA Scheffler Helbich Architekten\" title=\"PhoenixWerk Dortmund SHA Scheffler Helbich Architekten\"><\/a><\/div>\n\t\t\t\t\t<\/div>\n\t\t\t\t\n\t\t\t\t\t\t\t\t\t\t\t\t\t\n\t\t\t\t\t<div class=\"pixel-slide__image-wrap slide-9\">\n\t\t\t\t\t\t\t<div class=\"pixel-slide__image \"><a href=\"https:\/\/sha-luzern.ch\/wp-content\/uploads\/CE655-162-569x850.jpg\" rel=\"lightbox\"><img decoding=\"async\" src=\"https:\/\/sha-luzern.ch\/wp-content\/uploads\/CE655-162-706x368.jpg\" alt=\"PhoenixWerk Dortmund SHA Scheffler Helbich Architekten\" title=\"PhoenixWerk Dortmund SHA Scheffler Helbich Architekten\"><\/a><\/div>\n\t\t\t\t\t<\/div>\n\t\t\t\t\n\t\t\t\t\t\t\t\t\t\t\t\t\t\n\t\t\t\t\t<div class=\"pixel-slide__image-wrap slide-10\">\n\t\t\t\t\t\t\t<div class=\"pixel-slide__image \"><a href=\"https:\/\/sha-luzern.ch\/wp-content\/uploads\/CE655-138-1274x850.jpg\" rel=\"lightbox\"><img decoding=\"async\" src=\"https:\/\/sha-luzern.ch\/wp-content\/uploads\/CE655-138-706x368.jpg\" alt=\"PhoenixWerk Dortmund SHA Scheffler Helbich Architekten\" title=\"PhoenixWerk Dortmund SHA Scheffler Helbich Architekten\"><\/a><\/div>\n\t\t\t\t\t<\/div>\n\t\t\t\t\n\t\t\t\t\t\t\t\t\t\t\t\t\t\n\t\t\t\t\t<div class=\"pixel-slide__image-wrap slide-11\">\n\t\t\t\t\t\t\t<div class=\"pixel-slide__image \"><a href=\"https:\/\/sha-luzern.ch\/wp-content\/uploads\/CE655-066-567x850.jpg\" rel=\"lightbox\"><img decoding=\"async\" src=\"https:\/\/sha-luzern.ch\/wp-content\/uploads\/CE655-066-706x368.jpg\" alt=\"PhoenixWerk Dortmund SHA Scheffler Helbich Architekten\" title=\"PhoenixWerk Dortmund SHA Scheffler Helbich Architekten\"><\/a><\/div>\n\t\t\t\t\t<\/div>\n\t\t\t\t\n\t\t\t\t\t\t\t\t\t\t\t\t\t\n\t\t\t\t\t<div class=\"pixel-slide__image-wrap slide-12\">\n\t\t\t\t\t\t\t<div class=\"pixel-slide__image \"><a href=\"https:\/\/sha-luzern.ch\/wp-content\/uploads\/CE655-755-570x850.jpg\" rel=\"lightbox\"><img decoding=\"async\" src=\"https:\/\/sha-luzern.ch\/wp-content\/uploads\/CE655-755-706x368.jpg\" alt=\"PhoenixWerk Dortmund SHA Scheffler Helbich Architekten\" title=\"PhoenixWerk Dortmund SHA Scheffler Helbich Architekten\"><\/a><\/div>\n\t\t\t\t\t<\/div>\n\t\t\t\t\n\t\t\t\t\t\t\t\t\t\t\t\t\t\n\t\t\t\t\t<div class=\"pixel-slide__image-wrap slide-13\">\n\t\t\t\t\t\t\t<div class=\"pixel-slide__image \"><a href=\"https:\/\/sha-luzern.ch\/wp-content\/uploads\/CE655-856-1274x850.jpg\" rel=\"lightbox\"><img decoding=\"async\" src=\"https:\/\/sha-luzern.ch\/wp-content\/uploads\/CE655-856-706x368.jpg\" alt=\"PhoenixWerk Dortmund SHA Scheffler Helbich Architekten\" title=\"PhoenixWerk Dortmund SHA Scheffler Helbich Architekten\"><\/a><\/div>\n\t\t\t\t\t<\/div>\n\t\t\t\t\n\t\t\t\t\t\t\t\t\t\t\t\t\t\n\t\t\t\t\t<div class=\"pixel-slide__image-wrap slide-14\">\n\t\t\t\t\t\t\t<div class=\"pixel-slide__image \"><a href=\"https:\/\/sha-luzern.ch\/wp-content\/uploads\/CE655-1110-567x850.jpg\" rel=\"lightbox\"><img decoding=\"async\" src=\"https:\/\/sha-luzern.ch\/wp-content\/uploads\/CE655-1110-706x368.jpg\" alt=\"PhoenixWerk Dortmund SHA Scheffler Helbich Architekten\" title=\"PhoenixWerk Dortmund SHA Scheffler Helbich Architekten\"><\/a><\/div>\n\t\t\t\t\t<\/div>\n\t\t\t\t\n\t\t\t\t\t\t\t\t\t\t\t\t\t\n\t\t\t\t\t<div class=\"pixel-slide__image-wrap slide-15\">\n\t\t\t\t\t\t\t<div class=\"pixel-slide__image \"><a href=\"https:\/\/sha-luzern.ch\/wp-content\/uploads\/CE655-1143-1280x843.jpg\" rel=\"lightbox\"><img decoding=\"async\" src=\"https:\/\/sha-luzern.ch\/wp-content\/uploads\/CE655-1143-706x368.jpg\" alt=\"PhoenixWerk Dortmund SHA Scheffler Helbich Architekten\" title=\"PhoenixWerk Dortmund SHA Scheffler Helbich Architekten\"><\/a><\/div>\n\t\t\t\t\t<\/div>\n\t\t\t\t\t\t<\/div>\n\t<\/div>\n<\/div><\/div>\n","protected":false},"excerpt":{"rendered":"<p>Og\u00f3lnopolskie has\u0142o Dnia Architektury w tym roku brzmi &#8222;Architektura buduje przysz\u0142o\u015b\u0107&#8221;. W ko\u0144cu planowanie i budowanie zawsze odbywa si\u0119 z odpowiedzialno\u015bci\u0105 za przysz\u0142e pokolenia. Na 18. i Od 19 czerwca 2022 r. dok\u0142adnie 139 projekt\u00f3w architektonicznych zostanie zaprezentowanych publiczno\u015bci w 76 miastach i gminach Nadrenii P\u00f3\u0142nocnej-Westfalii.<\/p>\n","protected":false},"author":2,"featured_media":25992,"comment_status":"closed","ping_status":"closed","sticky":false,"template":"","format":"standard","meta":{"_acf_changed":false,"content-type":"","footnotes":""},"categories":[862,870,873],"tags":[957,958,1013,1033,1034,1058,1084,1108,1109,1110,1111],"class_list":["post-32650","post","type-post","status-publish","format-standard","has-post-thumbnail","hentry","category-dortmund-pl","category-nasz-zespol","category-administracja","tag-wyroznienie","tag-bda-pl","tag-sha-pl","tag-budynek-biurowy","tag-biuro","tag-dortmund-pl","tag-nowy-budynek","tag-christoph-helbich-pl","tag-roslina-phoenix","tag-budynek-administracyjny","tag-dzien-architektury"],"acf":[],"yoast_head":"<!-- This site is optimized with the Yoast SEO plugin v26.1.1 - https:\/\/yoast.com\/wordpress\/plugins\/seo\/ -->\n<title>Dzie\u0144 Architektury NRW - SHA Scheffler Helbich Architekten<\/title>\n<meta name=\"description\" content=\"Motto Dnia Architektury 2022 brzmi: &quot;Architektura buduje przysz\u0142o\u015b\u0107&quot;. W ko\u0144cu planowanie i budowanie zawsze odbywa si\u0119 z odpowiedzialno\u015bci\u0105 za przysz\u0142e pokolenia.\" \/>\n<meta name=\"robots\" content=\"index, follow, max-snippet:-1, max-image-preview:large, max-video-preview:-1\" \/>\n<link rel=\"canonical\" href=\"https:\/\/sha-luzern.ch\/pl\/news\/architektura-buduje-przyszlosc\" \/>\n<meta property=\"og:locale\" content=\"pl_PL\" \/>\n<meta property=\"og:type\" content=\"article\" \/>\n<meta property=\"og:title\" content=\"Dzie\u0144 Architektury NRW - SHA Scheffler Helbich Architekten\" \/>\n<meta property=\"og:description\" content=\"Motto Dnia Architektury 2022 brzmi: &quot;Architektura buduje przysz\u0142o\u015b\u0107&quot;. W ko\u0144cu planowanie i budowanie zawsze odbywa si\u0119 z odpowiedzialno\u015bci\u0105 za przysz\u0142e pokolenia.\" \/>\n<meta property=\"og:url\" content=\"https:\/\/sha-luzern.ch\/pl\/news\/architektura-buduje-przyszlosc\" \/>\n<meta property=\"og:site_name\" content=\"SHA Scheffler Helbich Architekten GmbH\" \/>\n<meta property=\"article:published_time\" content=\"2022-05-12T14:16:25+00:00\" \/>\n<meta property=\"article:modified_time\" content=\"2024-09-23T14:52:26+00:00\" \/>\n<meta property=\"og:image\" content=\"https:\/\/sha-luzern.ch\/wp-content\/uploads\/TDA_2022_RGB-scaled.jpg\" \/>\n\t<meta property=\"og:image:width\" content=\"2560\" \/>\n\t<meta property=\"og:image:height\" content=\"1588\" \/>\n\t<meta property=\"og:image:type\" content=\"image\/jpeg\" \/>\n<meta name=\"author\" content=\"Judith Weitzel\" \/>\n<meta name=\"twitter:card\" content=\"summary_large_image\" \/>\n<meta name=\"twitter:label1\" content=\"Napisane przez\" \/>\n\t<meta name=\"twitter:data1\" content=\"Judith Weitzel\" \/>\n\t<meta name=\"twitter:label2\" content=\"Szacowany czas czytania\" \/>\n\t<meta name=\"twitter:data2\" content=\"9 minut\" \/>\n<script type=\"application\/ld+json\" class=\"yoast-schema-graph\">{\"@context\":\"https:\/\/schema.org\",\"@graph\":[{\"@type\":\"WebPage\",\"@id\":\"https:\/\/sha-luzern.ch\/pl\/news\/architektura-buduje-przyszlosc\",\"url\":\"https:\/\/sha-luzern.ch\/pl\/news\/architektura-buduje-przyszlosc\",\"name\":\"Dzie\u0144 Architektury NRW - SHA Scheffler Helbich Architekten\",\"isPartOf\":{\"@id\":\"https:\/\/sha-luzern.ch\/pl#website\"},\"primaryImageOfPage\":{\"@id\":\"https:\/\/sha-luzern.ch\/pl\/news\/architektura-buduje-przyszlosc#primaryimage\"},\"image\":{\"@id\":\"https:\/\/sha-luzern.ch\/pl\/news\/architektura-buduje-przyszlosc#primaryimage\"},\"thumbnailUrl\":\"https:\/\/sha-luzern.ch\/wp-content\/uploads\/TDA_2022_RGB-scaled.jpg\",\"datePublished\":\"2022-05-12T14:16:25+00:00\",\"dateModified\":\"2024-09-23T14:52:26+00:00\",\"author\":{\"@id\":\"https:\/\/sha-luzern.ch\/pl#\/schema\/person\/e68d44538591ce8617e273ae50cb9fb3\"},\"description\":\"Motto Dnia Architektury 2022 brzmi: \\\"Architektura buduje przysz\u0142o\u015b\u0107\\\". W ko\u0144cu planowanie i budowanie zawsze odbywa si\u0119 z odpowiedzialno\u015bci\u0105 za przysz\u0142e pokolenia.\",\"breadcrumb\":{\"@id\":\"https:\/\/sha-luzern.ch\/pl\/news\/architektura-buduje-przyszlosc#breadcrumb\"},\"inLanguage\":\"pl-PL\",\"potentialAction\":[{\"@type\":\"ReadAction\",\"target\":[\"https:\/\/sha-luzern.ch\/pl\/news\/architektura-buduje-przyszlosc\"]}]},{\"@type\":\"ImageObject\",\"inLanguage\":\"pl-PL\",\"@id\":\"https:\/\/sha-luzern.ch\/pl\/news\/architektura-buduje-przyszlosc#primaryimage\",\"url\":\"https:\/\/sha-luzern.ch\/wp-content\/uploads\/TDA_2022_RGB-scaled.jpg\",\"contentUrl\":\"https:\/\/sha-luzern.ch\/wp-content\/uploads\/TDA_2022_RGB-scaled.jpg\",\"width\":2560,\"height\":1588},{\"@type\":\"BreadcrumbList\",\"@id\":\"https:\/\/sha-luzern.ch\/pl\/news\/architektura-buduje-przyszlosc#breadcrumb\",\"itemListElement\":[{\"@type\":\"ListItem\",\"position\":1,\"name\":\"Startseite\",\"item\":\"https:\/\/sha-luzern.ch\/pl\/strona-glowna\"},{\"@type\":\"ListItem\",\"position\":2,\"name\":\"&#8222;Architektura buduje przysz\u0142o\u015b\u0107!&#8221;\"}]},{\"@type\":\"WebSite\",\"@id\":\"https:\/\/sha-luzern.ch\/pl#website\",\"url\":\"https:\/\/sha-luzern.ch\/pl\",\"name\":\"SHA Scheffler Helbich Architekten GmbH\",\"description\":\"\",\"potentialAction\":[{\"@type\":\"SearchAction\",\"target\":{\"@type\":\"EntryPoint\",\"urlTemplate\":\"https:\/\/sha-luzern.ch\/pl?s={search_term_string}\"},\"query-input\":{\"@type\":\"PropertyValueSpecification\",\"valueRequired\":true,\"valueName\":\"search_term_string\"}}],\"inLanguage\":\"pl-PL\"},{\"@type\":\"Person\",\"@id\":\"https:\/\/sha-luzern.ch\/pl#\/schema\/person\/e68d44538591ce8617e273ae50cb9fb3\",\"name\":\"Judith Weitzel\",\"image\":{\"@type\":\"ImageObject\",\"inLanguage\":\"pl-PL\",\"@id\":\"https:\/\/sha-luzern.ch\/pl#\/schema\/person\/image\/\",\"url\":\"https:\/\/secure.gravatar.com\/avatar\/7c6bf497a9b76cc4943bd4d7716e797cafb90c96046233c36845e4654eed5e01?s=96&d=mm&r=g\",\"contentUrl\":\"https:\/\/secure.gravatar.com\/avatar\/7c6bf497a9b76cc4943bd4d7716e797cafb90c96046233c36845e4654eed5e01?s=96&d=mm&r=g\",\"caption\":\"Judith Weitzel\"}}]}<\/script>\n<!-- \/ Yoast SEO plugin. -->","yoast_head_json":{"title":"Dzie\u0144 Architektury NRW - SHA Scheffler Helbich Architekten","description":"Motto Dnia Architektury 2022 brzmi: \"Architektura buduje przysz\u0142o\u015b\u0107\". W ko\u0144cu planowanie i budowanie zawsze odbywa si\u0119 z odpowiedzialno\u015bci\u0105 za przysz\u0142e pokolenia.","robots":{"index":"index","follow":"follow","max-snippet":"max-snippet:-1","max-image-preview":"max-image-preview:large","max-video-preview":"max-video-preview:-1"},"canonical":"https:\/\/sha-luzern.ch\/pl\/news\/architektura-buduje-przyszlosc","og_locale":"pl_PL","og_type":"article","og_title":"Dzie\u0144 Architektury NRW - SHA Scheffler Helbich Architekten","og_description":"Motto Dnia Architektury 2022 brzmi: \"Architektura buduje przysz\u0142o\u015b\u0107\". W ko\u0144cu planowanie i budowanie zawsze odbywa si\u0119 z odpowiedzialno\u015bci\u0105 za przysz\u0142e pokolenia.","og_url":"https:\/\/sha-luzern.ch\/pl\/news\/architektura-buduje-przyszlosc","og_site_name":"SHA Scheffler Helbich Architekten GmbH","article_published_time":"2022-05-12T14:16:25+00:00","article_modified_time":"2024-09-23T14:52:26+00:00","og_image":[{"width":2560,"height":1588,"url":"https:\/\/sha-luzern.ch\/wp-content\/uploads\/TDA_2022_RGB-scaled.jpg","type":"image\/jpeg"}],"author":"Judith Weitzel","twitter_card":"summary_large_image","twitter_misc":{"Napisane przez":"Judith Weitzel","Szacowany czas czytania":"9 minut"},"schema":{"@context":"https:\/\/schema.org","@graph":[{"@type":"WebPage","@id":"https:\/\/sha-luzern.ch\/pl\/news\/architektura-buduje-przyszlosc","url":"https:\/\/sha-luzern.ch\/pl\/news\/architektura-buduje-przyszlosc","name":"Dzie\u0144 Architektury NRW - SHA Scheffler Helbich Architekten","isPartOf":{"@id":"https:\/\/sha-luzern.ch\/pl#website"},"primaryImageOfPage":{"@id":"https:\/\/sha-luzern.ch\/pl\/news\/architektura-buduje-przyszlosc#primaryimage"},"image":{"@id":"https:\/\/sha-luzern.ch\/pl\/news\/architektura-buduje-przyszlosc#primaryimage"},"thumbnailUrl":"https:\/\/sha-luzern.ch\/wp-content\/uploads\/TDA_2022_RGB-scaled.jpg","datePublished":"2022-05-12T14:16:25+00:00","dateModified":"2024-09-23T14:52:26+00:00","author":{"@id":"https:\/\/sha-luzern.ch\/pl#\/schema\/person\/e68d44538591ce8617e273ae50cb9fb3"},"description":"Motto Dnia Architektury 2022 brzmi: \"Architektura buduje przysz\u0142o\u015b\u0107\". W ko\u0144cu planowanie i budowanie zawsze odbywa si\u0119 z odpowiedzialno\u015bci\u0105 za przysz\u0142e pokolenia.","breadcrumb":{"@id":"https:\/\/sha-luzern.ch\/pl\/news\/architektura-buduje-przyszlosc#breadcrumb"},"inLanguage":"pl-PL","potentialAction":[{"@type":"ReadAction","target":["https:\/\/sha-luzern.ch\/pl\/news\/architektura-buduje-przyszlosc"]}]},{"@type":"ImageObject","inLanguage":"pl-PL","@id":"https:\/\/sha-luzern.ch\/pl\/news\/architektura-buduje-przyszlosc#primaryimage","url":"https:\/\/sha-luzern.ch\/wp-content\/uploads\/TDA_2022_RGB-scaled.jpg","contentUrl":"https:\/\/sha-luzern.ch\/wp-content\/uploads\/TDA_2022_RGB-scaled.jpg","width":2560,"height":1588},{"@type":"BreadcrumbList","@id":"https:\/\/sha-luzern.ch\/pl\/news\/architektura-buduje-przyszlosc#breadcrumb","itemListElement":[{"@type":"ListItem","position":1,"name":"Startseite","item":"https:\/\/sha-luzern.ch\/pl\/strona-glowna"},{"@type":"ListItem","position":2,"name":"&#8222;Architektura buduje przysz\u0142o\u015b\u0107!&#8221;"}]},{"@type":"WebSite","@id":"https:\/\/sha-luzern.ch\/pl#website","url":"https:\/\/sha-luzern.ch\/pl","name":"SHA Scheffler Helbich Architekten GmbH","description":"","potentialAction":[{"@type":"SearchAction","target":{"@type":"EntryPoint","urlTemplate":"https:\/\/sha-luzern.ch\/pl?s={search_term_string}"},"query-input":{"@type":"PropertyValueSpecification","valueRequired":true,"valueName":"search_term_string"}}],"inLanguage":"pl-PL"},{"@type":"Person","@id":"https:\/\/sha-luzern.ch\/pl#\/schema\/person\/e68d44538591ce8617e273ae50cb9fb3","name":"Judith Weitzel","image":{"@type":"ImageObject","inLanguage":"pl-PL","@id":"https:\/\/sha-luzern.ch\/pl#\/schema\/person\/image\/","url":"https:\/\/secure.gravatar.com\/avatar\/7c6bf497a9b76cc4943bd4d7716e797cafb90c96046233c36845e4654eed5e01?s=96&d=mm&r=g","contentUrl":"https:\/\/secure.gravatar.com\/avatar\/7c6bf497a9b76cc4943bd4d7716e797cafb90c96046233c36845e4654eed5e01?s=96&d=mm&r=g","caption":"Judith Weitzel"}}]}},"_links":{"self":[{"href":"https:\/\/sha-luzern.ch\/pl\/wp-json\/wp\/v2\/posts\/32650","targetHints":{"allow":["GET"]}}],"collection":[{"href":"https:\/\/sha-luzern.ch\/pl\/wp-json\/wp\/v2\/posts"}],"about":[{"href":"https:\/\/sha-luzern.ch\/pl\/wp-json\/wp\/v2\/types\/post"}],"author":[{"embeddable":true,"href":"https:\/\/sha-luzern.ch\/pl\/wp-json\/wp\/v2\/users\/2"}],"replies":[{"embeddable":true,"href":"https:\/\/sha-luzern.ch\/pl\/wp-json\/wp\/v2\/comments?post=32650"}],"version-history":[{"count":19,"href":"https:\/\/sha-luzern.ch\/pl\/wp-json\/wp\/v2\/posts\/32650\/revisions"}],"predecessor-version":[{"id":46653,"href":"https:\/\/sha-luzern.ch\/pl\/wp-json\/wp\/v2\/posts\/32650\/revisions\/46653"}],"wp:featuredmedia":[{"embeddable":true,"href":"https:\/\/sha-luzern.ch\/pl\/wp-json\/wp\/v2\/media\/25992"}],"wp:attachment":[{"href":"https:\/\/sha-luzern.ch\/pl\/wp-json\/wp\/v2\/media?parent=32650"}],"wp:term":[{"taxonomy":"category","embeddable":true,"href":"https:\/\/sha-luzern.ch\/pl\/wp-json\/wp\/v2\/categories?post=32650"},{"taxonomy":"post_tag","embeddable":true,"href":"https:\/\/sha-luzern.ch\/pl\/wp-json\/wp\/v2\/tags?post=32650"}],"curies":[{"name":"wp","href":"https:\/\/api.w.org\/{rel}","templated":true}]}}