{"id":34116,"date":"2020-10-29T14:28:31","date_gmt":"2020-10-29T13:28:31","guid":{"rendered":"https:\/\/sha.de\/aktuelles\/projekt-fotograficzny-ulubiona-osoba"},"modified":"2024-09-23T16:55:05","modified_gmt":"2024-09-23T14:55:05","slug":"projekt-fotograficzny-ulubiona-osoba","status":"publish","type":"post","link":"https:\/\/sha-luzern.ch\/pl\/news\/projekt-fotograficzny-ulubiona-osoba","title":{"rendered":"Projekt fotograficzny &#8222;Ulubiona osoba&#8221;"},"content":{"rendered":"<div id='av_section_1' class='avia-section main_color pt-default pb-default avia-no-border-styling avia-bg-style-scroll  avia-builder-el-0  avia-builder-el-no-sibling   container_wrap fullsize' style=' '  ><div class='container' ><main  role=\"main\" itemprop=\"mainContentOfPage\"  class='template-page content  av-content-full alpha units'><div class='post-entry post-entry-type-page post-entry-34116'><div class='entry-content-wrapper clearfix'>\n\n\t\t\t<div id=\"av-k1hoeuzj\" class=\"headline-column flex_column av_one_full flex_column_div first \">\n\t\t\t\t<div class=\"headline-wrap is-outside align-left sub-bottom\">\n\t\t\t\t\t<h1 class=\"headline-content headline-primary\">Projekt fotograficzny &quot;Ulubiona osoba&quot;<\/h1>\n\t\t\t\t\t<h3 class=\"headline-content headline-secondary\">Roczny kalendarz inkluzji z motywem z PhoenixWERK<\/h3>\n\t\t\t\t<\/div>\n\t\t\t<\/div>\n<div class=\"flex_column av_one_third  flex_column_div av-zero-column-padding first bg-default      avia-builder-el-2  el_after_pixel_sc_headline  el_before_av_one_third  \"><section  class='av_textblock_section av-k5pfdfmq-75eeeeace81604f9741c5e0bb23a16ef '   itemscope=\"itemscope\" itemtype=\"https:\/\/schema.org\/BlogPosting\" itemprop=\"blogPost\" ><div class='avia_textblock'  itemprop=\"text\" ><p>Po po\u0142udniu w <a href=\"https:\/\/sha-luzern.ch\/pl\/news\/phoenixwerk-nowa-praca-w-dortmundzie\">PhoenixWERK<\/a> zrobi\u0142o si\u0119 naprawd\u0119 g\u0142o\u015bno. A przede wszystkim: pi\u0119knie kolorowe! By\u0142 ku temu dobry pow\u00f3d: \u015bwietne zdj\u0119cia szcz\u0119\u015bliwych dzieci na imponuj\u0105cym industrialnym tle zosta\u0142y tu zrobione na potrzeby integracyjnego projektu fotograficznego &#8222;Lieblingsmensch&#8221;. Te i wiele innych zdj\u0119\u0107 zosta\u0142o teraz przekszta\u0142conych w zr\u00f3\u017cnicowany kalendarz roczny. Co si\u0119 za tym kryje?<\/p>\n<p>Kalendarz przedstawia przyja\u017anie mi\u0119dzy dzie\u0107mi niepe\u0142nosprawnymi i pe\u0142nosprawnymi. Wra\u017cliwe zdj\u0119cia pokazuj\u0105, jak naturalnie i nieformalnie dzieci wchodz\u0105 w interakcje ze sob\u0105 i mi\u0119dzy sob\u0105. Ka\u017cdy nale\u017cy; to jest integracja w dzia\u0142aniu. Motto: &#8222;Je\u015bli wszystkie dzieci mog\u0105 tam by\u0107, to normalne, \u017ce s\u0105 inne&#8221;.<\/p>\n<\/div><\/section><\/div><div class=\"flex_column av_one_third  flex_column_div av-zero-column-padding        avia-builder-el-4  el_after_av_one_third  el_before_av_one_third  \"><section  class='av_textblock_section av-kaqj9hph-706c318c8f487264c95b3db12998d912 '   itemscope=\"itemscope\" itemtype=\"https:\/\/schema.org\/BlogPosting\" itemprop=\"blogPost\" ><div class='avia_textblock'  itemprop=\"text\" ><p>&#8222;Sesja zdj\u0119ciowa&#8221; na tarasie na dachu PhoenixWERK zosta\u0142a zorganizowana przez <a href=\"https:\/\/sha-luzern.ch\/pl\/nasze-biuro\/nasz-zespol\">Jonasa Schwarzenh\u00f6lzera<\/a>, kierownika budowy w SHA. Steffi Kirstenpfad i jej projekt fotograficzny pozna\u0142 dzi\u0119ki grupie swoich w\u0142asnych dzieci. Nawiasem m\u00f3wi\u0105c, zdj\u0119cie z biurowca z widokiem na historyczny wielki piec jest motywem czerwcowym. Motyw &#8222;bohater\u00f3w komiks\u00f3w&#8221; jest \u0142atwy do rozpoznania: Batman, Superman i sp\u00f3\u0142ka wyra\u017anie przypadli do gustu m\u0142odym ludziom. Nie by\u0142o \u017cadnej nie\u015bmia\u0142o\u015bci przed kamer\u0105 &#8211; wida\u0107 to na \u017cywych uj\u0119ciach!<\/p>\n<p>Celem projektu &#8222;Lieblingsmensch&#8221; jest zwi\u0119kszenie publicznego zainteresowania i \u015bwiadomo\u015bci na temat integracji. Nale\u017cy r\u00f3wnie\u017c zach\u0119ca\u0107 rodzic\u00f3w dotkni\u0119tych chorob\u0105.<\/p>\n<\/div><\/section><\/div><div class=\"flex_column av_one_third  flex_column_div av-zero-column-padding        avia-builder-el-6  el_after_av_one_third  el_before_av_one_full  \"><p><section  class='av_textblock_section av-3qeriy-d07f63a16104872df959b8e17b34cf60 '   itemscope=\"itemscope\" itemtype=\"https:\/\/schema.org\/BlogPosting\" itemprop=\"blogPost\" ><div class='avia_textblock'  itemprop=\"text\" ><p>Pomimo przeszk\u00f3d i zmartwie\u0144, z kt\u00f3rymi si\u0119 borykaj\u0105, wszyscy maj\u0105 urocze dzieci o wspania\u0142ych cechach.<\/p>\n<p>Doch\u00f3d netto z kalendarza zostanie przekazany na rzecz specjalistycznej kliniki neurologii dzieci\u0119cej i pediatrii spo\u0142ecznej w Unna K\u00f6nigsborn. Kalendarz zosta\u0142 wydany w limitowanej edycji 300 sztuk i kosztuje 20 euro. Mo\u017cna go naby\u0107 bezpo\u015brednio od fotografki Steffi Kirstenpfad.<\/p>\n<\/div><\/section><br \/>\n<div class=\"linklist-wrap  avia-builder-el-8  el_after_av_textblock  avia-builder-el-last \"><ul class=\"linklist\"><li class=\"linklist__entry av-2c0f62\"><a href=\"http:\/\/steffikirstenpfad.de\/\" target=\"_blank\"><span class=\"\">Steffi Kirstenpfad Photography<\/span><\/a><p class=\"linklist__entry-desc\"><\/p><\/li><li class=\"linklist__entry av-31s9y2\"><a href=\"https:\/\/www.lebenszentrum-koenigsborn.de\/fachklinik-fuer-kinderneurologie-und-sozialpaediatrie-koenigsborn\/\" target=\"_blank\"><span class=\"\">Specjalistyczna klinika neurologii dzieci\u0119cej i pediatrii spo\u0142ecznej<\/span><\/a><p class=\"linklist__entry-desc\"><\/p><\/li><\/ul><\/div><\/p><\/div><div class=\"flex_column av_one_full  flex_column_div av-zero-column-padding first       avia-builder-el-9  el_after_av_one_third  avia-builder-el-last  column-top-margin\"><div class=\"slickgallery no-nav\">\n\t<div class=\"pixel-slide-wrap\">\n\t\t<div class=\"pixel-slide\" style=\"display: block; width: 100%; float: left;\">\n\t\t\t\t\n\t\t\t\t\t\t\t\t\t\t\t\t\t\n\t\t\t\t\t<div class=\"pixel-slide__image-wrap slide-1\">\n\t\t\t\t\t\t\t<div class=\"pixel-slide__image \"><a href=\"https:\/\/sha-luzern.ch\/wp-content\/uploads\/Lieblingsmensch-3-1275x850.jpg\" rel=\"lightbox\"><img decoding=\"async\" src=\"https:\/\/sha-luzern.ch\/wp-content\/uploads\/Lieblingsmensch-3-706x368.jpg\" alt=\"Lieblingsmensch (3)\" title=\"Lieblingsmensch (3)\"><\/a><\/div>\n\t\t\t\t\t<\/div>\n\t\t\t\t\n\t\t\t\t\t\t\t\t\t\t\t\t\t\n\t\t\t\t\t<div class=\"pixel-slide__image-wrap slide-2\">\n\t\t\t\t\t\t\t<div class=\"pixel-slide__image \"><a href=\"https:\/\/sha-luzern.ch\/wp-content\/uploads\/Lieblingsmensch-1-601x850.jpg\" rel=\"lightbox\"><img decoding=\"async\" src=\"https:\/\/sha-luzern.ch\/wp-content\/uploads\/Lieblingsmensch-1-706x368.jpg\" alt=\"Lieblingsmensch (1)\" title=\"Lieblingsmensch (1)\"><\/a><\/div>\n\t\t\t\t\t<\/div>\n\t\t\t\t\n\t\t\t\t\t\t\t\t\t\t\t\t\t\n\t\t\t\t\t<div class=\"pixel-slide__image-wrap slide-3\">\n\t\t\t\t\t\t\t<div class=\"pixel-slide__image \"><a href=\"https:\/\/sha-luzern.ch\/wp-content\/uploads\/CE655-135-e1746626792829-1280x713.jpg\" rel=\"lightbox\"><img decoding=\"async\" src=\"https:\/\/sha-luzern.ch\/wp-content\/uploads\/CE655-135-e1746626792829-706x368.jpg\" alt=\"PhoenixWerk Dortmund SHA Scheffler Helbich Architekten\" title=\"PhoenixWerk Dortmund SHA Scheffler Helbich Architekten\"><\/a><\/div>\n\t\t\t\t\t<\/div>\n\t\t\t\t\t\t<\/div>\n\t<\/div>\n<\/div><\/div>\n","protected":false},"excerpt":{"rendered":"<p>W ramach integracyjnego projektu fotograficznego &#8222;Ulubiona osoba&#8221; w PhoenixWERK wykonano wspania\u0142e zdj\u0119cia szcz\u0119\u015bliwych dzieci na tle imponuj\u0105cego industrialnego t\u0142a. Zr\u00f3\u017cnicowany kalendarz roczny zosta\u0142 ju\u017c opublikowany.<\/p>\n","protected":false},"author":2,"featured_media":23880,"comment_status":"closed","ping_status":"closed","sticky":false,"template":"","format":"standard","meta":{"_acf_changed":false,"content-type":"","footnotes":""},"categories":[862,870,872],"tags":[1013,1058,1339],"class_list":["post-34116","post","type-post","status-publish","format-standard","has-post-thumbnail","hentry","category-dortmund-pl","category-nasz-zespol","category-nasza-filozofia","tag-sha-pl","tag-dortmund-pl","tag-wlaczenie"],"acf":[],"yoast_head":"<!-- This site is optimized with the Yoast SEO plugin v26.1.1 - https:\/\/yoast.com\/wordpress\/plugins\/seo\/ -->\n<title>Projekt fotograficzny &quot;Ulubiona osoba&quot; - SHA Scheffler Helbich Architekten GmbH<\/title>\n<meta name=\"description\" content=\"W ramach integracyjnego projektu fotograficznego &quot;Ulubiona osoba&quot; w PhoenixWERK wykonano wspania\u0142e zdj\u0119cia szcz\u0119\u015bliwych dzieci na tle imponuj\u0105cego industrialnego t\u0142a. Zr\u00f3\u017cnicowany kalendarz roczny zosta\u0142 ju\u017c opublikowany.\" \/>\n<meta name=\"robots\" content=\"index, follow, max-snippet:-1, max-image-preview:large, max-video-preview:-1\" \/>\n<link rel=\"canonical\" href=\"https:\/\/sha-luzern.ch\/pl\/news\/projekt-fotograficzny-ulubiona-osoba\" \/>\n<meta property=\"og:locale\" content=\"pl_PL\" \/>\n<meta property=\"og:type\" content=\"article\" \/>\n<meta property=\"og:title\" content=\"Projekt fotograficzny &quot;Ulubiona osoba&quot; - SHA Scheffler Helbich Architekten GmbH\" \/>\n<meta property=\"og:description\" content=\"W ramach integracyjnego projektu fotograficznego &quot;Ulubiona osoba&quot; w PhoenixWERK wykonano wspania\u0142e zdj\u0119cia szcz\u0119\u015bliwych dzieci na tle imponuj\u0105cego industrialnego t\u0142a. Zr\u00f3\u017cnicowany kalendarz roczny zosta\u0142 ju\u017c opublikowany.\" \/>\n<meta property=\"og:url\" content=\"https:\/\/sha-luzern.ch\/pl\/news\/projekt-fotograficzny-ulubiona-osoba\" \/>\n<meta property=\"og:site_name\" content=\"SHA Scheffler Helbich Architekten GmbH\" \/>\n<meta property=\"article:published_time\" content=\"2020-10-29T13:28:31+00:00\" \/>\n<meta property=\"article:modified_time\" content=\"2024-09-23T14:55:05+00:00\" \/>\n<meta property=\"og:image\" content=\"https:\/\/sha-luzern.ch\/wp-content\/uploads\/Lieblingsmensch-3.jpg\" \/>\n\t<meta property=\"og:image:width\" content=\"1800\" \/>\n\t<meta property=\"og:image:height\" content=\"1200\" \/>\n\t<meta property=\"og:image:type\" content=\"image\/jpeg\" \/>\n<meta name=\"author\" content=\"Judith Weitzel\" \/>\n<meta name=\"twitter:card\" content=\"summary_large_image\" \/>\n<meta name=\"twitter:label1\" content=\"Napisane przez\" \/>\n\t<meta name=\"twitter:data1\" content=\"Judith Weitzel\" \/>\n\t<meta name=\"twitter:label2\" content=\"Szacowany czas czytania\" \/>\n\t<meta name=\"twitter:data2\" content=\"6 minut\" \/>\n<script type=\"application\/ld+json\" class=\"yoast-schema-graph\">{\"@context\":\"https:\/\/schema.org\",\"@graph\":[{\"@type\":\"WebPage\",\"@id\":\"https:\/\/sha-luzern.ch\/pl\/news\/projekt-fotograficzny-ulubiona-osoba\",\"url\":\"https:\/\/sha-luzern.ch\/pl\/news\/projekt-fotograficzny-ulubiona-osoba\",\"name\":\"Projekt fotograficzny \\\"Ulubiona osoba\\\" - SHA Scheffler Helbich Architekten GmbH\",\"isPartOf\":{\"@id\":\"https:\/\/sha-luzern.ch\/pl#website\"},\"primaryImageOfPage\":{\"@id\":\"https:\/\/sha-luzern.ch\/pl\/news\/projekt-fotograficzny-ulubiona-osoba#primaryimage\"},\"image\":{\"@id\":\"https:\/\/sha-luzern.ch\/pl\/news\/projekt-fotograficzny-ulubiona-osoba#primaryimage\"},\"thumbnailUrl\":\"https:\/\/sha-luzern.ch\/wp-content\/uploads\/Lieblingsmensch-3.jpg\",\"datePublished\":\"2020-10-29T13:28:31+00:00\",\"dateModified\":\"2024-09-23T14:55:05+00:00\",\"author\":{\"@id\":\"https:\/\/sha-luzern.ch\/pl#\/schema\/person\/e68d44538591ce8617e273ae50cb9fb3\"},\"description\":\"W ramach integracyjnego projektu fotograficznego \\\"Ulubiona osoba\\\" w PhoenixWERK wykonano wspania\u0142e zdj\u0119cia szcz\u0119\u015bliwych dzieci na tle imponuj\u0105cego industrialnego t\u0142a. Zr\u00f3\u017cnicowany kalendarz roczny zosta\u0142 ju\u017c opublikowany.\",\"breadcrumb\":{\"@id\":\"https:\/\/sha-luzern.ch\/pl\/news\/projekt-fotograficzny-ulubiona-osoba#breadcrumb\"},\"inLanguage\":\"pl-PL\",\"potentialAction\":[{\"@type\":\"ReadAction\",\"target\":[\"https:\/\/sha-luzern.ch\/pl\/news\/projekt-fotograficzny-ulubiona-osoba\"]}]},{\"@type\":\"ImageObject\",\"inLanguage\":\"pl-PL\",\"@id\":\"https:\/\/sha-luzern.ch\/pl\/news\/projekt-fotograficzny-ulubiona-osoba#primaryimage\",\"url\":\"https:\/\/sha-luzern.ch\/wp-content\/uploads\/Lieblingsmensch-3.jpg\",\"contentUrl\":\"https:\/\/sha-luzern.ch\/wp-content\/uploads\/Lieblingsmensch-3.jpg\",\"width\":1800,\"height\":1200},{\"@type\":\"BreadcrumbList\",\"@id\":\"https:\/\/sha-luzern.ch\/pl\/news\/projekt-fotograficzny-ulubiona-osoba#breadcrumb\",\"itemListElement\":[{\"@type\":\"ListItem\",\"position\":1,\"name\":\"Startseite\",\"item\":\"https:\/\/sha-luzern.ch\/pl\/strona-glowna\"},{\"@type\":\"ListItem\",\"position\":2,\"name\":\"Projekt fotograficzny &#8222;Ulubiona osoba&#8220;\"}]},{\"@type\":\"WebSite\",\"@id\":\"https:\/\/sha-luzern.ch\/pl#website\",\"url\":\"https:\/\/sha-luzern.ch\/pl\",\"name\":\"SHA Scheffler Helbich Architekten GmbH\",\"description\":\"\",\"potentialAction\":[{\"@type\":\"SearchAction\",\"target\":{\"@type\":\"EntryPoint\",\"urlTemplate\":\"https:\/\/sha-luzern.ch\/pl?s={search_term_string}\"},\"query-input\":{\"@type\":\"PropertyValueSpecification\",\"valueRequired\":true,\"valueName\":\"search_term_string\"}}],\"inLanguage\":\"pl-PL\"},{\"@type\":\"Person\",\"@id\":\"https:\/\/sha-luzern.ch\/pl#\/schema\/person\/e68d44538591ce8617e273ae50cb9fb3\",\"name\":\"Judith Weitzel\",\"image\":{\"@type\":\"ImageObject\",\"inLanguage\":\"pl-PL\",\"@id\":\"https:\/\/sha-luzern.ch\/pl#\/schema\/person\/image\/\",\"url\":\"https:\/\/secure.gravatar.com\/avatar\/7c6bf497a9b76cc4943bd4d7716e797cafb90c96046233c36845e4654eed5e01?s=96&d=mm&r=g\",\"contentUrl\":\"https:\/\/secure.gravatar.com\/avatar\/7c6bf497a9b76cc4943bd4d7716e797cafb90c96046233c36845e4654eed5e01?s=96&d=mm&r=g\",\"caption\":\"Judith Weitzel\"}}]}<\/script>\n<!-- \/ Yoast SEO plugin. -->","yoast_head_json":{"title":"Projekt fotograficzny \"Ulubiona osoba\" - SHA Scheffler Helbich Architekten GmbH","description":"W ramach integracyjnego projektu fotograficznego \"Ulubiona osoba\" w PhoenixWERK wykonano wspania\u0142e zdj\u0119cia szcz\u0119\u015bliwych dzieci na tle imponuj\u0105cego industrialnego t\u0142a. Zr\u00f3\u017cnicowany kalendarz roczny zosta\u0142 ju\u017c opublikowany.","robots":{"index":"index","follow":"follow","max-snippet":"max-snippet:-1","max-image-preview":"max-image-preview:large","max-video-preview":"max-video-preview:-1"},"canonical":"https:\/\/sha-luzern.ch\/pl\/news\/projekt-fotograficzny-ulubiona-osoba","og_locale":"pl_PL","og_type":"article","og_title":"Projekt fotograficzny \"Ulubiona osoba\" - SHA Scheffler Helbich Architekten GmbH","og_description":"W ramach integracyjnego projektu fotograficznego \"Ulubiona osoba\" w PhoenixWERK wykonano wspania\u0142e zdj\u0119cia szcz\u0119\u015bliwych dzieci na tle imponuj\u0105cego industrialnego t\u0142a. Zr\u00f3\u017cnicowany kalendarz roczny zosta\u0142 ju\u017c opublikowany.","og_url":"https:\/\/sha-luzern.ch\/pl\/news\/projekt-fotograficzny-ulubiona-osoba","og_site_name":"SHA Scheffler Helbich Architekten GmbH","article_published_time":"2020-10-29T13:28:31+00:00","article_modified_time":"2024-09-23T14:55:05+00:00","og_image":[{"width":1800,"height":1200,"url":"https:\/\/sha-luzern.ch\/wp-content\/uploads\/Lieblingsmensch-3.jpg","type":"image\/jpeg"}],"author":"Judith Weitzel","twitter_card":"summary_large_image","twitter_misc":{"Napisane przez":"Judith Weitzel","Szacowany czas czytania":"6 minut"},"schema":{"@context":"https:\/\/schema.org","@graph":[{"@type":"WebPage","@id":"https:\/\/sha-luzern.ch\/pl\/news\/projekt-fotograficzny-ulubiona-osoba","url":"https:\/\/sha-luzern.ch\/pl\/news\/projekt-fotograficzny-ulubiona-osoba","name":"Projekt fotograficzny \"Ulubiona osoba\" - SHA Scheffler Helbich Architekten GmbH","isPartOf":{"@id":"https:\/\/sha-luzern.ch\/pl#website"},"primaryImageOfPage":{"@id":"https:\/\/sha-luzern.ch\/pl\/news\/projekt-fotograficzny-ulubiona-osoba#primaryimage"},"image":{"@id":"https:\/\/sha-luzern.ch\/pl\/news\/projekt-fotograficzny-ulubiona-osoba#primaryimage"},"thumbnailUrl":"https:\/\/sha-luzern.ch\/wp-content\/uploads\/Lieblingsmensch-3.jpg","datePublished":"2020-10-29T13:28:31+00:00","dateModified":"2024-09-23T14:55:05+00:00","author":{"@id":"https:\/\/sha-luzern.ch\/pl#\/schema\/person\/e68d44538591ce8617e273ae50cb9fb3"},"description":"W ramach integracyjnego projektu fotograficznego \"Ulubiona osoba\" w PhoenixWERK wykonano wspania\u0142e zdj\u0119cia szcz\u0119\u015bliwych dzieci na tle imponuj\u0105cego industrialnego t\u0142a. Zr\u00f3\u017cnicowany kalendarz roczny zosta\u0142 ju\u017c opublikowany.","breadcrumb":{"@id":"https:\/\/sha-luzern.ch\/pl\/news\/projekt-fotograficzny-ulubiona-osoba#breadcrumb"},"inLanguage":"pl-PL","potentialAction":[{"@type":"ReadAction","target":["https:\/\/sha-luzern.ch\/pl\/news\/projekt-fotograficzny-ulubiona-osoba"]}]},{"@type":"ImageObject","inLanguage":"pl-PL","@id":"https:\/\/sha-luzern.ch\/pl\/news\/projekt-fotograficzny-ulubiona-osoba#primaryimage","url":"https:\/\/sha-luzern.ch\/wp-content\/uploads\/Lieblingsmensch-3.jpg","contentUrl":"https:\/\/sha-luzern.ch\/wp-content\/uploads\/Lieblingsmensch-3.jpg","width":1800,"height":1200},{"@type":"BreadcrumbList","@id":"https:\/\/sha-luzern.ch\/pl\/news\/projekt-fotograficzny-ulubiona-osoba#breadcrumb","itemListElement":[{"@type":"ListItem","position":1,"name":"Startseite","item":"https:\/\/sha-luzern.ch\/pl\/strona-glowna"},{"@type":"ListItem","position":2,"name":"Projekt fotograficzny &#8222;Ulubiona osoba&#8220;"}]},{"@type":"WebSite","@id":"https:\/\/sha-luzern.ch\/pl#website","url":"https:\/\/sha-luzern.ch\/pl","name":"SHA Scheffler Helbich Architekten GmbH","description":"","potentialAction":[{"@type":"SearchAction","target":{"@type":"EntryPoint","urlTemplate":"https:\/\/sha-luzern.ch\/pl?s={search_term_string}"},"query-input":{"@type":"PropertyValueSpecification","valueRequired":true,"valueName":"search_term_string"}}],"inLanguage":"pl-PL"},{"@type":"Person","@id":"https:\/\/sha-luzern.ch\/pl#\/schema\/person\/e68d44538591ce8617e273ae50cb9fb3","name":"Judith Weitzel","image":{"@type":"ImageObject","inLanguage":"pl-PL","@id":"https:\/\/sha-luzern.ch\/pl#\/schema\/person\/image\/","url":"https:\/\/secure.gravatar.com\/avatar\/7c6bf497a9b76cc4943bd4d7716e797cafb90c96046233c36845e4654eed5e01?s=96&d=mm&r=g","contentUrl":"https:\/\/secure.gravatar.com\/avatar\/7c6bf497a9b76cc4943bd4d7716e797cafb90c96046233c36845e4654eed5e01?s=96&d=mm&r=g","caption":"Judith Weitzel"}}]}},"_links":{"self":[{"href":"https:\/\/sha-luzern.ch\/pl\/wp-json\/wp\/v2\/posts\/34116","targetHints":{"allow":["GET"]}}],"collection":[{"href":"https:\/\/sha-luzern.ch\/pl\/wp-json\/wp\/v2\/posts"}],"about":[{"href":"https:\/\/sha-luzern.ch\/pl\/wp-json\/wp\/v2\/types\/post"}],"author":[{"embeddable":true,"href":"https:\/\/sha-luzern.ch\/pl\/wp-json\/wp\/v2\/users\/2"}],"replies":[{"embeddable":true,"href":"https:\/\/sha-luzern.ch\/pl\/wp-json\/wp\/v2\/comments?post=34116"}],"version-history":[{"count":10,"href":"https:\/\/sha-luzern.ch\/pl\/wp-json\/wp\/v2\/posts\/34116\/revisions"}],"predecessor-version":[{"id":43821,"href":"https:\/\/sha-luzern.ch\/pl\/wp-json\/wp\/v2\/posts\/34116\/revisions\/43821"}],"wp:featuredmedia":[{"embeddable":true,"href":"https:\/\/sha-luzern.ch\/pl\/wp-json\/wp\/v2\/media\/23880"}],"wp:attachment":[{"href":"https:\/\/sha-luzern.ch\/pl\/wp-json\/wp\/v2\/media?parent=34116"}],"wp:term":[{"taxonomy":"category","embeddable":true,"href":"https:\/\/sha-luzern.ch\/pl\/wp-json\/wp\/v2\/categories?post=34116"},{"taxonomy":"post_tag","embeddable":true,"href":"https:\/\/sha-luzern.ch\/pl\/wp-json\/wp\/v2\/tags?post=34116"}],"curies":[{"name":"wp","href":"https:\/\/api.w.org\/{rel}","templated":true}]}}