{"id":34380,"date":"2021-02-10T11:21:33","date_gmt":"2021-02-10T10:21:33","guid":{"rendered":"https:\/\/sha.de\/aktuelles\/sha-scheffler-helbich-architects-w-berlinie"},"modified":"2024-09-23T16:55:40","modified_gmt":"2024-09-23T14:55:40","slug":"sha-scheffler-helbich-architects-w-berlinie","status":"publish","type":"post","link":"https:\/\/sha-luzern.ch\/pl\/news\/sha-scheffler-helbich-architects-w-berlinie","title":{"rendered":"SHA Scheffler Helbich Architects w Berlinie"},"content":{"rendered":"<div id='av_section_1' class='avia-section main_color pt-default pb-default avia-no-border-styling avia-bg-style-scroll  avia-builder-el-0  avia-builder-el-no-sibling   container_wrap fullsize' style=' '  ><div class='container' ><main  role=\"main\" itemprop=\"mainContentOfPage\"  class='template-page content  av-content-full alpha units'><div class='post-entry post-entry-type-page post-entry-34380'><div class='entry-content-wrapper clearfix'>\n\n\t\t\t<div id=\"av-k1hoeuzj\" class=\"headline-column flex_column av_one_full flex_column_div first \">\n\t\t\t\t<div class=\"headline-wrap is-outside align-left sub-bottom\">\n\t\t\t\t\t<h1 class=\"headline-content headline-primary\">SHA Scheffler Helbich Architects w Berlinie<\/h1>\n\t\t\t\t\t<h3 class=\"headline-content headline-secondary\">Nasze biuro planowania w stolicy<\/h3>\n\t\t\t\t<\/div>\n\t\t\t<\/div>\n<div class=\"flex_column av_one_third  flex_column_div av-zero-column-padding first bg-default      avia-builder-el-2  el_after_pixel_sc_headline  el_before_av_one_third  \"><section  class='av_textblock_section av-kfgpxslt-ea45c4f6a96ab89e301f07421d1279df '   itemscope=\"itemscope\" itemtype=\"https:\/\/schema.org\/BlogPosting\" itemprop=\"blogPost\" ><div class='avia_textblock'  itemprop=\"text\" ><p><em>&#8222;Berlin! Berlin! Zaczynamy w Berlinie!&#8221; To w\u0142a\u015bnie powiedzieli\u015bmy na pocz\u0105tku 2019 roku, kiedy otworzyli\u015bmy tam nasz oddzia\u0142. Rozbudowa siedziby firmy w Dortmundzie sprawi\u0142a, \u017ce od tego czasu SHA jest obecna w samym sercu stolicy. Dzi\u015b uda\u0142o nam si\u0119 przeku\u0107 pocz\u0105tkow\u0105 eufori\u0119 w sukcesy projektowe i konkursowe.<\/em><\/p>\n<p>Christoph Wunderlich jest naszym kierownikiem ds. lokalizacji i rozwoju biznesu w Berlinie Mitte. \u015aci\u015ble wsp\u00f3\u0142pracowa\u0142 z ca\u0142ym zespo\u0142em przy tworzeniu nowego biura dla SHA-Zesp\u00f3\u0142. Pod koniec 2018 roku sp\u0119dzi\u0142 trzy miesi\u0105ce w naszym biurze architektonicznym w Dortmundzie, aby pozna\u0107 swoich koleg\u00f3w z Zag\u0142\u0119bia Ruhry i zapozna\u0107 si\u0119 z filozofi\u0105 SHA. <a href=\"https:\/\/sha-luzern.ch\/pl\/nasze-biuro\/filozofia\"><span style=\"text-decoration: underline;\">filozofi\u0105 SHA<\/span><\/a> zosta\u0142a zinternalizowana. Nast\u0119pnie w lutym 2019 r. za\u0142o\u017cy\u0142 <span style=\"text-decoration: underline;\"><a href=\"https:\/\/sha-luzern.ch\/pl\/nasze-biuro\/lokalizacje\">berli\u0144sk\u0105 przestrze\u0144 coworkingow\u0105<\/a><\/span> po\u0142o\u017cy\u0142 podwaliny pod dzia\u0142alno\u015b\u0107 SHA w Berlinie. Sinh Nguyen, kolejny do\u015bwiadczony architekt, do\u0142\u0105czy\u0142 do berli\u0144skiego zespo\u0142u wiosn\u0105 2020 roku. Obaj s\u0105 odpowiedzialni przede wszystkim za pozyskiwanie, projektowanie i procedury konkursowe.<\/p>\n<p>Dwa lata po premierze poprosili\u015bmy Christopha Wunderlicha i Christopha Helbicha, Partnera Zarz\u0105dzaj\u0105cego SHA, aby usiedli razem. Razem spogl\u0105daj\u0105 wstecz na ostatnie 24 miesi\u0105ce.<\/p>\n<p><strong>SHA ma swoj\u0105 siedzib\u0119 w Dortmundzie od ponad 90 lat. Jak zdecydowali si\u0119 Pa\u0144stwo otworzy\u0107 biuro projektowe w Berlinie?<\/strong><\/p>\n<p>Helbich: &#8222;Po prostu poczu\u0142em si\u0119 dobrze, robi\u0105c kolejny krok z nasz\u0105 firm\u0105 architektoniczn\u0105. SHA zawsze pracowa\u0142a dla swoich klient\u00f3w w ca\u0142ych Niemczech, a nasi ludzie s\u0105 codziennie w trasie na osi p\u00f3\u0142noc-po\u0142udnie. Z kolei na wschodzie byli\u015bmy niedostatecznie reprezentowani. Nasze dwie lokalizacje w Dortmundzie (<a href=\"https:\/\/sha-luzern.ch\/pl\/news\/nowa-lokalizacja-firmy-pierwsze-wrazenia-z-phoenixwerk\"><em>SHA przenios\u0142a si\u0119 <span style=\"text-decoration: underline;\">do PhoenixWERK<\/span><\/em><\/a><em>red.<\/em>) chcia\u0142y by\u0107 sensownie uzupe\u0142nione. Dlatego warto by\u0142o skupi\u0107 si\u0119 na stolicy&#8221;.<\/p>\n<\/div><\/section><\/div><div class=\"flex_column av_one_third  flex_column_div av-zero-column-padding        avia-builder-el-4  el_after_av_one_third  el_before_av_one_third  \"><section  class='av_textblock_section av-kaqj9hph-a2dd80239ddf2f81ba644651e38ce4f1 '   itemscope=\"itemscope\" itemtype=\"https:\/\/schema.org\/BlogPosting\" itemprop=\"blogPost\" ><div class='avia_textblock'  itemprop=\"text\" ><p>Wunderlich: &#8222;Pracowa\u0142em ju\u017c wtedy jako starszy architekt w Berlinie. Zadanie zakotwiczenia tradycyjnej firmy rodzinnej z Zag\u0142\u0119bia Ruhry w stolicy by\u0142o dla mnie bardzo atrakcyjne. Celem by\u0142o przeniesienie unikalnego DNA SHA do Berlina i jego dalszy rozw\u00f3j.&#8221;<\/p>\n<p><strong>W ci\u0105gu ostatnich dziesi\u0119cioleci SHA zrealizowa\u0142a ponad 400 projekt\u00f3w w ca\u0142ych Niemczech. Specjalizuje si\u0119 w planowaniu du\u017cych nieruchomo\u015bci przemys\u0142owych i komercyjnych, budynk\u00f3w administracyjnych i biurowych oraz obiekt\u00f3w sportowych. Czy to skupienie zmieni\u0142o si\u0119 w przypadku biura w Berlinie?<\/strong><\/p>\n<p>Helbich: &#8222;Dzi\u0119ki naszym kolegom w Berlinie mo\u017cemy jeszcze bardziej elastycznie reagowa\u0107 na wysokie zapotrzebowanie naszych klient\u00f3w w ca\u0142ych Niemczech i optymalnie wykorzystywa\u0107 nasze mo\u017cliwo\u015bci i zasoby dla naszych &#8222;obszar\u00f3w specjalnych&#8221;. Christoph wnosi r\u00f3wnie\u017c du\u017ce do\u015bwiadczenie w planowaniu hoteli. Dzi\u0119ki planowaniu projekt\u00f3w mieszkaniowych, plac\u00f3wek edukacyjnych i projektowaniu koncepcji rozwoju miast, mamy teraz jeszcze szersz\u0105 pozycj\u0119&#8221;.<\/p>\n<p>Wunderlich: &#8222;Oto przyk\u0142ad: wraz z Hummert Architekten BDA (ARGE Hummert Hullak Rannow) jeste\u015bmy odpowiedzialni za nowe zadaszenie stacji i zadaszenia przystank\u00f3w w ramach <a href=\"https:\/\/sha-luzern.ch\/pl\/projekty\/mobilnosc-i-transport\/dachy-na-placu-dworcowym-w-ulm\">projektu infrastruktury miejskiej <span style=\"text-decoration: underline;\">&#8222;Ulm City Station&#8221;<\/span><\/a>, kt\u00f3re przyci\u0105gaj\u0105 wzrok na terenie stacji. Dzi\u0119ki temu projektowi Planungsb\u00fcro Berlin staje na w\u0142asnych nogach. Byli\u015bmy r\u00f3wnie\u017c odpowiedzialni za kilka konkurs\u00f3w: na nowy budynek dla Centrum Kszta\u0142cenia Doros\u0142ych w Dortmundzie. <span style=\"text-decoration: underline;\"><a href=\"https:\/\/sha-luzern.ch\/pl\/projekty\/konkursy\/konkurs-nowy-budynek-vhs-dortmund\">nowy budynek dla Centrum Kszta\u0142cenia Doros\u0142ych w Dortmundzie<\/a><\/span>na <span style=\"text-decoration: underline;\"><a href=\"https:\/\/sha-luzern.ch\/pl\/projekty\/konkursy\/radisson-blu-hotel-dortmund\">rozbudow\u0119 hotelu Radisson Blu w Dortmundzie<\/a><\/span> oraz na renowacj\u0119 i budow\u0119 nowego, atrakcyjnego projektu mieszkaniowego w centrum Berlina. <span style=\"text-decoration: underline;\"><a href=\"https:\/\/sha-luzern.ch\/?post_type=referenzen&#038;p=6785\">projektu mieszkaniowego w centrum Berlina<\/a><\/span>. Obecnie ponownie pracujemy dla <a href=\"https:\/\/sha-luzern.ch\/pl\/projekty\/stadiony-i-obiekty-sportowe\/rb-leipzig-centrum-mlodziezowe-i-tereny-rekreacyjne\"><span style=\"text-decoration: underline;\">RB Lipsk<\/span><\/a> ponownie.<\/p>\n<\/div><\/section><\/div><div class=\"flex_column av_one_third  flex_column_div av-zero-column-padding        avia-builder-el-6  el_after_av_one_third  el_before_av_one_full  \"><p><section  class='av_textblock_section av-kdhemomz-384b64b1c0bd5dbe15964c5e2908bf18 '   itemscope=\"itemscope\" itemtype=\"https:\/\/schema.org\/BlogPosting\" itemprop=\"blogPost\" ><div class='avia_textblock'  itemprop=\"text\" ><p><strong>Jak przebiega wsp\u00f3\u0142praca mi\u0119dzy central\u0105 w Dortmundzie a biurem planowania w Berlinie?<\/strong><\/p>\n<p>Wunderlich: &#8222;Prowadzimy dialog niemal ka\u017cdego dnia. Przed Coron\u0105 r\u00f3wnie\u017c regularnie widywali\u015bmy si\u0119 osobi\u015bcie, ale oczywi\u015bcie na razie wstrzymali\u015bmy podr\u00f3\u017ce. Zoom &amp; Co. b\u0119dzie musia\u0142 na razie zast\u0105pi\u0107 &#8222;prawdziwe&#8221; spotkanie. Mamy nadziej\u0119, \u017ce b\u0119dziemy mogli przyjecha\u0107 do <a href=\"https:\/\/sha-luzern.ch\/pl\/projekty\/biuro-i-administracja\/innowacyjna-przestrzen-do-pracy-w-phoenix-west-w-dortmund-horde\">PhoenixWERK<\/a> w Dortmundzie najp\u00f3\u017aniej latem&#8221;.<\/p>\n<p>Helbich: &#8222;Planujemy r\u00f3wnie\u017c wzmocni\u0107 wymian\u0119 zespo\u0142\u00f3w mi\u0119dzy Zag\u0142\u0119biem Ruhry a Berlinem w &#8211; miejmy nadziej\u0119 niedalekiej! &#8211; przysz\u0142o\u015bci. Chcemy regularnie wysy\u0142a\u0107 pracownik\u00f3w z Dortmundu do Berlina na wsp\u00f3lne projekty&#8221;.<\/p>\n<\/div><\/section><br \/>\n\n<style type=\"text\/css\" data-created_by=\"avia_inline_auto\" id=\"style-css-av-k3fpn5l3-eb7af154f9f9958fdff8aeb7a6c40790\">\n#top .hr.av-k3fpn5l3-eb7af154f9f9958fdff8aeb7a6c40790{\nmargin-top:20px;\nmargin-bottom:40px;\n}\n.hr.av-k3fpn5l3-eb7af154f9f9958fdff8aeb7a6c40790 .hr-inner{\nwidth:100%;\nborder-color:#000000;\n}\n<\/style>\n<div  class='hr av-k3fpn5l3-eb7af154f9f9958fdff8aeb7a6c40790 hr-custom  avia-builder-el-8  el_after_av_textblock  el_before_pixel_sc_cta  hr-center hr-icon-no'><span class='hr-inner inner-border-av-border-thin'><span class=\"hr-inner-style\"><\/span><\/span><\/div><br \/>\n\n<div class=\"call-to-action  no-grow  has-button ci-black hover-white bg-yellow  align-left \"><div class=\"call-to-action__inner\"><div class=\"call-to-action__text\"><span class=\"call-to-action__primary\">Gracz zespo\u0142owy  <br \/>poszukiwany.<\/span><span class=\"call-to-action__secondary\">Maj\u0105 Pa\u0144stwo ochot\u0119 wzi\u0105\u0107 w tym udzia\u0142?  <br \/>Prosz\u0119 sta\u0107 si\u0119 cz\u0119\u015bci\u0105 SHA!<\/span><\/div><div class=\"call-to-action__button\"><div class=\"avia-button-wrap theme-fill avia-button-left\"><a href=\"https:\/\/sha-luzern.ch\/karriere\/stellenangebote\" class=\"avia-button color-ci-black hover-white avia-icon_select-no avia-size-medium\"><span>Prosz\u0119 dowiedzie\u0107 si\u0119 wi\u0119cej<\/span><\/a><\/div><\/div><\/div><\/div><\/p><\/div><div class=\"flex_column av_one_full  flex_column_div av-zero-column-padding first       avia-builder-el-10  el_after_av_one_third  avia-builder-el-last  column-top-margin\"><div class=\"slickgallery \">\n\t<div class=\"pixel-slide-wrap\">\n\t\t<div class=\"pixel-slide\" style=\"display: block; width: 100%; float: left;\">\n\t\t\t\t\n\t\t\t\t\t\t\t\t\t\t\t\t\t\n\t\t\t\t\t<div class=\"pixel-slide__image-wrap slide-1\">\n\t\t\t\t\t\t\t<div class=\"pixel-slide__image \"><a href=\"https:\/\/sha-luzern.ch\/wp-content\/uploads\/Berlin-web-Scheffler-Helbich-Architekten-1-1275x850.jpg\" rel=\"lightbox\"><img decoding=\"async\" src=\"https:\/\/sha-luzern.ch\/wp-content\/uploads\/Berlin-web-Scheffler-Helbich-Architekten-1-706x368.jpg\" alt=\"Berlin Web Scheffler Helbich Architekten\" title=\"Berlin Web Scheffler Helbich Architekten\"><\/a><\/div>\n\t\t\t\t\t<\/div>\n\t\t\t\t\n\t\t\t\t\t\t\t\t\t\t\t\t\t\n\t\t\t\t\t<div class=\"pixel-slide__image-wrap slide-2\">\n\t\t\t\t\t\t\t<div class=\"pixel-slide__image \"><a href=\"https:\/\/sha-luzern.ch\/wp-content\/uploads\/Start-2019-1133x850.jpg\" rel=\"lightbox\"><img decoding=\"async\" src=\"https:\/\/sha-luzern.ch\/wp-content\/uploads\/Start-2019-706x368.jpg\" alt=\"Start 2019\" title=\"Start 2019\"><\/a><\/div>\n\t\t\t\t\t<\/div>\n\t\t\t\t\n\t\t\t\t\t\t\t\t\t\t\t\t\t\n\t\t\t\t\t<div class=\"pixel-slide__image-wrap slide-3\">\n\t\t\t\t\t\t\t<div class=\"pixel-slide__image \"><a href=\"https:\/\/sha-luzern.ch\/wp-content\/uploads\/1910-Visualisierung_2_201201-1280x768.jpg\" rel=\"lightbox\"><img decoding=\"async\" src=\"https:\/\/sha-luzern.ch\/wp-content\/uploads\/1910-Visualisierung_2_201201-706x368.jpg\" alt=\"1910 Visualisierung 2 201201\" title=\"1910 Visualisierung 2 201201\"><\/a><\/div>\n\t\t\t\t\t<\/div>\n\t\t\t\t\n\t\t\t\t\t\t\t\t\t\t\t\t\t\n\t\t\t\t\t<div class=\"pixel-slide__image-wrap slide-4\">\n\t\t\t\t\t\t\t<div class=\"pixel-slide__image \"><a href=\"https:\/\/sha-luzern.ch\/wp-content\/uploads\/1831-Visualisierung-01-Haupteingang-Radisson-1275x850.jpg\" rel=\"lightbox\"><img decoding=\"async\" src=\"https:\/\/sha-luzern.ch\/wp-content\/uploads\/1831-Visualisierung-01-Haupteingang-Radisson-706x368.jpg\" alt=\"1831 Visualisierung 01 Haupteingang Radisson\" title=\"1831 Visualisierung 01 Haupteingang Radisson\"><\/a><\/div>\n\t\t\t\t\t<\/div>\n\t\t\t\t\n\t\t\t\t\t\t\t\t\t\t\t\t\t\n\t\t\t\t\t<div class=\"pixel-slide__image-wrap slide-5\">\n\t\t\t\t\t\t\t<div class=\"pixel-slide__image \"><a href=\"https:\/\/sha-luzern.ch\/wp-content\/uploads\/berlin-sha-web-1133x850.jpg\" rel=\"lightbox\"><img decoding=\"async\" src=\"https:\/\/sha-luzern.ch\/wp-content\/uploads\/berlin-sha-web-706x368.jpg\" alt=\"Berlin Sha Web\" title=\"Berlin Sha Web\"><\/a><\/div>\n\t\t\t\t\t<\/div>\n\t\t\t\t\n\t\t\t\t\t\t\t\t\t\t\t\t\t\n\t\t\t\t\t<div class=\"pixel-slide__image-wrap slide-6\">\n\t\t\t\t\t\t\t<div class=\"pixel-slide__image \"><a href=\"https:\/\/sha-luzern.ch\/wp-content\/uploads\/200817_Berlin-Meldung-web-1198x850.jpg\" rel=\"lightbox\"><img decoding=\"async\" src=\"https:\/\/sha-luzern.ch\/wp-content\/uploads\/200817_Berlin-Meldung-web-706x368.jpg\" alt=\"SHA Scheffler Helbich Architekten Berlin\" title=\"SHA Scheffler Helbich Architekten Berlin\"><\/a><\/div>\n\t\t\t\t\t<\/div>\n\t\t\t\t\n\t\t\t\t\t\t\t\t\t\t\t\t\t\n\t\t\t\t\t<div class=\"pixel-slide__image-wrap slide-7\">\n\t\t\t\t\t\t\t<div class=\"pixel-slide__image \"><a href=\"https:\/\/sha-luzern.ch\/wp-content\/uploads\/Visualisierung-VHS-Dortmund-1280x759.jpg\" rel=\"lightbox\"><img decoding=\"async\" src=\"https:\/\/sha-luzern.ch\/wp-content\/uploads\/Visualisierung-VHS-Dortmund-706x368.jpg\" alt=\"Visualisierung VHS Dortmund\" title=\"Visualisierung VHS Dortmund\"><\/a><\/div>\n\t\t\t\t\t<\/div>\n\t\t\t\t\n\t\t\t\t\t\t\t\t\t\t\t\t\t\n\t\t\t\t\t<div class=\"pixel-slide__image-wrap slide-8\">\n\t\t\t\t\t\t\t<div class=\"pixel-slide__image \"><a href=\"https:\/\/sha-luzern.ch\/wp-content\/uploads\/SHA_Berliner-Kollegen.jpg\" rel=\"lightbox\"><img decoding=\"async\" src=\"https:\/\/sha-luzern.ch\/wp-content\/uploads\/SHA_Berliner-Kollegen-706x368.jpg\" alt=\"SHA Berliner Kollegen\" title=\"SHA Berliner Kollegen\"><\/a><\/div>\n\t\t\t\t\t<\/div>\n\t\t\t\t\t\t<\/div>\n\t<\/div>\n<\/div><\/div>\n","protected":false},"excerpt":{"rendered":"<p>&#8222;Berlin! Berlin! Zaczynamy w Berlinie!&#8221; Od 2019 roku SHA posiada biuro planowania w samym sercu stolicy. Dwa lata po sygnale startowym, Christoph Helbich, Partner Zarz\u0105dzaj\u0105cy SHA, i Kierownik Budowy Christoph Wunderlich spogl\u0105daj\u0105 wstecz na rozw\u00f3j.<\/p>\n","protected":false},"author":2,"featured_media":23076,"comment_status":"closed","ping_status":"closed","sticky":false,"template":"","format":"standard","meta":{"_acf_changed":false,"content-type":"","footnotes":""},"categories":[860,870,872],"tags":[1360,1013,1014,1058,1108,1109,1359],"class_list":["post-34380","post","type-post","status-publish","format-standard","has-post-thumbnail","hentry","category-berlin-pl","category-nasz-zespol","category-nasza-filozofia","tag-nasz-zespol","tag-sha-pl","tag-berlin-pl","tag-dortmund-pl","tag-christoph-helbich-pl","tag-roslina-phoenix","tag-christoph-wunderlich-pl"],"acf":[],"yoast_head":"<!-- This site is optimized with the Yoast SEO plugin v26.1.1 - https:\/\/yoast.com\/wordpress\/plugins\/seo\/ -->\n<title>Pa\u0144stwa biuro projektowe w Berlinie - SHA Scheffler Helbich Architekten<\/title>\n<meta name=\"description\" content=\"Aby rozszerzy\u0107 nasz\u0105 siedzib\u0119 g\u0142\u00f3wn\u0105 w Dortmundzie, od 2019 roku SHA ma biuro planowania w samym sercu stolicy Berlina.\" \/>\n<meta name=\"robots\" content=\"index, follow, max-snippet:-1, max-image-preview:large, max-video-preview:-1\" \/>\n<link rel=\"canonical\" href=\"https:\/\/sha-luzern.ch\/pl\/news\/sha-scheffler-helbich-architects-w-berlinie\" \/>\n<meta property=\"og:locale\" content=\"pl_PL\" \/>\n<meta property=\"og:type\" content=\"article\" \/>\n<meta property=\"og:title\" content=\"Pa\u0144stwa biuro projektowe w Berlinie - SHA Scheffler Helbich Architekten\" \/>\n<meta property=\"og:description\" content=\"Aby rozszerzy\u0107 nasz\u0105 siedzib\u0119 g\u0142\u00f3wn\u0105 w Dortmundzie, od 2019 roku SHA ma biuro planowania w samym sercu stolicy Berlina.\" \/>\n<meta property=\"og:url\" content=\"https:\/\/sha-luzern.ch\/pl\/news\/sha-scheffler-helbich-architects-w-berlinie\" \/>\n<meta property=\"og:site_name\" content=\"SHA Scheffler Helbich Architekten GmbH\" \/>\n<meta property=\"article:published_time\" content=\"2021-02-10T10:21:33+00:00\" \/>\n<meta property=\"article:modified_time\" content=\"2024-09-23T14:55:40+00:00\" \/>\n<meta property=\"og:image\" content=\"https:\/\/sha-luzern.ch\/wp-content\/uploads\/200817_Berlin-Meldung-web.jpg\" \/>\n\t<meta property=\"og:image:width\" content=\"2236\" \/>\n\t<meta property=\"og:image:height\" content=\"1586\" \/>\n\t<meta property=\"og:image:type\" content=\"image\/jpeg\" \/>\n<meta name=\"author\" content=\"Judith Weitzel\" \/>\n<meta name=\"twitter:card\" content=\"summary_large_image\" \/>\n<meta name=\"twitter:label1\" content=\"Napisane przez\" \/>\n\t<meta name=\"twitter:data1\" content=\"Judith Weitzel\" \/>\n\t<meta name=\"twitter:label2\" content=\"Szacowany czas czytania\" \/>\n\t<meta name=\"twitter:data2\" content=\"9 minut\" \/>\n<script type=\"application\/ld+json\" class=\"yoast-schema-graph\">{\"@context\":\"https:\/\/schema.org\",\"@graph\":[{\"@type\":\"WebPage\",\"@id\":\"https:\/\/sha-luzern.ch\/pl\/news\/sha-scheffler-helbich-architects-w-berlinie\",\"url\":\"https:\/\/sha-luzern.ch\/pl\/news\/sha-scheffler-helbich-architects-w-berlinie\",\"name\":\"Pa\u0144stwa biuro projektowe w Berlinie - SHA Scheffler Helbich Architekten\",\"isPartOf\":{\"@id\":\"https:\/\/sha-luzern.ch\/pl#website\"},\"primaryImageOfPage\":{\"@id\":\"https:\/\/sha-luzern.ch\/pl\/news\/sha-scheffler-helbich-architects-w-berlinie#primaryimage\"},\"image\":{\"@id\":\"https:\/\/sha-luzern.ch\/pl\/news\/sha-scheffler-helbich-architects-w-berlinie#primaryimage\"},\"thumbnailUrl\":\"https:\/\/sha-luzern.ch\/wp-content\/uploads\/200817_Berlin-Meldung-web.jpg\",\"datePublished\":\"2021-02-10T10:21:33+00:00\",\"dateModified\":\"2024-09-23T14:55:40+00:00\",\"author\":{\"@id\":\"https:\/\/sha-luzern.ch\/pl#\/schema\/person\/e68d44538591ce8617e273ae50cb9fb3\"},\"description\":\"Aby rozszerzy\u0107 nasz\u0105 siedzib\u0119 g\u0142\u00f3wn\u0105 w Dortmundzie, od 2019 roku SHA ma biuro planowania w samym sercu stolicy Berlina.\",\"breadcrumb\":{\"@id\":\"https:\/\/sha-luzern.ch\/pl\/news\/sha-scheffler-helbich-architects-w-berlinie#breadcrumb\"},\"inLanguage\":\"pl-PL\",\"potentialAction\":[{\"@type\":\"ReadAction\",\"target\":[\"https:\/\/sha-luzern.ch\/pl\/news\/sha-scheffler-helbich-architects-w-berlinie\"]}]},{\"@type\":\"ImageObject\",\"inLanguage\":\"pl-PL\",\"@id\":\"https:\/\/sha-luzern.ch\/pl\/news\/sha-scheffler-helbich-architects-w-berlinie#primaryimage\",\"url\":\"https:\/\/sha-luzern.ch\/wp-content\/uploads\/200817_Berlin-Meldung-web.jpg\",\"contentUrl\":\"https:\/\/sha-luzern.ch\/wp-content\/uploads\/200817_Berlin-Meldung-web.jpg\",\"width\":2236,\"height\":1586,\"caption\":\"SHA Scheffler Helbich Architekten in Berlin\"},{\"@type\":\"BreadcrumbList\",\"@id\":\"https:\/\/sha-luzern.ch\/pl\/news\/sha-scheffler-helbich-architects-w-berlinie#breadcrumb\",\"itemListElement\":[{\"@type\":\"ListItem\",\"position\":1,\"name\":\"Startseite\",\"item\":\"https:\/\/sha-luzern.ch\/pl\/strona-glowna\"},{\"@type\":\"ListItem\",\"position\":2,\"name\":\"SHA Scheffler Helbich Architects w Berlinie\"}]},{\"@type\":\"WebSite\",\"@id\":\"https:\/\/sha-luzern.ch\/pl#website\",\"url\":\"https:\/\/sha-luzern.ch\/pl\",\"name\":\"SHA Scheffler Helbich Architekten GmbH\",\"description\":\"\",\"potentialAction\":[{\"@type\":\"SearchAction\",\"target\":{\"@type\":\"EntryPoint\",\"urlTemplate\":\"https:\/\/sha-luzern.ch\/pl?s={search_term_string}\"},\"query-input\":{\"@type\":\"PropertyValueSpecification\",\"valueRequired\":true,\"valueName\":\"search_term_string\"}}],\"inLanguage\":\"pl-PL\"},{\"@type\":\"Person\",\"@id\":\"https:\/\/sha-luzern.ch\/pl#\/schema\/person\/e68d44538591ce8617e273ae50cb9fb3\",\"name\":\"Judith Weitzel\",\"image\":{\"@type\":\"ImageObject\",\"inLanguage\":\"pl-PL\",\"@id\":\"https:\/\/sha-luzern.ch\/pl#\/schema\/person\/image\/\",\"url\":\"https:\/\/secure.gravatar.com\/avatar\/7c6bf497a9b76cc4943bd4d7716e797cafb90c96046233c36845e4654eed5e01?s=96&d=mm&r=g\",\"contentUrl\":\"https:\/\/secure.gravatar.com\/avatar\/7c6bf497a9b76cc4943bd4d7716e797cafb90c96046233c36845e4654eed5e01?s=96&d=mm&r=g\",\"caption\":\"Judith Weitzel\"}}]}<\/script>\n<!-- \/ Yoast SEO plugin. -->","yoast_head_json":{"title":"Pa\u0144stwa biuro projektowe w Berlinie - SHA Scheffler Helbich Architekten","description":"Aby rozszerzy\u0107 nasz\u0105 siedzib\u0119 g\u0142\u00f3wn\u0105 w Dortmundzie, od 2019 roku SHA ma biuro planowania w samym sercu stolicy Berlina.","robots":{"index":"index","follow":"follow","max-snippet":"max-snippet:-1","max-image-preview":"max-image-preview:large","max-video-preview":"max-video-preview:-1"},"canonical":"https:\/\/sha-luzern.ch\/pl\/news\/sha-scheffler-helbich-architects-w-berlinie","og_locale":"pl_PL","og_type":"article","og_title":"Pa\u0144stwa biuro projektowe w Berlinie - SHA Scheffler Helbich Architekten","og_description":"Aby rozszerzy\u0107 nasz\u0105 siedzib\u0119 g\u0142\u00f3wn\u0105 w Dortmundzie, od 2019 roku SHA ma biuro planowania w samym sercu stolicy Berlina.","og_url":"https:\/\/sha-luzern.ch\/pl\/news\/sha-scheffler-helbich-architects-w-berlinie","og_site_name":"SHA Scheffler Helbich Architekten GmbH","article_published_time":"2021-02-10T10:21:33+00:00","article_modified_time":"2024-09-23T14:55:40+00:00","og_image":[{"width":2236,"height":1586,"url":"https:\/\/sha-luzern.ch\/wp-content\/uploads\/200817_Berlin-Meldung-web.jpg","type":"image\/jpeg"}],"author":"Judith Weitzel","twitter_card":"summary_large_image","twitter_misc":{"Napisane przez":"Judith Weitzel","Szacowany czas czytania":"9 minut"},"schema":{"@context":"https:\/\/schema.org","@graph":[{"@type":"WebPage","@id":"https:\/\/sha-luzern.ch\/pl\/news\/sha-scheffler-helbich-architects-w-berlinie","url":"https:\/\/sha-luzern.ch\/pl\/news\/sha-scheffler-helbich-architects-w-berlinie","name":"Pa\u0144stwa biuro projektowe w Berlinie - SHA Scheffler Helbich Architekten","isPartOf":{"@id":"https:\/\/sha-luzern.ch\/pl#website"},"primaryImageOfPage":{"@id":"https:\/\/sha-luzern.ch\/pl\/news\/sha-scheffler-helbich-architects-w-berlinie#primaryimage"},"image":{"@id":"https:\/\/sha-luzern.ch\/pl\/news\/sha-scheffler-helbich-architects-w-berlinie#primaryimage"},"thumbnailUrl":"https:\/\/sha-luzern.ch\/wp-content\/uploads\/200817_Berlin-Meldung-web.jpg","datePublished":"2021-02-10T10:21:33+00:00","dateModified":"2024-09-23T14:55:40+00:00","author":{"@id":"https:\/\/sha-luzern.ch\/pl#\/schema\/person\/e68d44538591ce8617e273ae50cb9fb3"},"description":"Aby rozszerzy\u0107 nasz\u0105 siedzib\u0119 g\u0142\u00f3wn\u0105 w Dortmundzie, od 2019 roku SHA ma biuro planowania w samym sercu stolicy Berlina.","breadcrumb":{"@id":"https:\/\/sha-luzern.ch\/pl\/news\/sha-scheffler-helbich-architects-w-berlinie#breadcrumb"},"inLanguage":"pl-PL","potentialAction":[{"@type":"ReadAction","target":["https:\/\/sha-luzern.ch\/pl\/news\/sha-scheffler-helbich-architects-w-berlinie"]}]},{"@type":"ImageObject","inLanguage":"pl-PL","@id":"https:\/\/sha-luzern.ch\/pl\/news\/sha-scheffler-helbich-architects-w-berlinie#primaryimage","url":"https:\/\/sha-luzern.ch\/wp-content\/uploads\/200817_Berlin-Meldung-web.jpg","contentUrl":"https:\/\/sha-luzern.ch\/wp-content\/uploads\/200817_Berlin-Meldung-web.jpg","width":2236,"height":1586,"caption":"SHA Scheffler Helbich Architekten in Berlin"},{"@type":"BreadcrumbList","@id":"https:\/\/sha-luzern.ch\/pl\/news\/sha-scheffler-helbich-architects-w-berlinie#breadcrumb","itemListElement":[{"@type":"ListItem","position":1,"name":"Startseite","item":"https:\/\/sha-luzern.ch\/pl\/strona-glowna"},{"@type":"ListItem","position":2,"name":"SHA Scheffler Helbich Architects w Berlinie"}]},{"@type":"WebSite","@id":"https:\/\/sha-luzern.ch\/pl#website","url":"https:\/\/sha-luzern.ch\/pl","name":"SHA Scheffler Helbich Architekten GmbH","description":"","potentialAction":[{"@type":"SearchAction","target":{"@type":"EntryPoint","urlTemplate":"https:\/\/sha-luzern.ch\/pl?s={search_term_string}"},"query-input":{"@type":"PropertyValueSpecification","valueRequired":true,"valueName":"search_term_string"}}],"inLanguage":"pl-PL"},{"@type":"Person","@id":"https:\/\/sha-luzern.ch\/pl#\/schema\/person\/e68d44538591ce8617e273ae50cb9fb3","name":"Judith Weitzel","image":{"@type":"ImageObject","inLanguage":"pl-PL","@id":"https:\/\/sha-luzern.ch\/pl#\/schema\/person\/image\/","url":"https:\/\/secure.gravatar.com\/avatar\/7c6bf497a9b76cc4943bd4d7716e797cafb90c96046233c36845e4654eed5e01?s=96&d=mm&r=g","contentUrl":"https:\/\/secure.gravatar.com\/avatar\/7c6bf497a9b76cc4943bd4d7716e797cafb90c96046233c36845e4654eed5e01?s=96&d=mm&r=g","caption":"Judith Weitzel"}}]}},"_links":{"self":[{"href":"https:\/\/sha-luzern.ch\/pl\/wp-json\/wp\/v2\/posts\/34380","targetHints":{"allow":["GET"]}}],"collection":[{"href":"https:\/\/sha-luzern.ch\/pl\/wp-json\/wp\/v2\/posts"}],"about":[{"href":"https:\/\/sha-luzern.ch\/pl\/wp-json\/wp\/v2\/types\/post"}],"author":[{"embeddable":true,"href":"https:\/\/sha-luzern.ch\/pl\/wp-json\/wp\/v2\/users\/2"}],"replies":[{"embeddable":true,"href":"https:\/\/sha-luzern.ch\/pl\/wp-json\/wp\/v2\/comments?post=34380"}],"version-history":[{"count":25,"href":"https:\/\/sha-luzern.ch\/pl\/wp-json\/wp\/v2\/posts\/34380\/revisions"}],"predecessor-version":[{"id":48191,"href":"https:\/\/sha-luzern.ch\/pl\/wp-json\/wp\/v2\/posts\/34380\/revisions\/48191"}],"wp:featuredmedia":[{"embeddable":true,"href":"https:\/\/sha-luzern.ch\/pl\/wp-json\/wp\/v2\/media\/23076"}],"wp:attachment":[{"href":"https:\/\/sha-luzern.ch\/pl\/wp-json\/wp\/v2\/media?parent=34380"}],"wp:term":[{"taxonomy":"category","embeddable":true,"href":"https:\/\/sha-luzern.ch\/pl\/wp-json\/wp\/v2\/categories?post=34380"},{"taxonomy":"post_tag","embeddable":true,"href":"https:\/\/sha-luzern.ch\/pl\/wp-json\/wp\/v2\/tags?post=34380"}],"curies":[{"name":"wp","href":"https:\/\/api.w.org\/{rel}","templated":true}]}}