{"id":34574,"date":"2021-04-29T15:40:36","date_gmt":"2021-04-29T13:40:36","guid":{"rendered":"https:\/\/sha.de\/aktuelles\/hagebau-logistik-ceremonia-wmurowania-kamienia-wegielnego-pod-nowe-magazyny"},"modified":"2024-09-23T16:56:22","modified_gmt":"2024-09-23T14:56:22","slug":"hagebau-logistik-ceremonia-wmurowania-kamienia-wegielnego-pod-nowe-magazyny","status":"publish","type":"post","link":"https:\/\/sha-luzern.ch\/pl\/news\/hagebau-logistik-ceremonia-wmurowania-kamienia-wegielnego-pod-nowe-magazyny","title":{"rendered":"hagebau Logistik: Ceremonia wmurowania kamienia w\u0119gielnego pod nowe magazyny"},"content":{"rendered":"<div id='av_section_1' class='avia-section main_color pt-default pb-default avia-no-border-styling avia-bg-style-scroll  avia-builder-el-0  avia-builder-el-no-sibling   container_wrap fullsize' style=' '  ><div class='container' ><main  role=\"main\" itemprop=\"mainContentOfPage\"  class='template-page content  av-content-full alpha units'><div class='post-entry post-entry-type-page post-entry-34574'><div class='entry-content-wrapper clearfix'>\n\n\t\t\t<div id=\"av-k1hoeuzj\" class=\"headline-column flex_column av_one_full flex_column_div first \">\n\t\t\t\t<div class=\"headline-wrap is-outside align-left sub-bottom\">\n\t\t\t\t\t<h1 class=\"headline-content headline-primary\">hagebau Logistik: Ceremonia wmurowania kamienia w\u0119gielnego pod nowe magazyny<\/h1>\n\t\t\t\t\t<h3 class=\"headline-content headline-secondary\">Odbudowa po po\u017carze w Herten<\/h3>\n\t\t\t\t<\/div>\n\t\t\t<\/div>\n<div class=\"flex_column av_one_third  flex_column_div av-zero-column-padding first bg-default      avia-builder-el-2  el_after_pixel_sc_headline  el_before_av_one_third  \"><section  class='av_textblock_section av-k5pfdfmq-75eeeeace81604f9741c5e0bb23a16ef '   itemscope=\"itemscope\" itemtype=\"https:\/\/schema.org\/BlogPosting\" itemprop=\"blogPost\" ><div class='avia_textblock'  itemprop=\"text\" ><div id=\"js_4uv\" class=\"_5pbx userContent _3576\" data-testid=\"post_message\" data-ft=\"{\">\n<p>Min\u0105\u0142 ponad rok od powa\u017cnego po\u017caru w zak\u0142adzie logistycznym hagebau w strefie przemys\u0142owej Herten-S\u00fcd. Sp\u0142on\u0119\u0142y w\u00f3wczas du\u017ce magazyny, a ca\u0142a akcja ga\u015bnicza trwa\u0142a cztery dni. Po miesi\u0105cach prac porz\u0105dkowych i nowego <a href=\"https:\/\/sha-luzern.ch\/pl\/uslugi\/planowanie-i-koordynacja\">planowania<\/a> przez SHA Scheffler Helbich Architekten GmbH, przebudowa trzech hal mo\u017ce si\u0119 teraz rozpocz\u0105\u0107. Symboliczna ceremonia wmurowania kamienia w\u0119gielnego odby\u0142a si\u0119 w tym tygodniu.<\/p>\n<p>&#8222;Po po\u017carze wa\u017cne by\u0142o, aby szybko opracowa\u0107 now\u0105 koncepcj\u0119&#8221; &#8211; m\u00f3wi Christoph Helbich, partner zarz\u0105dzaj\u0105cy SHA. Nasze biuro architektoniczne dzia\u0142a teraz jako firma zajmuj\u0105ca si\u0119 usuwaniem skutk\u00f3w po\u017car\u00f3w i ponownie zoptymalizowa\u0142o wszystko pod wzgl\u0119dem logistycznym; obecnie istniej\u0105 trzy strefy po\u017carowe. Nowe magazyny zajmuj\u0105 powierzchni\u0119 13 500 metr\u00f3w kwadratowych. To wi\u0119cej ni\u017c wcze\u015bniej. Hale w Herten s\u0105 wykorzystywane mi\u0119dzy innymi do przechowywania <span style=\"text-decoration: underline;\"><a href=\"https:\/\/sha-luzern.ch\/pl\/biuro-architektoniczne-sklep-budowlany-i-handel-materialami-budowlanymi\">materia\u0142\u00f3w budowlanych<\/a><\/span>.<\/p>\n<\/div>\n<\/div><\/section><\/div><div class=\"flex_column av_one_third  flex_column_div av-zero-column-padding        avia-builder-el-4  el_after_av_one_third  el_before_av_one_third  \"><section  class='av_textblock_section av-10u9i-2145f984be230f5ffabcafbaea6790df '   itemscope=\"itemscope\" itemtype=\"https:\/\/schema.org\/BlogPosting\" itemprop=\"blogPost\" ><div class='avia_textblock'  itemprop=\"text\" ><p>Br\u00fcninghoff jest generalnym wykonawc\u0105 odpowiedzialnym za nowy budynek. Prace ziemne rozpoczn\u0105 si\u0119 natychmiast i zostan\u0105 u\u0142o\u017cone puste przewody elektryczne i przeciwpo\u017carowe. Nast\u0119pnie wylewane s\u0105 fundamenty. Magazyn sk\u0142adaj\u0105cy si\u0119 z trzech hal zostanie nast\u0119pnie zbudowany przy u\u017cyciu \u017celbetowej konstrukcji szkieletowej. Nast\u0119pnie rozpoczn\u0105 si\u0119 prace dachowe i panele \u015bcienne. Cel: zako\u0144czenie prac p\u00f3\u017an\u0105 jesieni\u0105. Jednak\u017ce, pracownicy Hagebau w Herten mog\u0105 ju\u017c powr\u00f3ci\u0107 do pracy przy ni\u017cszym wykorzystaniu mocy produkcyjnych.<\/p>\n<p>Magazyn materia\u0142\u00f3w budowlanych w Herten jest jedn\u0105 z pi\u0119ciu lokalizacji logistycznych Grupy hagebau. St\u0105d obs\u0142ugiwane s\u0105 punkty dostaw w Niemczech, Austrii i Luksemburgu, a przep\u0142yw towar\u00f3w jest kontrolowany centralnie. Zapewnia to wysok\u0105 dost\u0119pno\u015b\u0107 produkt\u00f3w i kr\u00f3tkie terminy dostaw.<\/p>\n<\/div><\/section><\/div><div class=\"flex_column av_one_third  flex_column_div av-zero-column-padding        avia-builder-el-6  el_after_av_one_third  el_before_av_one_full  \"><div class=\"call-to-action  no-grow  has-button ci-black hover-white bg-grey  align-left \"><div class=\"call-to-action__inner\"><div class=\"call-to-action__text\"><span class=\"call-to-action__primary\">Gracz zespo\u0142owy  <br \/>poszukiwany.<\/span><span class=\"call-to-action__secondary\">Maj\u0105 Pa\u0144stwo ochot\u0119 wzi\u0105\u0107 w tym udzia\u0142?  <br \/>Prosz\u0119 sta\u0107 si\u0119 cz\u0119\u015bci\u0105 SHA!<\/span><\/div><div class=\"call-to-action__button\"><div class=\"avia-button-wrap theme-fill avia-button-left\"><a href=\"https:\/\/sha-luzern.ch\/karriere\/stellenangebote\" class=\"avia-button color-ci-black hover-white avia-icon_select-no avia-size-medium\"><span>Prosz\u0119 dowiedzie\u0107 si\u0119 wi\u0119cej<\/span><\/a><\/div><\/div><\/div><\/div><\/div><div class=\"flex_column av_one_full  flex_column_div av-zero-column-padding first       avia-builder-el-8  el_after_av_one_third  avia-builder-el-last  column-top-margin\"><div class=\"slickgallery no-nav\">\n\t<div class=\"pixel-slide-wrap\">\n\t\t<div class=\"pixel-slide\" style=\"display: block; width: 100%; float: left;\">\n\t\t\t\t\n\t\t\t\t\t\t\t\t\t\t\t\t\t\n\t\t\t\t\t<div class=\"pixel-slide__image-wrap slide-1\">\n\t\t\t\t\t\t\t<div class=\"pixel-slide__image \"><a href=\"https:\/\/sha-luzern.ch\/wp-content\/uploads\/IMG_9702web-1133x850.jpg\" rel=\"lightbox\"><img decoding=\"async\" src=\"https:\/\/sha-luzern.ch\/wp-content\/uploads\/IMG_9702web-706x368.jpg\" alt=\"Spatenstich April 2021\" title=\"Spatenstich April 2021\"><\/a><\/div>\n\t\t\t\t\t<\/div>\n\t\t\t\t\n\t\t\t\t\t\t\t\t\t\t\t\t\t\n\t\t\t\t\t<div class=\"pixel-slide__image-wrap slide-2\">\n\t\t\t\t\t\t\t<div class=\"pixel-slide__image \"><a href=\"https:\/\/sha-luzern.ch\/wp-content\/uploads\/CE655-990-1269x850.jpg\" rel=\"lightbox\"><img decoding=\"async\" src=\"https:\/\/sha-luzern.ch\/wp-content\/uploads\/CE655-990-706x368.jpg\" alt=\"PhoenixWerk Dortmund SHA Scheffler Helbich Architekten\" title=\"PhoenixWerk Dortmund SHA Scheffler Helbich Architekten\"><\/a><\/div>\n\t\t\t\t\t<\/div>\n\t\t\t\t\n\t\t\t\t\t\t\t\t\t\t\t\t\t\n\t\t\t\t\t<div class=\"pixel-slide__image-wrap slide-3\">\n\t\t\t\t\t\t\t<div class=\"pixel-slide__image \"><a href=\"https:\/\/sha-luzern.ch\/wp-content\/uploads\/IMG_9701web-1133x850.jpg\" rel=\"lightbox\"><img decoding=\"async\" src=\"https:\/\/sha-luzern.ch\/wp-content\/uploads\/IMG_9701web-706x368.jpg\" alt=\"IMG 9701web\" title=\"IMG 9701web\"><\/a><\/div>\n\t\t\t\t\t<\/div>\n\t\t\t\t\t\t<\/div>\n\t<\/div>\n<\/div><\/div>\n","protected":false},"excerpt":{"rendered":"<p>Min\u0105\u0142 ponad rok od powa\u017cnego po\u017caru w zak\u0142adzie logistycznym hagebau w strefie przemys\u0142owej Herten-S\u00fcd. W nast\u0119pstwie nowych plan\u00f3w opracowanych przez SHA Scheffler Helbich Architekten GmbH, przebudowa trzech magazyn\u00f3w mo\u017ce si\u0119 teraz rozpocz\u0105\u0107. Symboliczna ceremonia wmurowania kamienia w\u0119gielnego odby\u0142a si\u0119 w tym tygodniu.<\/p>\n","protected":false},"author":2,"featured_media":24522,"comment_status":"closed","ping_status":"closed","sticky":false,"template":"","format":"standard","meta":{"_acf_changed":false,"content-type":"","footnotes":""},"categories":[859,864],"tags":[1181,1182,1253,1405,1406,1407,1408],"class_list":["post-34574","post","type-post","status-publish","format-standard","has-post-thumbnail","hentry","category-sklep-dla-majsterkowiczow-i-handel-materialami-budowlanymi","category-przemysl-i-handel","tag-centra-logistyczne","tag-logistyka","tag-ceremonia-wmurowania-kamienia-wegielnego","tag-hala-materialow-budowlanych","tag-magazyny","tag-herten-pl","tag-hagebau-pl"],"acf":[],"yoast_head":"<!-- This site is optimized with the Yoast SEO plugin v26.1.1 - https:\/\/yoast.com\/wordpress\/plugins\/seo\/ -->\n<title>hagebau Logistik: Ceremonia wmurowania kamienia w\u0119gielnego pod nowe magazyny<\/title>\n<meta name=\"description\" content=\"Min\u0105\u0142 ponad rok od powa\u017cnego po\u017caru w zak\u0142adzie logistycznym hagebau w Herten-S\u00fcd. Zgodnie z nowym planem opracowanym przez firm\u0119 SHA Scheffler Helbich Architekten GmbH, rozpocz\u0119\u0142a si\u0119 przebudowa trzech hal.\" \/>\n<meta name=\"robots\" content=\"index, follow, max-snippet:-1, max-image-preview:large, max-video-preview:-1\" \/>\n<link rel=\"canonical\" href=\"https:\/\/sha-luzern.ch\/pl\/news\/hagebau-logistik-ceremonia-wmurowania-kamienia-wegielnego-pod-nowe-magazyny\" \/>\n<meta property=\"og:locale\" content=\"pl_PL\" \/>\n<meta property=\"og:type\" content=\"article\" \/>\n<meta property=\"og:title\" content=\"hagebau Logistik: Ceremonia wmurowania kamienia w\u0119gielnego pod nowe magazyny\" \/>\n<meta property=\"og:description\" content=\"Min\u0105\u0142 ponad rok od powa\u017cnego po\u017caru w zak\u0142adzie logistycznym hagebau w Herten-S\u00fcd. Zgodnie z nowym planem opracowanym przez firm\u0119 SHA Scheffler Helbich Architekten GmbH, rozpocz\u0119\u0142a si\u0119 przebudowa trzech hal.\" \/>\n<meta property=\"og:url\" content=\"https:\/\/sha-luzern.ch\/pl\/news\/hagebau-logistik-ceremonia-wmurowania-kamienia-wegielnego-pod-nowe-magazyny\" \/>\n<meta property=\"og:site_name\" content=\"SHA Scheffler Helbich Architekten GmbH\" \/>\n<meta property=\"article:published_time\" content=\"2021-04-29T13:40:36+00:00\" \/>\n<meta property=\"article:modified_time\" content=\"2024-09-23T14:56:22+00:00\" \/>\n<meta property=\"og:image\" content=\"https:\/\/sha-luzern.ch\/wp-content\/uploads\/IMG_9702web.jpg\" \/>\n\t<meta property=\"og:image:width\" content=\"2000\" \/>\n\t<meta property=\"og:image:height\" content=\"1500\" \/>\n\t<meta property=\"og:image:type\" content=\"image\/jpeg\" \/>\n<meta name=\"author\" content=\"Judith Weitzel\" \/>\n<meta name=\"twitter:card\" content=\"summary_large_image\" \/>\n<meta name=\"twitter:label1\" content=\"Napisane przez\" \/>\n\t<meta name=\"twitter:data1\" content=\"Judith Weitzel\" \/>\n\t<meta name=\"twitter:label2\" content=\"Szacowany czas czytania\" \/>\n\t<meta name=\"twitter:data2\" content=\"6 minut\" \/>\n<script type=\"application\/ld+json\" class=\"yoast-schema-graph\">{\"@context\":\"https:\/\/schema.org\",\"@graph\":[{\"@type\":\"WebPage\",\"@id\":\"https:\/\/sha-luzern.ch\/pl\/news\/hagebau-logistik-ceremonia-wmurowania-kamienia-wegielnego-pod-nowe-magazyny\",\"url\":\"https:\/\/sha-luzern.ch\/pl\/news\/hagebau-logistik-ceremonia-wmurowania-kamienia-wegielnego-pod-nowe-magazyny\",\"name\":\"hagebau Logistik: Ceremonia wmurowania kamienia w\u0119gielnego pod nowe magazyny\",\"isPartOf\":{\"@id\":\"https:\/\/sha-luzern.ch\/pl#website\"},\"primaryImageOfPage\":{\"@id\":\"https:\/\/sha-luzern.ch\/pl\/news\/hagebau-logistik-ceremonia-wmurowania-kamienia-wegielnego-pod-nowe-magazyny#primaryimage\"},\"image\":{\"@id\":\"https:\/\/sha-luzern.ch\/pl\/news\/hagebau-logistik-ceremonia-wmurowania-kamienia-wegielnego-pod-nowe-magazyny#primaryimage\"},\"thumbnailUrl\":\"https:\/\/sha-luzern.ch\/wp-content\/uploads\/IMG_9702web.jpg\",\"datePublished\":\"2021-04-29T13:40:36+00:00\",\"dateModified\":\"2024-09-23T14:56:22+00:00\",\"author\":{\"@id\":\"https:\/\/sha-luzern.ch\/pl#\/schema\/person\/e68d44538591ce8617e273ae50cb9fb3\"},\"description\":\"Min\u0105\u0142 ponad rok od powa\u017cnego po\u017caru w zak\u0142adzie logistycznym hagebau w Herten-S\u00fcd. Zgodnie z nowym planem opracowanym przez firm\u0119 SHA Scheffler Helbich Architekten GmbH, rozpocz\u0119\u0142a si\u0119 przebudowa trzech hal.\",\"breadcrumb\":{\"@id\":\"https:\/\/sha-luzern.ch\/pl\/news\/hagebau-logistik-ceremonia-wmurowania-kamienia-wegielnego-pod-nowe-magazyny#breadcrumb\"},\"inLanguage\":\"pl-PL\",\"potentialAction\":[{\"@type\":\"ReadAction\",\"target\":[\"https:\/\/sha-luzern.ch\/pl\/news\/hagebau-logistik-ceremonia-wmurowania-kamienia-wegielnego-pod-nowe-magazyny\"]}]},{\"@type\":\"ImageObject\",\"inLanguage\":\"pl-PL\",\"@id\":\"https:\/\/sha-luzern.ch\/pl\/news\/hagebau-logistik-ceremonia-wmurowania-kamienia-wegielnego-pod-nowe-magazyny#primaryimage\",\"url\":\"https:\/\/sha-luzern.ch\/wp-content\/uploads\/IMG_9702web.jpg\",\"contentUrl\":\"https:\/\/sha-luzern.ch\/wp-content\/uploads\/IMG_9702web.jpg\",\"width\":2000,\"height\":1500},{\"@type\":\"BreadcrumbList\",\"@id\":\"https:\/\/sha-luzern.ch\/pl\/news\/hagebau-logistik-ceremonia-wmurowania-kamienia-wegielnego-pod-nowe-magazyny#breadcrumb\",\"itemListElement\":[{\"@type\":\"ListItem\",\"position\":1,\"name\":\"Startseite\",\"item\":\"https:\/\/sha-luzern.ch\/pl\/strona-glowna\"},{\"@type\":\"ListItem\",\"position\":2,\"name\":\"hagebau Logistik: Ceremonia wmurowania kamienia w\u0119gielnego pod nowe magazyny\"}]},{\"@type\":\"WebSite\",\"@id\":\"https:\/\/sha-luzern.ch\/pl#website\",\"url\":\"https:\/\/sha-luzern.ch\/pl\",\"name\":\"SHA Scheffler Helbich Architekten GmbH\",\"description\":\"\",\"potentialAction\":[{\"@type\":\"SearchAction\",\"target\":{\"@type\":\"EntryPoint\",\"urlTemplate\":\"https:\/\/sha-luzern.ch\/pl?s={search_term_string}\"},\"query-input\":{\"@type\":\"PropertyValueSpecification\",\"valueRequired\":true,\"valueName\":\"search_term_string\"}}],\"inLanguage\":\"pl-PL\"},{\"@type\":\"Person\",\"@id\":\"https:\/\/sha-luzern.ch\/pl#\/schema\/person\/e68d44538591ce8617e273ae50cb9fb3\",\"name\":\"Judith Weitzel\",\"image\":{\"@type\":\"ImageObject\",\"inLanguage\":\"pl-PL\",\"@id\":\"https:\/\/sha-luzern.ch\/pl#\/schema\/person\/image\/\",\"url\":\"https:\/\/secure.gravatar.com\/avatar\/7c6bf497a9b76cc4943bd4d7716e797cafb90c96046233c36845e4654eed5e01?s=96&d=mm&r=g\",\"contentUrl\":\"https:\/\/secure.gravatar.com\/avatar\/7c6bf497a9b76cc4943bd4d7716e797cafb90c96046233c36845e4654eed5e01?s=96&d=mm&r=g\",\"caption\":\"Judith Weitzel\"}}]}<\/script>\n<!-- \/ Yoast SEO plugin. -->","yoast_head_json":{"title":"hagebau Logistik: Ceremonia wmurowania kamienia w\u0119gielnego pod nowe magazyny","description":"Min\u0105\u0142 ponad rok od powa\u017cnego po\u017caru w zak\u0142adzie logistycznym hagebau w Herten-S\u00fcd. Zgodnie z nowym planem opracowanym przez firm\u0119 SHA Scheffler Helbich Architekten GmbH, rozpocz\u0119\u0142a si\u0119 przebudowa trzech hal.","robots":{"index":"index","follow":"follow","max-snippet":"max-snippet:-1","max-image-preview":"max-image-preview:large","max-video-preview":"max-video-preview:-1"},"canonical":"https:\/\/sha-luzern.ch\/pl\/news\/hagebau-logistik-ceremonia-wmurowania-kamienia-wegielnego-pod-nowe-magazyny","og_locale":"pl_PL","og_type":"article","og_title":"hagebau Logistik: Ceremonia wmurowania kamienia w\u0119gielnego pod nowe magazyny","og_description":"Min\u0105\u0142 ponad rok od powa\u017cnego po\u017caru w zak\u0142adzie logistycznym hagebau w Herten-S\u00fcd. Zgodnie z nowym planem opracowanym przez firm\u0119 SHA Scheffler Helbich Architekten GmbH, rozpocz\u0119\u0142a si\u0119 przebudowa trzech hal.","og_url":"https:\/\/sha-luzern.ch\/pl\/news\/hagebau-logistik-ceremonia-wmurowania-kamienia-wegielnego-pod-nowe-magazyny","og_site_name":"SHA Scheffler Helbich Architekten GmbH","article_published_time":"2021-04-29T13:40:36+00:00","article_modified_time":"2024-09-23T14:56:22+00:00","og_image":[{"width":2000,"height":1500,"url":"https:\/\/sha-luzern.ch\/wp-content\/uploads\/IMG_9702web.jpg","type":"image\/jpeg"}],"author":"Judith Weitzel","twitter_card":"summary_large_image","twitter_misc":{"Napisane przez":"Judith Weitzel","Szacowany czas czytania":"6 minut"},"schema":{"@context":"https:\/\/schema.org","@graph":[{"@type":"WebPage","@id":"https:\/\/sha-luzern.ch\/pl\/news\/hagebau-logistik-ceremonia-wmurowania-kamienia-wegielnego-pod-nowe-magazyny","url":"https:\/\/sha-luzern.ch\/pl\/news\/hagebau-logistik-ceremonia-wmurowania-kamienia-wegielnego-pod-nowe-magazyny","name":"hagebau Logistik: Ceremonia wmurowania kamienia w\u0119gielnego pod nowe magazyny","isPartOf":{"@id":"https:\/\/sha-luzern.ch\/pl#website"},"primaryImageOfPage":{"@id":"https:\/\/sha-luzern.ch\/pl\/news\/hagebau-logistik-ceremonia-wmurowania-kamienia-wegielnego-pod-nowe-magazyny#primaryimage"},"image":{"@id":"https:\/\/sha-luzern.ch\/pl\/news\/hagebau-logistik-ceremonia-wmurowania-kamienia-wegielnego-pod-nowe-magazyny#primaryimage"},"thumbnailUrl":"https:\/\/sha-luzern.ch\/wp-content\/uploads\/IMG_9702web.jpg","datePublished":"2021-04-29T13:40:36+00:00","dateModified":"2024-09-23T14:56:22+00:00","author":{"@id":"https:\/\/sha-luzern.ch\/pl#\/schema\/person\/e68d44538591ce8617e273ae50cb9fb3"},"description":"Min\u0105\u0142 ponad rok od powa\u017cnego po\u017caru w zak\u0142adzie logistycznym hagebau w Herten-S\u00fcd. Zgodnie z nowym planem opracowanym przez firm\u0119 SHA Scheffler Helbich Architekten GmbH, rozpocz\u0119\u0142a si\u0119 przebudowa trzech hal.","breadcrumb":{"@id":"https:\/\/sha-luzern.ch\/pl\/news\/hagebau-logistik-ceremonia-wmurowania-kamienia-wegielnego-pod-nowe-magazyny#breadcrumb"},"inLanguage":"pl-PL","potentialAction":[{"@type":"ReadAction","target":["https:\/\/sha-luzern.ch\/pl\/news\/hagebau-logistik-ceremonia-wmurowania-kamienia-wegielnego-pod-nowe-magazyny"]}]},{"@type":"ImageObject","inLanguage":"pl-PL","@id":"https:\/\/sha-luzern.ch\/pl\/news\/hagebau-logistik-ceremonia-wmurowania-kamienia-wegielnego-pod-nowe-magazyny#primaryimage","url":"https:\/\/sha-luzern.ch\/wp-content\/uploads\/IMG_9702web.jpg","contentUrl":"https:\/\/sha-luzern.ch\/wp-content\/uploads\/IMG_9702web.jpg","width":2000,"height":1500},{"@type":"BreadcrumbList","@id":"https:\/\/sha-luzern.ch\/pl\/news\/hagebau-logistik-ceremonia-wmurowania-kamienia-wegielnego-pod-nowe-magazyny#breadcrumb","itemListElement":[{"@type":"ListItem","position":1,"name":"Startseite","item":"https:\/\/sha-luzern.ch\/pl\/strona-glowna"},{"@type":"ListItem","position":2,"name":"hagebau Logistik: Ceremonia wmurowania kamienia w\u0119gielnego pod nowe magazyny"}]},{"@type":"WebSite","@id":"https:\/\/sha-luzern.ch\/pl#website","url":"https:\/\/sha-luzern.ch\/pl","name":"SHA Scheffler Helbich Architekten GmbH","description":"","potentialAction":[{"@type":"SearchAction","target":{"@type":"EntryPoint","urlTemplate":"https:\/\/sha-luzern.ch\/pl?s={search_term_string}"},"query-input":{"@type":"PropertyValueSpecification","valueRequired":true,"valueName":"search_term_string"}}],"inLanguage":"pl-PL"},{"@type":"Person","@id":"https:\/\/sha-luzern.ch\/pl#\/schema\/person\/e68d44538591ce8617e273ae50cb9fb3","name":"Judith Weitzel","image":{"@type":"ImageObject","inLanguage":"pl-PL","@id":"https:\/\/sha-luzern.ch\/pl#\/schema\/person\/image\/","url":"https:\/\/secure.gravatar.com\/avatar\/7c6bf497a9b76cc4943bd4d7716e797cafb90c96046233c36845e4654eed5e01?s=96&d=mm&r=g","contentUrl":"https:\/\/secure.gravatar.com\/avatar\/7c6bf497a9b76cc4943bd4d7716e797cafb90c96046233c36845e4654eed5e01?s=96&d=mm&r=g","caption":"Judith Weitzel"}}]}},"_links":{"self":[{"href":"https:\/\/sha-luzern.ch\/pl\/wp-json\/wp\/v2\/posts\/34574","targetHints":{"allow":["GET"]}}],"collection":[{"href":"https:\/\/sha-luzern.ch\/pl\/wp-json\/wp\/v2\/posts"}],"about":[{"href":"https:\/\/sha-luzern.ch\/pl\/wp-json\/wp\/v2\/types\/post"}],"author":[{"embeddable":true,"href":"https:\/\/sha-luzern.ch\/pl\/wp-json\/wp\/v2\/users\/2"}],"replies":[{"embeddable":true,"href":"https:\/\/sha-luzern.ch\/pl\/wp-json\/wp\/v2\/comments?post=34574"}],"version-history":[{"count":10,"href":"https:\/\/sha-luzern.ch\/pl\/wp-json\/wp\/v2\/posts\/34574\/revisions"}],"predecessor-version":[{"id":48510,"href":"https:\/\/sha-luzern.ch\/pl\/wp-json\/wp\/v2\/posts\/34574\/revisions\/48510"}],"wp:featuredmedia":[{"embeddable":true,"href":"https:\/\/sha-luzern.ch\/pl\/wp-json\/wp\/v2\/media\/24522"}],"wp:attachment":[{"href":"https:\/\/sha-luzern.ch\/pl\/wp-json\/wp\/v2\/media?parent=34574"}],"wp:term":[{"taxonomy":"category","embeddable":true,"href":"https:\/\/sha-luzern.ch\/pl\/wp-json\/wp\/v2\/categories?post=34574"},{"taxonomy":"post_tag","embeddable":true,"href":"https:\/\/sha-luzern.ch\/pl\/wp-json\/wp\/v2\/tags?post=34574"}],"curies":[{"name":"wp","href":"https:\/\/api.w.org\/{rel}","templated":true}]}}