{"id":35160,"date":"2018-07-13T14:31:13","date_gmt":"2018-07-13T12:31:13","guid":{"rendered":"https:\/\/sha.de\/aktuelles\/sha-i-swiatowy-lider-rynku-murtfeldt-kunststoffe"},"modified":"2024-09-23T16:58:11","modified_gmt":"2024-09-23T14:58:11","slug":"sha-i-swiatowy-lider-rynku-murtfeldt-kunststoffe","status":"publish","type":"post","link":"https:\/\/sha-luzern.ch\/pl\/news\/sha-i-swiatowy-lider-rynku-murtfeldt-kunststoffe","title":{"rendered":"SHA i \u015bwiatowy lider rynku Murtfeldt Kunststoffe"},"content":{"rendered":"<div id='av_section_1' class='avia-section main_color pt-default pb-default avia-no-border-styling avia-bg-style-scroll  avia-builder-el-0  el_before_av_section  avia-builder-el-first   container_wrap fullsize' style=' '  ><div class='container' ><main  role=\"main\" itemprop=\"mainContentOfPage\"  class='template-page content  av-content-full alpha units'><div class='post-entry post-entry-type-page post-entry-35160'><div class='entry-content-wrapper clearfix'>\n\n\t\t\t<div id=\"av-k1hoeuzj\" class=\"headline-column flex_column av_one_full flex_column_div first \">\n\t\t\t\t<div class=\"headline-wrap is-outside align-left sub-bottom\">\n\t\t\t\t\t<h1 class=\"headline-content headline-primary\">SHA i \u015bwiatowy lider rynku Murtfeldt Kunststoffe<\/h1>\n\t\t\t\t\t<h3 class=\"headline-content headline-secondary\">Most mi\u0119dzy starym a nowym<\/h3>\n\t\t\t\t<\/div>\n\t\t\t<\/div>\n<div class=\"flex_column av_one_third  flex_column_div av-zero-column-padding first       avia-builder-el-2  el_after_pixel_sc_headline  el_before_av_one_third  \"><section  class='av_textblock_section av-k306azl0-76249be821e29472472ab122ccc0778f '   itemscope=\"itemscope\" itemtype=\"https:\/\/schema.org\/BlogPosting\" itemprop=\"blogPost\" ><div class='avia_textblock'  itemprop=\"text\" ><p>Produkty Murtfeldt s\u0105 stosowane wsz\u0119dzie tam, gdzie odbywa si\u0119 pakowanie, nape\u0142nianie i transport. Zwyci\u0119zca Dortmund Business Award 2015 jest jedn\u0105 z wiod\u0105cych na \u015bwiecie firm w dziedzinie elastycznych tworzyw sztucznych.<\/p>\n<p>Wsp\u00f3\u0142praca z SHA rozpocz\u0119\u0142a si\u0119 w 2007 roku od rozbudowy hali produkcyjnej, a nast\u0119pnie dobudowy pi\u0119tra i modernizacji budynku administracyjnego. Kiedy producent tworzyw sztucznych przej\u0105\u0142 s\u0105siedni\u0105 dawn\u0105 fabryk\u0119 czekolady Van Netten, dyrektor zarz\u0105dzaj\u0105cy Murtfeldt Detlev H\u00f6hner zleci\u0142 naszej firmie architektonicznej sporz\u0105dzenie planu generalnego w celu opracowania optymalnej d\u0142ugoterminowej struktury dla przysz\u0142ego wykorzystania 10,5-hektarowego terenu.<\/p>\n<\/div><\/section><\/div><div class=\"flex_column av_one_third  flex_column_div av-zero-column-padding  bg-default   img-left   avia-builder-el-4  el_after_av_one_third  el_before_av_one_third  \"><section  class='av_textblock_section av-k6m7vhwq-7a753cd848ba1c4af0af627373eec635 '   itemscope=\"itemscope\" itemtype=\"https:\/\/schema.org\/BlogPosting\" itemprop=\"blogPost\" ><div class='avia_textblock'  itemprop=\"text\" ><p>Pierwszym krokiem by\u0142o wybudowanie w 2013 roku nowego Zak\u0142adu II sp\u00f3\u0142ki zale\u017cnej Murdotec Kunststoffe zgodnie z naszymi planami.<\/p>\n<p>Cieszymy si\u0119 z ogromnego zaufania, jakim Detlev H\u00f6hner obdarza SHA we wszystkich sprawach. Na przyk\u0142ad pocz\u0105tkowo by\u0142 zaskoczony sugesti\u0105 zaprojektowania cz\u0119\u015bci nowej sto\u0142\u00f3wki w kolorze czarnym. Ale pozwoli\u0142 nam to zrobi\u0107, a rezultat przekona\u0142 wszystkich. &#8222;SHA wie, jak po\u0142\u0105czy\u0107 star\u0105 i now\u0105 architektur\u0119, aby stworzy\u0107 harmonijne dzie\u0142o&#8221; &#8211; m\u00f3wi.<\/p>\n<\/div><\/section><\/div><div class=\"flex_column av_one_third  flex_column_div av-zero-column-padding        avia-builder-el-6  el_after_av_one_third  avia-builder-el-last  \"><div class=\"quotebox  has-image bg-yellow  image-top\"><div class=\"quotebox__inner\"><div class=\"quotebox__media\"><img decoding=\"async\" src=\"https:\/\/sha-luzern.ch\/wp-content\/uploads\/Team_Steinhagen-706x368.jpg\" alt=\"Mirja Steinhagen\" \/><\/div><div class=\"quotebox__content\"><div class=\"quotebox__quote\"><span class=\"quotebox-text quotebox-quote\">\u00bbKiedy nasi klienci planuj\u0105 z nami ponownie i ponownie, jest to najlepsze potwierdzenie naszej pracy!\u00ab<\/span><\/div><div class=\"quotebox__info\"><span class=\"quotebox-text quotebox-name\">Mirja Steinhagen<\/span><span class=\"quotebox-text quotebox-desc\">Kierownik projektu i odpowiedzialny za planowanie w Murtfeldt Kunststoffe<\/span><\/div><\/div><\/div><\/div><\/div><\/div><\/div><\/main><!-- close content main element --><\/div><\/div><div id='av_section_2' class='avia-section main_color pt-default pb-default avia-no-border-styling avia-bg-style-scroll  avia-builder-el-8  el_after_av_section  avia-builder-el-last   container_wrap fullsize' style=' '  ><div class='container' ><div class='template-page content  av-content-full alpha units'><div class='post-entry post-entry-type-page post-entry-35160'><div class='entry-content-wrapper clearfix'>\n<div class=\"slickgallery no-nav\">\n\t<div class=\"pixel-slide-wrap\">\n\t\t<div class=\"pixel-slide\" style=\"display: block; width: 100%; float: left;\">\n\t\t\t\t\n\t\t\t\t\t\t\t\t\t\t\t\t\t\n\t\t\t\t\t<div class=\"pixel-slide__image-wrap slide-1\">\n\t\t\t\t\t\t\t<div class=\"pixel-slide__image \"><a href=\"https:\/\/sha-luzern.ch\/wp-content\/uploads\/Murtfeldt-CE-2-1.jpg\" rel=\"lightbox\"><img decoding=\"async\" src=\"https:\/\/sha-luzern.ch\/wp-content\/uploads\/Murtfeldt-CE-2-1-706x368.jpg\" alt=\"Scheffler Helbich Architekten Aufstockung B\u00fcro Murtfeldt, Dortmund\" title=\"Scheffler Helbich Architekten Aufstockung B\u00fcro Murtfeldt, Dortmund\"><\/a><\/div>\n\t\t\t\t\t<\/div>\n\t\t\t\t\n\t\t\t\t\t\t\t\t\t\t\t\t\t\n\t\t\t\t\t<div class=\"pixel-slide__image-wrap slide-2\">\n\t\t\t\t\t\t\t<div class=\"pixel-slide__image \"><a href=\"https:\/\/sha-luzern.ch\/wp-content\/uploads\/Murtfeldt-CE-8-1280x850.jpg\" rel=\"lightbox\"><img decoding=\"async\" src=\"https:\/\/sha-luzern.ch\/wp-content\/uploads\/Murtfeldt-CE-8-706x368.jpg\" alt=\"Scheffler Helbich Architekten Aufstockung B\u00fcro Murtfeldt, Dortmund\" title=\"Scheffler Helbich Architekten Aufstockung B\u00fcro Murtfeldt, Dortmund\"><\/a><\/div>\n\t\t\t\t\t<\/div>\n\t\t\t\t\n\t\t\t\t\t\t\t\t\t\t\t\t\t\n\t\t\t\t\t<div class=\"pixel-slide__image-wrap slide-3\">\n\t\t\t\t\t\t\t<div class=\"pixel-slide__image \"><a href=\"https:\/\/sha-luzern.ch\/wp-content\/uploads\/Murtfeldt-CE-5-1275x850.jpg\" rel=\"lightbox\"><img decoding=\"async\" src=\"https:\/\/sha-luzern.ch\/wp-content\/uploads\/Murtfeldt-CE-5-706x368.jpg\" alt=\"Scheffler Helbich Architekten Aufstockung B\u00fcro Murtfeldt, Dortmund\" title=\"Scheffler Helbich Architekten Aufstockung B\u00fcro Murtfeldt, Dortmund\"><\/a><\/div>\n\t\t\t\t\t<\/div>\n\t\t\t\t\t\t<\/div>\n\t<\/div>\n<\/div>\n\n<\/p>\n","protected":false},"excerpt":{"rendered":"<p>Produkty Murtfeldt s\u0105 stosowane wsz\u0119dzie tam, gdzie odbywa si\u0119 pakowanie, nape\u0142nianie i transport. Murtfeldt jest jedn\u0105 z wiod\u0105cych na \u015bwiecie firm w dziedzinie przesuwnych tworzyw sztucznych. Wsp\u00f3\u0142praca z SHA rozpocz\u0119\u0142a si\u0119 w 2007 roku od rozbudowy hali produkcyjnej.  <\/p>\n","protected":false},"author":2,"featured_media":19872,"comment_status":"closed","ping_status":"closed","sticky":false,"template":"","format":"standard","meta":{"_acf_changed":false,"content-type":"","footnotes":""},"categories":[862,871,873],"tags":[1058,1110],"class_list":["post-35160","post","type-post","status-publish","format-standard","has-post-thumbnail","hentry","category-dortmund-pl","category-nasze-uslugi","category-administracja","tag-dortmund-pl","tag-budynek-administracyjny"],"acf":[],"yoast_head":"<!-- This site is optimized with the Yoast SEO plugin v26.1.1 - https:\/\/yoast.com\/wordpress\/plugins\/seo\/ -->\n<title>SHA i \u015bwiatowy lider rynku Murtfeldt Kunststoffe - SHA Scheffler Helbich Architekten GmbH<\/title>\n<meta name=\"robots\" content=\"index, follow, max-snippet:-1, max-image-preview:large, max-video-preview:-1\" \/>\n<link rel=\"canonical\" href=\"https:\/\/sha-luzern.ch\/pl\/news\/sha-i-swiatowy-lider-rynku-murtfeldt-kunststoffe\" \/>\n<meta property=\"og:locale\" content=\"pl_PL\" \/>\n<meta property=\"og:type\" content=\"article\" \/>\n<meta property=\"og:title\" content=\"SHA i \u015bwiatowy lider rynku Murtfeldt Kunststoffe - SHA Scheffler Helbich Architekten GmbH\" \/>\n<meta property=\"og:description\" content=\"Produkty Murtfeldt s\u0105 stosowane wsz\u0119dzie tam, gdzie odbywa si\u0119 pakowanie, nape\u0142nianie i transport. Murtfeldt jest jedn\u0105 z wiod\u0105cych na \u015bwiecie firm w dziedzinie przesuwnych tworzyw sztucznych. Wsp\u00f3\u0142praca z SHA rozpocz\u0119\u0142a si\u0119 w 2007 roku od rozbudowy hali produkcyjnej.\" \/>\n<meta property=\"og:url\" content=\"https:\/\/sha-luzern.ch\/pl\/news\/sha-i-swiatowy-lider-rynku-murtfeldt-kunststoffe\" \/>\n<meta property=\"og:site_name\" content=\"SHA Scheffler Helbich Architekten GmbH\" \/>\n<meta property=\"article:published_time\" content=\"2018-07-13T12:31:13+00:00\" \/>\n<meta property=\"article:modified_time\" content=\"2024-09-23T14:58:11+00:00\" \/>\n<meta property=\"og:image\" content=\"https:\/\/sha-luzern.ch\/wp-content\/uploads\/Murtfeldt-CE-2-1.jpg\" \/>\n\t<meta property=\"og:image:width\" content=\"1034\" \/>\n\t<meta property=\"og:image:height\" content=\"690\" \/>\n\t<meta property=\"og:image:type\" content=\"image\/jpeg\" \/>\n<meta name=\"author\" content=\"Judith Weitzel\" \/>\n<meta name=\"twitter:card\" content=\"summary_large_image\" \/>\n<meta name=\"twitter:label1\" content=\"Napisane przez\" \/>\n\t<meta name=\"twitter:data1\" content=\"Judith Weitzel\" \/>\n\t<meta name=\"twitter:label2\" content=\"Szacowany czas czytania\" \/>\n\t<meta name=\"twitter:data2\" content=\"5 minut\" \/>\n<script type=\"application\/ld+json\" class=\"yoast-schema-graph\">{\"@context\":\"https:\/\/schema.org\",\"@graph\":[{\"@type\":\"WebPage\",\"@id\":\"https:\/\/sha-luzern.ch\/pl\/news\/sha-i-swiatowy-lider-rynku-murtfeldt-kunststoffe\",\"url\":\"https:\/\/sha-luzern.ch\/pl\/news\/sha-i-swiatowy-lider-rynku-murtfeldt-kunststoffe\",\"name\":\"SHA i \u015bwiatowy lider rynku Murtfeldt Kunststoffe - SHA Scheffler Helbich Architekten GmbH\",\"isPartOf\":{\"@id\":\"https:\/\/sha-luzern.ch\/pl#website\"},\"primaryImageOfPage\":{\"@id\":\"https:\/\/sha-luzern.ch\/pl\/news\/sha-i-swiatowy-lider-rynku-murtfeldt-kunststoffe#primaryimage\"},\"image\":{\"@id\":\"https:\/\/sha-luzern.ch\/pl\/news\/sha-i-swiatowy-lider-rynku-murtfeldt-kunststoffe#primaryimage\"},\"thumbnailUrl\":\"https:\/\/sha-luzern.ch\/wp-content\/uploads\/Murtfeldt-CE-2-1.jpg\",\"datePublished\":\"2018-07-13T12:31:13+00:00\",\"dateModified\":\"2024-09-23T14:58:11+00:00\",\"author\":{\"@id\":\"https:\/\/sha-luzern.ch\/pl#\/schema\/person\/e68d44538591ce8617e273ae50cb9fb3\"},\"breadcrumb\":{\"@id\":\"https:\/\/sha-luzern.ch\/pl\/news\/sha-i-swiatowy-lider-rynku-murtfeldt-kunststoffe#breadcrumb\"},\"inLanguage\":\"pl-PL\",\"potentialAction\":[{\"@type\":\"ReadAction\",\"target\":[\"https:\/\/sha-luzern.ch\/pl\/news\/sha-i-swiatowy-lider-rynku-murtfeldt-kunststoffe\"]}]},{\"@type\":\"ImageObject\",\"inLanguage\":\"pl-PL\",\"@id\":\"https:\/\/sha-luzern.ch\/pl\/news\/sha-i-swiatowy-lider-rynku-murtfeldt-kunststoffe#primaryimage\",\"url\":\"https:\/\/sha-luzern.ch\/wp-content\/uploads\/Murtfeldt-CE-2-1.jpg\",\"contentUrl\":\"https:\/\/sha-luzern.ch\/wp-content\/uploads\/Murtfeldt-CE-2-1.jpg\",\"width\":1034,\"height\":690,\"caption\":\"DEU, NRW; Dortmund; 24.05.2014 Aufstockung B\u00fcro Murtfeldt, Dortmund Architekt: SHA Scheffler Helbich Architekten, Dortmund. | sha-luzern.ch Fertigstellung: 2014, Bildtechnik: Digital \u00a9 Christian Eblenkamp\/artur architekturbilder agentur, Tel. +49 711 220 700 38, info@arturimages.com; Veroeffentlichung nur gegen Honorar, Urhebervermerk und Beleg \/ permission required for reproduction, mention of copyright, complimentary copy;\"},{\"@type\":\"BreadcrumbList\",\"@id\":\"https:\/\/sha-luzern.ch\/pl\/news\/sha-i-swiatowy-lider-rynku-murtfeldt-kunststoffe#breadcrumb\",\"itemListElement\":[{\"@type\":\"ListItem\",\"position\":1,\"name\":\"Startseite\",\"item\":\"https:\/\/sha-luzern.ch\/pl\/strona-glowna\"},{\"@type\":\"ListItem\",\"position\":2,\"name\":\"SHA i \u015bwiatowy lider rynku Murtfeldt Kunststoffe\"}]},{\"@type\":\"WebSite\",\"@id\":\"https:\/\/sha-luzern.ch\/pl#website\",\"url\":\"https:\/\/sha-luzern.ch\/pl\",\"name\":\"SHA Scheffler Helbich Architekten GmbH\",\"description\":\"\",\"potentialAction\":[{\"@type\":\"SearchAction\",\"target\":{\"@type\":\"EntryPoint\",\"urlTemplate\":\"https:\/\/sha-luzern.ch\/pl?s={search_term_string}\"},\"query-input\":{\"@type\":\"PropertyValueSpecification\",\"valueRequired\":true,\"valueName\":\"search_term_string\"}}],\"inLanguage\":\"pl-PL\"},{\"@type\":\"Person\",\"@id\":\"https:\/\/sha-luzern.ch\/pl#\/schema\/person\/e68d44538591ce8617e273ae50cb9fb3\",\"name\":\"Judith Weitzel\",\"image\":{\"@type\":\"ImageObject\",\"inLanguage\":\"pl-PL\",\"@id\":\"https:\/\/sha-luzern.ch\/pl#\/schema\/person\/image\/\",\"url\":\"https:\/\/secure.gravatar.com\/avatar\/7c6bf497a9b76cc4943bd4d7716e797cafb90c96046233c36845e4654eed5e01?s=96&d=mm&r=g\",\"contentUrl\":\"https:\/\/secure.gravatar.com\/avatar\/7c6bf497a9b76cc4943bd4d7716e797cafb90c96046233c36845e4654eed5e01?s=96&d=mm&r=g\",\"caption\":\"Judith Weitzel\"}}]}<\/script>\n<!-- \/ Yoast SEO plugin. -->","yoast_head_json":{"title":"SHA i \u015bwiatowy lider rynku Murtfeldt Kunststoffe - SHA Scheffler Helbich Architekten GmbH","robots":{"index":"index","follow":"follow","max-snippet":"max-snippet:-1","max-image-preview":"max-image-preview:large","max-video-preview":"max-video-preview:-1"},"canonical":"https:\/\/sha-luzern.ch\/pl\/news\/sha-i-swiatowy-lider-rynku-murtfeldt-kunststoffe","og_locale":"pl_PL","og_type":"article","og_title":"SHA i \u015bwiatowy lider rynku Murtfeldt Kunststoffe - SHA Scheffler Helbich Architekten GmbH","og_description":"Produkty Murtfeldt s\u0105 stosowane wsz\u0119dzie tam, gdzie odbywa si\u0119 pakowanie, nape\u0142nianie i transport. Murtfeldt jest jedn\u0105 z wiod\u0105cych na \u015bwiecie firm w dziedzinie przesuwnych tworzyw sztucznych. Wsp\u00f3\u0142praca z SHA rozpocz\u0119\u0142a si\u0119 w 2007 roku od rozbudowy hali produkcyjnej.","og_url":"https:\/\/sha-luzern.ch\/pl\/news\/sha-i-swiatowy-lider-rynku-murtfeldt-kunststoffe","og_site_name":"SHA Scheffler Helbich Architekten GmbH","article_published_time":"2018-07-13T12:31:13+00:00","article_modified_time":"2024-09-23T14:58:11+00:00","og_image":[{"width":1034,"height":690,"url":"https:\/\/sha-luzern.ch\/wp-content\/uploads\/Murtfeldt-CE-2-1.jpg","type":"image\/jpeg"}],"author":"Judith Weitzel","twitter_card":"summary_large_image","twitter_misc":{"Napisane przez":"Judith Weitzel","Szacowany czas czytania":"5 minut"},"schema":{"@context":"https:\/\/schema.org","@graph":[{"@type":"WebPage","@id":"https:\/\/sha-luzern.ch\/pl\/news\/sha-i-swiatowy-lider-rynku-murtfeldt-kunststoffe","url":"https:\/\/sha-luzern.ch\/pl\/news\/sha-i-swiatowy-lider-rynku-murtfeldt-kunststoffe","name":"SHA i \u015bwiatowy lider rynku Murtfeldt Kunststoffe - SHA Scheffler Helbich Architekten GmbH","isPartOf":{"@id":"https:\/\/sha-luzern.ch\/pl#website"},"primaryImageOfPage":{"@id":"https:\/\/sha-luzern.ch\/pl\/news\/sha-i-swiatowy-lider-rynku-murtfeldt-kunststoffe#primaryimage"},"image":{"@id":"https:\/\/sha-luzern.ch\/pl\/news\/sha-i-swiatowy-lider-rynku-murtfeldt-kunststoffe#primaryimage"},"thumbnailUrl":"https:\/\/sha-luzern.ch\/wp-content\/uploads\/Murtfeldt-CE-2-1.jpg","datePublished":"2018-07-13T12:31:13+00:00","dateModified":"2024-09-23T14:58:11+00:00","author":{"@id":"https:\/\/sha-luzern.ch\/pl#\/schema\/person\/e68d44538591ce8617e273ae50cb9fb3"},"breadcrumb":{"@id":"https:\/\/sha-luzern.ch\/pl\/news\/sha-i-swiatowy-lider-rynku-murtfeldt-kunststoffe#breadcrumb"},"inLanguage":"pl-PL","potentialAction":[{"@type":"ReadAction","target":["https:\/\/sha-luzern.ch\/pl\/news\/sha-i-swiatowy-lider-rynku-murtfeldt-kunststoffe"]}]},{"@type":"ImageObject","inLanguage":"pl-PL","@id":"https:\/\/sha-luzern.ch\/pl\/news\/sha-i-swiatowy-lider-rynku-murtfeldt-kunststoffe#primaryimage","url":"https:\/\/sha-luzern.ch\/wp-content\/uploads\/Murtfeldt-CE-2-1.jpg","contentUrl":"https:\/\/sha-luzern.ch\/wp-content\/uploads\/Murtfeldt-CE-2-1.jpg","width":1034,"height":690,"caption":"DEU, NRW; Dortmund; 24.05.2014 Aufstockung B\u00fcro Murtfeldt, Dortmund Architekt: SHA Scheffler Helbich Architekten, Dortmund. | sha-luzern.ch Fertigstellung: 2014, Bildtechnik: Digital \u00a9 Christian Eblenkamp\/artur architekturbilder agentur, Tel. +49 711 220 700 38, info@arturimages.com; Veroeffentlichung nur gegen Honorar, Urhebervermerk und Beleg \/ permission required for reproduction, mention of copyright, complimentary copy;"},{"@type":"BreadcrumbList","@id":"https:\/\/sha-luzern.ch\/pl\/news\/sha-i-swiatowy-lider-rynku-murtfeldt-kunststoffe#breadcrumb","itemListElement":[{"@type":"ListItem","position":1,"name":"Startseite","item":"https:\/\/sha-luzern.ch\/pl\/strona-glowna"},{"@type":"ListItem","position":2,"name":"SHA i \u015bwiatowy lider rynku Murtfeldt Kunststoffe"}]},{"@type":"WebSite","@id":"https:\/\/sha-luzern.ch\/pl#website","url":"https:\/\/sha-luzern.ch\/pl","name":"SHA Scheffler Helbich Architekten GmbH","description":"","potentialAction":[{"@type":"SearchAction","target":{"@type":"EntryPoint","urlTemplate":"https:\/\/sha-luzern.ch\/pl?s={search_term_string}"},"query-input":{"@type":"PropertyValueSpecification","valueRequired":true,"valueName":"search_term_string"}}],"inLanguage":"pl-PL"},{"@type":"Person","@id":"https:\/\/sha-luzern.ch\/pl#\/schema\/person\/e68d44538591ce8617e273ae50cb9fb3","name":"Judith Weitzel","image":{"@type":"ImageObject","inLanguage":"pl-PL","@id":"https:\/\/sha-luzern.ch\/pl#\/schema\/person\/image\/","url":"https:\/\/secure.gravatar.com\/avatar\/7c6bf497a9b76cc4943bd4d7716e797cafb90c96046233c36845e4654eed5e01?s=96&d=mm&r=g","contentUrl":"https:\/\/secure.gravatar.com\/avatar\/7c6bf497a9b76cc4943bd4d7716e797cafb90c96046233c36845e4654eed5e01?s=96&d=mm&r=g","caption":"Judith Weitzel"}}]}},"_links":{"self":[{"href":"https:\/\/sha-luzern.ch\/pl\/wp-json\/wp\/v2\/posts\/35160","targetHints":{"allow":["GET"]}}],"collection":[{"href":"https:\/\/sha-luzern.ch\/pl\/wp-json\/wp\/v2\/posts"}],"about":[{"href":"https:\/\/sha-luzern.ch\/pl\/wp-json\/wp\/v2\/types\/post"}],"author":[{"embeddable":true,"href":"https:\/\/sha-luzern.ch\/pl\/wp-json\/wp\/v2\/users\/2"}],"replies":[{"embeddable":true,"href":"https:\/\/sha-luzern.ch\/pl\/wp-json\/wp\/v2\/comments?post=35160"}],"version-history":[{"count":2,"href":"https:\/\/sha-luzern.ch\/pl\/wp-json\/wp\/v2\/posts\/35160\/revisions"}],"predecessor-version":[{"id":49393,"href":"https:\/\/sha-luzern.ch\/pl\/wp-json\/wp\/v2\/posts\/35160\/revisions\/49393"}],"wp:featuredmedia":[{"embeddable":true,"href":"https:\/\/sha-luzern.ch\/pl\/wp-json\/wp\/v2\/media\/19872"}],"wp:attachment":[{"href":"https:\/\/sha-luzern.ch\/pl\/wp-json\/wp\/v2\/media?parent=35160"}],"wp:term":[{"taxonomy":"category","embeddable":true,"href":"https:\/\/sha-luzern.ch\/pl\/wp-json\/wp\/v2\/categories?post=35160"},{"taxonomy":"post_tag","embeddable":true,"href":"https:\/\/sha-luzern.ch\/pl\/wp-json\/wp\/v2\/tags?post=35160"}],"curies":[{"name":"wp","href":"https:\/\/api.w.org\/{rel}","templated":true}]}}