{"id":32642,"date":"2022-05-12T16:16:25","date_gmt":"2022-05-12T14:16:25","guid":{"rendered":"https:\/\/sha.de\/aktuelles\/a-arquitetura-constroi-o-futuro"},"modified":"2024-09-23T16:52:26","modified_gmt":"2024-09-23T14:52:26","slug":"a-arquitetura-constroi-o-futuro","status":"publish","type":"post","link":"https:\/\/sha-luzern.ch\/pt-pt\/news\/a-arquitetura-constroi-o-futuro","title":{"rendered":"&#8220;A arquitetura constr\u00f3i o futuro!&#8221;"},"content":{"rendered":"<div id='av_section_1' class='avia-section main_color pt-default pb-default avia-no-border-styling avia-bg-style-scroll  avia-builder-el-0  avia-builder-el-no-sibling   container_wrap fullsize' style=' '  ><div class='container' ><main  role=\"main\" itemprop=\"mainContentOfPage\"  class='template-page content  av-content-full alpha units'><div class='post-entry post-entry-type-page post-entry-32642'><div class='entry-content-wrapper clearfix'>\n\n\t\t\t<div id=\"av-k1hoeuzj\" class=\"headline-column flex_column av_one_full flex_column_div first \">\n\t\t\t\t<div class=\"headline-wrap is-outside align-left sub-bottom\">\n\t\t\t\t\t<h1 class=\"headline-content headline-primary\">&quot;A arquitetura constr\u00f3i o futuro!&quot;: 139 novas casas, parques e projectos abertos em toda a RNV<\/h1>\n\t\t\t\t\t<h3 class=\"headline-content headline-secondary\">18\/19 de junho de 2022: Dia da Arquitetura na Ren\u00e2nia do Norte-Vestef\u00e1lia<\/h3>\n\t\t\t\t<\/div>\n\t\t\t<\/div>\n<div class=\"flex_column av_one_third  flex_column_div av-zero-column-padding first bg-default      avia-builder-el-2  el_after_pixel_sc_headline  el_before_av_one_third  \"><section  class='av_textblock_section av-kfgpxslt-ea45c4f6a96ab89e301f07421d1279df '   itemscope=\"itemscope\" itemtype=\"https:\/\/schema.org\/BlogPosting\" itemprop=\"blogPost\" ><div class='avia_textblock'  itemprop=\"text\" ><p>Veja novos edif\u00edcios e estruturas residenciais, bairros, jardins privados e parques e inspire-se em exemplos constru\u00eddos para os seus pr\u00f3prios projectos &#8211; os entusiastas da arquitetura podem faz\u00ea-lo novamente este ano no &#8220;Dia da Arquitetura&#8221;. Em 18. e A partir de 19 de junho de 2022, ser\u00e3o apresentados ao p\u00fablico exatamente 139 projectos de arquitetura em 76 cidades e munic\u00edpios da Ren\u00e2nia do Norte-Vestef\u00e1lia.  <a href=\"https:\/\/sha-luzern.ch\/pt-pt\/news\/architecture-day-2022-bem-vindo-ao-phoenixwerk\">SHA Scheffler Helbich Architekten tamb\u00e9m abrir\u00e1 as suas portas a 19 de junho.<\/a> Visite o complexo de escrit\u00f3rios PhoenixWERK em Dortmund!<\/a><\/p>\n<p>&#8220;Estamos muito satisfeitos com o facto de as pessoas no nosso estado terem finalmente a oportunidade de voltar a experimentar a arquitetura no local e trocar ideias com arquitectos pessoalmente&#8221;, explica Ernst Uhing, Presidente da C\u00e2mara de Arquitectos da Ren\u00e2nia do Norte-Vestef\u00e1lia. O Dia da Arquitetura tem como objetivo proporcionar uma oportunidade de di\u00e1logo entre especialistas e leigos interessados e colocar a arquitetura no centro das aten\u00e7\u00f5es de um vasto p\u00fablico durante um fim de semana. &#8211; A C\u00e2mara dos Arquitectos da Ren\u00e2nia do Norte-Vestef\u00e1lia apresenta o &#8220;Dia da Arquitetura&#8221; num cat\u00e1logo completo, que pode ser encomendado gratuitamente junto da C\u00e2mara. A base de dados de imagens est\u00e1 agora em linha em <a href=\"https:\/\/www.aknw.de\/\" target=\"_blank\" rel=\"noopener nofollow\">aknw.de.<\/a> <\/p>\n<p>Este \u00e9 o 27\u00ba anivers\u00e1rio do &#8220;Dia da Arquitetura&#8221; na RNV. Nos anos anteriores ao corona, muitos milhares de f\u00e3s de arquitetura e de pessoas interessadas na constru\u00e7\u00e3o deslocavam-se ao fim de semana de junho para se informarem sobre as tend\u00eancias de design e os desenvolvimentos t\u00e9cnicos na constru\u00e7\u00e3o e na habita\u00e7\u00e3o e para aproveitarem a oportunidade de trocar ideias com projectistas. Gra\u00e7as a uma ampla cobertura medi\u00e1tica, os edif\u00edcios apresentados s\u00e3o tamb\u00e9m reconhecidos por um vasto p\u00fablico. A C\u00e2mara dos Arquitectos da Ren\u00e2nia do Norte-Vestef\u00e1lia considera, por isso, o Dia da Arquitetura como um contributo importante para o discurso sobre a cultura da constru\u00e7\u00e3o na Alemanha.<\/p>\n<h5>Lema do Dia da Arquitetura 2022: &#8220;A arquitetura constr\u00f3i o futuro!&#8221;<\/h5>\n<p>O lema nacional do Dia da Arquitetura deste ano \u00e9 &#8220;A arquitetura constr\u00f3i o futuro&#8221;. Afinal de contas, o planeamento e a constru\u00e7\u00e3o s\u00e3o sempre feitos com responsabilidade para as gera\u00e7\u00f5es futuras, explica o presidente da C\u00e2mara, Ernst Uhing. &#8220;O que n\u00f3s, arquitectos, criamos hoje em conjunto com os nossos clientes deve conter a promessa de um amanh\u00e3 melhor.<\/p>\n<\/div><\/section><\/div><div class=\"flex_column av_one_third  flex_column_div av-zero-column-padding        avia-builder-el-4  el_after_av_one_third  el_before_av_one_third  \"><section  class='av_textblock_section av-kaqj9hph-e19ae7f8a10ba2fcf8dd1f2fd19d88b0 '   itemscope=\"itemscope\" itemtype=\"https:\/\/schema.org\/BlogPosting\" itemprop=\"blogPost\" ><div class='avia_textblock'  itemprop=\"text\" ><p>Isto aplica-se a aspectos da justi\u00e7a clim\u00e1tica da mesma forma que se aplica a quest\u00f5es sociais e de cultura de constru\u00e7\u00e3o&#8221;.<\/p>\n<p>O facto de o nosso ambiente constru\u00eddo, os nossos bairros e edif\u00edcios residenciais oferecerem prote\u00e7\u00e3o e um lar \u00e0s pessoas ser-nos-\u00e1 demonstrado mais claramente nos meses do primeiro semestre de 2022 do que o foi durante muito tempo.<\/p>\n<h5>Tend\u00eancias e temas 2022<\/h5>\n<p>O Dia da Arquitetura reflecte sempre a evolu\u00e7\u00e3o social. A prote\u00e7\u00e3o do clima continua a ser uma quest\u00e3o fundamental, o que se reflecte, entre outras coisas, na convers\u00e3o e maior utiliza\u00e7\u00e3o de edif\u00edcios existentes e em medidas de renova\u00e7\u00e3o energeticamente eficientes. Poder\u00e1 ver numerosos exemplos disso no local durante o Dia da Arquitetura na RNV. Edif\u00edcios de ensino, projectos comunit\u00e1rios e de associa\u00e7\u00f5es de habita\u00e7\u00e3o, redensifica\u00e7\u00e3o, acessibilidades e reconvers\u00f5es, bem como a conce\u00e7\u00e3o sofisticada de jardins e zonas verdes s\u00e3o algumas das tarefas espec\u00edficas de constru\u00e7\u00e3o que podem ser vistas nos edif\u00edcios TdA 2022. Para muitos visitantes, o Dia da Arquitetura \u00e9, portanto, uma importante fonte de inspira\u00e7\u00e3o.<\/p>\n<p>Os dois \u00faltimos &#8220;Dias da Arquitetura&#8221; em condi\u00e7\u00f5es de pandemia mostraram que a comunica\u00e7\u00e3o em arquitetura tamb\u00e9m \u00e9 poss\u00edvel de uma forma emocionante atrav\u00e9s dos meios digitais e do espa\u00e7o virtual. Por isso, a C\u00e2mara dos Arquitectos da Ren\u00e2nia do Norte-Vestef\u00e1lia convidou mais uma vez os gabinetes de arquitetura participantes a apresentarem o seu trabalho em formato digital &#8211; em videoclipes, visitas virtuais ou podcasts.<\/p>\n<h5>Fundo: &#8220;Dia da Arquitetura&#8221;<\/h5>\n<p>O &#8220;Dia da Arquitetura&#8221; imp\u00f4s-se como um acontecimento arquitet\u00f3nico a n\u00edvel nacional antes do in\u00edcio das f\u00e9rias de ver\u00e3o. Arquitectos, designers de interiores, arquitectos paisagistas e urbanistas estar\u00e3o presentes para apresentar edif\u00edcios novos ou renovados juntamente com os seus clientes, explicar as carater\u00edsticas especiais da arquitetura e responder \u00e0s perguntas dos visitantes.<\/p>\n<\/div><\/section><\/div><div class=\"flex_column av_one_third  flex_column_div av-zero-column-padding        avia-builder-el-6  el_after_av_one_third  el_before_av_one_full  \"><p><section  class='av_textblock_section av-kdhemomz-89fb426e1616a1129fd869592b8a2bef '   itemscope=\"itemscope\" itemtype=\"https:\/\/schema.org\/BlogPosting\" itemprop=\"blogPost\" ><div class='avia_textblock'  itemprop=\"text\" ><p>Ser\u00e3o apresentados edif\u00edcios na Ren\u00e2nia do Norte-Vestef\u00e1lia que tenham sido realizados no nosso estado federal nos \u00faltimos cinco anos; para projectos de arquitetura paisag\u00edstica e planeamento urbano, o prazo \u00e9 de oito anos. O &#8220;Dia da Arquitetura&#8221; ter\u00e1 lugar em todo o pa\u00eds a 25\/26 de junho de 2022; na Ren\u00e2nia do Norte-Vestef\u00e1lia, foi antecipado para o pen\u00faltimo fim de semana de junho devido ao in\u00edcio antecipado das f\u00e9rias escolares.<\/p>\n<h5>Cat\u00e1logo e base de dados na Internet<\/h5>\n<p>Todos os im\u00f3veis podem ser acedidos atrav\u00e9s de uma base de dados na Internet com fotografias e breves descri\u00e7\u00f5es, bem como os hor\u00e1rios de abertura previstos, em www.aknw.de. Al\u00e9m disso, a C\u00e2mara dos Arquitectos da Ren\u00e2nia do Norte-Vestef\u00e1lia apresenta todos os edif\u00edcios e objectos do &#8220;Dia da Arquitetura 2022&#8221; numa brochura completa, que pode ser obtida gratuitamente a partir de agora: atrav\u00e9s do formul\u00e1rio de encomenda em www.aknw.de, por telefone (0211) 49 67-12 ou -713 ou por correio eletr\u00f3nico para <a href=\"javascript:secureDecryptAndNavigate('rgZpYSAULFcIpUC2jtEXQ56cl+2GvJb2S834b\/pymRN0ZPzEgCCT9EHlTO2HTceAiZA7cVCsI\/2\/12R9MWVun5kN', '7fb6b0a631c756e2798c0419dd401ac6392a180022e45865affe1bd81a905598')\">tda@aknw.de<\/a>.<\/p>\n<p><em> <\/em><\/p>\n<\/div><\/section><br \/>\n\n<style type=\"text\/css\" data-created_by=\"avia_inline_auto\" id=\"style-css-av-k3fr046x-cb289bc273ecde5472526e002776a8d1\">\n#top .hr.hr-invisible.av-k3fr046x-cb289bc273ecde5472526e002776a8d1{\nheight:40px;\n}\n<\/style>\n<div  class='hr av-k3fr046x-cb289bc273ecde5472526e002776a8d1 hr-invisible  avia-builder-el-8  el_after_av_textblock  el_before_pixel_sc_postcard '><span class='hr-inner '><span class=\"hr-inner-style\"><\/span><\/span><\/div><br \/>\n<article id=\"\" class=\"card-entry referenz-entry static-button   text-align-left has-link   heading-link  has-button \">\n\t<div class=\"card-entry__inner\">\n\t\t\n\t\n\t\t<div class=\"card-entry__media media-type-\">\n\t<div class=\"card-entry__media-inner\">\n\n\t\t<div class=\"card_entry__referenz\">\n\t\t\t<div class=\"card_entry__referenz-inner\">\n\t\t\t\t\t\t\t\t\t<div class=\"card-entry__heading\">\n\t<div class=\"card-entry__heading-inner\">\n\n\n\t\t\t\n\t\t\t\n\t\t\t<a class=\"card-entry__link\" href=\"https:\/\/sha-luzern.ch\/projekte\/buero-verwaltung\/innovativer-arbeitsraum-auf-phoenix-west\" target=\"_self\">\n\t\t\t\t\t\t\t<h3 class=\"card-entry__headline  \">\n\t\t\t\t\tInnovativer Arbeitsraum auf PHOENIX West in Dortmund H\u00f6rde\n\t\t\t\t<\/h3>\n\t\t\t\n\t\t\t\n\t\t<\/a>\n\t<\/div>\n<\/div>\n\t\t\t\t\t\t\t<\/div>\n\t\t<\/div>\n\n\t\t\t\t\t<div class=\"card-entry__action\">\n\t<div class=\"card-entry__action-inner\">\n\t\t<div class=\"card-entry__button-wrap avia-button-wrap avia-button-right theme-fill\">\n\t\t\t\t\t\t\t<a class=\"card-entry__button avia-button avia-button color-ci-black hover-yellow avia-size-small  avia-position-right\" href=\"https:\/\/sha-luzern.ch\/projekte\/buero-verwaltung\/innovativer-arbeitsraum-auf-phoenix-west\" target=\"\">\n\t\t\t\t\t<span class=\"button-icon\"><i class=\"icon-arrow_next\"><\/i><\/span><span class=\"button-text\">Ler mais<\/span>\n\t\t\t\t<\/a>\n\t\t\t\t\t<\/div>\n\t<\/div>\n<\/div>\n\t\t\n\t\t\t\t\t<a href=\"https:\/\/sha-luzern.ch\/projekte\/buero-verwaltung\/innovativer-arbeitsraum-auf-phoenix-west\" class=\"slide-image\" title=\"\"><img decoding=\"async\" src=\"https:\/\/sha-luzern.ch\/wp-content\/uploads\/sha_kopfbild_pheonixwest_2-2-706x564.jpg\" \/><\/a>\n\t\t\t<\/div>\n<\/div>\n\n\t\n\t<\/div>\n<\/article>\n<\/p><\/div><div class=\"flex_column av_one_full  flex_column_div av-zero-column-padding first       avia-builder-el-10  el_after_av_one_third  avia-builder-el-last  column-top-margin\"><div class=\"slickgallery \">\n\t<div class=\"pixel-slide-wrap\">\n\t\t<div class=\"pixel-slide\" style=\"display: block; width: 100%; float: left;\">\n\t\t\t\t\n\t\t\t\t\t\t\t\t\t\t\t\t\t\n\t\t\t\t\t<div class=\"pixel-slide__image-wrap slide-1\">\n\t\t\t\t\t\t\t<div class=\"pixel-slide__image \"><a href=\"https:\/\/sha-luzern.ch\/wp-content\/uploads\/CE655-769-570x850.jpg\" rel=\"lightbox\"><img decoding=\"async\" src=\"https:\/\/sha-luzern.ch\/wp-content\/uploads\/CE655-769-706x368.jpg\" alt=\"PhoenixWerk Dortmund SHA Scheffler Helbich Architekten\" title=\"PhoenixWerk Dortmund SHA Scheffler Helbich Architekten\"><\/a><\/div>\n\t\t\t\t\t<\/div>\n\t\t\t\t\n\t\t\t\t\t\t\t\t\t\t\t\t\t\n\t\t\t\t\t<div class=\"pixel-slide__image-wrap slide-2\">\n\t\t\t\t\t\t\t<div class=\"pixel-slide__image \"><a href=\"https:\/\/sha-luzern.ch\/wp-content\/uploads\/CE655-680-2-1280x838.jpg\" rel=\"lightbox\"><img decoding=\"async\" src=\"https:\/\/sha-luzern.ch\/wp-content\/uploads\/CE655-680-2-706x368.jpg\" alt=\"PhoenixWerk Dortmund SHA Scheffler Helbich Architekten\" title=\"PhoenixWerk Dortmund SHA Scheffler Helbich Architekten\"><\/a><\/div>\n\t\t\t\t\t<\/div>\n\t\t\t\t\n\t\t\t\t\t\t\t\t\t\t\t\t\t\n\t\t\t\t\t<div class=\"pixel-slide__image-wrap slide-3\">\n\t\t\t\t\t\t\t<div class=\"pixel-slide__image \"><a href=\"https:\/\/sha-luzern.ch\/wp-content\/uploads\/PhoenixWERK_Farbe_Web-9-1275x850.jpg\" rel=\"lightbox\"><img decoding=\"async\" src=\"https:\/\/sha-luzern.ch\/wp-content\/uploads\/PhoenixWERK_Farbe_Web-9-706x368.jpg\" alt=\"PhoenixWERK Farbe Web 9\" title=\"PhoenixWERK Farbe Web 9\"><\/a><\/div>\n\t\t\t\t\t<\/div>\n\t\t\t\t\n\t\t\t\t\t\t\t\t\t\t\t\t\t\n\t\t\t\t\t<div class=\"pixel-slide__image-wrap slide-4\">\n\t\t\t\t\t\t\t<div class=\"pixel-slide__image \"><a href=\"https:\/\/sha-luzern.ch\/wp-content\/uploads\/CE655-462-1274x850.jpg\" rel=\"lightbox\"><img decoding=\"async\" src=\"https:\/\/sha-luzern.ch\/wp-content\/uploads\/CE655-462-706x368.jpg\" alt=\"PhoenixWerk Dortmund SHA Scheffler Helbich Architekten\" title=\"PhoenixWerk Dortmund SHA Scheffler Helbich Architekten\"><\/a><\/div>\n\t\t\t\t\t<\/div>\n\t\t\t\t\n\t\t\t\t\t\t\t\t\t\t\t\t\t\n\t\t\t\t\t<div class=\"pixel-slide__image-wrap slide-5\">\n\t\t\t\t\t\t\t<div class=\"pixel-slide__image \"><a href=\"https:\/\/sha-luzern.ch\/wp-content\/uploads\/CE655-171-567x850.jpg\" rel=\"lightbox\"><img decoding=\"async\" src=\"https:\/\/sha-luzern.ch\/wp-content\/uploads\/CE655-171-706x368.jpg\" alt=\"PhoenixWerk Dortmund SHA Scheffler Helbich Architekten\" title=\"PhoenixWerk Dortmund SHA Scheffler Helbich Architekten\"><\/a><\/div>\n\t\t\t\t\t<\/div>\n\t\t\t\t\n\t\t\t\t\t\t\t\t\t\t\t\t\t\n\t\t\t\t\t<div class=\"pixel-slide__image-wrap slide-6\">\n\t\t\t\t\t\t\t<div class=\"pixel-slide__image \"><a href=\"https:\/\/sha-luzern.ch\/wp-content\/uploads\/CE655-587-1-1274x850.jpg\" rel=\"lightbox\"><img decoding=\"async\" src=\"https:\/\/sha-luzern.ch\/wp-content\/uploads\/CE655-587-1-706x368.jpg\" alt=\"PhoenixWerk Dortmund SHA Scheffler Helbich Architekten\" title=\"PhoenixWerk Dortmund SHA Scheffler Helbich Architekten\"><\/a><\/div>\n\t\t\t\t\t<\/div>\n\t\t\t\t\n\t\t\t\t\t\t\t\t\t\t\t\t\t\n\t\t\t\t\t<div class=\"pixel-slide__image-wrap slide-7\">\n\t\t\t\t\t\t\t<div class=\"pixel-slide__image \"><a href=\"https:\/\/sha-luzern.ch\/wp-content\/uploads\/CE655-444-571x850.jpg\" rel=\"lightbox\"><img decoding=\"async\" src=\"https:\/\/sha-luzern.ch\/wp-content\/uploads\/CE655-444-706x368.jpg\" alt=\"PhoenixWerk Dortmund SHA Scheffler Helbich Architekten\" title=\"PhoenixWerk Dortmund SHA Scheffler Helbich Architekten\"><\/a><\/div>\n\t\t\t\t\t<\/div>\n\t\t\t\t\n\t\t\t\t\t\t\t\t\t\t\t\t\t\n\t\t\t\t\t<div class=\"pixel-slide__image-wrap slide-8\">\n\t\t\t\t\t\t\t<div class=\"pixel-slide__image \"><a href=\"https:\/\/sha-luzern.ch\/wp-content\/uploads\/CE655-436-1274x850.jpg\" rel=\"lightbox\"><img decoding=\"async\" src=\"https:\/\/sha-luzern.ch\/wp-content\/uploads\/CE655-436-706x368.jpg\" alt=\"PhoenixWerk Dortmund SHA Scheffler Helbich Architekten\" title=\"PhoenixWerk Dortmund SHA Scheffler Helbich Architekten\"><\/a><\/div>\n\t\t\t\t\t<\/div>\n\t\t\t\t\n\t\t\t\t\t\t\t\t\t\t\t\t\t\n\t\t\t\t\t<div class=\"pixel-slide__image-wrap slide-9\">\n\t\t\t\t\t\t\t<div class=\"pixel-slide__image \"><a href=\"https:\/\/sha-luzern.ch\/wp-content\/uploads\/CE655-162-569x850.jpg\" rel=\"lightbox\"><img decoding=\"async\" src=\"https:\/\/sha-luzern.ch\/wp-content\/uploads\/CE655-162-706x368.jpg\" alt=\"PhoenixWerk Dortmund SHA Scheffler Helbich Architekten\" title=\"PhoenixWerk Dortmund SHA Scheffler Helbich Architekten\"><\/a><\/div>\n\t\t\t\t\t<\/div>\n\t\t\t\t\n\t\t\t\t\t\t\t\t\t\t\t\t\t\n\t\t\t\t\t<div class=\"pixel-slide__image-wrap slide-10\">\n\t\t\t\t\t\t\t<div class=\"pixel-slide__image \"><a href=\"https:\/\/sha-luzern.ch\/wp-content\/uploads\/CE655-138-1274x850.jpg\" rel=\"lightbox\"><img decoding=\"async\" src=\"https:\/\/sha-luzern.ch\/wp-content\/uploads\/CE655-138-706x368.jpg\" alt=\"PhoenixWerk Dortmund SHA Scheffler Helbich Architekten\" title=\"PhoenixWerk Dortmund SHA Scheffler Helbich Architekten\"><\/a><\/div>\n\t\t\t\t\t<\/div>\n\t\t\t\t\n\t\t\t\t\t\t\t\t\t\t\t\t\t\n\t\t\t\t\t<div class=\"pixel-slide__image-wrap slide-11\">\n\t\t\t\t\t\t\t<div class=\"pixel-slide__image \"><a href=\"https:\/\/sha-luzern.ch\/wp-content\/uploads\/CE655-066-567x850.jpg\" rel=\"lightbox\"><img decoding=\"async\" src=\"https:\/\/sha-luzern.ch\/wp-content\/uploads\/CE655-066-706x368.jpg\" alt=\"PhoenixWerk Dortmund SHA Scheffler Helbich Architekten\" title=\"PhoenixWerk Dortmund SHA Scheffler Helbich Architekten\"><\/a><\/div>\n\t\t\t\t\t<\/div>\n\t\t\t\t\n\t\t\t\t\t\t\t\t\t\t\t\t\t\n\t\t\t\t\t<div class=\"pixel-slide__image-wrap slide-12\">\n\t\t\t\t\t\t\t<div class=\"pixel-slide__image \"><a href=\"https:\/\/sha-luzern.ch\/wp-content\/uploads\/CE655-755-570x850.jpg\" rel=\"lightbox\"><img decoding=\"async\" src=\"https:\/\/sha-luzern.ch\/wp-content\/uploads\/CE655-755-706x368.jpg\" alt=\"PhoenixWerk Dortmund SHA Scheffler Helbich Architekten\" title=\"PhoenixWerk Dortmund SHA Scheffler Helbich Architekten\"><\/a><\/div>\n\t\t\t\t\t<\/div>\n\t\t\t\t\n\t\t\t\t\t\t\t\t\t\t\t\t\t\n\t\t\t\t\t<div class=\"pixel-slide__image-wrap slide-13\">\n\t\t\t\t\t\t\t<div class=\"pixel-slide__image \"><a href=\"https:\/\/sha-luzern.ch\/wp-content\/uploads\/CE655-856-1274x850.jpg\" rel=\"lightbox\"><img decoding=\"async\" src=\"https:\/\/sha-luzern.ch\/wp-content\/uploads\/CE655-856-706x368.jpg\" alt=\"PhoenixWerk Dortmund SHA Scheffler Helbich Architekten\" title=\"PhoenixWerk Dortmund SHA Scheffler Helbich Architekten\"><\/a><\/div>\n\t\t\t\t\t<\/div>\n\t\t\t\t\n\t\t\t\t\t\t\t\t\t\t\t\t\t\n\t\t\t\t\t<div class=\"pixel-slide__image-wrap slide-14\">\n\t\t\t\t\t\t\t<div class=\"pixel-slide__image \"><a href=\"https:\/\/sha-luzern.ch\/wp-content\/uploads\/CE655-1110-567x850.jpg\" rel=\"lightbox\"><img decoding=\"async\" src=\"https:\/\/sha-luzern.ch\/wp-content\/uploads\/CE655-1110-706x368.jpg\" alt=\"PhoenixWerk Dortmund SHA Scheffler Helbich Architekten\" title=\"PhoenixWerk Dortmund SHA Scheffler Helbich Architekten\"><\/a><\/div>\n\t\t\t\t\t<\/div>\n\t\t\t\t\n\t\t\t\t\t\t\t\t\t\t\t\t\t\n\t\t\t\t\t<div class=\"pixel-slide__image-wrap slide-15\">\n\t\t\t\t\t\t\t<div class=\"pixel-slide__image \"><a href=\"https:\/\/sha-luzern.ch\/wp-content\/uploads\/CE655-1143-1280x843.jpg\" rel=\"lightbox\"><img decoding=\"async\" src=\"https:\/\/sha-luzern.ch\/wp-content\/uploads\/CE655-1143-706x368.jpg\" alt=\"PhoenixWerk Dortmund SHA Scheffler Helbich Architekten\" title=\"PhoenixWerk Dortmund SHA Scheffler Helbich Architekten\"><\/a><\/div>\n\t\t\t\t\t<\/div>\n\t\t\t\t\t\t<\/div>\n\t<\/div>\n<\/div><\/div>\n","protected":false},"excerpt":{"rendered":"<p>O lema nacional do Dia da Arquitetura deste ano \u00e9 &#8220;A arquitetura constr\u00f3i o futuro&#8221;. Afinal de contas, o planeamento e a constru\u00e7\u00e3o s\u00e3o sempre feitos com responsabilidade para com as gera\u00e7\u00f5es futuras. Em 18. e A partir de 19 de junho de 2022, ser\u00e3o apresentados ao p\u00fablico exatamente 139 projectos de arquitetura em 76 cidades e munic\u00edpios da Ren\u00e2nia do Norte-Vestef\u00e1lia.<\/p>\n","protected":false},"author":2,"featured_media":25993,"comment_status":"closed","ping_status":"closed","sticky":false,"template":"","format":"standard","meta":{"_acf_changed":false,"content-type":"","footnotes":""},"categories":[878,886,889],"tags":[977,978,1011,1026,1027,1054,1080,1104,1105,1106,1107],"class_list":["post-32642","post","type-post","status-publish","format-standard","has-post-thumbnail","hentry","category-dortmund-pt-pt","category-a-nossa-equipa","category-gestao","tag-distincao","tag-bda-pt-pt","tag-sha-pt-pt","tag-edificio-de-escritorios","tag-escritorio","tag-dortmund-pt-pt","tag-novo-edificio","tag-christoph-helbich-pt-pt","tag-fabrica-de-phoenix","tag-edificio-da-administracao","tag-dia-da-arquitetura"],"acf":[],"yoast_head":"<!-- This site is optimized with the Yoast SEO plugin v26.1.1 - https:\/\/yoast.com\/wordpress\/plugins\/seo\/ -->\n<title>Dia da Arquitetura NRW - SHA Scheffler Helbich Architekten<\/title>\n<meta name=\"description\" content=\"O lema do Dia da Arquitetura 2022 \u00e9 &quot;A arquitetura constr\u00f3i o futuro&quot;. Afinal de contas, o planeamento e a constru\u00e7\u00e3o s\u00e3o sempre feitos com responsabilidade para com as gera\u00e7\u00f5es futuras.\" \/>\n<meta name=\"robots\" content=\"index, follow, max-snippet:-1, max-image-preview:large, max-video-preview:-1\" \/>\n<link rel=\"canonical\" href=\"https:\/\/sha-luzern.ch\/pt-pt\/news\/a-arquitetura-constroi-o-futuro\" \/>\n<meta property=\"og:locale\" content=\"pt_PT\" \/>\n<meta property=\"og:type\" content=\"article\" \/>\n<meta property=\"og:title\" content=\"Dia da Arquitetura NRW - SHA Scheffler Helbich Architekten\" \/>\n<meta property=\"og:description\" content=\"O lema do Dia da Arquitetura 2022 \u00e9 &quot;A arquitetura constr\u00f3i o futuro&quot;. Afinal de contas, o planeamento e a constru\u00e7\u00e3o s\u00e3o sempre feitos com responsabilidade para com as gera\u00e7\u00f5es futuras.\" \/>\n<meta property=\"og:url\" content=\"https:\/\/sha-luzern.ch\/pt-pt\/news\/a-arquitetura-constroi-o-futuro\" \/>\n<meta property=\"og:site_name\" content=\"SHA Scheffler Helbich Architekten GmbH\" \/>\n<meta property=\"article:published_time\" content=\"2022-05-12T14:16:25+00:00\" \/>\n<meta property=\"article:modified_time\" content=\"2024-09-23T14:52:26+00:00\" \/>\n<meta property=\"og:image\" content=\"https:\/\/sha-luzern.ch\/wp-content\/uploads\/TDA_2022_RGB-scaled.jpg\" \/>\n\t<meta property=\"og:image:width\" content=\"2560\" \/>\n\t<meta property=\"og:image:height\" content=\"1588\" \/>\n\t<meta property=\"og:image:type\" content=\"image\/jpeg\" \/>\n<meta name=\"author\" content=\"Judith Weitzel\" \/>\n<meta name=\"twitter:card\" content=\"summary_large_image\" \/>\n<meta name=\"twitter:label1\" content=\"Escrito por\" \/>\n\t<meta name=\"twitter:data1\" content=\"Judith Weitzel\" \/>\n\t<meta name=\"twitter:label2\" content=\"Tempo estimado de leitura\" \/>\n\t<meta name=\"twitter:data2\" content=\"9 minutos\" \/>\n<script type=\"application\/ld+json\" class=\"yoast-schema-graph\">{\"@context\":\"https:\/\/schema.org\",\"@graph\":[{\"@type\":\"WebPage\",\"@id\":\"https:\/\/sha-luzern.ch\/pt-pt\/news\/a-arquitetura-constroi-o-futuro\",\"url\":\"https:\/\/sha-luzern.ch\/pt-pt\/news\/a-arquitetura-constroi-o-futuro\",\"name\":\"Dia da Arquitetura NRW - SHA Scheffler Helbich Architekten\",\"isPartOf\":{\"@id\":\"https:\/\/sha-luzern.ch\/pt-pt#website\"},\"primaryImageOfPage\":{\"@id\":\"https:\/\/sha-luzern.ch\/pt-pt\/news\/a-arquitetura-constroi-o-futuro#primaryimage\"},\"image\":{\"@id\":\"https:\/\/sha-luzern.ch\/pt-pt\/news\/a-arquitetura-constroi-o-futuro#primaryimage\"},\"thumbnailUrl\":\"https:\/\/sha-luzern.ch\/wp-content\/uploads\/TDA_2022_RGB-scaled.jpg\",\"datePublished\":\"2022-05-12T14:16:25+00:00\",\"dateModified\":\"2024-09-23T14:52:26+00:00\",\"author\":{\"@id\":\"https:\/\/sha-luzern.ch\/pt-pt#\/schema\/person\/e68d44538591ce8617e273ae50cb9fb3\"},\"description\":\"O lema do Dia da Arquitetura 2022 \u00e9 \\\"A arquitetura constr\u00f3i o futuro\\\". Afinal de contas, o planeamento e a constru\u00e7\u00e3o s\u00e3o sempre feitos com responsabilidade para com as gera\u00e7\u00f5es futuras.\",\"breadcrumb\":{\"@id\":\"https:\/\/sha-luzern.ch\/pt-pt\/news\/a-arquitetura-constroi-o-futuro#breadcrumb\"},\"inLanguage\":\"pt-PT\",\"potentialAction\":[{\"@type\":\"ReadAction\",\"target\":[\"https:\/\/sha-luzern.ch\/pt-pt\/news\/a-arquitetura-constroi-o-futuro\"]}]},{\"@type\":\"ImageObject\",\"inLanguage\":\"pt-PT\",\"@id\":\"https:\/\/sha-luzern.ch\/pt-pt\/news\/a-arquitetura-constroi-o-futuro#primaryimage\",\"url\":\"https:\/\/sha-luzern.ch\/wp-content\/uploads\/TDA_2022_RGB-scaled.jpg\",\"contentUrl\":\"https:\/\/sha-luzern.ch\/wp-content\/uploads\/TDA_2022_RGB-scaled.jpg\",\"width\":2560,\"height\":1588},{\"@type\":\"BreadcrumbList\",\"@id\":\"https:\/\/sha-luzern.ch\/pt-pt\/news\/a-arquitetura-constroi-o-futuro#breadcrumb\",\"itemListElement\":[{\"@type\":\"ListItem\",\"position\":1,\"name\":\"Startseite\",\"item\":\"https:\/\/sha-luzern.ch\/pt-pt\/inicio\"},{\"@type\":\"ListItem\",\"position\":2,\"name\":\"&#8222;A arquitetura constr\u00f3i o futuro!&#8220;\"}]},{\"@type\":\"WebSite\",\"@id\":\"https:\/\/sha-luzern.ch\/pt-pt#website\",\"url\":\"https:\/\/sha-luzern.ch\/pt-pt\",\"name\":\"SHA Scheffler Helbich Architekten GmbH\",\"description\":\"\",\"potentialAction\":[{\"@type\":\"SearchAction\",\"target\":{\"@type\":\"EntryPoint\",\"urlTemplate\":\"https:\/\/sha-luzern.ch\/pt-pt?s={search_term_string}\"},\"query-input\":{\"@type\":\"PropertyValueSpecification\",\"valueRequired\":true,\"valueName\":\"search_term_string\"}}],\"inLanguage\":\"pt-PT\"},{\"@type\":\"Person\",\"@id\":\"https:\/\/sha-luzern.ch\/pt-pt#\/schema\/person\/e68d44538591ce8617e273ae50cb9fb3\",\"name\":\"Judith Weitzel\",\"image\":{\"@type\":\"ImageObject\",\"inLanguage\":\"pt-PT\",\"@id\":\"https:\/\/sha-luzern.ch\/pt-pt#\/schema\/person\/image\/\",\"url\":\"https:\/\/secure.gravatar.com\/avatar\/7c6bf497a9b76cc4943bd4d7716e797cafb90c96046233c36845e4654eed5e01?s=96&d=mm&r=g\",\"contentUrl\":\"https:\/\/secure.gravatar.com\/avatar\/7c6bf497a9b76cc4943bd4d7716e797cafb90c96046233c36845e4654eed5e01?s=96&d=mm&r=g\",\"caption\":\"Judith Weitzel\"}}]}<\/script>\n<!-- \/ Yoast SEO plugin. -->","yoast_head_json":{"title":"Dia da Arquitetura NRW - SHA Scheffler Helbich Architekten","description":"O lema do Dia da Arquitetura 2022 \u00e9 \"A arquitetura constr\u00f3i o futuro\". Afinal de contas, o planeamento e a constru\u00e7\u00e3o s\u00e3o sempre feitos com responsabilidade para com as gera\u00e7\u00f5es futuras.","robots":{"index":"index","follow":"follow","max-snippet":"max-snippet:-1","max-image-preview":"max-image-preview:large","max-video-preview":"max-video-preview:-1"},"canonical":"https:\/\/sha-luzern.ch\/pt-pt\/news\/a-arquitetura-constroi-o-futuro","og_locale":"pt_PT","og_type":"article","og_title":"Dia da Arquitetura NRW - SHA Scheffler Helbich Architekten","og_description":"O lema do Dia da Arquitetura 2022 \u00e9 \"A arquitetura constr\u00f3i o futuro\". Afinal de contas, o planeamento e a constru\u00e7\u00e3o s\u00e3o sempre feitos com responsabilidade para com as gera\u00e7\u00f5es futuras.","og_url":"https:\/\/sha-luzern.ch\/pt-pt\/news\/a-arquitetura-constroi-o-futuro","og_site_name":"SHA Scheffler Helbich Architekten GmbH","article_published_time":"2022-05-12T14:16:25+00:00","article_modified_time":"2024-09-23T14:52:26+00:00","og_image":[{"width":2560,"height":1588,"url":"https:\/\/sha-luzern.ch\/wp-content\/uploads\/TDA_2022_RGB-scaled.jpg","type":"image\/jpeg"}],"author":"Judith Weitzel","twitter_card":"summary_large_image","twitter_misc":{"Escrito por":"Judith Weitzel","Tempo estimado de leitura":"9 minutos"},"schema":{"@context":"https:\/\/schema.org","@graph":[{"@type":"WebPage","@id":"https:\/\/sha-luzern.ch\/pt-pt\/news\/a-arquitetura-constroi-o-futuro","url":"https:\/\/sha-luzern.ch\/pt-pt\/news\/a-arquitetura-constroi-o-futuro","name":"Dia da Arquitetura NRW - SHA Scheffler Helbich Architekten","isPartOf":{"@id":"https:\/\/sha-luzern.ch\/pt-pt#website"},"primaryImageOfPage":{"@id":"https:\/\/sha-luzern.ch\/pt-pt\/news\/a-arquitetura-constroi-o-futuro#primaryimage"},"image":{"@id":"https:\/\/sha-luzern.ch\/pt-pt\/news\/a-arquitetura-constroi-o-futuro#primaryimage"},"thumbnailUrl":"https:\/\/sha-luzern.ch\/wp-content\/uploads\/TDA_2022_RGB-scaled.jpg","datePublished":"2022-05-12T14:16:25+00:00","dateModified":"2024-09-23T14:52:26+00:00","author":{"@id":"https:\/\/sha-luzern.ch\/pt-pt#\/schema\/person\/e68d44538591ce8617e273ae50cb9fb3"},"description":"O lema do Dia da Arquitetura 2022 \u00e9 \"A arquitetura constr\u00f3i o futuro\". Afinal de contas, o planeamento e a constru\u00e7\u00e3o s\u00e3o sempre feitos com responsabilidade para com as gera\u00e7\u00f5es futuras.","breadcrumb":{"@id":"https:\/\/sha-luzern.ch\/pt-pt\/news\/a-arquitetura-constroi-o-futuro#breadcrumb"},"inLanguage":"pt-PT","potentialAction":[{"@type":"ReadAction","target":["https:\/\/sha-luzern.ch\/pt-pt\/news\/a-arquitetura-constroi-o-futuro"]}]},{"@type":"ImageObject","inLanguage":"pt-PT","@id":"https:\/\/sha-luzern.ch\/pt-pt\/news\/a-arquitetura-constroi-o-futuro#primaryimage","url":"https:\/\/sha-luzern.ch\/wp-content\/uploads\/TDA_2022_RGB-scaled.jpg","contentUrl":"https:\/\/sha-luzern.ch\/wp-content\/uploads\/TDA_2022_RGB-scaled.jpg","width":2560,"height":1588},{"@type":"BreadcrumbList","@id":"https:\/\/sha-luzern.ch\/pt-pt\/news\/a-arquitetura-constroi-o-futuro#breadcrumb","itemListElement":[{"@type":"ListItem","position":1,"name":"Startseite","item":"https:\/\/sha-luzern.ch\/pt-pt\/inicio"},{"@type":"ListItem","position":2,"name":"&#8222;A arquitetura constr\u00f3i o futuro!&#8220;"}]},{"@type":"WebSite","@id":"https:\/\/sha-luzern.ch\/pt-pt#website","url":"https:\/\/sha-luzern.ch\/pt-pt","name":"SHA Scheffler Helbich Architekten GmbH","description":"","potentialAction":[{"@type":"SearchAction","target":{"@type":"EntryPoint","urlTemplate":"https:\/\/sha-luzern.ch\/pt-pt?s={search_term_string}"},"query-input":{"@type":"PropertyValueSpecification","valueRequired":true,"valueName":"search_term_string"}}],"inLanguage":"pt-PT"},{"@type":"Person","@id":"https:\/\/sha-luzern.ch\/pt-pt#\/schema\/person\/e68d44538591ce8617e273ae50cb9fb3","name":"Judith Weitzel","image":{"@type":"ImageObject","inLanguage":"pt-PT","@id":"https:\/\/sha-luzern.ch\/pt-pt#\/schema\/person\/image\/","url":"https:\/\/secure.gravatar.com\/avatar\/7c6bf497a9b76cc4943bd4d7716e797cafb90c96046233c36845e4654eed5e01?s=96&d=mm&r=g","contentUrl":"https:\/\/secure.gravatar.com\/avatar\/7c6bf497a9b76cc4943bd4d7716e797cafb90c96046233c36845e4654eed5e01?s=96&d=mm&r=g","caption":"Judith Weitzel"}}]}},"_links":{"self":[{"href":"https:\/\/sha-luzern.ch\/pt-pt\/wp-json\/wp\/v2\/posts\/32642","targetHints":{"allow":["GET"]}}],"collection":[{"href":"https:\/\/sha-luzern.ch\/pt-pt\/wp-json\/wp\/v2\/posts"}],"about":[{"href":"https:\/\/sha-luzern.ch\/pt-pt\/wp-json\/wp\/v2\/types\/post"}],"author":[{"embeddable":true,"href":"https:\/\/sha-luzern.ch\/pt-pt\/wp-json\/wp\/v2\/users\/2"}],"replies":[{"embeddable":true,"href":"https:\/\/sha-luzern.ch\/pt-pt\/wp-json\/wp\/v2\/comments?post=32642"}],"version-history":[{"count":12,"href":"https:\/\/sha-luzern.ch\/pt-pt\/wp-json\/wp\/v2\/posts\/32642\/revisions"}],"predecessor-version":[{"id":46652,"href":"https:\/\/sha-luzern.ch\/pt-pt\/wp-json\/wp\/v2\/posts\/32642\/revisions\/46652"}],"wp:featuredmedia":[{"embeddable":true,"href":"https:\/\/sha-luzern.ch\/pt-pt\/wp-json\/wp\/v2\/media\/25993"}],"wp:attachment":[{"href":"https:\/\/sha-luzern.ch\/pt-pt\/wp-json\/wp\/v2\/media?parent=32642"}],"wp:term":[{"taxonomy":"category","embeddable":true,"href":"https:\/\/sha-luzern.ch\/pt-pt\/wp-json\/wp\/v2\/categories?post=32642"},{"taxonomy":"post_tag","embeddable":true,"href":"https:\/\/sha-luzern.ch\/pt-pt\/wp-json\/wp\/v2\/tags?post=32642"}],"curies":[{"name":"wp","href":"https:\/\/api.w.org\/{rel}","templated":true}]}}