{"id":33394,"date":"2023-11-07T13:06:30","date_gmt":"2023-11-07T12:06:30","guid":{"rendered":"https:\/\/sha.de\/aktuelles\/publicado-telhados-da-praca-da-estacao-ferroviaria-de-ulm-apresentados-em-revista-de-arquitetura"},"modified":"2024-09-23T16:53:50","modified_gmt":"2024-09-23T14:53:50","slug":"publicado-telhados-da-praca-da-estacao-ferroviaria-de-ulm-apresentados-em-revista-de-arquitetura","status":"publish","type":"post","link":"https:\/\/sha-luzern.ch\/pt-pt\/news\/publicado-telhados-da-praca-da-estacao-ferroviaria-de-ulm-apresentados-em-revista-de-arquitetura","title":{"rendered":"Publicado: Telhados da pra\u00e7a da esta\u00e7\u00e3o ferrovi\u00e1ria de Ulm apresentados em revista de arquitetura"},"content":{"rendered":"<div id='av_section_1' class='avia-section main_color pt-default pb-default avia-no-border-styling avia-bg-style-scroll  avia-builder-el-0  avia-builder-el-no-sibling   container_wrap fullsize' style=' '  ><div class='container' ><main  role=\"main\" itemprop=\"mainContentOfPage\"  class='template-page content  av-content-full alpha units'><div class='post-entry post-entry-type-page post-entry-33394'><div class='entry-content-wrapper clearfix'>\n\n\t\t\t<div id=\"av-q8e0eh\" class=\"headline-column flex_column av_one_full flex_column_div first \">\n\t\t\t\t<div class=\"headline-wrap is-outside align-left sub-bottom\">\n\t\t\t\t\t<h1 class=\"headline-content headline-primary\">Publicado: Telhados da pra\u00e7a da esta\u00e7\u00e3o ferrovi\u00e1ria de Ulm apresentados em revista de arquitetura<\/h1>\n\t\t\t\t\t<h3 class=\"headline-content headline-secondary\">SHA em destaque na revista especializada em arquitetura paisagista e planeamento urbano<\/h3>\n\t\t\t\t<\/div>\n\t\t\t<\/div>\n<div class=\"flex_column av_one_third  flex_column_div av-zero-column-padding first bg-default   img-left   avia-builder-el-2  el_after_pixel_sc_headline  el_before_av_one_third  \"><section  class='av_textblock_section av-lnltm2nc-67e5c02d9c9763bbd446094ec658bd70 '   itemscope=\"itemscope\" itemtype=\"https:\/\/schema.org\/BlogPosting\" itemprop=\"blogPost\" ><div class='avia_textblock'  itemprop=\"text\" ><p>Temos o prazer de ser apresentados na \u00faltima edi\u00e7\u00e3o 11\/23 da revista especializada Garten + Landschaft com o nosso projeto &#8220;Bahnhofplatz Ulm &#8211; Dach vor dem Bahnhof und Haltestellend\u00e4cher&#8221;. Em colabora\u00e7\u00e3o com a Hummert Architekten BDA, conclu\u00edmos o projeto em 2021.<\/p>\n<p>Com uma \u00e1rea de aproximadamente 770 m\u00b2, a nova cobertura da esta\u00e7\u00e3o assegura uma transi\u00e7\u00e3o protegida da chuva entre as fun\u00e7\u00f5es de transporte individuais e, ao mesmo tempo, cumpre uma fun\u00e7\u00e3o de foyer para a esta\u00e7\u00e3o e a pra\u00e7a da esta\u00e7\u00e3o. Quatro colunas redondas suportam a superf\u00edcie geom\u00e9trica e filigranada do telhado, que est\u00e1 em consola em todos os lados e consiste em 16 sec\u00e7\u00f5es dobradas na parte superior e inferior. Dois outros toldos alongados cobrem as \u00e1reas das paragens de autocarro no \u00e1trio da esta\u00e7\u00e3o. A sua conce\u00e7\u00e3o \u00e9 semelhante \u00e0 do grande telhado em frente \u00e0 esta\u00e7\u00e3o ferrovi\u00e1ria, mas consiste em seis ou sete guarda-chuvas quadrados dispostos em fila.<\/p>\n<\/div><\/section><\/div><div class=\"flex_column av_one_third  flex_column_div av-zero-column-padding  bg-default   img-left   avia-builder-el-4  el_after_av_one_third  el_before_av_one_third  \"><section  class='av_textblock_section av-loo49rqs-09e6cef8827a238616628b7e5d5b119b '   itemscope=\"itemscope\" itemtype=\"https:\/\/schema.org\/BlogPosting\" itemprop=\"blogPost\" ><div class='avia_textblock'  itemprop=\"text\" ><p>Os intradorsos s\u00e3o constitu\u00eddos por pain\u00e9is triangulares de a\u00e7o inoxid\u00e1vel colocados diretamente uns contra os outros e montados sem fixa\u00e7\u00f5es vis\u00edveis. A ilumina\u00e7\u00e3o de tr\u00e2nsito necess\u00e1ria foi tamb\u00e9m integrada no intradorso. As caleiras no bordo das superf\u00edcies do telhado e os tubos de queda no interior dos suportes asseguram a drenagem.<\/p>\n<p>Excerto do artigo da revista:<\/p>\n<p>Passa por baixo de um telhado de grande envergadura, apoiado em quatro pilares esguios e altos. A parte inferior do telhado parece estar em movimento: \u00e9 composta por pain\u00e9is triangulares, a superf\u00edcie parece estar dobrada em diferentes direc\u00e7\u00f5es, os reflexos da luz dos carros que passam s\u00e3o reflectidos de forma mate na superf\u00edcie. A cor do telhado varia entre o preto, o cinzento e o dourado.<\/p>\n<p>Fonte: <a href=\"http:\/\/www.garten-landschaft.de\" target=\"_blank\" rel=\"nofollow\">www.garten-landschaft.de<\/a><\/p>\n<\/div><\/section><\/div><div class=\"flex_column av_one_third  flex_column_div av-zero-column-padding  bg-default   img-left   avia-builder-el-6  el_after_av_one_third  el_before_av_hr  \"><p><div  class='avia-image-container  av-styling-    avia-builder-el-7  el_before_av_button  avia-builder-el-first  avia-align-center'  itemprop=\"image\" itemscope=\"itemscope\" itemtype=\"https:\/\/schema.org\/ImageObject\"  ><div class='avia-image-container-inner'><div class='avia-image-overlay-wrap'><a href='https:\/\/sha-luzern.ch\/pt-pt\/projectos\/mobilidade-e-transportes\/telhados-na-praca-da-estacao-ferroviaria-de-ulm' class='avia_image'  ><img class='avia_image ' src='https:\/\/sha-luzern.ch\/wp-content\/uploads\/20231011_043a_SHA-Architekten-\u00a9DUCKEK-Bahnhofs-Vordach-Ulm__P4A0884-Bearbeitet-1030x687.jpg' alt='' title='Vord\u00e4cher Bahnhofsplatz Ulm | SHA Scheffler Helbich Architekten'  itemprop=\"thumbnailUrl\"  \/><\/a><\/div><\/div><\/div><br \/>\n<div class='avia-button-wrap theme-fill avia-button-right  avia-builder-el-8  el_after_av_image  avia-builder-el-last  inline'><a href='https:\/\/sha-luzern.ch\/pt-pt\/projectos\/mobilidade-e-transportes\/telhados-na-praca-da-estacao-ferroviaria-de-ulm'  class='avia-button  color-ci-yellow hover-black  avia-icon_select-yes-left-icon avia-size-x-large avia-position-right'  target=\"_blank\"   ><span class='avia_button_icon avia_button_icon_left ' aria-hidden='true' data-av_icon='\ue832' data-av_iconfont='entypo-fontello'><\/span><span class='avia_iconbox_title' >Mais informa\u00e7\u00f5es sobre o projeto da pra\u00e7a da esta\u00e7\u00e3o de Ulm<\/span><\/a><\/div><\/p><\/div><div  class='hr av-lsx9sb0v-eb609d929346656a878ae022322ffa2d hr-default  avia-builder-el-9  el_after_av_one_third  el_before_pixel_sc_slickgallery '><span class='hr-inner '><span class=\"hr-inner-style\"><\/span><\/span><\/div>\n<div class=\"slickgallery \">\n\t<div class=\"pixel-slide-wrap\">\n\t\t<div class=\"pixel-slide\" style=\"display: block; width: 100%; float: left;\">\n\t\t\t\t\n\t\t\t\t\t\t\t\t\t\t\t\t\t\n\t\t\t\t\t<div class=\"pixel-slide__image-wrap slide-1\">\n\t\t\t\t\t\t\t<div class=\"pixel-slide__image \"><a href=\"https:\/\/sha-luzern.ch\/wp-content\/uploads\/8_Cover-850x850.png\" rel=\"lightbox\"><img decoding=\"async\" src=\"https:\/\/sha-luzern.ch\/wp-content\/uploads\/8_Cover-706x368.png\" alt=\"\" title=\"\"><\/a><\/div>\n\t\t\t\t\t<\/div>\n\t\t\t\t\n\t\t\t\t\t\t\t\t\t\t\t\t\t\n\t\t\t\t\t<div class=\"pixel-slide__image-wrap slide-2\">\n\t\t\t\t\t\t\t<div class=\"pixel-slide__image \"><a href=\"https:\/\/sha-luzern.ch\/wp-content\/uploads\/20231011_052a_SHA-Architekten-\u00a9DUCKEK-Bahnhofs-Vordach-Ulm__P4A0926-Bearbeitet-1274x850.jpg\" rel=\"lightbox\"><img decoding=\"async\" src=\"https:\/\/sha-luzern.ch\/wp-content\/uploads\/20231011_052a_SHA-Architekten-\u00a9DUCKEK-Bahnhofs-Vordach-Ulm__P4A0926-Bearbeitet-706x368.jpg\" alt=\"Vord\u00e4cher Bahnhofsplatz Ulm | SHA Scheffler Helbich Architekten\" title=\"Vord\u00e4cher Bahnhofsplatz Ulm | SHA Scheffler Helbich Architekten\"><\/a><\/div>\n\t\t\t\t\t<\/div>\n\t\t\t\t\n\t\t\t\t\t\t\t\t\t\t\t\t\t\n\t\t\t\t\t<div class=\"pixel-slide__image-wrap slide-3\">\n\t\t\t\t\t\t\t<div class=\"pixel-slide__image \"><a href=\"https:\/\/sha-luzern.ch\/wp-content\/uploads\/20231011_002a_SHA-Architekten-\u00a9DUCKEK-Bahnhofs-Vordach-Ulm__P4A0701-Bearbeitet-Bearbeitet-1275x850.jpg\" rel=\"lightbox\"><img decoding=\"async\" src=\"https:\/\/sha-luzern.ch\/wp-content\/uploads\/20231011_002a_SHA-Architekten-\u00a9DUCKEK-Bahnhofs-Vordach-Ulm__P4A0701-Bearbeitet-Bearbeitet-706x368.jpg\" alt=\"Vord\u00e4cher Bahnhofsplatz Ulm | SHA Scheffler Helbich Architekten\" title=\"Vord\u00e4cher Bahnhofsplatz Ulm | SHA Scheffler Helbich Architekten\"><\/a><\/div>\n\t\t\t\t\t<\/div>\n\t\t\t\t\n\t\t\t\t\t\t\t\t\t\t\t\t\t\n\t\t\t\t\t<div class=\"pixel-slide__image-wrap slide-4\">\n\t\t\t\t\t\t\t<div class=\"pixel-slide__image \"><a href=\"https:\/\/sha-luzern.ch\/wp-content\/uploads\/20231011_020_SHA-Architekten-\u00a9DUCKEK-Bahnhofs-Vordach-Ulm__P4A07-567x850.jpg\" rel=\"lightbox\"><img decoding=\"async\" src=\"https:\/\/sha-luzern.ch\/wp-content\/uploads\/20231011_020_SHA-Architekten-\u00a9DUCKEK-Bahnhofs-Vordach-Ulm__P4A07-706x368.jpg\" alt=\"Vord\u00e4cher Bahnhofsplatz Ulm | SHA Scheffler Helbich Architekten\" title=\"Vord\u00e4cher Bahnhofsplatz Ulm | SHA Scheffler Helbich Architekten\"><\/a><\/div>\n\t\t\t\t\t<\/div>\n\t\t\t\t\n\t\t\t\t\t\t\t\t\t\t\t\t\t\n\t\t\t\t\t<div class=\"pixel-slide__image-wrap slide-5\">\n\t\t\t\t\t\t\t<div class=\"pixel-slide__image \"><a href=\"https:\/\/sha-luzern.ch\/wp-content\/uploads\/20231011_081a_SHA-Architekten-\u00a9DUCKEK-Bahnhofs-Vordach-Ulm__P4A1112-Bearbeitet-1274x850.jpg\" rel=\"lightbox\"><img decoding=\"async\" src=\"https:\/\/sha-luzern.ch\/wp-content\/uploads\/20231011_081a_SHA-Architekten-\u00a9DUCKEK-Bahnhofs-Vordach-Ulm__P4A1112-Bearbeitet-706x368.jpg\" alt=\"Vord\u00e4cher Bahnhofsplatz Ulm | SHA Scheffler Helbich Architekten\" title=\"Vord\u00e4cher Bahnhofsplatz Ulm | SHA Scheffler Helbich Architekten\"><\/a><\/div>\n\t\t\t\t\t<\/div>\n\t\t\t\t\n\t\t\t\t\t\t\t\t\t\t\t\t\t\n\t\t\t\t\t<div class=\"pixel-slide__image-wrap slide-6\">\n\t\t\t\t\t\t\t<div class=\"pixel-slide__image \"><a href=\"https:\/\/sha-luzern.ch\/wp-content\/uploads\/20231011_115a_SHA-Architekten-\u00a9DUCKEK-Bahnhofs-Vordach-Ulm__P4A1270-Bearbeitet-1274x850.jpg\" rel=\"lightbox\"><img decoding=\"async\" src=\"https:\/\/sha-luzern.ch\/wp-content\/uploads\/20231011_115a_SHA-Architekten-\u00a9DUCKEK-Bahnhofs-Vordach-Ulm__P4A1270-Bearbeitet-706x368.jpg\" alt=\"\" title=\"\"><\/a><\/div>\n\t\t\t\t\t<\/div>\n\t\t\t\t\t\t<\/div>\n\t<\/div>\n<\/div>\n\n\n","protected":false},"excerpt":{"rendered":"<p>Bahnhofplatz Ulm &#8211; telhado em frente \u00e0 esta\u00e7\u00e3o e telhados das paragens de autocarro foi apresentado no \u00faltimo n\u00famero 11\/23 da revista especializada Garten + Landschaft.<\/p>\n","protected":false},"author":4,"featured_media":27811,"comment_status":"closed","ping_status":"closed","sticky":false,"template":"","format":"standard","meta":{"_acf_changed":false,"content-type":"","footnotes":""},"categories":[881],"tags":[973,983,1080,1249],"class_list":["post-33394","post","type-post","status-publish","format-standard","has-post-thumbnail","hentry","category-mobilidade","tag-concurso-de-arquitetura","tag-estacao-ferroviaria","tag-novo-edificio","tag-mobilidade"],"acf":[],"yoast_head":"<!-- This site is optimized with the Yoast SEO plugin v26.1.1 - https:\/\/yoast.com\/wordpress\/plugins\/seo\/ -->\n<title>Novo projeto de constru\u00e7\u00e3o dos telhados da esta\u00e7\u00e3o ferrovi\u00e1ria de Ulm apresentado numa revista de arquitetura<\/title>\n<meta name=\"description\" content=\"Bahnhofplatz Ulm - telhado em frente \u00e0 esta\u00e7\u00e3o e telhados das paragens de autocarro foi apresentado no \u00faltimo n\u00famero 11\/23 da revista especializada Garten + Landschaft.\" \/>\n<meta name=\"robots\" content=\"index, follow, max-snippet:-1, max-image-preview:large, max-video-preview:-1\" \/>\n<link rel=\"canonical\" href=\"https:\/\/sha-luzern.ch\/pt-pt\/news\/publicado-telhados-da-praca-da-estacao-ferroviaria-de-ulm-apresentados-em-revista-de-arquitetura\" \/>\n<meta property=\"og:locale\" content=\"pt_PT\" \/>\n<meta property=\"og:type\" content=\"article\" \/>\n<meta property=\"og:title\" content=\"Novo projeto de constru\u00e7\u00e3o dos telhados da esta\u00e7\u00e3o ferrovi\u00e1ria de Ulm apresentado numa revista de arquitetura\" \/>\n<meta property=\"og:description\" content=\"Bahnhofplatz Ulm - telhado em frente \u00e0 esta\u00e7\u00e3o e telhados das paragens de autocarro foi apresentado no \u00faltimo n\u00famero 11\/23 da revista especializada Garten + Landschaft.\" \/>\n<meta property=\"og:url\" content=\"https:\/\/sha-luzern.ch\/pt-pt\/news\/publicado-telhados-da-praca-da-estacao-ferroviaria-de-ulm-apresentados-em-revista-de-arquitetura\" \/>\n<meta property=\"og:site_name\" content=\"SHA Scheffler Helbich Architekten GmbH\" \/>\n<meta property=\"article:published_time\" content=\"2023-11-07T12:06:30+00:00\" \/>\n<meta property=\"article:modified_time\" content=\"2024-09-23T14:53:50+00:00\" \/>\n<meta property=\"og:image\" content=\"https:\/\/sha-luzern.ch\/wp-content\/uploads\/Titelbild-1.jpg\" \/>\n\t<meta property=\"og:image:width\" content=\"706\" \/>\n\t<meta property=\"og:image:height\" content=\"368\" \/>\n\t<meta property=\"og:image:type\" content=\"image\/jpeg\" \/>\n<meta name=\"author\" content=\"Max Frittgen\" \/>\n<meta name=\"twitter:card\" content=\"summary_large_image\" \/>\n<meta name=\"twitter:label1\" content=\"Escrito por\" \/>\n\t<meta name=\"twitter:data1\" content=\"Max Frittgen\" \/>\n\t<meta name=\"twitter:label2\" content=\"Tempo estimado de leitura\" \/>\n\t<meta name=\"twitter:data2\" content=\"7 minutos\" \/>\n<script type=\"application\/ld+json\" class=\"yoast-schema-graph\">{\"@context\":\"https:\/\/schema.org\",\"@graph\":[{\"@type\":\"WebPage\",\"@id\":\"https:\/\/sha-luzern.ch\/pt-pt\/news\/publicado-telhados-da-praca-da-estacao-ferroviaria-de-ulm-apresentados-em-revista-de-arquitetura\",\"url\":\"https:\/\/sha-luzern.ch\/pt-pt\/news\/publicado-telhados-da-praca-da-estacao-ferroviaria-de-ulm-apresentados-em-revista-de-arquitetura\",\"name\":\"Novo projeto de constru\u00e7\u00e3o dos telhados da esta\u00e7\u00e3o ferrovi\u00e1ria de Ulm apresentado numa revista de arquitetura\",\"isPartOf\":{\"@id\":\"https:\/\/sha-luzern.ch\/pt-pt#website\"},\"primaryImageOfPage\":{\"@id\":\"https:\/\/sha-luzern.ch\/pt-pt\/news\/publicado-telhados-da-praca-da-estacao-ferroviaria-de-ulm-apresentados-em-revista-de-arquitetura#primaryimage\"},\"image\":{\"@id\":\"https:\/\/sha-luzern.ch\/pt-pt\/news\/publicado-telhados-da-praca-da-estacao-ferroviaria-de-ulm-apresentados-em-revista-de-arquitetura#primaryimage\"},\"thumbnailUrl\":\"https:\/\/sha-luzern.ch\/wp-content\/uploads\/Titelbild-1.jpg\",\"datePublished\":\"2023-11-07T12:06:30+00:00\",\"dateModified\":\"2024-09-23T14:53:50+00:00\",\"author\":{\"@id\":\"https:\/\/sha-luzern.ch\/pt-pt#\/schema\/person\/ce23b4e86defac6734402dec34d578ed\"},\"description\":\"Bahnhofplatz Ulm - telhado em frente \u00e0 esta\u00e7\u00e3o e telhados das paragens de autocarro foi apresentado no \u00faltimo n\u00famero 11\/23 da revista especializada Garten + Landschaft.\",\"breadcrumb\":{\"@id\":\"https:\/\/sha-luzern.ch\/pt-pt\/news\/publicado-telhados-da-praca-da-estacao-ferroviaria-de-ulm-apresentados-em-revista-de-arquitetura#breadcrumb\"},\"inLanguage\":\"pt-PT\",\"potentialAction\":[{\"@type\":\"ReadAction\",\"target\":[\"https:\/\/sha-luzern.ch\/pt-pt\/news\/publicado-telhados-da-praca-da-estacao-ferroviaria-de-ulm-apresentados-em-revista-de-arquitetura\"]}]},{\"@type\":\"ImageObject\",\"inLanguage\":\"pt-PT\",\"@id\":\"https:\/\/sha-luzern.ch\/pt-pt\/news\/publicado-telhados-da-praca-da-estacao-ferroviaria-de-ulm-apresentados-em-revista-de-arquitetura#primaryimage\",\"url\":\"https:\/\/sha-luzern.ch\/wp-content\/uploads\/Titelbild-1.jpg\",\"contentUrl\":\"https:\/\/sha-luzern.ch\/wp-content\/uploads\/Titelbild-1.jpg\",\"width\":706,\"height\":368,\"caption\":\"Neubau D\u00e4cher Bahnhofsplatz Ulm | SHA Scheffler Helbich Architekten\"},{\"@type\":\"BreadcrumbList\",\"@id\":\"https:\/\/sha-luzern.ch\/pt-pt\/news\/publicado-telhados-da-praca-da-estacao-ferroviaria-de-ulm-apresentados-em-revista-de-arquitetura#breadcrumb\",\"itemListElement\":[{\"@type\":\"ListItem\",\"position\":1,\"name\":\"Startseite\",\"item\":\"https:\/\/sha-luzern.ch\/pt-pt\/inicio\"},{\"@type\":\"ListItem\",\"position\":2,\"name\":\"Publicado: Telhados da pra\u00e7a da esta\u00e7\u00e3o ferrovi\u00e1ria de Ulm apresentados em revista de arquitetura\"}]},{\"@type\":\"WebSite\",\"@id\":\"https:\/\/sha-luzern.ch\/pt-pt#website\",\"url\":\"https:\/\/sha-luzern.ch\/pt-pt\",\"name\":\"SHA Scheffler Helbich Architekten GmbH\",\"description\":\"\",\"potentialAction\":[{\"@type\":\"SearchAction\",\"target\":{\"@type\":\"EntryPoint\",\"urlTemplate\":\"https:\/\/sha-luzern.ch\/pt-pt?s={search_term_string}\"},\"query-input\":{\"@type\":\"PropertyValueSpecification\",\"valueRequired\":true,\"valueName\":\"search_term_string\"}}],\"inLanguage\":\"pt-PT\"},{\"@type\":\"Person\",\"@id\":\"https:\/\/sha-luzern.ch\/pt-pt#\/schema\/person\/ce23b4e86defac6734402dec34d578ed\",\"name\":\"Max Frittgen\",\"image\":{\"@type\":\"ImageObject\",\"inLanguage\":\"pt-PT\",\"@id\":\"https:\/\/sha-luzern.ch\/pt-pt#\/schema\/person\/image\/\",\"url\":\"https:\/\/secure.gravatar.com\/avatar\/c7742cab791c03d6ba68b2229279b1e623447addf8feb1dc9bd10ac9a6e6f0f8?s=96&d=mm&r=g\",\"contentUrl\":\"https:\/\/secure.gravatar.com\/avatar\/c7742cab791c03d6ba68b2229279b1e623447addf8feb1dc9bd10ac9a6e6f0f8?s=96&d=mm&r=g\",\"caption\":\"Max Frittgen\"},\"sameAs\":[\"http:\/\/www.sha-luzern.ch\"]}]}<\/script>\n<!-- \/ Yoast SEO plugin. -->","yoast_head_json":{"title":"Novo projeto de constru\u00e7\u00e3o dos telhados da esta\u00e7\u00e3o ferrovi\u00e1ria de Ulm apresentado numa revista de arquitetura","description":"Bahnhofplatz Ulm - telhado em frente \u00e0 esta\u00e7\u00e3o e telhados das paragens de autocarro foi apresentado no \u00faltimo n\u00famero 11\/23 da revista especializada Garten + Landschaft.","robots":{"index":"index","follow":"follow","max-snippet":"max-snippet:-1","max-image-preview":"max-image-preview:large","max-video-preview":"max-video-preview:-1"},"canonical":"https:\/\/sha-luzern.ch\/pt-pt\/news\/publicado-telhados-da-praca-da-estacao-ferroviaria-de-ulm-apresentados-em-revista-de-arquitetura","og_locale":"pt_PT","og_type":"article","og_title":"Novo projeto de constru\u00e7\u00e3o dos telhados da esta\u00e7\u00e3o ferrovi\u00e1ria de Ulm apresentado numa revista de arquitetura","og_description":"Bahnhofplatz Ulm - telhado em frente \u00e0 esta\u00e7\u00e3o e telhados das paragens de autocarro foi apresentado no \u00faltimo n\u00famero 11\/23 da revista especializada Garten + Landschaft.","og_url":"https:\/\/sha-luzern.ch\/pt-pt\/news\/publicado-telhados-da-praca-da-estacao-ferroviaria-de-ulm-apresentados-em-revista-de-arquitetura","og_site_name":"SHA Scheffler Helbich Architekten GmbH","article_published_time":"2023-11-07T12:06:30+00:00","article_modified_time":"2024-09-23T14:53:50+00:00","og_image":[{"width":706,"height":368,"url":"https:\/\/sha-luzern.ch\/wp-content\/uploads\/Titelbild-1.jpg","type":"image\/jpeg"}],"author":"Max Frittgen","twitter_card":"summary_large_image","twitter_misc":{"Escrito por":"Max Frittgen","Tempo estimado de leitura":"7 minutos"},"schema":{"@context":"https:\/\/schema.org","@graph":[{"@type":"WebPage","@id":"https:\/\/sha-luzern.ch\/pt-pt\/news\/publicado-telhados-da-praca-da-estacao-ferroviaria-de-ulm-apresentados-em-revista-de-arquitetura","url":"https:\/\/sha-luzern.ch\/pt-pt\/news\/publicado-telhados-da-praca-da-estacao-ferroviaria-de-ulm-apresentados-em-revista-de-arquitetura","name":"Novo projeto de constru\u00e7\u00e3o dos telhados da esta\u00e7\u00e3o ferrovi\u00e1ria de Ulm apresentado numa revista de arquitetura","isPartOf":{"@id":"https:\/\/sha-luzern.ch\/pt-pt#website"},"primaryImageOfPage":{"@id":"https:\/\/sha-luzern.ch\/pt-pt\/news\/publicado-telhados-da-praca-da-estacao-ferroviaria-de-ulm-apresentados-em-revista-de-arquitetura#primaryimage"},"image":{"@id":"https:\/\/sha-luzern.ch\/pt-pt\/news\/publicado-telhados-da-praca-da-estacao-ferroviaria-de-ulm-apresentados-em-revista-de-arquitetura#primaryimage"},"thumbnailUrl":"https:\/\/sha-luzern.ch\/wp-content\/uploads\/Titelbild-1.jpg","datePublished":"2023-11-07T12:06:30+00:00","dateModified":"2024-09-23T14:53:50+00:00","author":{"@id":"https:\/\/sha-luzern.ch\/pt-pt#\/schema\/person\/ce23b4e86defac6734402dec34d578ed"},"description":"Bahnhofplatz Ulm - telhado em frente \u00e0 esta\u00e7\u00e3o e telhados das paragens de autocarro foi apresentado no \u00faltimo n\u00famero 11\/23 da revista especializada Garten + Landschaft.","breadcrumb":{"@id":"https:\/\/sha-luzern.ch\/pt-pt\/news\/publicado-telhados-da-praca-da-estacao-ferroviaria-de-ulm-apresentados-em-revista-de-arquitetura#breadcrumb"},"inLanguage":"pt-PT","potentialAction":[{"@type":"ReadAction","target":["https:\/\/sha-luzern.ch\/pt-pt\/news\/publicado-telhados-da-praca-da-estacao-ferroviaria-de-ulm-apresentados-em-revista-de-arquitetura"]}]},{"@type":"ImageObject","inLanguage":"pt-PT","@id":"https:\/\/sha-luzern.ch\/pt-pt\/news\/publicado-telhados-da-praca-da-estacao-ferroviaria-de-ulm-apresentados-em-revista-de-arquitetura#primaryimage","url":"https:\/\/sha-luzern.ch\/wp-content\/uploads\/Titelbild-1.jpg","contentUrl":"https:\/\/sha-luzern.ch\/wp-content\/uploads\/Titelbild-1.jpg","width":706,"height":368,"caption":"Neubau D\u00e4cher Bahnhofsplatz Ulm | SHA Scheffler Helbich Architekten"},{"@type":"BreadcrumbList","@id":"https:\/\/sha-luzern.ch\/pt-pt\/news\/publicado-telhados-da-praca-da-estacao-ferroviaria-de-ulm-apresentados-em-revista-de-arquitetura#breadcrumb","itemListElement":[{"@type":"ListItem","position":1,"name":"Startseite","item":"https:\/\/sha-luzern.ch\/pt-pt\/inicio"},{"@type":"ListItem","position":2,"name":"Publicado: Telhados da pra\u00e7a da esta\u00e7\u00e3o ferrovi\u00e1ria de Ulm apresentados em revista de arquitetura"}]},{"@type":"WebSite","@id":"https:\/\/sha-luzern.ch\/pt-pt#website","url":"https:\/\/sha-luzern.ch\/pt-pt","name":"SHA Scheffler Helbich Architekten GmbH","description":"","potentialAction":[{"@type":"SearchAction","target":{"@type":"EntryPoint","urlTemplate":"https:\/\/sha-luzern.ch\/pt-pt?s={search_term_string}"},"query-input":{"@type":"PropertyValueSpecification","valueRequired":true,"valueName":"search_term_string"}}],"inLanguage":"pt-PT"},{"@type":"Person","@id":"https:\/\/sha-luzern.ch\/pt-pt#\/schema\/person\/ce23b4e86defac6734402dec34d578ed","name":"Max Frittgen","image":{"@type":"ImageObject","inLanguage":"pt-PT","@id":"https:\/\/sha-luzern.ch\/pt-pt#\/schema\/person\/image\/","url":"https:\/\/secure.gravatar.com\/avatar\/c7742cab791c03d6ba68b2229279b1e623447addf8feb1dc9bd10ac9a6e6f0f8?s=96&d=mm&r=g","contentUrl":"https:\/\/secure.gravatar.com\/avatar\/c7742cab791c03d6ba68b2229279b1e623447addf8feb1dc9bd10ac9a6e6f0f8?s=96&d=mm&r=g","caption":"Max Frittgen"},"sameAs":["http:\/\/www.sha-luzern.ch"]}]}},"_links":{"self":[{"href":"https:\/\/sha-luzern.ch\/pt-pt\/wp-json\/wp\/v2\/posts\/33394","targetHints":{"allow":["GET"]}}],"collection":[{"href":"https:\/\/sha-luzern.ch\/pt-pt\/wp-json\/wp\/v2\/posts"}],"about":[{"href":"https:\/\/sha-luzern.ch\/pt-pt\/wp-json\/wp\/v2\/types\/post"}],"author":[{"embeddable":true,"href":"https:\/\/sha-luzern.ch\/pt-pt\/wp-json\/wp\/v2\/users\/4"}],"replies":[{"embeddable":true,"href":"https:\/\/sha-luzern.ch\/pt-pt\/wp-json\/wp\/v2\/comments?post=33394"}],"version-history":[{"count":9,"href":"https:\/\/sha-luzern.ch\/pt-pt\/wp-json\/wp\/v2\/posts\/33394\/revisions"}],"predecessor-version":[{"id":47265,"href":"https:\/\/sha-luzern.ch\/pt-pt\/wp-json\/wp\/v2\/posts\/33394\/revisions\/47265"}],"wp:featuredmedia":[{"embeddable":true,"href":"https:\/\/sha-luzern.ch\/pt-pt\/wp-json\/wp\/v2\/media\/27811"}],"wp:attachment":[{"href":"https:\/\/sha-luzern.ch\/pt-pt\/wp-json\/wp\/v2\/media?parent=33394"}],"wp:term":[{"taxonomy":"category","embeddable":true,"href":"https:\/\/sha-luzern.ch\/pt-pt\/wp-json\/wp\/v2\/categories?post=33394"},{"taxonomy":"post_tag","embeddable":true,"href":"https:\/\/sha-luzern.ch\/pt-pt\/wp-json\/wp\/v2\/tags?post=33394"}],"curies":[{"name":"wp","href":"https:\/\/api.w.org\/{rel}","templated":true}]}}