{"id":34170,"date":"2020-11-11T09:16:22","date_gmt":"2020-11-11T08:16:22","guid":{"rendered":"https:\/\/sha.de\/aktuelles\/cerimonia-de-lancamento-da-primeira-pedra-para-a-remodelacao-do-hoeschpark"},"modified":"2024-09-23T16:55:12","modified_gmt":"2024-09-23T14:55:12","slug":"cerimonia-de-lancamento-da-primeira-pedra-para-a-remodelacao-do-hoeschpark","status":"publish","type":"post","link":"https:\/\/sha-luzern.ch\/pt-pt\/news\/cerimonia-de-lancamento-da-primeira-pedra-para-a-remodelacao-do-hoeschpark","title":{"rendered":"Cerim\u00f3nia de lan\u00e7amento da primeira pedra para a remodela\u00e7\u00e3o do Hoeschpark"},"content":{"rendered":"<div id='av_section_1' class='avia-section main_color pt-default pb-default avia-no-border-styling avia-bg-style-scroll  avia-builder-el-0  avia-builder-el-no-sibling   container_wrap fullsize' style=' '  ><div class='container' ><main  role=\"main\" itemprop=\"mainContentOfPage\"  class='template-page content  av-content-full alpha units'><div class='post-entry post-entry-type-page post-entry-34170'><div class='entry-content-wrapper clearfix'>\n\n\t\t\t<div id=\"av-k1hoeuzj\" class=\"headline-column flex_column av_one_full flex_column_div first \">\n\t\t\t\t<div class=\"headline-wrap is-outside align-left sub-bottom\">\n\t\t\t\t\t<h1 class=\"headline-content headline-primary\">Cerim\u00f3nia de lan\u00e7amento da primeira pedra para a remodela\u00e7\u00e3o do Hoeschpark<\/h1>\n\t\t\t\t\t<h3 class=\"headline-content headline-secondary\">In\u00edcio da constru\u00e7\u00e3o no norte de Dortmund<\/h3>\n\t\t\t\t<\/div>\n\t\t\t<\/div>\n<div class=\"flex_column av_one_third  flex_column_div av-zero-column-padding first bg-default      avia-builder-el-2  el_after_pixel_sc_headline  el_before_av_one_third  \"><section  class='av_textblock_section av-kfgpxslt-04f9fccb669364580f9680de1cfc2458 '   itemscope=\"itemscope\" itemtype=\"https:\/\/schema.org\/BlogPosting\" itemprop=\"blogPost\" ><div class='avia_textblock'  itemprop=\"text\" ><p>Um &#8220;o\u00e1sis verde&#8221; no norte de Dortmund est\u00e1 a ser melhorado: Come\u00e7aram as obras de renova\u00e7\u00e3o do Hoeschpark. O objetivo dos trabalhos de moderniza\u00e7\u00e3o \u00e9 desenvolver ainda mais a fun\u00e7\u00e3o desportiva e recreativa existente no parque.<\/p>\n<p>A cerim\u00f3nia oficial de lan\u00e7amento da primeira pedra da obra teve lugar ontem, ter\u00e7a-feira, 10 de novembro. O Vereador Ludger Wilde, Susanne Linnebach, Chefe do Gabinete de Reabilita\u00e7\u00e3o Urbana respons\u00e1vel pela coordena\u00e7\u00e3o do projeto, e Bernd Kruse, Diretor-Geral das organiza\u00e7\u00f5es municipais de desporto e lazer propriet\u00e1rias do Hoeschpark, deram o sinal de partida juntamente com Christoph Helbich (S\u00f3cio-Gerente SHA Scheffler Helbich Architekten GmbH) e Florian Depenbrock<a href=\"http:\/\/www.nsp-la.de\/index.html\" target=\"_blank\" rel=\"noopener nofollow\">(nsp landschaftsarchitekten stadtplaner PartGmbB schonhoff schadzek depenbrock<\/a>).<\/p>\n<p>Por um lado, os edif\u00edcios dos centros desportivos e de t\u00e9nis est\u00e3o a ser renovados. Isto d\u00e1 \u00e0s associa\u00e7\u00f5es locais mais espa\u00e7o e, ao mesmo tempo, partes das instala\u00e7\u00f5es est\u00e3o tamb\u00e9m abertas a outros residentes do bairro para a realiza\u00e7\u00e3o de exposi\u00e7\u00f5es, eventos culturais ou outros. Por outro lado, alguns dos espa\u00e7os abertos do parque ser\u00e3o redesenhados e uma parte da ilumina\u00e7\u00e3o dos caminhos ser\u00e1 renovada. &#8220;O que j\u00e1 existe ser\u00e1 complementado por melhores infra-estruturas&#8221;, afirma Christoph Helbich. &#8220;O car\u00e1cter do parque ser\u00e1 preservado&#8221;.<\/p>\n<p>O desenvolvimento do Hoeschpark \u00e9 um dos maiores e mais importantes projectos de reabilita\u00e7\u00e3o urbana em curso, juntamente com a remodela\u00e7\u00e3o da Speicherstra\u00dfe e o projeto &#8220;Heimathafen&#8221;. Estamos muito satisfeitos por podermos modernizar o Hoeschpark, uma vez que o parque \u00e9 de enorme import\u00e2ncia para a popula\u00e7\u00e3o de Nordstadt&#8221;, afirma Ludger Wilde. E Bernd Kruse acrescenta:<\/p>\n<\/div><\/section><\/div><div class=\"flex_column av_one_third  flex_column_div av-zero-column-padding        avia-builder-el-4  el_after_av_one_third  el_before_av_one_third  \"><section  class='av_textblock_section av-kaqj9hph-706c318c8f487264c95b3db12998d912 '   itemscope=\"itemscope\" itemtype=\"https:\/\/schema.org\/BlogPosting\" itemprop=\"blogPost\" ><div class='avia_textblock'  itemprop=\"text\" ><p>&#8220;O parque j\u00e1 tem um apelo nacional para os entusiastas do desporto gra\u00e7as \u00e0s instala\u00e7\u00f5es existentes para o basebol, o futebol, o atletismo e o t\u00e9nis. Para al\u00e9m da moderniza\u00e7\u00e3o do centro desportivo e de t\u00e9nis, ser\u00e3o criadas instala\u00e7\u00f5es desportivas ao ar livre, como a pista de fitness &#8220;Loop&#8221;, uma parede de escalada, o bosque desportivo com um centro de fitness ao ar livre e um campo multifuncional de basquetebol e t\u00e9nis. Isto tornar\u00e1 o parque ainda mais atrativo para os h\u00f3spedes&#8221;.<\/p>\n<p>Susanne Linnebach acrescenta: &#8220;O parque \u00e9 um &#8216;centro recreativo para todos&#8217; e pode ser refor\u00e7ado pelas nossas medidas. Como resultado, continua a ser um local de recreio, lazer e desporto para as pessoas da vizinhan\u00e7a e tamb\u00e9m oferece aos visitantes de toda a \u00e1rea da cidade e para al\u00e9m das suas fronteiras actividades e locais de estadia particularmente atractivos.&#8221;<\/p>\n<p>Para o desenvolvimento do Hoeschpark, est\u00e3o dispon\u00edveis fundos para projectos num total de quase 5 milh\u00f5es de euros, 90% dos quais est\u00e3o a ser financiados. O financiamento prov\u00e9m do programa de renova\u00e7\u00e3o urbana &#8220;Cidade Socialmente Integradora &#8211; Dortmund Nordstadt&#8221;, que \u00e9 apoiado pela UE, pelo governo federal e pelo Estado da Ren\u00e2nia do Norte-Vestef\u00e1lia. O resto dos custos \u00e9 suportado pela cidade de Dortmund. Devido ao financiamento da UE, a realiza\u00e7\u00e3o das medidas de constru\u00e7\u00e3o est\u00e1 sujeita a um calend\u00e1rio rigoroso: &#8220;Os trabalhos de constru\u00e7\u00e3o t\u00eam de estar conclu\u00eddos at\u00e9 ao final de 2021, para que a convers\u00e3o dos edif\u00edcios e das instala\u00e7\u00f5es exteriores possa come\u00e7ar ao mesmo tempo&#8221;, diz Linnebach.<\/p>\n<h3>O Hoeschpark como um &#8220;o\u00e1sis verde&#8221;<\/h3>\n<p>O Hoeschpark, situado entre a Borsigplatz e a antiga Westfalenh\u00fctte, sempre desempenhou um papel importante como &#8220;o\u00e1sis verde&#8221;, \u00e1rea de relaxamento e centro desportivo para os residentes de Nordstadt.<\/p>\n<\/div><\/section><\/div><div class=\"flex_column av_one_third  flex_column_div av-zero-column-padding        avia-builder-el-6  el_after_av_one_third  el_before_av_one_full  \"><p><section  class='av_textblock_section av-khd41is5-d4d0517836ce076fe388d354d1a95bbb '   itemscope=\"itemscope\" itemtype=\"https:\/\/schema.org\/BlogPosting\" itemprop=\"blogPost\" ><div class='avia_textblock'  itemprop=\"text\" ><p>Est\u00e1 aberto ao p\u00fablico e uma variedade de actividades de lazer, bem como zonas de bosques e prados com \u00e1rvores maduras, oferecem uma vasta gama de actividades para todas as idades.<\/p>\n<p>Para al\u00e9m da sua fun\u00e7\u00e3o recreativa no campo, o Hoeschpark \u00e9 tamb\u00e9m muito importante como recinto desportivo: hoje em dia, alberga quatro clubes de futebol e um clube de t\u00e9nis, bem como um clube de basebol e um clube de futebol americano, o que torna o parque famoso muito para al\u00e9m dos limites da cidade. O Hoeschpark \u00e9 complementado pela piscina exterior vizinha de Stockheide, a leste.<\/p>\n<p><em>Fotografias: Roland Gorecki<\/em><\/p>\n<\/div><\/section><br \/>\n\n<style type=\"text\/css\" data-created_by=\"avia_inline_auto\" id=\"style-css-av-k3fpn5l3-d9d6046a9b2a064112ddf97d2ad905ed\">\n#top .hr.av-k3fpn5l3-d9d6046a9b2a064112ddf97d2ad905ed{\nmargin-top:20px;\nmargin-bottom:20px;\n}\n.hr.av-k3fpn5l3-d9d6046a9b2a064112ddf97d2ad905ed .hr-inner{\nwidth:100%;\nborder-color:#000000;\n}\n<\/style>\n<div  class='hr av-k3fpn5l3-d9d6046a9b2a064112ddf97d2ad905ed hr-custom  avia-builder-el-8  el_after_av_textblock  el_before_pixel_sc_postcard  hr-center hr-icon-no'><span class='hr-inner inner-border-av-border-thin'><span class=\"hr-inner-style\"><\/span><\/span><\/div><br \/>\n<article id=\"\" class=\"card-entry referenz-entry static-button   text-align-left has-link   heading-link  has-button \">\n\t<div class=\"card-entry__inner\">\n\t\t\n\t\n\t\t<div class=\"card-entry__media media-type-\">\n\t<div class=\"card-entry__media-inner\">\n\n\t\t<div class=\"card_entry__referenz\">\n\t\t\t<div class=\"card_entry__referenz-inner\">\n\t\t\t\t\t\t\t\t\t<div class=\"card-entry__heading\">\n\t<div class=\"card-entry__heading-inner\">\n\n\n\t\t\t\n\t\t\t\n\t\t\t<a class=\"card-entry__link\" href=\"https:\/\/sha-luzern.ch\/projekte\/stadien-sportstaetten\/sport-und-erholungsanlage-hoeschpark-dortmund\" target=\"_self\">\n\t\t\t\t\t\t\t<h3 class=\"card-entry__headline  \">\n\t\t\t\t\tSport- und Erholungsanlage Hoeschpark Dortmund\n\t\t\t\t<\/h3>\n\t\t\t\n\t\t\t\n\t\t<\/a>\n\t<\/div>\n<\/div>\n\t\t\t\t\t\t\t<\/div>\n\t\t<\/div>\n\n\t\t\t\t\t<div class=\"card-entry__action\">\n\t<div class=\"card-entry__action-inner\">\n\t\t<div class=\"card-entry__button-wrap avia-button-wrap avia-button-right theme-fill\">\n\t\t\t\t\t\t\t<a class=\"card-entry__button avia-button avia-button color-ci-black hover-yellow avia-size-small  avia-position-right\" href=\"https:\/\/sha-luzern.ch\/projekte\/stadien-sportstaetten\/sport-und-erholungsanlage-hoeschpark-dortmund\" target=\"\">\n\t\t\t\t\t<span class=\"button-icon\"><i class=\"icon-arrow_next\"><\/i><\/span><span class=\"button-text\">Ler mais<\/span>\n\t\t\t\t<\/a>\n\t\t\t\t\t<\/div>\n\t<\/div>\n<\/div>\n\t\t\n\t\t\t\t\t<a href=\"https:\/\/sha-luzern.ch\/projekte\/stadien-sportstaetten\/sport-und-erholungsanlage-hoeschpark-dortmund\" class=\"slide-image\" title=\"\"><img decoding=\"async\" src=\"https:\/\/sha-luzern.ch\/wp-content\/uploads\/Plan-Hoeschpark-3-706x564.jpg\" \/><\/a>\n\t\t\t<\/div>\n<\/div>\n\n\t\n\t<\/div>\n<\/article>\n<\/p><\/div><div class=\"flex_column av_one_full  flex_column_div av-zero-column-padding first       avia-builder-el-10  el_after_av_one_third  avia-builder-el-last  column-top-margin\"><div class=\"slickgallery \">\n\t<div class=\"pixel-slide-wrap\">\n\t\t<div class=\"pixel-slide\" style=\"display: block; width: 100%; float: left;\">\n\t\t\t\t\n\t\t\t\t\t\t\t\t\t\t\t\t\t\n\t\t\t\t\t<div class=\"pixel-slide__image-wrap slide-1\">\n\t\t\t\t\t\t\t<div class=\"pixel-slide__image \"><a href=\"https:\/\/sha-luzern.ch\/wp-content\/uploads\/Erster-Spatenstich-Umbau-Hoeschpark_web_Roland-Gorecki-02-1133x850.jpg\" rel=\"lightbox\"><img decoding=\"async\" src=\"https:\/\/sha-luzern.ch\/wp-content\/uploads\/Erster-Spatenstich-Umbau-Hoeschpark_web_Roland-Gorecki-02-706x368.jpg\" alt=\"Erster Spatenstich Umbau Hoeschpark Web Roland Gorecki 02\" title=\"Erster Spatenstich Umbau Hoeschpark Web Roland Gorecki 02\"><\/a><\/div>\n\t\t\t\t\t<\/div>\n\t\t\t\t\n\t\t\t\t\t\t\t\t\t\t\t\t\t\n\t\t\t\t\t<div class=\"pixel-slide__image-wrap slide-2\">\n\t\t\t\t\t\t\t<div class=\"pixel-slide__image \"><a href=\"https:\/\/sha-luzern.ch\/wp-content\/uploads\/Erster-Spatenstich-Umbau-Hoeschpark_web_Roland-Gorecki-01-1275x850.jpg\" rel=\"lightbox\"><img decoding=\"async\" src=\"https:\/\/sha-luzern.ch\/wp-content\/uploads\/Erster-Spatenstich-Umbau-Hoeschpark_web_Roland-Gorecki-01-706x368.jpg\" alt=\"Erster Spatenstich Umbau Hoeschpark Web Roland Gorecki 01\" title=\"Erster Spatenstich Umbau Hoeschpark Web Roland Gorecki 01\"><\/a><\/div>\n\t\t\t\t\t<\/div>\n\t\t\t\t\n\t\t\t\t\t\t\t\t\t\t\t\t\t\n\t\t\t\t\t<div class=\"pixel-slide__image-wrap slide-3\">\n\t\t\t\t\t\t\t<div class=\"pixel-slide__image \"><a href=\"https:\/\/sha-luzern.ch\/wp-content\/uploads\/Erster-Spatenstich-Umbau-Hoeschpark_web_Roland-Gorecki-03-1280x720.jpg\" rel=\"lightbox\"><img decoding=\"async\" src=\"https:\/\/sha-luzern.ch\/wp-content\/uploads\/Erster-Spatenstich-Umbau-Hoeschpark_web_Roland-Gorecki-03-706x368.jpg\" alt=\"Erster Spatenstich Umbau Hoeschpark Web Roland Gorecki 03\" title=\"Erster Spatenstich Umbau Hoeschpark Web Roland Gorecki 03\"><\/a><\/div>\n\t\t\t\t\t<\/div>\n\t\t\t\t\n\t\t\t\t\t\t\t\t\t\t\t\t\t\n\t\t\t\t\t<div class=\"pixel-slide__image-wrap slide-4\">\n\t\t\t\t\t\t\t<div class=\"pixel-slide__image \"><a href=\"https:\/\/sha-luzern.ch\/wp-content\/uploads\/Plan-Hoeschpark-5-1012x850.jpg\" rel=\"lightbox\"><img decoding=\"async\" src=\"https:\/\/sha-luzern.ch\/wp-content\/uploads\/Plan-Hoeschpark-5-706x368.jpg\" alt=\"Plan Hoeschpark (5)\" title=\"Plan Hoeschpark (5)\"><\/a><\/div>\n\t\t\t\t\t<\/div>\n\t\t\t\t\n\t\t\t\t\t\t\t\t\t\t\t\t\t\n\t\t\t\t\t<div class=\"pixel-slide__image-wrap slide-5\">\n\t\t\t\t\t\t\t<div class=\"pixel-slide__image \"><a href=\"https:\/\/sha-luzern.ch\/wp-content\/uploads\/Plan-Hoeschpark-3-932x850.jpg\" rel=\"lightbox\"><img decoding=\"async\" src=\"https:\/\/sha-luzern.ch\/wp-content\/uploads\/Plan-Hoeschpark-3-706x368.jpg\" alt=\"Plan Hoeschpark (3)\" title=\"Plan Hoeschpark (3)\"><\/a><\/div>\n\t\t\t\t\t<\/div>\n\t\t\t\t\n\t\t\t\t\t\t\t\t\t\t\t\t\t\n\t\t\t\t\t<div class=\"pixel-slide__image-wrap slide-6\">\n\t\t\t\t\t\t\t<div class=\"pixel-slide__image \"><a href=\"https:\/\/sha-luzern.ch\/wp-content\/uploads\/Plan-Hoeschpark-6-1280x518.jpg\" rel=\"lightbox\"><img decoding=\"async\" src=\"https:\/\/sha-luzern.ch\/wp-content\/uploads\/Plan-Hoeschpark-6-706x368.jpg\" alt=\"Plan Hoeschpark (6)\" title=\"Plan Hoeschpark (6)\"><\/a><\/div>\n\t\t\t\t\t<\/div>\n\t\t\t\t\n\t\t\t\t\t\t\t\t\t\t\t\t\t\n\t\t\t\t\t<div class=\"pixel-slide__image-wrap slide-7\">\n\t\t\t\t\t\t\t<div class=\"pixel-slide__image \"><a href=\"https:\/\/sha-luzern.ch\/wp-content\/uploads\/Plan-Hoeschpark-4-1280x518.jpg\" rel=\"lightbox\"><img decoding=\"async\" src=\"https:\/\/sha-luzern.ch\/wp-content\/uploads\/Plan-Hoeschpark-4-706x368.jpg\" alt=\"Plan Hoeschpark (4)\" title=\"Plan Hoeschpark (4)\"><\/a><\/div>\n\t\t\t\t\t<\/div>\n\t\t\t\t\n\t\t\t\t\t\t\t\t\t\t\t\t\t\n\t\t\t\t\t<div class=\"pixel-slide__image-wrap slide-8\">\n\t\t\t\t\t\t\t<div class=\"pixel-slide__image \"><a href=\"https:\/\/sha-luzern.ch\/wp-content\/uploads\/Plan-Hoeschpark-2-1280x728.jpg\" rel=\"lightbox\"><img decoding=\"async\" src=\"https:\/\/sha-luzern.ch\/wp-content\/uploads\/Plan-Hoeschpark-2-706x368.jpg\" alt=\"Plan Hoeschpark (2)\" title=\"Plan Hoeschpark (2)\"><\/a><\/div>\n\t\t\t\t\t<\/div>\n\t\t\t\t\n\t\t\t\t\t\t\t\t\t\t\t\t\t\n\t\t\t\t\t<div class=\"pixel-slide__image-wrap slide-9\">\n\t\t\t\t\t\t\t<div class=\"pixel-slide__image \"><a href=\"https:\/\/sha-luzern.ch\/wp-content\/uploads\/Plan-Hoeschpark-1-1011x850.jpg\" rel=\"lightbox\"><img decoding=\"async\" src=\"https:\/\/sha-luzern.ch\/wp-content\/uploads\/Plan-Hoeschpark-1-706x368.jpg\" alt=\"Plan Hoeschpark (1)\" title=\"Plan Hoeschpark (1)\"><\/a><\/div>\n\t\t\t\t\t<\/div>\n\t\t\t\t\t\t<\/div>\n\t<\/div>\n<\/div><\/div>\n","protected":false},"excerpt":{"rendered":"<p>Um &#8220;o\u00e1sis verde&#8221; no norte de Dortmund est\u00e1 a ser melhorado: Come\u00e7aram as obras de renova\u00e7\u00e3o do Hoeschpark. Christoph Helbich esteve no local para a cerim\u00f3nia de lan\u00e7amento da primeira pedra.  <\/p>\n","protected":false},"author":2,"featured_media":23917,"comment_status":"closed","ping_status":"closed","sticky":false,"template":"","format":"standard","meta":{"_acf_changed":false,"content-type":"","footnotes":""},"categories":[878,884],"tags":[1011,1054,1252,1272,1273,1345],"class_list":["post-34170","post","type-post","status-publish","format-standard","has-post-thumbnail","hentry","category-dortmund-pt-pt","category-instalacoes-desportivas","tag-sha-pt-pt","tag-dortmund-pt-pt","tag-cerimonia-de-lancamento-da-primeira-pedra","tag-desporto","tag-instalacoes-desportivas","tag-hoeschpark-pt-pt"],"acf":[],"yoast_head":"<!-- This site is optimized with the Yoast SEO plugin v26.1.1 - https:\/\/yoast.com\/wordpress\/plugins\/seo\/ -->\n<title>Cerim\u00f3nia de lan\u00e7amento da primeira pedra do Hoeschpark Dortmund<\/title>\n<meta name=\"description\" content=\"Um &quot;o\u00e1sis verde&quot; no norte de Dortmund est\u00e1 a ser melhorado: Come\u00e7aram as obras de renova\u00e7\u00e3o do Hoeschpark.\" \/>\n<meta name=\"robots\" content=\"index, follow, max-snippet:-1, max-image-preview:large, max-video-preview:-1\" \/>\n<link rel=\"canonical\" href=\"https:\/\/sha-luzern.ch\/pt-pt\/news\/cerimonia-de-lancamento-da-primeira-pedra-para-a-remodelacao-do-hoeschpark\" \/>\n<meta property=\"og:locale\" content=\"pt_PT\" \/>\n<meta property=\"og:type\" content=\"article\" \/>\n<meta property=\"og:title\" content=\"Cerim\u00f3nia de lan\u00e7amento da primeira pedra do Hoeschpark Dortmund\" \/>\n<meta property=\"og:description\" content=\"Um &quot;o\u00e1sis verde&quot; no norte de Dortmund est\u00e1 a ser melhorado: Come\u00e7aram as obras de renova\u00e7\u00e3o do Hoeschpark.\" \/>\n<meta property=\"og:url\" content=\"https:\/\/sha-luzern.ch\/pt-pt\/news\/cerimonia-de-lancamento-da-primeira-pedra-para-a-remodelacao-do-hoeschpark\" \/>\n<meta property=\"og:site_name\" content=\"SHA Scheffler Helbich Architekten GmbH\" \/>\n<meta property=\"article:published_time\" content=\"2020-11-11T08:16:22+00:00\" \/>\n<meta property=\"article:modified_time\" content=\"2024-09-23T14:55:12+00:00\" \/>\n<meta property=\"og:image\" content=\"https:\/\/sha-luzern.ch\/wp-content\/uploads\/Erster-Spatenstich-Umbau-Hoeschpark_web_Roland-Gorecki-03.jpg\" \/>\n\t<meta property=\"og:image:width\" content=\"1680\" \/>\n\t<meta property=\"og:image:height\" content=\"945\" \/>\n\t<meta property=\"og:image:type\" content=\"image\/jpeg\" \/>\n<meta name=\"author\" content=\"Judith Weitzel\" \/>\n<meta name=\"twitter:card\" content=\"summary_large_image\" \/>\n<meta name=\"twitter:label1\" content=\"Escrito por\" \/>\n\t<meta name=\"twitter:data1\" content=\"Judith Weitzel\" \/>\n\t<meta name=\"twitter:label2\" content=\"Tempo estimado de leitura\" \/>\n\t<meta name=\"twitter:data2\" content=\"8 minutos\" \/>\n<script type=\"application\/ld+json\" class=\"yoast-schema-graph\">{\"@context\":\"https:\/\/schema.org\",\"@graph\":[{\"@type\":\"WebPage\",\"@id\":\"https:\/\/sha-luzern.ch\/pt-pt\/news\/cerimonia-de-lancamento-da-primeira-pedra-para-a-remodelacao-do-hoeschpark\",\"url\":\"https:\/\/sha-luzern.ch\/pt-pt\/news\/cerimonia-de-lancamento-da-primeira-pedra-para-a-remodelacao-do-hoeschpark\",\"name\":\"Cerim\u00f3nia de lan\u00e7amento da primeira pedra do Hoeschpark Dortmund\",\"isPartOf\":{\"@id\":\"https:\/\/sha-luzern.ch\/pt-pt#website\"},\"primaryImageOfPage\":{\"@id\":\"https:\/\/sha-luzern.ch\/pt-pt\/news\/cerimonia-de-lancamento-da-primeira-pedra-para-a-remodelacao-do-hoeschpark#primaryimage\"},\"image\":{\"@id\":\"https:\/\/sha-luzern.ch\/pt-pt\/news\/cerimonia-de-lancamento-da-primeira-pedra-para-a-remodelacao-do-hoeschpark#primaryimage\"},\"thumbnailUrl\":\"https:\/\/sha-luzern.ch\/wp-content\/uploads\/Erster-Spatenstich-Umbau-Hoeschpark_web_Roland-Gorecki-03.jpg\",\"datePublished\":\"2020-11-11T08:16:22+00:00\",\"dateModified\":\"2024-09-23T14:55:12+00:00\",\"author\":{\"@id\":\"https:\/\/sha-luzern.ch\/pt-pt#\/schema\/person\/e68d44538591ce8617e273ae50cb9fb3\"},\"description\":\"Um \\\"o\u00e1sis verde\\\" no norte de Dortmund est\u00e1 a ser melhorado: Come\u00e7aram as obras de renova\u00e7\u00e3o do Hoeschpark.\",\"breadcrumb\":{\"@id\":\"https:\/\/sha-luzern.ch\/pt-pt\/news\/cerimonia-de-lancamento-da-primeira-pedra-para-a-remodelacao-do-hoeschpark#breadcrumb\"},\"inLanguage\":\"pt-PT\",\"potentialAction\":[{\"@type\":\"ReadAction\",\"target\":[\"https:\/\/sha-luzern.ch\/pt-pt\/news\/cerimonia-de-lancamento-da-primeira-pedra-para-a-remodelacao-do-hoeschpark\"]}]},{\"@type\":\"ImageObject\",\"inLanguage\":\"pt-PT\",\"@id\":\"https:\/\/sha-luzern.ch\/pt-pt\/news\/cerimonia-de-lancamento-da-primeira-pedra-para-a-remodelacao-do-hoeschpark#primaryimage\",\"url\":\"https:\/\/sha-luzern.ch\/wp-content\/uploads\/Erster-Spatenstich-Umbau-Hoeschpark_web_Roland-Gorecki-03.jpg\",\"contentUrl\":\"https:\/\/sha-luzern.ch\/wp-content\/uploads\/Erster-Spatenstich-Umbau-Hoeschpark_web_Roland-Gorecki-03.jpg\",\"width\":1680,\"height\":945},{\"@type\":\"BreadcrumbList\",\"@id\":\"https:\/\/sha-luzern.ch\/pt-pt\/news\/cerimonia-de-lancamento-da-primeira-pedra-para-a-remodelacao-do-hoeschpark#breadcrumb\",\"itemListElement\":[{\"@type\":\"ListItem\",\"position\":1,\"name\":\"Startseite\",\"item\":\"https:\/\/sha-luzern.ch\/pt-pt\/inicio\"},{\"@type\":\"ListItem\",\"position\":2,\"name\":\"Cerim\u00f3nia de lan\u00e7amento da primeira pedra para a remodela\u00e7\u00e3o do Hoeschpark\"}]},{\"@type\":\"WebSite\",\"@id\":\"https:\/\/sha-luzern.ch\/pt-pt#website\",\"url\":\"https:\/\/sha-luzern.ch\/pt-pt\",\"name\":\"SHA Scheffler Helbich Architekten GmbH\",\"description\":\"\",\"potentialAction\":[{\"@type\":\"SearchAction\",\"target\":{\"@type\":\"EntryPoint\",\"urlTemplate\":\"https:\/\/sha-luzern.ch\/pt-pt?s={search_term_string}\"},\"query-input\":{\"@type\":\"PropertyValueSpecification\",\"valueRequired\":true,\"valueName\":\"search_term_string\"}}],\"inLanguage\":\"pt-PT\"},{\"@type\":\"Person\",\"@id\":\"https:\/\/sha-luzern.ch\/pt-pt#\/schema\/person\/e68d44538591ce8617e273ae50cb9fb3\",\"name\":\"Judith Weitzel\",\"image\":{\"@type\":\"ImageObject\",\"inLanguage\":\"pt-PT\",\"@id\":\"https:\/\/sha-luzern.ch\/pt-pt#\/schema\/person\/image\/\",\"url\":\"https:\/\/secure.gravatar.com\/avatar\/7c6bf497a9b76cc4943bd4d7716e797cafb90c96046233c36845e4654eed5e01?s=96&d=mm&r=g\",\"contentUrl\":\"https:\/\/secure.gravatar.com\/avatar\/7c6bf497a9b76cc4943bd4d7716e797cafb90c96046233c36845e4654eed5e01?s=96&d=mm&r=g\",\"caption\":\"Judith Weitzel\"}}]}<\/script>\n<!-- \/ Yoast SEO plugin. -->","yoast_head_json":{"title":"Cerim\u00f3nia de lan\u00e7amento da primeira pedra do Hoeschpark Dortmund","description":"Um \"o\u00e1sis verde\" no norte de Dortmund est\u00e1 a ser melhorado: Come\u00e7aram as obras de renova\u00e7\u00e3o do Hoeschpark.","robots":{"index":"index","follow":"follow","max-snippet":"max-snippet:-1","max-image-preview":"max-image-preview:large","max-video-preview":"max-video-preview:-1"},"canonical":"https:\/\/sha-luzern.ch\/pt-pt\/news\/cerimonia-de-lancamento-da-primeira-pedra-para-a-remodelacao-do-hoeschpark","og_locale":"pt_PT","og_type":"article","og_title":"Cerim\u00f3nia de lan\u00e7amento da primeira pedra do Hoeschpark Dortmund","og_description":"Um \"o\u00e1sis verde\" no norte de Dortmund est\u00e1 a ser melhorado: Come\u00e7aram as obras de renova\u00e7\u00e3o do Hoeschpark.","og_url":"https:\/\/sha-luzern.ch\/pt-pt\/news\/cerimonia-de-lancamento-da-primeira-pedra-para-a-remodelacao-do-hoeschpark","og_site_name":"SHA Scheffler Helbich Architekten GmbH","article_published_time":"2020-11-11T08:16:22+00:00","article_modified_time":"2024-09-23T14:55:12+00:00","og_image":[{"width":1680,"height":945,"url":"https:\/\/sha-luzern.ch\/wp-content\/uploads\/Erster-Spatenstich-Umbau-Hoeschpark_web_Roland-Gorecki-03.jpg","type":"image\/jpeg"}],"author":"Judith Weitzel","twitter_card":"summary_large_image","twitter_misc":{"Escrito por":"Judith Weitzel","Tempo estimado de leitura":"8 minutos"},"schema":{"@context":"https:\/\/schema.org","@graph":[{"@type":"WebPage","@id":"https:\/\/sha-luzern.ch\/pt-pt\/news\/cerimonia-de-lancamento-da-primeira-pedra-para-a-remodelacao-do-hoeschpark","url":"https:\/\/sha-luzern.ch\/pt-pt\/news\/cerimonia-de-lancamento-da-primeira-pedra-para-a-remodelacao-do-hoeschpark","name":"Cerim\u00f3nia de lan\u00e7amento da primeira pedra do Hoeschpark Dortmund","isPartOf":{"@id":"https:\/\/sha-luzern.ch\/pt-pt#website"},"primaryImageOfPage":{"@id":"https:\/\/sha-luzern.ch\/pt-pt\/news\/cerimonia-de-lancamento-da-primeira-pedra-para-a-remodelacao-do-hoeschpark#primaryimage"},"image":{"@id":"https:\/\/sha-luzern.ch\/pt-pt\/news\/cerimonia-de-lancamento-da-primeira-pedra-para-a-remodelacao-do-hoeschpark#primaryimage"},"thumbnailUrl":"https:\/\/sha-luzern.ch\/wp-content\/uploads\/Erster-Spatenstich-Umbau-Hoeschpark_web_Roland-Gorecki-03.jpg","datePublished":"2020-11-11T08:16:22+00:00","dateModified":"2024-09-23T14:55:12+00:00","author":{"@id":"https:\/\/sha-luzern.ch\/pt-pt#\/schema\/person\/e68d44538591ce8617e273ae50cb9fb3"},"description":"Um \"o\u00e1sis verde\" no norte de Dortmund est\u00e1 a ser melhorado: Come\u00e7aram as obras de renova\u00e7\u00e3o do Hoeschpark.","breadcrumb":{"@id":"https:\/\/sha-luzern.ch\/pt-pt\/news\/cerimonia-de-lancamento-da-primeira-pedra-para-a-remodelacao-do-hoeschpark#breadcrumb"},"inLanguage":"pt-PT","potentialAction":[{"@type":"ReadAction","target":["https:\/\/sha-luzern.ch\/pt-pt\/news\/cerimonia-de-lancamento-da-primeira-pedra-para-a-remodelacao-do-hoeschpark"]}]},{"@type":"ImageObject","inLanguage":"pt-PT","@id":"https:\/\/sha-luzern.ch\/pt-pt\/news\/cerimonia-de-lancamento-da-primeira-pedra-para-a-remodelacao-do-hoeschpark#primaryimage","url":"https:\/\/sha-luzern.ch\/wp-content\/uploads\/Erster-Spatenstich-Umbau-Hoeschpark_web_Roland-Gorecki-03.jpg","contentUrl":"https:\/\/sha-luzern.ch\/wp-content\/uploads\/Erster-Spatenstich-Umbau-Hoeschpark_web_Roland-Gorecki-03.jpg","width":1680,"height":945},{"@type":"BreadcrumbList","@id":"https:\/\/sha-luzern.ch\/pt-pt\/news\/cerimonia-de-lancamento-da-primeira-pedra-para-a-remodelacao-do-hoeschpark#breadcrumb","itemListElement":[{"@type":"ListItem","position":1,"name":"Startseite","item":"https:\/\/sha-luzern.ch\/pt-pt\/inicio"},{"@type":"ListItem","position":2,"name":"Cerim\u00f3nia de lan\u00e7amento da primeira pedra para a remodela\u00e7\u00e3o do Hoeschpark"}]},{"@type":"WebSite","@id":"https:\/\/sha-luzern.ch\/pt-pt#website","url":"https:\/\/sha-luzern.ch\/pt-pt","name":"SHA Scheffler Helbich Architekten GmbH","description":"","potentialAction":[{"@type":"SearchAction","target":{"@type":"EntryPoint","urlTemplate":"https:\/\/sha-luzern.ch\/pt-pt?s={search_term_string}"},"query-input":{"@type":"PropertyValueSpecification","valueRequired":true,"valueName":"search_term_string"}}],"inLanguage":"pt-PT"},{"@type":"Person","@id":"https:\/\/sha-luzern.ch\/pt-pt#\/schema\/person\/e68d44538591ce8617e273ae50cb9fb3","name":"Judith Weitzel","image":{"@type":"ImageObject","inLanguage":"pt-PT","@id":"https:\/\/sha-luzern.ch\/pt-pt#\/schema\/person\/image\/","url":"https:\/\/secure.gravatar.com\/avatar\/7c6bf497a9b76cc4943bd4d7716e797cafb90c96046233c36845e4654eed5e01?s=96&d=mm&r=g","contentUrl":"https:\/\/secure.gravatar.com\/avatar\/7c6bf497a9b76cc4943bd4d7716e797cafb90c96046233c36845e4654eed5e01?s=96&d=mm&r=g","caption":"Judith Weitzel"}}]}},"_links":{"self":[{"href":"https:\/\/sha-luzern.ch\/pt-pt\/wp-json\/wp\/v2\/posts\/34170","targetHints":{"allow":["GET"]}}],"collection":[{"href":"https:\/\/sha-luzern.ch\/pt-pt\/wp-json\/wp\/v2\/posts"}],"about":[{"href":"https:\/\/sha-luzern.ch\/pt-pt\/wp-json\/wp\/v2\/types\/post"}],"author":[{"embeddable":true,"href":"https:\/\/sha-luzern.ch\/pt-pt\/wp-json\/wp\/v2\/users\/2"}],"replies":[{"embeddable":true,"href":"https:\/\/sha-luzern.ch\/pt-pt\/wp-json\/wp\/v2\/comments?post=34170"}],"version-history":[{"count":1,"href":"https:\/\/sha-luzern.ch\/pt-pt\/wp-json\/wp\/v2\/posts\/34170\/revisions"}],"predecessor-version":[{"id":34177,"href":"https:\/\/sha-luzern.ch\/pt-pt\/wp-json\/wp\/v2\/posts\/34170\/revisions\/34177"}],"wp:featuredmedia":[{"embeddable":true,"href":"https:\/\/sha-luzern.ch\/pt-pt\/wp-json\/wp\/v2\/media\/23917"}],"wp:attachment":[{"href":"https:\/\/sha-luzern.ch\/pt-pt\/wp-json\/wp\/v2\/media?parent=34170"}],"wp:term":[{"taxonomy":"category","embeddable":true,"href":"https:\/\/sha-luzern.ch\/pt-pt\/wp-json\/wp\/v2\/categories?post=34170"},{"taxonomy":"post_tag","embeddable":true,"href":"https:\/\/sha-luzern.ch\/pt-pt\/wp-json\/wp\/v2\/tags?post=34170"}],"curies":[{"name":"wp","href":"https:\/\/api.w.org\/{rel}","templated":true}]}}