{"id":34188,"date":"2020-11-13T10:26:54","date_gmt":"2020-11-13T09:26:54","guid":{"rendered":"https:\/\/sha.de\/aktuelles\/laranja-a-sua-cidade-phoenixwerk-parece-laranja"},"modified":"2024-09-23T16:55:12","modified_gmt":"2024-09-23T14:55:12","slug":"laranja-a-sua-cidade-phoenixwerk-parece-laranja","status":"publish","type":"post","link":"https:\/\/sha-luzern.ch\/pt-pt\/news\/laranja-a-sua-cidade-phoenixwerk-parece-laranja","title":{"rendered":"Laranja a sua cidade: PhoenixWERK parece laranja"},"content":{"rendered":"<div id='av_section_1' class='avia-section main_color pt-default pb-default avia-no-border-styling avia-bg-style-scroll  avia-builder-el-0  avia-builder-el-no-sibling   container_wrap fullsize' style=' '  ><div class='container' ><main  role=\"main\" itemprop=\"mainContentOfPage\"  class='template-page content  av-content-full alpha units'><div class='post-entry post-entry-type-page post-entry-34188'><div class='entry-content-wrapper clearfix'>\n\n\t\t\t<div id=\"av-k1hoeuzj\" class=\"headline-column flex_column av_one_full flex_column_div first \">\n\t\t\t\t<div class=\"headline-wrap is-outside align-left sub-bottom\">\n\t\t\t\t\t<h1 class=\"headline-content headline-primary\">Laranja a sua cidade: PhoenixWERK parece laranja<\/h1>\n\t\t\t\t\t<h3 class=\"headline-content headline-secondary\">Dar o exemplo contra a viol\u00eancia contra as mulheres<\/h3>\n\t\t\t\t<\/div>\n\t\t\t<\/div>\n<div class=\"flex_column av_one_third  flex_column_div av-zero-column-padding first bg-default      avia-builder-el-2  el_after_pixel_sc_headline  el_before_av_one_third  \"><section  class='av_textblock_section av-kfgpxslt-ea45c4f6a96ab89e301f07421d1279df '   itemscope=\"itemscope\" itemtype=\"https:\/\/schema.org\/BlogPosting\" itemprop=\"blogPost\" ><div class='avia_textblock'  itemprop=\"text\" ><p>A C\u00e2mara Municipal de Nova Iorque, a Comiss\u00e3o Europeia em Bruxelas, o edif\u00edcio do parlamento estadual na Ren\u00e2nia do Norte-Vestef\u00e1lia, a Universidade de Dortmund, o alto-forno no PHOENIX West e o Florianturm: todos eles voltar\u00e3o a brilhar com a luz laranja este ano, na noite de 25 de novembro de 2020 <span class=\"aCOpRe\">&#8211;<\/span>juntamente com 45 outros edif\u00edcios marcantes em Dortmund. No \u00e2mbito do Dia de A\u00e7\u00e3o da ONU para a Elimina\u00e7\u00e3o da Viol\u00eancia contra as Mulheres, o objetivo \u00e9 chamar a aten\u00e7\u00e3o para os crimes violentos contra as mulheres em todo o mundo e fazer campanha pelos seus direitos.<\/p>\n<p>Por iniciativa dos <a href=\"https:\/\/www.zonta-dortmund.de\/\" target=\"_blank\" rel=\"noopener nofollow\">Clubes Zonta de Dortmund<\/a> <span class=\"aCOpRe\">&#8211; <\/span>sob o patroc\u00ednio do Lord Mayor de Dortmund, Thomas Westphal <span class=\"aCOpRe\">&#8211;<\/span> cerca de 50 empresas, autoridades e organiza\u00e7\u00f5es de Dortmund iluminar\u00e3o edif\u00edcios, marcos e monumentos em cor de laranja a partir das 17 horas do dia 25 de novembro. O nosso gabinete SHA Scheffler Helbich Architekten GmbH participa pela primeira vez na campanha com o <a href=\"https:\/\/sha-luzern.ch\/pt-pt\/news\/phoenixwerk-novas-obras-em-dortmund\">conjunto de escrit\u00f3rios PhoenixWERK<\/a>, conclu\u00eddo este ano.<\/p>\n<p>H\u00e1 j\u00e1 algum tempo que temos conhecimento do dia da campanha &#8220;Orange your City&#8221;&#8221;, afirma Christoph Helbich. &#8220;Depois de uma conversa pessoal com Claudia Austermann da Zonta Dortmund, percebemos que quer\u00edamos participar este ano e dar um exemplo ativo&#8221;, diz o s\u00f3cio-gerente da SHA.<\/p>\n<\/div><\/section><\/div><div class=\"flex_column av_one_third  flex_column_div av-zero-column-padding        avia-builder-el-4  el_after_av_one_third  el_before_av_one_third  \"><p><section  class='av_textblock_section av-kaqj9hph-706c318c8f487264c95b3db12998d912 '   itemscope=\"itemscope\" itemtype=\"https:\/\/schema.org\/BlogPosting\" itemprop=\"blogPost\" ><div class='avia_textblock'  itemprop=\"text\" ><p>A viol\u00eancia contra as mulheres e as raparigas \u00e9 uma viola\u00e7\u00e3o generalizada dos direitos humanos. Nunca deve ser esquecido: As mulheres e as raparigas tamb\u00e9m s\u00e3o v\u00edtimas de viol\u00eancia f\u00edsica e\/ou psicol\u00f3gica em Dortmund. Isto \u00e9 independente da idade, educa\u00e7\u00e3o, nacionalidade ou outros factores sociais, tal como confirmado pela pol\u00edcia, associa\u00e7\u00f5es de prote\u00e7\u00e3o das v\u00edtimas e centros de aconselhamento.<\/p>\n<p>A cor laranja foi escolhida pela <a href=\"https:\/\/www.unwomen.org\/en\/what-we-do\/ending-violence-against-women\/take-action\/16-days-of-activism\" target=\"_blank\" rel=\"noopener nofollow\">ONU Mulheres<\/a> como um s\u00edmbolo otimista de um futuro sem viol\u00eancia contra as mulheres e as raparigas. Assim, no final de novembro, o PhoenixWERK, no antigo local da siderurgia PHOENIX West, emitir\u00e1 um sinal amplamente reconhec\u00edvel com a mensagem: &#8220;N\u00e3o desvie o olhar! Especialmente nestes tempos dif\u00edceis, precisamos da sua aten\u00e7\u00e3o! As pessoas afectadas devem ser encorajadas a defender-se, a exercer os seus direitos, a procurar aconselhamento num centro de aconselhamento e a aceitar ajuda.<\/p>\n<\/div><\/section><br \/>\n\n<style type=\"text\/css\" data-created_by=\"avia_inline_auto\" id=\"style-css-av-k3fpn5l3-d9d6046a9b2a064112ddf97d2ad905ed\">\n#top .hr.av-k3fpn5l3-d9d6046a9b2a064112ddf97d2ad905ed{\nmargin-top:20px;\nmargin-bottom:20px;\n}\n.hr.av-k3fpn5l3-d9d6046a9b2a064112ddf97d2ad905ed .hr-inner{\nwidth:100%;\nborder-color:#000000;\n}\n<\/style>\n<div  class='hr av-k3fpn5l3-d9d6046a9b2a064112ddf97d2ad905ed hr-custom  avia-builder-el-6  el_after_av_textblock  el_before_av_textblock  hr-center hr-icon-no'><span class='hr-inner inner-border-av-border-thin'><span class=\"hr-inner-style\"><\/span><\/span><\/div><br \/>\n<section  class='av_textblock_section av-k30ao5o3-54301ff3ed4b4a4bf1a49614e4c20b80 '   itemscope=\"itemscope\" itemtype=\"https:\/\/schema.org\/BlogPosting\" itemprop=\"blogPost\" ><div class='avia_textblock'  itemprop=\"text\" ><div class=\"fakten\">\n<p><strong>Outras liga\u00e7\u00f5es<\/strong><\/p>\n<ul>\n<li><a href=\"https:\/\/zonta-union.de\/\" target=\"_blank\" rel=\"noopener nofollow\">Zonta Alemanha<\/a><\/li>\n<li><a href=\"https:\/\/www.zonta-dortmund.de\/\" target=\"_blank\" rel=\"noopener nofollow\">Zonta Dortmund<\/a><\/li>\n<\/ul>\n<\/div>\n<\/div><\/section><\/p><\/div><div class=\"flex_column av_one_third  flex_column_div av-zero-column-padding        avia-builder-el-8  el_after_av_one_third  el_before_av_one_full  \"><div class=\"quotebox  has-image bg-grey  image-top\"><div class=\"quotebox__inner\"><div class=\"quotebox__media\"><img decoding=\"async\" src=\"https:\/\/sha-luzern.ch\/wp-content\/uploads\/007-Helbich-Portrait-SHA-Dortmund-Juni-2020-706x368.jpg\" alt=\"Birgit und Christoph Helbich\" \/><\/div><div class=\"quotebox__content\"><div class=\"quotebox__quote\"><span class=\"quotebox-text quotebox-quote\">\u00bbQueremos dar-lhe o exemplo com o PhoenixWERK iluminado.\u00ab<\/span><\/div><div class=\"quotebox__info\"><span class=\"quotebox-text quotebox-name\">Birgit und Christoph Helbich<\/span><span class=\"quotebox-text quotebox-desc\"><\/span><\/div><\/div><\/div><\/div><\/div><div class=\"flex_column av_one_full  flex_column_div av-zero-column-padding first       avia-builder-el-10  el_after_av_one_third  avia-builder-el-last  column-top-margin\"><div class=\"slickgallery \">\n\t<div class=\"pixel-slide-wrap\">\n\t\t<div class=\"pixel-slide\" style=\"display: block; width: 100%; float: left;\">\n\t\t\t\t\n\t\t\t\t\t\t\t\t\t\t\t\t\t\n\t\t\t\t\t<div class=\"pixel-slide__image-wrap slide-1\">\n\t\t\t\t\t\t\t<div class=\"pixel-slide__image \"><a href=\"https:\/\/sha-luzern.ch\/wp-content\/uploads\/CE655-680-2-1280x838.jpg\" rel=\"lightbox\"><img decoding=\"async\" src=\"https:\/\/sha-luzern.ch\/wp-content\/uploads\/CE655-680-2-706x368.jpg\" alt=\"PhoenixWerk Dortmund SHA Scheffler Helbich Architekten\" title=\"PhoenixWerk Dortmund SHA Scheffler Helbich Architekten\"><\/a><\/div>\n\t\t\t\t\t<\/div>\n\t\t\t\t\n\t\t\t\t\t\t\t\t\t\t\t\t\t\n\t\t\t\t\t<div class=\"pixel-slide__image-wrap slide-2\">\n\t\t\t\t\t\t\t<div class=\"pixel-slide__image \"><a href=\"https:\/\/sha-luzern.ch\/wp-content\/uploads\/ZSN-OTW_SocMed_131019-850x850.jpg\" rel=\"lightbox\"><img decoding=\"async\" src=\"https:\/\/sha-luzern.ch\/wp-content\/uploads\/ZSN-OTW_SocMed_131019-706x368.jpg\" alt=\"ZSN OTW SocMed 131019\" title=\"ZSN OTW SocMed 131019\"><\/a><\/div>\n\t\t\t\t\t<\/div>\n\t\t\t\t\n\t\t\t\t\t\t\t\t\t\t\t\t\t\n\t\t\t\t\t<div class=\"pixel-slide__image-wrap slide-3\">\n\t\t\t\t\t\t\t<div class=\"pixel-slide__image \"><a href=\"https:\/\/sha-luzern.ch\/wp-content\/uploads\/CE655-587-1-1274x850.jpg\" rel=\"lightbox\"><img decoding=\"async\" src=\"https:\/\/sha-luzern.ch\/wp-content\/uploads\/CE655-587-1-706x368.jpg\" alt=\"PhoenixWerk Dortmund SHA Scheffler Helbich Architekten\" title=\"PhoenixWerk Dortmund SHA Scheffler Helbich Architekten\"><\/a><\/div>\n\t\t\t\t\t<\/div>\n\t\t\t\t\n\t\t\t\t\t\t\t\t\t\t\t\t\t\n\t\t\t\t\t<div class=\"pixel-slide__image-wrap slide-4\">\n\t\t\t\t\t\t\t<div class=\"pixel-slide__image \"><a href=\"https:\/\/sha-luzern.ch\/wp-content\/uploads\/CE655-1110-567x850.jpg\" rel=\"lightbox\"><img decoding=\"async\" src=\"https:\/\/sha-luzern.ch\/wp-content\/uploads\/CE655-1110-706x368.jpg\" alt=\"PhoenixWerk Dortmund SHA Scheffler Helbich Architekten\" title=\"PhoenixWerk Dortmund SHA Scheffler Helbich Architekten\"><\/a><\/div>\n\t\t\t\t\t<\/div>\n\t\t\t\t\n\t\t\t\t\t\t\t\t\t\t\t\t\t\n\t\t\t\t\t<div class=\"pixel-slide__image-wrap slide-5\">\n\t\t\t\t\t\t\t<div class=\"pixel-slide__image \"><a href=\"https:\/\/sha-luzern.ch\/wp-content\/uploads\/007-Helbich-Portrait-SHA-Dortmund-Juni-2020-1273x850.jpg\" rel=\"lightbox\"><img decoding=\"async\" src=\"https:\/\/sha-luzern.ch\/wp-content\/uploads\/007-Helbich-Portrait-SHA-Dortmund-Juni-2020-706x368.jpg\" alt=\"007 Helbich Portrait SHA Dortmund Juni 2020\" title=\"007 Helbich Portrait SHA Dortmund Juni 2020\"><\/a><\/div>\n\t\t\t\t\t<\/div>\n\t\t\t\t\t\t<\/div>\n\t<\/div>\n<\/div><\/div>\n","protected":false},"excerpt":{"rendered":"<p>No final de novembro, os edif\u00edcios em greve s\u00e3o iluminados a laranja para enviar um sinal contra a viol\u00eancia contra as mulheres. O PhoenixWERK est\u00e1 l\u00e1.<\/p>\n","protected":false},"author":2,"featured_media":23629,"comment_status":"closed","ping_status":"closed","sticky":false,"template":"","format":"standard","meta":{"_acf_changed":false,"content-type":"","footnotes":""},"categories":[878,888],"tags":[1105,967,1011,1026,1054],"class_list":["post-34188","post","type-post","status-publish","format-standard","has-post-thumbnail","hentry","category-dortmund-pt-pt","category-a-nossa-filosofia","tag-fabrica-de-phoenix","tag-dia-de-acao","tag-sha-pt-pt","tag-edificio-de-escritorios","tag-dortmund-pt-pt"],"acf":[],"yoast_head":"<!-- This site is optimized with the Yoast SEO plugin v26.1.1 - https:\/\/yoast.com\/wordpress\/plugins\/seo\/ -->\n<title>Laranja a sua cidade - SHA Scheffler Helbich Architekten<\/title>\n<meta name=\"description\" content=\"No final de novembro, os edif\u00edcios em greve s\u00e3o iluminados a laranja para enviar um sinal contra a viol\u00eancia contra as mulheres. O PhoenixWERK est\u00e1 l\u00e1.\" \/>\n<meta name=\"robots\" content=\"index, follow, max-snippet:-1, max-image-preview:large, max-video-preview:-1\" \/>\n<link rel=\"canonical\" href=\"https:\/\/sha-luzern.ch\/pt-pt\/news\/laranja-a-sua-cidade-phoenixwerk-parece-laranja\" \/>\n<meta property=\"og:locale\" content=\"pt_PT\" \/>\n<meta property=\"og:type\" content=\"article\" \/>\n<meta property=\"og:title\" content=\"Laranja a sua cidade - SHA Scheffler Helbich Architekten\" \/>\n<meta property=\"og:description\" content=\"No final de novembro, os edif\u00edcios em greve s\u00e3o iluminados a laranja para enviar um sinal contra a viol\u00eancia contra as mulheres. O PhoenixWERK est\u00e1 l\u00e1.\" \/>\n<meta property=\"og:url\" content=\"https:\/\/sha-luzern.ch\/pt-pt\/news\/laranja-a-sua-cidade-phoenixwerk-parece-laranja\" \/>\n<meta property=\"og:site_name\" content=\"SHA Scheffler Helbich Architekten GmbH\" \/>\n<meta property=\"article:published_time\" content=\"2020-11-13T09:26:54+00:00\" \/>\n<meta property=\"article:modified_time\" content=\"2024-09-23T14:55:12+00:00\" \/>\n<meta property=\"og:image\" content=\"https:\/\/sha-luzern.ch\/wp-content\/uploads\/CE655-680-2.jpg\" \/>\n\t<meta property=\"og:image:width\" content=\"1800\" \/>\n\t<meta property=\"og:image:height\" content=\"1179\" \/>\n\t<meta property=\"og:image:type\" content=\"image\/jpeg\" \/>\n<meta name=\"author\" content=\"Judith Weitzel\" \/>\n<meta name=\"twitter:card\" content=\"summary_large_image\" \/>\n<meta name=\"twitter:label1\" content=\"Escrito por\" \/>\n\t<meta name=\"twitter:data1\" content=\"Judith Weitzel\" \/>\n\t<meta name=\"twitter:label2\" content=\"Tempo estimado de leitura\" \/>\n\t<meta name=\"twitter:data2\" content=\"7 minutos\" \/>\n<script type=\"application\/ld+json\" class=\"yoast-schema-graph\">{\"@context\":\"https:\/\/schema.org\",\"@graph\":[{\"@type\":\"WebPage\",\"@id\":\"https:\/\/sha-luzern.ch\/pt-pt\/news\/laranja-a-sua-cidade-phoenixwerk-parece-laranja\",\"url\":\"https:\/\/sha-luzern.ch\/pt-pt\/news\/laranja-a-sua-cidade-phoenixwerk-parece-laranja\",\"name\":\"Laranja a sua cidade - SHA Scheffler Helbich Architekten\",\"isPartOf\":{\"@id\":\"https:\/\/sha-luzern.ch\/pt-pt#website\"},\"primaryImageOfPage\":{\"@id\":\"https:\/\/sha-luzern.ch\/pt-pt\/news\/laranja-a-sua-cidade-phoenixwerk-parece-laranja#primaryimage\"},\"image\":{\"@id\":\"https:\/\/sha-luzern.ch\/pt-pt\/news\/laranja-a-sua-cidade-phoenixwerk-parece-laranja#primaryimage\"},\"thumbnailUrl\":\"https:\/\/sha-luzern.ch\/wp-content\/uploads\/CE655-680-2.jpg\",\"datePublished\":\"2020-11-13T09:26:54+00:00\",\"dateModified\":\"2024-09-23T14:55:12+00:00\",\"author\":{\"@id\":\"https:\/\/sha-luzern.ch\/pt-pt#\/schema\/person\/e68d44538591ce8617e273ae50cb9fb3\"},\"description\":\"No final de novembro, os edif\u00edcios em greve s\u00e3o iluminados a laranja para enviar um sinal contra a viol\u00eancia contra as mulheres. O PhoenixWERK est\u00e1 l\u00e1.\",\"breadcrumb\":{\"@id\":\"https:\/\/sha-luzern.ch\/pt-pt\/news\/laranja-a-sua-cidade-phoenixwerk-parece-laranja#breadcrumb\"},\"inLanguage\":\"pt-PT\",\"potentialAction\":[{\"@type\":\"ReadAction\",\"target\":[\"https:\/\/sha-luzern.ch\/pt-pt\/news\/laranja-a-sua-cidade-phoenixwerk-parece-laranja\"]}]},{\"@type\":\"ImageObject\",\"inLanguage\":\"pt-PT\",\"@id\":\"https:\/\/sha-luzern.ch\/pt-pt\/news\/laranja-a-sua-cidade-phoenixwerk-parece-laranja#primaryimage\",\"url\":\"https:\/\/sha-luzern.ch\/wp-content\/uploads\/CE655-680-2.jpg\",\"contentUrl\":\"https:\/\/sha-luzern.ch\/wp-content\/uploads\/CE655-680-2.jpg\",\"width\":1800,\"height\":1179},{\"@type\":\"BreadcrumbList\",\"@id\":\"https:\/\/sha-luzern.ch\/pt-pt\/news\/laranja-a-sua-cidade-phoenixwerk-parece-laranja#breadcrumb\",\"itemListElement\":[{\"@type\":\"ListItem\",\"position\":1,\"name\":\"Startseite\",\"item\":\"https:\/\/sha-luzern.ch\/pt-pt\/inicio\"},{\"@type\":\"ListItem\",\"position\":2,\"name\":\"Laranja a sua cidade: PhoenixWERK parece laranja\"}]},{\"@type\":\"WebSite\",\"@id\":\"https:\/\/sha-luzern.ch\/pt-pt#website\",\"url\":\"https:\/\/sha-luzern.ch\/pt-pt\",\"name\":\"SHA Scheffler Helbich Architekten GmbH\",\"description\":\"\",\"potentialAction\":[{\"@type\":\"SearchAction\",\"target\":{\"@type\":\"EntryPoint\",\"urlTemplate\":\"https:\/\/sha-luzern.ch\/pt-pt?s={search_term_string}\"},\"query-input\":{\"@type\":\"PropertyValueSpecification\",\"valueRequired\":true,\"valueName\":\"search_term_string\"}}],\"inLanguage\":\"pt-PT\"},{\"@type\":\"Person\",\"@id\":\"https:\/\/sha-luzern.ch\/pt-pt#\/schema\/person\/e68d44538591ce8617e273ae50cb9fb3\",\"name\":\"Judith Weitzel\",\"image\":{\"@type\":\"ImageObject\",\"inLanguage\":\"pt-PT\",\"@id\":\"https:\/\/sha-luzern.ch\/pt-pt#\/schema\/person\/image\/\",\"url\":\"https:\/\/secure.gravatar.com\/avatar\/7c6bf497a9b76cc4943bd4d7716e797cafb90c96046233c36845e4654eed5e01?s=96&d=mm&r=g\",\"contentUrl\":\"https:\/\/secure.gravatar.com\/avatar\/7c6bf497a9b76cc4943bd4d7716e797cafb90c96046233c36845e4654eed5e01?s=96&d=mm&r=g\",\"caption\":\"Judith Weitzel\"}}]}<\/script>\n<!-- \/ Yoast SEO plugin. -->","yoast_head_json":{"title":"Laranja a sua cidade - SHA Scheffler Helbich Architekten","description":"No final de novembro, os edif\u00edcios em greve s\u00e3o iluminados a laranja para enviar um sinal contra a viol\u00eancia contra as mulheres. O PhoenixWERK est\u00e1 l\u00e1.","robots":{"index":"index","follow":"follow","max-snippet":"max-snippet:-1","max-image-preview":"max-image-preview:large","max-video-preview":"max-video-preview:-1"},"canonical":"https:\/\/sha-luzern.ch\/pt-pt\/news\/laranja-a-sua-cidade-phoenixwerk-parece-laranja","og_locale":"pt_PT","og_type":"article","og_title":"Laranja a sua cidade - SHA Scheffler Helbich Architekten","og_description":"No final de novembro, os edif\u00edcios em greve s\u00e3o iluminados a laranja para enviar um sinal contra a viol\u00eancia contra as mulheres. O PhoenixWERK est\u00e1 l\u00e1.","og_url":"https:\/\/sha-luzern.ch\/pt-pt\/news\/laranja-a-sua-cidade-phoenixwerk-parece-laranja","og_site_name":"SHA Scheffler Helbich Architekten GmbH","article_published_time":"2020-11-13T09:26:54+00:00","article_modified_time":"2024-09-23T14:55:12+00:00","og_image":[{"width":1800,"height":1179,"url":"https:\/\/sha-luzern.ch\/wp-content\/uploads\/CE655-680-2.jpg","type":"image\/jpeg"}],"author":"Judith Weitzel","twitter_card":"summary_large_image","twitter_misc":{"Escrito por":"Judith Weitzel","Tempo estimado de leitura":"7 minutos"},"schema":{"@context":"https:\/\/schema.org","@graph":[{"@type":"WebPage","@id":"https:\/\/sha-luzern.ch\/pt-pt\/news\/laranja-a-sua-cidade-phoenixwerk-parece-laranja","url":"https:\/\/sha-luzern.ch\/pt-pt\/news\/laranja-a-sua-cidade-phoenixwerk-parece-laranja","name":"Laranja a sua cidade - SHA Scheffler Helbich Architekten","isPartOf":{"@id":"https:\/\/sha-luzern.ch\/pt-pt#website"},"primaryImageOfPage":{"@id":"https:\/\/sha-luzern.ch\/pt-pt\/news\/laranja-a-sua-cidade-phoenixwerk-parece-laranja#primaryimage"},"image":{"@id":"https:\/\/sha-luzern.ch\/pt-pt\/news\/laranja-a-sua-cidade-phoenixwerk-parece-laranja#primaryimage"},"thumbnailUrl":"https:\/\/sha-luzern.ch\/wp-content\/uploads\/CE655-680-2.jpg","datePublished":"2020-11-13T09:26:54+00:00","dateModified":"2024-09-23T14:55:12+00:00","author":{"@id":"https:\/\/sha-luzern.ch\/pt-pt#\/schema\/person\/e68d44538591ce8617e273ae50cb9fb3"},"description":"No final de novembro, os edif\u00edcios em greve s\u00e3o iluminados a laranja para enviar um sinal contra a viol\u00eancia contra as mulheres. O PhoenixWERK est\u00e1 l\u00e1.","breadcrumb":{"@id":"https:\/\/sha-luzern.ch\/pt-pt\/news\/laranja-a-sua-cidade-phoenixwerk-parece-laranja#breadcrumb"},"inLanguage":"pt-PT","potentialAction":[{"@type":"ReadAction","target":["https:\/\/sha-luzern.ch\/pt-pt\/news\/laranja-a-sua-cidade-phoenixwerk-parece-laranja"]}]},{"@type":"ImageObject","inLanguage":"pt-PT","@id":"https:\/\/sha-luzern.ch\/pt-pt\/news\/laranja-a-sua-cidade-phoenixwerk-parece-laranja#primaryimage","url":"https:\/\/sha-luzern.ch\/wp-content\/uploads\/CE655-680-2.jpg","contentUrl":"https:\/\/sha-luzern.ch\/wp-content\/uploads\/CE655-680-2.jpg","width":1800,"height":1179},{"@type":"BreadcrumbList","@id":"https:\/\/sha-luzern.ch\/pt-pt\/news\/laranja-a-sua-cidade-phoenixwerk-parece-laranja#breadcrumb","itemListElement":[{"@type":"ListItem","position":1,"name":"Startseite","item":"https:\/\/sha-luzern.ch\/pt-pt\/inicio"},{"@type":"ListItem","position":2,"name":"Laranja a sua cidade: PhoenixWERK parece laranja"}]},{"@type":"WebSite","@id":"https:\/\/sha-luzern.ch\/pt-pt#website","url":"https:\/\/sha-luzern.ch\/pt-pt","name":"SHA Scheffler Helbich Architekten GmbH","description":"","potentialAction":[{"@type":"SearchAction","target":{"@type":"EntryPoint","urlTemplate":"https:\/\/sha-luzern.ch\/pt-pt?s={search_term_string}"},"query-input":{"@type":"PropertyValueSpecification","valueRequired":true,"valueName":"search_term_string"}}],"inLanguage":"pt-PT"},{"@type":"Person","@id":"https:\/\/sha-luzern.ch\/pt-pt#\/schema\/person\/e68d44538591ce8617e273ae50cb9fb3","name":"Judith Weitzel","image":{"@type":"ImageObject","inLanguage":"pt-PT","@id":"https:\/\/sha-luzern.ch\/pt-pt#\/schema\/person\/image\/","url":"https:\/\/secure.gravatar.com\/avatar\/7c6bf497a9b76cc4943bd4d7716e797cafb90c96046233c36845e4654eed5e01?s=96&d=mm&r=g","contentUrl":"https:\/\/secure.gravatar.com\/avatar\/7c6bf497a9b76cc4943bd4d7716e797cafb90c96046233c36845e4654eed5e01?s=96&d=mm&r=g","caption":"Judith Weitzel"}}]}},"_links":{"self":[{"href":"https:\/\/sha-luzern.ch\/pt-pt\/wp-json\/wp\/v2\/posts\/34188","targetHints":{"allow":["GET"]}}],"collection":[{"href":"https:\/\/sha-luzern.ch\/pt-pt\/wp-json\/wp\/v2\/posts"}],"about":[{"href":"https:\/\/sha-luzern.ch\/pt-pt\/wp-json\/wp\/v2\/types\/post"}],"author":[{"embeddable":true,"href":"https:\/\/sha-luzern.ch\/pt-pt\/wp-json\/wp\/v2\/users\/2"}],"replies":[{"embeddable":true,"href":"https:\/\/sha-luzern.ch\/pt-pt\/wp-json\/wp\/v2\/comments?post=34188"}],"version-history":[{"count":10,"href":"https:\/\/sha-luzern.ch\/pt-pt\/wp-json\/wp\/v2\/posts\/34188\/revisions"}],"predecessor-version":[{"id":47976,"href":"https:\/\/sha-luzern.ch\/pt-pt\/wp-json\/wp\/v2\/posts\/34188\/revisions\/47976"}],"wp:featuredmedia":[{"embeddable":true,"href":"https:\/\/sha-luzern.ch\/pt-pt\/wp-json\/wp\/v2\/media\/23629"}],"wp:attachment":[{"href":"https:\/\/sha-luzern.ch\/pt-pt\/wp-json\/wp\/v2\/media?parent=34188"}],"wp:term":[{"taxonomy":"category","embeddable":true,"href":"https:\/\/sha-luzern.ch\/pt-pt\/wp-json\/wp\/v2\/categories?post=34188"},{"taxonomy":"post_tag","embeddable":true,"href":"https:\/\/sha-luzern.ch\/pt-pt\/wp-json\/wp\/v2\/tags?post=34188"}],"curies":[{"name":"wp","href":"https:\/\/api.w.org\/{rel}","templated":true}]}}