{"id":34561,"date":"2021-04-29T15:40:36","date_gmt":"2021-04-29T13:40:36","guid":{"rendered":"https:\/\/sha.de\/aktuelles\/hagebau-logistik-cerimonia-de-lancamento-da-primeira-pedra-para-novos-armazens"},"modified":"2024-09-23T16:56:22","modified_gmt":"2024-09-23T14:56:22","slug":"hagebau-logistik-cerimonia-de-lancamento-da-primeira-pedra-para-novos-armazens","status":"publish","type":"post","link":"https:\/\/sha-luzern.ch\/pt-pt\/news\/hagebau-logistik-cerimonia-de-lancamento-da-primeira-pedra-para-novos-armazens","title":{"rendered":"hagebau Logistik: Cerim\u00f3nia de lan\u00e7amento da primeira pedra para novos armaz\u00e9ns"},"content":{"rendered":"<div id='av_section_1' class='avia-section main_color pt-default pb-default avia-no-border-styling avia-bg-style-scroll  avia-builder-el-0  avia-builder-el-no-sibling   container_wrap fullsize' style=' '  ><div class='container' ><main  role=\"main\" itemprop=\"mainContentOfPage\"  class='template-page content  av-content-full alpha units'><div class='post-entry post-entry-type-page post-entry-34561'><div class='entry-content-wrapper clearfix'>\n\n\t\t\t<div id=\"av-k1hoeuzj\" class=\"headline-column flex_column av_one_full flex_column_div first \">\n\t\t\t\t<div class=\"headline-wrap is-outside align-left sub-bottom\">\n\t\t\t\t\t<h1 class=\"headline-content headline-primary\">hagebau Logistik: Cerim\u00f3nia de lan\u00e7amento da primeira pedra para novos armaz\u00e9ns<\/h1>\n\t\t\t\t\t<h3 class=\"headline-content headline-secondary\">Reconstru\u00e7\u00e3o ap\u00f3s inc\u00eandio em Herten<\/h3>\n\t\t\t\t<\/div>\n\t\t\t<\/div>\n<div class=\"flex_column av_one_third  flex_column_div av-zero-column-padding first bg-default      avia-builder-el-2  el_after_pixel_sc_headline  el_before_av_one_third  \"><section  class='av_textblock_section av-k5pfdfmq-75eeeeace81604f9741c5e0bb23a16ef '   itemscope=\"itemscope\" itemtype=\"https:\/\/schema.org\/BlogPosting\" itemprop=\"blogPost\" ><div class='avia_textblock'  itemprop=\"text\" ><div id=\"js_4uv\" class=\"_5pbx userContent _3576\" data-testid=\"post_message\" data-ft=\"{\">\n<p>Passou mais de um ano desde o grande inc\u00eandio nas instala\u00e7\u00f5es log\u00edsticas da hagebau na zona industrial de Herten-S\u00fcd. Na altura, arderam grandes armaz\u00e9ns; toda a opera\u00e7\u00e3o de combate ao fogo demorou quatro dias. Ap\u00f3s meses de trabalhos de limpeza e de um novo <a href=\"https:\/\/sha-luzern.ch\/pt-pt\/servicos\/planeamento-e-coordenacao\">planeamento<\/a> por parte da SHA Scheffler Helbich Architekten GmbH, a reconstru\u00e7\u00e3o de tr\u00eas pavilh\u00f5es pode agora come\u00e7ar. A cerim\u00f3nia simb\u00f3lica de lan\u00e7amento da primeira pedra teve lugar esta semana.<\/p>\n<p>&#8220;Ap\u00f3s o inc\u00eandio, era importante criar rapidamente um novo conceito&#8221;, afirma Christoph Helbich, s\u00f3cio-gerente da SHA. O nosso gabinete de arquitetura \u00e9 agora a empresa de recupera\u00e7\u00e3o de inc\u00eandios e optimizou mais uma vez tudo em termos log\u00edsticos; existem agora tr\u00eas compartimentos de inc\u00eandio. Os novos armaz\u00e9ns ocupam uma superf\u00edcie de 13 500 metros quadrados. \u00c9 mais do que antes. Os pavilh\u00f5es de Herten s\u00e3o utilizados, entre outras coisas, para o armazenamento de <span style=\"text-decoration: underline;\"><a href=\"https:\/\/sha-luzern.ch\/pt-pt\/gabinete-de-arquitetura-loja-de-bricolage-e-comercio-de-materiais-de-construcao\">materiais de constru\u00e7\u00e3o<\/a><\/span>.<\/p>\n<\/div>\n<\/div><\/section><\/div><div class=\"flex_column av_one_third  flex_column_div av-zero-column-padding        avia-builder-el-4  el_after_av_one_third  el_before_av_one_third  \"><section  class='av_textblock_section av-10u9i-2145f984be230f5ffabcafbaea6790df '   itemscope=\"itemscope\" itemtype=\"https:\/\/schema.org\/BlogPosting\" itemprop=\"blogPost\" ><div class='avia_textblock'  itemprop=\"text\" ><p>A Br\u00fcninghoff \u00e9 o empreiteiro geral respons\u00e1vel pelo novo edif\u00edcio. Os trabalhos de terraplenagem come\u00e7ar\u00e3o imediatamente e ser\u00e3o colocadas condutas vazias para a eletricidade e as condutas de \u00e1gua de inc\u00eandio. De seguida, s\u00e3o lan\u00e7adas as funda\u00e7\u00f5es. O armaz\u00e9m de tr\u00eas andares ser\u00e1 ent\u00e3o constru\u00eddo com uma estrutura de bet\u00e3o armado. Em seguida, s\u00e3o efectuados os trabalhos de cobertura e de revestimento das paredes. O objetivo: conclus\u00e3o no final do outono. No entanto, a m\u00e3o de obra da hagebau em Herten j\u00e1 pode regressar ao trabalho com uma menor utiliza\u00e7\u00e3o da capacidade.<\/p>\n<p>O armaz\u00e9m de materiais de constru\u00e7\u00e3o em Herten \u00e9 um dos cinco locais de log\u00edstica do Grupo hagebau. Os pontos de entrega na Alemanha, \u00c1ustria e Luxemburgo s\u00e3o servidos a partir daqui e o fluxo de mercadorias \u00e9 controlado centralmente. Isto assegura uma elevada disponibilidade dos produtos e prazos de entrega curtos.<\/p>\n<\/div><\/section><\/div><div class=\"flex_column av_one_third  flex_column_div av-zero-column-padding        avia-builder-el-6  el_after_av_one_third  el_before_av_one_full  \"><div class=\"call-to-action  no-grow  has-button ci-black hover-white bg-grey  align-left \"><div class=\"call-to-action__inner\"><div class=\"call-to-action__text\"><span class=\"call-to-action__primary\">Jogador de equipa  <br \/>desejado.<\/span><span class=\"call-to-action__secondary\">Gostaria de participar?  <br \/>Fa\u00e7a parte da SHA!<\/span><\/div><div class=\"call-to-action__button\"><div class=\"avia-button-wrap theme-fill avia-button-left\"><a href=\"https:\/\/sha-luzern.ch\/karriere\/stellenangebote\" class=\"avia-button color-ci-black hover-white avia-icon_select-no avia-size-medium\"><span>Saiba mais<\/span><\/a><\/div><\/div><\/div><\/div><\/div><div class=\"flex_column av_one_full  flex_column_div av-zero-column-padding first       avia-builder-el-8  el_after_av_one_third  avia-builder-el-last  column-top-margin\"><div class=\"slickgallery no-nav\">\n\t<div class=\"pixel-slide-wrap\">\n\t\t<div class=\"pixel-slide\" style=\"display: block; width: 100%; float: left;\">\n\t\t\t\t\n\t\t\t\t\t\t\t\t\t\t\t\t\t\n\t\t\t\t\t<div class=\"pixel-slide__image-wrap slide-1\">\n\t\t\t\t\t\t\t<div class=\"pixel-slide__image \"><a href=\"https:\/\/sha-luzern.ch\/wp-content\/uploads\/IMG_9702web-1133x850.jpg\" rel=\"lightbox\"><img decoding=\"async\" src=\"https:\/\/sha-luzern.ch\/wp-content\/uploads\/IMG_9702web-706x368.jpg\" alt=\"Spatenstich April 2021\" title=\"Spatenstich April 2021\"><\/a><\/div>\n\t\t\t\t\t<\/div>\n\t\t\t\t\n\t\t\t\t\t\t\t\t\t\t\t\t\t\n\t\t\t\t\t<div class=\"pixel-slide__image-wrap slide-2\">\n\t\t\t\t\t\t\t<div class=\"pixel-slide__image \"><a href=\"https:\/\/sha-luzern.ch\/wp-content\/uploads\/CE655-990-1269x850.jpg\" rel=\"lightbox\"><img decoding=\"async\" src=\"https:\/\/sha-luzern.ch\/wp-content\/uploads\/CE655-990-706x368.jpg\" alt=\"PhoenixWerk Dortmund SHA Scheffler Helbich Architekten\" title=\"PhoenixWerk Dortmund SHA Scheffler Helbich Architekten\"><\/a><\/div>\n\t\t\t\t\t<\/div>\n\t\t\t\t\n\t\t\t\t\t\t\t\t\t\t\t\t\t\n\t\t\t\t\t<div class=\"pixel-slide__image-wrap slide-3\">\n\t\t\t\t\t\t\t<div class=\"pixel-slide__image \"><a href=\"https:\/\/sha-luzern.ch\/wp-content\/uploads\/IMG_9701web-1133x850.jpg\" rel=\"lightbox\"><img decoding=\"async\" src=\"https:\/\/sha-luzern.ch\/wp-content\/uploads\/IMG_9701web-706x368.jpg\" alt=\"IMG 9701web\" title=\"IMG 9701web\"><\/a><\/div>\n\t\t\t\t\t<\/div>\n\t\t\t\t\t\t<\/div>\n\t<\/div>\n<\/div><\/div>\n","protected":false},"excerpt":{"rendered":"<p>Passou mais de um ano desde o grande inc\u00eandio nas instala\u00e7\u00f5es log\u00edsticas da hagebau na zona industrial de Herten-S\u00fcd. Ap\u00f3s um novo planeamento da SHA Scheffler Helbich Architekten GmbH, a reconstru\u00e7\u00e3o de tr\u00eas armaz\u00e9ns pode agora come\u00e7ar. A cerim\u00f3nia simb\u00f3lica de lan\u00e7amento da primeira pedra teve lugar esta semana.<\/p>\n","protected":false},"author":2,"featured_media":24523,"comment_status":"closed","ping_status":"closed","sticky":false,"template":"","format":"standard","meta":{"_acf_changed":false,"content-type":"","footnotes":""},"categories":[875,880],"tags":[1178,1179,1252,1399,1400,1401,1402],"class_list":["post-34561","post","type-post","status-publish","format-standard","has-post-thumbnail","hentry","category-loja-de-bricolage-e-comercio-de-materiais-de-construcao","category-industria-e-comercio","tag-centros-logisticos-pt-pt","tag-logistica-pt-pt","tag-cerimonia-de-lancamento-da-primeira-pedra","tag-pavilhao-de-materiais-de-construcao","tag-armazens","tag-herten-pt-pt","tag-hagebau-pt-pt"],"acf":[],"yoast_head":"<!-- This site is optimized with the Yoast SEO plugin v26.1.1 - https:\/\/yoast.com\/wordpress\/plugins\/seo\/ -->\n<title>hagebau Logistik: Cerim\u00f3nia de lan\u00e7amento da primeira pedra para novos armaz\u00e9ns<\/title>\n<meta name=\"description\" content=\"Passou mais de um ano desde o grande inc\u00eandio nas instala\u00e7\u00f5es log\u00edsticas da hagebau em Herten-S\u00fcd. Na sequ\u00eancia de um novo planeamento da SHA Scheffler Helbich Architekten GmbH, foi agora iniciada a reconstru\u00e7\u00e3o de tr\u00eas pavilh\u00f5es.\" \/>\n<meta name=\"robots\" content=\"index, follow, max-snippet:-1, max-image-preview:large, max-video-preview:-1\" \/>\n<link rel=\"canonical\" href=\"https:\/\/sha-luzern.ch\/pt-pt\/news\/hagebau-logistik-cerimonia-de-lancamento-da-primeira-pedra-para-novos-armazens\" \/>\n<meta property=\"og:locale\" content=\"pt_PT\" \/>\n<meta property=\"og:type\" content=\"article\" \/>\n<meta property=\"og:title\" content=\"hagebau Logistik: Cerim\u00f3nia de lan\u00e7amento da primeira pedra para novos armaz\u00e9ns\" \/>\n<meta property=\"og:description\" content=\"Passou mais de um ano desde o grande inc\u00eandio nas instala\u00e7\u00f5es log\u00edsticas da hagebau em Herten-S\u00fcd. Na sequ\u00eancia de um novo planeamento da SHA Scheffler Helbich Architekten GmbH, foi agora iniciada a reconstru\u00e7\u00e3o de tr\u00eas pavilh\u00f5es.\" \/>\n<meta property=\"og:url\" content=\"https:\/\/sha-luzern.ch\/pt-pt\/news\/hagebau-logistik-cerimonia-de-lancamento-da-primeira-pedra-para-novos-armazens\" \/>\n<meta property=\"og:site_name\" content=\"SHA Scheffler Helbich Architekten GmbH\" \/>\n<meta property=\"article:published_time\" content=\"2021-04-29T13:40:36+00:00\" \/>\n<meta property=\"article:modified_time\" content=\"2024-09-23T14:56:22+00:00\" \/>\n<meta property=\"og:image\" content=\"https:\/\/sha-luzern.ch\/wp-content\/uploads\/IMG_9702web.jpg\" \/>\n\t<meta property=\"og:image:width\" content=\"2000\" \/>\n\t<meta property=\"og:image:height\" content=\"1500\" \/>\n\t<meta property=\"og:image:type\" content=\"image\/jpeg\" \/>\n<meta name=\"author\" content=\"Judith Weitzel\" \/>\n<meta name=\"twitter:card\" content=\"summary_large_image\" \/>\n<meta name=\"twitter:label1\" content=\"Escrito por\" \/>\n\t<meta name=\"twitter:data1\" content=\"Judith Weitzel\" \/>\n\t<meta name=\"twitter:label2\" content=\"Tempo estimado de leitura\" \/>\n\t<meta name=\"twitter:data2\" content=\"6 minutos\" \/>\n<script type=\"application\/ld+json\" class=\"yoast-schema-graph\">{\"@context\":\"https:\/\/schema.org\",\"@graph\":[{\"@type\":\"WebPage\",\"@id\":\"https:\/\/sha-luzern.ch\/pt-pt\/news\/hagebau-logistik-cerimonia-de-lancamento-da-primeira-pedra-para-novos-armazens\",\"url\":\"https:\/\/sha-luzern.ch\/pt-pt\/news\/hagebau-logistik-cerimonia-de-lancamento-da-primeira-pedra-para-novos-armazens\",\"name\":\"hagebau Logistik: Cerim\u00f3nia de lan\u00e7amento da primeira pedra para novos armaz\u00e9ns\",\"isPartOf\":{\"@id\":\"https:\/\/sha-luzern.ch\/pt-pt#website\"},\"primaryImageOfPage\":{\"@id\":\"https:\/\/sha-luzern.ch\/pt-pt\/news\/hagebau-logistik-cerimonia-de-lancamento-da-primeira-pedra-para-novos-armazens#primaryimage\"},\"image\":{\"@id\":\"https:\/\/sha-luzern.ch\/pt-pt\/news\/hagebau-logistik-cerimonia-de-lancamento-da-primeira-pedra-para-novos-armazens#primaryimage\"},\"thumbnailUrl\":\"https:\/\/sha-luzern.ch\/wp-content\/uploads\/IMG_9702web.jpg\",\"datePublished\":\"2021-04-29T13:40:36+00:00\",\"dateModified\":\"2024-09-23T14:56:22+00:00\",\"author\":{\"@id\":\"https:\/\/sha-luzern.ch\/pt-pt#\/schema\/person\/e68d44538591ce8617e273ae50cb9fb3\"},\"description\":\"Passou mais de um ano desde o grande inc\u00eandio nas instala\u00e7\u00f5es log\u00edsticas da hagebau em Herten-S\u00fcd. Na sequ\u00eancia de um novo planeamento da SHA Scheffler Helbich Architekten GmbH, foi agora iniciada a reconstru\u00e7\u00e3o de tr\u00eas pavilh\u00f5es.\",\"breadcrumb\":{\"@id\":\"https:\/\/sha-luzern.ch\/pt-pt\/news\/hagebau-logistik-cerimonia-de-lancamento-da-primeira-pedra-para-novos-armazens#breadcrumb\"},\"inLanguage\":\"pt-PT\",\"potentialAction\":[{\"@type\":\"ReadAction\",\"target\":[\"https:\/\/sha-luzern.ch\/pt-pt\/news\/hagebau-logistik-cerimonia-de-lancamento-da-primeira-pedra-para-novos-armazens\"]}]},{\"@type\":\"ImageObject\",\"inLanguage\":\"pt-PT\",\"@id\":\"https:\/\/sha-luzern.ch\/pt-pt\/news\/hagebau-logistik-cerimonia-de-lancamento-da-primeira-pedra-para-novos-armazens#primaryimage\",\"url\":\"https:\/\/sha-luzern.ch\/wp-content\/uploads\/IMG_9702web.jpg\",\"contentUrl\":\"https:\/\/sha-luzern.ch\/wp-content\/uploads\/IMG_9702web.jpg\",\"width\":2000,\"height\":1500},{\"@type\":\"BreadcrumbList\",\"@id\":\"https:\/\/sha-luzern.ch\/pt-pt\/news\/hagebau-logistik-cerimonia-de-lancamento-da-primeira-pedra-para-novos-armazens#breadcrumb\",\"itemListElement\":[{\"@type\":\"ListItem\",\"position\":1,\"name\":\"Startseite\",\"item\":\"https:\/\/sha-luzern.ch\/pt-pt\/inicio\"},{\"@type\":\"ListItem\",\"position\":2,\"name\":\"hagebau Logistik: Cerim\u00f3nia de lan\u00e7amento da primeira pedra para novos armaz\u00e9ns\"}]},{\"@type\":\"WebSite\",\"@id\":\"https:\/\/sha-luzern.ch\/pt-pt#website\",\"url\":\"https:\/\/sha-luzern.ch\/pt-pt\",\"name\":\"SHA Scheffler Helbich Architekten GmbH\",\"description\":\"\",\"potentialAction\":[{\"@type\":\"SearchAction\",\"target\":{\"@type\":\"EntryPoint\",\"urlTemplate\":\"https:\/\/sha-luzern.ch\/pt-pt?s={search_term_string}\"},\"query-input\":{\"@type\":\"PropertyValueSpecification\",\"valueRequired\":true,\"valueName\":\"search_term_string\"}}],\"inLanguage\":\"pt-PT\"},{\"@type\":\"Person\",\"@id\":\"https:\/\/sha-luzern.ch\/pt-pt#\/schema\/person\/e68d44538591ce8617e273ae50cb9fb3\",\"name\":\"Judith Weitzel\",\"image\":{\"@type\":\"ImageObject\",\"inLanguage\":\"pt-PT\",\"@id\":\"https:\/\/sha-luzern.ch\/pt-pt#\/schema\/person\/image\/\",\"url\":\"https:\/\/secure.gravatar.com\/avatar\/7c6bf497a9b76cc4943bd4d7716e797cafb90c96046233c36845e4654eed5e01?s=96&d=mm&r=g\",\"contentUrl\":\"https:\/\/secure.gravatar.com\/avatar\/7c6bf497a9b76cc4943bd4d7716e797cafb90c96046233c36845e4654eed5e01?s=96&d=mm&r=g\",\"caption\":\"Judith Weitzel\"}}]}<\/script>\n<!-- \/ Yoast SEO plugin. -->","yoast_head_json":{"title":"hagebau Logistik: Cerim\u00f3nia de lan\u00e7amento da primeira pedra para novos armaz\u00e9ns","description":"Passou mais de um ano desde o grande inc\u00eandio nas instala\u00e7\u00f5es log\u00edsticas da hagebau em Herten-S\u00fcd. Na sequ\u00eancia de um novo planeamento da SHA Scheffler Helbich Architekten GmbH, foi agora iniciada a reconstru\u00e7\u00e3o de tr\u00eas pavilh\u00f5es.","robots":{"index":"index","follow":"follow","max-snippet":"max-snippet:-1","max-image-preview":"max-image-preview:large","max-video-preview":"max-video-preview:-1"},"canonical":"https:\/\/sha-luzern.ch\/pt-pt\/news\/hagebau-logistik-cerimonia-de-lancamento-da-primeira-pedra-para-novos-armazens","og_locale":"pt_PT","og_type":"article","og_title":"hagebau Logistik: Cerim\u00f3nia de lan\u00e7amento da primeira pedra para novos armaz\u00e9ns","og_description":"Passou mais de um ano desde o grande inc\u00eandio nas instala\u00e7\u00f5es log\u00edsticas da hagebau em Herten-S\u00fcd. Na sequ\u00eancia de um novo planeamento da SHA Scheffler Helbich Architekten GmbH, foi agora iniciada a reconstru\u00e7\u00e3o de tr\u00eas pavilh\u00f5es.","og_url":"https:\/\/sha-luzern.ch\/pt-pt\/news\/hagebau-logistik-cerimonia-de-lancamento-da-primeira-pedra-para-novos-armazens","og_site_name":"SHA Scheffler Helbich Architekten GmbH","article_published_time":"2021-04-29T13:40:36+00:00","article_modified_time":"2024-09-23T14:56:22+00:00","og_image":[{"width":2000,"height":1500,"url":"https:\/\/sha-luzern.ch\/wp-content\/uploads\/IMG_9702web.jpg","type":"image\/jpeg"}],"author":"Judith Weitzel","twitter_card":"summary_large_image","twitter_misc":{"Escrito por":"Judith Weitzel","Tempo estimado de leitura":"6 minutos"},"schema":{"@context":"https:\/\/schema.org","@graph":[{"@type":"WebPage","@id":"https:\/\/sha-luzern.ch\/pt-pt\/news\/hagebau-logistik-cerimonia-de-lancamento-da-primeira-pedra-para-novos-armazens","url":"https:\/\/sha-luzern.ch\/pt-pt\/news\/hagebau-logistik-cerimonia-de-lancamento-da-primeira-pedra-para-novos-armazens","name":"hagebau Logistik: Cerim\u00f3nia de lan\u00e7amento da primeira pedra para novos armaz\u00e9ns","isPartOf":{"@id":"https:\/\/sha-luzern.ch\/pt-pt#website"},"primaryImageOfPage":{"@id":"https:\/\/sha-luzern.ch\/pt-pt\/news\/hagebau-logistik-cerimonia-de-lancamento-da-primeira-pedra-para-novos-armazens#primaryimage"},"image":{"@id":"https:\/\/sha-luzern.ch\/pt-pt\/news\/hagebau-logistik-cerimonia-de-lancamento-da-primeira-pedra-para-novos-armazens#primaryimage"},"thumbnailUrl":"https:\/\/sha-luzern.ch\/wp-content\/uploads\/IMG_9702web.jpg","datePublished":"2021-04-29T13:40:36+00:00","dateModified":"2024-09-23T14:56:22+00:00","author":{"@id":"https:\/\/sha-luzern.ch\/pt-pt#\/schema\/person\/e68d44538591ce8617e273ae50cb9fb3"},"description":"Passou mais de um ano desde o grande inc\u00eandio nas instala\u00e7\u00f5es log\u00edsticas da hagebau em Herten-S\u00fcd. Na sequ\u00eancia de um novo planeamento da SHA Scheffler Helbich Architekten GmbH, foi agora iniciada a reconstru\u00e7\u00e3o de tr\u00eas pavilh\u00f5es.","breadcrumb":{"@id":"https:\/\/sha-luzern.ch\/pt-pt\/news\/hagebau-logistik-cerimonia-de-lancamento-da-primeira-pedra-para-novos-armazens#breadcrumb"},"inLanguage":"pt-PT","potentialAction":[{"@type":"ReadAction","target":["https:\/\/sha-luzern.ch\/pt-pt\/news\/hagebau-logistik-cerimonia-de-lancamento-da-primeira-pedra-para-novos-armazens"]}]},{"@type":"ImageObject","inLanguage":"pt-PT","@id":"https:\/\/sha-luzern.ch\/pt-pt\/news\/hagebau-logistik-cerimonia-de-lancamento-da-primeira-pedra-para-novos-armazens#primaryimage","url":"https:\/\/sha-luzern.ch\/wp-content\/uploads\/IMG_9702web.jpg","contentUrl":"https:\/\/sha-luzern.ch\/wp-content\/uploads\/IMG_9702web.jpg","width":2000,"height":1500},{"@type":"BreadcrumbList","@id":"https:\/\/sha-luzern.ch\/pt-pt\/news\/hagebau-logistik-cerimonia-de-lancamento-da-primeira-pedra-para-novos-armazens#breadcrumb","itemListElement":[{"@type":"ListItem","position":1,"name":"Startseite","item":"https:\/\/sha-luzern.ch\/pt-pt\/inicio"},{"@type":"ListItem","position":2,"name":"hagebau Logistik: Cerim\u00f3nia de lan\u00e7amento da primeira pedra para novos armaz\u00e9ns"}]},{"@type":"WebSite","@id":"https:\/\/sha-luzern.ch\/pt-pt#website","url":"https:\/\/sha-luzern.ch\/pt-pt","name":"SHA Scheffler Helbich Architekten GmbH","description":"","potentialAction":[{"@type":"SearchAction","target":{"@type":"EntryPoint","urlTemplate":"https:\/\/sha-luzern.ch\/pt-pt?s={search_term_string}"},"query-input":{"@type":"PropertyValueSpecification","valueRequired":true,"valueName":"search_term_string"}}],"inLanguage":"pt-PT"},{"@type":"Person","@id":"https:\/\/sha-luzern.ch\/pt-pt#\/schema\/person\/e68d44538591ce8617e273ae50cb9fb3","name":"Judith Weitzel","image":{"@type":"ImageObject","inLanguage":"pt-PT","@id":"https:\/\/sha-luzern.ch\/pt-pt#\/schema\/person\/image\/","url":"https:\/\/secure.gravatar.com\/avatar\/7c6bf497a9b76cc4943bd4d7716e797cafb90c96046233c36845e4654eed5e01?s=96&d=mm&r=g","contentUrl":"https:\/\/secure.gravatar.com\/avatar\/7c6bf497a9b76cc4943bd4d7716e797cafb90c96046233c36845e4654eed5e01?s=96&d=mm&r=g","caption":"Judith Weitzel"}}]}},"_links":{"self":[{"href":"https:\/\/sha-luzern.ch\/pt-pt\/wp-json\/wp\/v2\/posts\/34561","targetHints":{"allow":["GET"]}}],"collection":[{"href":"https:\/\/sha-luzern.ch\/pt-pt\/wp-json\/wp\/v2\/posts"}],"about":[{"href":"https:\/\/sha-luzern.ch\/pt-pt\/wp-json\/wp\/v2\/types\/post"}],"author":[{"embeddable":true,"href":"https:\/\/sha-luzern.ch\/pt-pt\/wp-json\/wp\/v2\/users\/2"}],"replies":[{"embeddable":true,"href":"https:\/\/sha-luzern.ch\/pt-pt\/wp-json\/wp\/v2\/comments?post=34561"}],"version-history":[{"count":12,"href":"https:\/\/sha-luzern.ch\/pt-pt\/wp-json\/wp\/v2\/posts\/34561\/revisions"}],"predecessor-version":[{"id":48508,"href":"https:\/\/sha-luzern.ch\/pt-pt\/wp-json\/wp\/v2\/posts\/34561\/revisions\/48508"}],"wp:featuredmedia":[{"embeddable":true,"href":"https:\/\/sha-luzern.ch\/pt-pt\/wp-json\/wp\/v2\/media\/24523"}],"wp:attachment":[{"href":"https:\/\/sha-luzern.ch\/pt-pt\/wp-json\/wp\/v2\/media?parent=34561"}],"wp:term":[{"taxonomy":"category","embeddable":true,"href":"https:\/\/sha-luzern.ch\/pt-pt\/wp-json\/wp\/v2\/categories?post=34561"},{"taxonomy":"post_tag","embeddable":true,"href":"https:\/\/sha-luzern.ch\/pt-pt\/wp-json\/wp\/v2\/tags?post=34561"}],"curies":[{"name":"wp","href":"https:\/\/api.w.org\/{rel}","templated":true}]}}