{"id":36812,"date":"2018-07-23T15:33:23","date_gmt":"2018-07-23T13:33:23","guid":{"rendered":"https:\/\/sha.de\/aktuelles\/instalacoes-desportivas-em-todos-os-campeonatos"},"modified":"2024-09-23T16:58:11","modified_gmt":"2024-09-23T14:58:11","slug":"instalacoes-desportivas-em-todos-os-campeonatos","status":"publish","type":"post","link":"https:\/\/sha-luzern.ch\/pt-pt\/news\/instalacoes-desportivas-em-todos-os-campeonatos","title":{"rendered":"Instala\u00e7\u00f5es desportivas em todos os campeonatos"},"content":{"rendered":"<div id='av_section_1' class='avia-section main_color pt-default pb-default avia-no-border-styling avia-bg-style-scroll  avia-builder-el-0  avia-builder-el-no-sibling   container_wrap fullsize' style=' '  ><div class='container' ><main  role=\"main\" itemprop=\"mainContentOfPage\"  class='template-page content  av-content-full alpha units'><div class='post-entry post-entry-type-page post-entry-36812'><div class='entry-content-wrapper clearfix'>\n\n\t\t\t<div id=\"av-k1hoeuzj\" class=\"headline-column flex_column av_one_full flex_column_div first \">\n\t\t\t\t<div class=\"headline-wrap is-outside align-left sub-bottom\">\n\t\t\t\t\t<h1 class=\"headline-content headline-primary\">Instala\u00e7\u00f5es desportivas em todos os campeonatos<\/h1>\n\t\t\t\t\t<h3 class=\"headline-content headline-secondary\">Nova constru\u00e7\u00e3o da bancada oeste do St. Pauli<\/h3>\n\t\t\t\t<\/div>\n\t\t\t<\/div>\n<div class=\"flex_column av_one_third  flex_column_div av-zero-column-padding first       avia-builder-el-2  el_after_pixel_sc_headline  el_before_av_one_third  \"><section  class='av_textblock_section av-k306azl0-f912fc99859bcd495c04c1e187957bf8 '   itemscope=\"itemscope\" itemtype=\"https:\/\/schema.org\/BlogPosting\" itemprop=\"blogPost\" ><div class='avia_textblock'  itemprop=\"text\" ><p>Quando assumimos o contrato para a bancada oeste do est\u00e1dio Millerntor em St. Pauli, o conceito da bancada parecia j\u00e1 estar conclu\u00eddo. No entanto, vimos tanto potencial de otimiza\u00e7\u00e3o que convencemos a associa\u00e7\u00e3o a rever os planos.<\/p>\n<p>Rapidamente se tornou claro que poder\u00edamos criar linhas de vis\u00e3o significativamente melhores e dez camarotes VIP adicionais para o cliente com o mesmo n\u00famero de lugares para espectadores. Assim, o clube beneficia de receitas suplementares significativas provenientes da comercializa\u00e7\u00e3o de camarotes.<\/p>\n<p>Para o conseguir, esgot\u00e1mos todas as possibilidades de prote\u00e7\u00e3o contra inc\u00eandios, optimiz\u00e1mos os acessos, reduzimos o n\u00famero de filas de bancos e encontr\u00e1mos assim uma rela\u00e7\u00e3o \u00f3ptima entre acessibilidade e densidade. A bancada \u00e9 agora muito mais \u00edngreme. O espetador tem uma melhor vis\u00e3o devido \u00e0 diferen\u00e7a de altura em rela\u00e7\u00e3o ao ve\u00edculo da frente.<\/p>\n<\/div><\/section><\/div><div class=\"flex_column av_one_third  flex_column_div av-zero-column-padding        avia-builder-el-4  el_after_av_one_third  el_before_av_one_third  \"><p><section  class='av_textblock_section av-k306azl0-1-ec7806697f535f6421796c18e3a2e267 '   itemscope=\"itemscope\" itemtype=\"https:\/\/schema.org\/BlogPosting\" itemprop=\"blogPost\" ><div class='avia_textblock'  itemprop=\"text\" ><p>Quando fomos confrontados com a exig\u00eancia de uma maior prote\u00e7\u00e3o ac\u00fastica no canto sudoeste do est\u00e1dio, em dire\u00e7\u00e3o \u00e0 zona residencial circundante, sugerimos a constru\u00e7\u00e3o de um centro de dia entre as bancadas, em vez de um sistema elaborado de prote\u00e7\u00e3o ac\u00fastica. Desta forma, a associa\u00e7\u00e3o cumpre o seu papel de zeladora do bairro, da mesma forma que a componente do canto sul cumpre a prote\u00e7\u00e3o ac\u00fastica exigida. Durante a semana, 75 crian\u00e7as brincam no &#8220;Ninho do Pirata&#8221;, tendo sido criados mais 100 lugares por baixo do centro de dia. Um projeto sustent\u00e1vel e rent\u00e1vel!<\/p>\n<\/div><\/section><br \/>\n\n<style type=\"text\/css\" data-created_by=\"avia_inline_auto\" id=\"style-css-av-k3fr046x-cb289bc273ecde5472526e002776a8d1\">\n#top .hr.hr-invisible.av-k3fr046x-cb289bc273ecde5472526e002776a8d1{\nheight:40px;\n}\n<\/style>\n<div  class='hr av-k3fr046x-cb289bc273ecde5472526e002776a8d1 hr-invisible  avia-builder-el-6  el_after_av_textblock  el_before_av_textblock '><span class='hr-inner '><span class=\"hr-inner-style\"><\/span><\/span><\/div><br \/>\n<section  class='av_textblock_section av-k30ao5o3-5d6e10e6baaa11d3210e8720dcc0950a '   itemscope=\"itemscope\" itemtype=\"https:\/\/schema.org\/BlogPosting\" itemprop=\"blogPost\" ><div class='avia_textblock'  itemprop=\"text\" ><div class=\"fakten\">\n<p><strong>Outras liga\u00e7\u00f5es<\/strong><\/p>\n<ul>\n<li>As nossas <span style=\"text-decoration: underline;\"><a href=\"https:\/\/sha-luzern.ch\/pt-pt\/projectos\/estadios-e-instalacoes-desportivas\">refer\u00eancias de centros desportivos<\/a><\/span><\/li>\n<li>Todas as informa\u00e7\u00f5es sobre o <span style=\"text-decoration: underline;\"><a href=\"https:\/\/www.fcstpauli.com\/\" target=\"_blank\" rel=\"noopener nofollow\">FC St. Pauli<\/a><\/span><\/li>\n<\/ul>\n<\/div>\n<\/div><\/section><\/p><\/div><div class=\"flex_column av_one_third  flex_column_div av-zero-column-padding        avia-builder-el-8  el_after_av_one_third  el_before_pixel_sc_slickgallery  \"><div class=\"quotebox  has-image bg-yellow  image-bottom\"><div class=\"quotebox__inner\"><div class=\"quotebox__content\"><div class=\"quotebox__quote\"><span class=\"quotebox-text quotebox-quote\">\u00bbSomos especializados nos processos funcionais das instala\u00e7\u00f5es desportivas - desde o parque de estacionamento p\u00fablico at\u00e9 ao \u00faltimo cacifo.\u00ab<\/span><\/div><div class=\"quotebox__info\"><div class=\"quotebox__media\"><img decoding=\"async\" src=\"https:\/\/sha-luzern.ch\/wp-content\/uploads\/Team_Saussen-220x300.jpg\" alt=\"Katrin Saussen\" \/><\/div><div class=\"quotebox__person\"><span class=\"quotebox-text quotebox-name\">Katrin Saussen<\/span><span class=\"quotebox-text quotebox-desc\">Gestor de projeto e respons\u00e1vel pelo planeamento da bancada oeste do St. Pauli<\/span><\/div><\/div><\/div><\/div><\/div><\/div><div class=\"slickgallery \">\n\t<div class=\"pixel-slide-wrap\">\n\t\t<div class=\"pixel-slide\" style=\"display: block; width: 100%; float: left;\">\n\t\t\t\t\n\t\t\t\t\t\t\t\t\t\t\t\t\t\n\t\t\t\t\t<div class=\"pixel-slide__image-wrap slide-1\">\n\t\t\t\t\t\t\t<div class=\"pixel-slide__image \"><a href=\"https:\/\/sha-luzern.ch\/wp-content\/uploads\/Westtrib\u00fcne-St.-Pauli-Millerntor-Hamburg-Stadion-5-1280x686.jpg\" rel=\"lightbox\"><img decoding=\"async\" src=\"https:\/\/sha-luzern.ch\/wp-content\/uploads\/Westtrib\u00fcne-St.-Pauli-Millerntor-Hamburg-Stadion-5-706x368.jpg\" alt=\"\" title=\"\"><\/a><\/div>\n\t\t\t\t\t<\/div>\n\t\t\t\t\n\t\t\t\t\t\t\t\t\t\t\t\t\t\n\t\t\t\t\t<div class=\"pixel-slide__image-wrap slide-2\">\n\t\t\t\t\t\t\t<div class=\"pixel-slide__image \"><a href=\"https:\/\/sha-luzern.ch\/wp-content\/uploads\/Westtrib\u00fcne-St.-Pauli-Millerntor-Hamburg-Stadion-8-1270x850.jpg\" rel=\"lightbox\"><img decoding=\"async\" src=\"https:\/\/sha-luzern.ch\/wp-content\/uploads\/Westtrib\u00fcne-St.-Pauli-Millerntor-Hamburg-Stadion-8-706x368.jpg\" alt=\"\" title=\"\"><\/a><\/div>\n\t\t\t\t\t<\/div>\n\t\t\t\t\n\t\t\t\t\t\t\t\t\t\t\t\t\t\n\t\t\t\t\t<div class=\"pixel-slide__image-wrap slide-3\">\n\t\t\t\t\t\t\t<div class=\"pixel-slide__image \"><a href=\"https:\/\/sha-luzern.ch\/wp-content\/uploads\/Westtrib\u00fcne-St.-Pauli-Millerntor-Hamburg-Stadion-10-564x850.jpg\" rel=\"lightbox\"><img decoding=\"async\" src=\"https:\/\/sha-luzern.ch\/wp-content\/uploads\/Westtrib\u00fcne-St.-Pauli-Millerntor-Hamburg-Stadion-10-706x368.jpg\" alt=\"\" title=\"\"><\/a><\/div>\n\t\t\t\t\t<\/div>\n\t\t\t\t\n\t\t\t\t\t\t\t\t\t\t\t\t\t\n\t\t\t\t\t<div class=\"pixel-slide__image-wrap slide-4\">\n\t\t\t\t\t\t\t<div class=\"pixel-slide__image \"><a href=\"https:\/\/sha-luzern.ch\/wp-content\/uploads\/Westtrib\u00fcne-St.-Pauli-Millerntor-Hamburg-Stadion-7-1275x850.jpg\" rel=\"lightbox\"><img decoding=\"async\" src=\"https:\/\/sha-luzern.ch\/wp-content\/uploads\/Westtrib\u00fcne-St.-Pauli-Millerntor-Hamburg-Stadion-7-706x368.jpg\" alt=\"\" title=\"\"><\/a><\/div>\n\t\t\t\t\t<\/div>\n\t\t\t\t\n\t\t\t\t\t\t\t\t\t\t\t\t\t\n\t\t\t\t\t<div class=\"pixel-slide__image-wrap slide-5\">\n\t\t\t\t\t\t\t<div class=\"pixel-slide__image \"><a href=\"https:\/\/sha-luzern.ch\/wp-content\/uploads\/Westtrib\u00fcne-St.-Pauli-Millerntor-Hamburg-Stadion-3-1280x839.jpg\" rel=\"lightbox\"><img decoding=\"async\" src=\"https:\/\/sha-luzern.ch\/wp-content\/uploads\/Westtrib\u00fcne-St.-Pauli-Millerntor-Hamburg-Stadion-3-706x368.jpg\" alt=\"\" title=\"\"><\/a><\/div>\n\t\t\t\t\t<\/div>\n\t\t\t\t\n\t\t\t\t\t\t\t\t\t\t\t\t\t\n\t\t\t\t\t<div class=\"pixel-slide__image-wrap slide-6\">\n\t\t\t\t\t\t\t<div class=\"pixel-slide__image \"><a href=\"https:\/\/sha-luzern.ch\/wp-content\/uploads\/Westtrib\u00fcne-St.-Pauli-Millerntor-Hamburg-Stadion-2-1274x850.jpg\" rel=\"lightbox\"><img decoding=\"async\" src=\"https:\/\/sha-luzern.ch\/wp-content\/uploads\/Westtrib\u00fcne-St.-Pauli-Millerntor-Hamburg-Stadion-2-706x368.jpg\" alt=\"\" title=\"\"><\/a><\/div>\n\t\t\t\t\t<\/div>\n\t\t\t\t\n\t\t\t\t\t\t\t\t\t\t\t\t\t\n\t\t\t\t\t<div class=\"pixel-slide__image-wrap slide-7\">\n\t\t\t\t\t\t\t<div class=\"pixel-slide__image \"><a href=\"https:\/\/sha-luzern.ch\/wp-content\/uploads\/Westtrib\u00fcne-St.-Pauli-Millerntor-Hamburg-Stadion-9-1275x850.jpg\" rel=\"lightbox\"><img decoding=\"async\" src=\"https:\/\/sha-luzern.ch\/wp-content\/uploads\/Westtrib\u00fcne-St.-Pauli-Millerntor-Hamburg-Stadion-9-706x368.jpg\" alt=\"\" title=\"\"><\/a><\/div>\n\t\t\t\t\t<\/div>\n\t\t\t\t\n\t\t\t\t\t\t\t\t\t\t\t\t\t\n\t\t\t\t\t<div class=\"pixel-slide__image-wrap slide-8\">\n\t\t\t\t\t\t\t<div class=\"pixel-slide__image \"><a href=\"https:\/\/sha-luzern.ch\/wp-content\/uploads\/Westtrib\u00fcne-St.-Pauli-Millerntor-Hamburg-Stadion-1-1275x850.jpg\" rel=\"lightbox\"><img decoding=\"async\" src=\"https:\/\/sha-luzern.ch\/wp-content\/uploads\/Westtrib\u00fcne-St.-Pauli-Millerntor-Hamburg-Stadion-1-706x368.jpg\" alt=\"\" title=\"\"><\/a><\/div>\n\t\t\t\t\t<\/div>\n\t\t\t\t\n\t\t\t\t\t\t\t\t\t\t\t\t\t\n\t\t\t\t\t<div class=\"pixel-slide__image-wrap slide-9\">\n\t\t\t\t\t\t\t<div class=\"pixel-slide__image \"><a href=\"https:\/\/sha-luzern.ch\/wp-content\/uploads\/Westtrib\u00fcne-St.-Pauli-Millerntor-Hamburg-Stadion-6-1269x850.jpg\" rel=\"lightbox\"><img decoding=\"async\" src=\"https:\/\/sha-luzern.ch\/wp-content\/uploads\/Westtrib\u00fcne-St.-Pauli-Millerntor-Hamburg-Stadion-6-706x368.jpg\" alt=\"\" title=\"\"><\/a><\/div>\n\t\t\t\t\t<\/div>\n\t\t\t\t\n\t\t\t\t\t\t\t\t\t\t\t\t\t\n\t\t\t\t\t<div class=\"pixel-slide__image-wrap slide-10\">\n\t\t\t\t\t\t\t<div class=\"pixel-slide__image \"><a href=\"https:\/\/sha-luzern.ch\/wp-content\/uploads\/Westtrib\u00fcne-St.-Pauli-Millerntor-Hamburg-Stadion-4-564x850.jpg\" rel=\"lightbox\"><img decoding=\"async\" src=\"https:\/\/sha-luzern.ch\/wp-content\/uploads\/Westtrib\u00fcne-St.-Pauli-Millerntor-Hamburg-Stadion-4-706x368.jpg\" alt=\"\" title=\"\"><\/a><\/div>\n\t\t\t\t\t<\/div>\n\t\t\t\t\t\t<\/div>\n\t<\/div>\n<\/div>\n\n\n<style type=\"text\/css\" data-created_by=\"avia_inline_auto\" id=\"style-css-av-k2cxuj7x-8c50b344fe3ce2de9f0b374756e79903\">\n#top .hr.hr-invisible.av-k2cxuj7x-8c50b344fe3ce2de9f0b374756e79903{\nheight:40px;\n}\n<\/style>\n<div  class='hr av-k2cxuj7x-8c50b344fe3ce2de9f0b374756e79903 hr-invisible  avia-builder-el-11  el_after_pixel_sc_slickgallery  avia-builder-el-last '><span class='hr-inner '><span class=\"hr-inner-style\"><\/span><\/span><\/div>\n\n","protected":false},"excerpt":{"rendered":"<p>A conce\u00e7\u00e3o da bancada parecia j\u00e1 estar conclu\u00edda. No entanto, vimos um grande potencial de otimiza\u00e7\u00e3o; e agora existe um<br \/>\nRela\u00e7\u00e3o entre acessibilidade e densidade.  <\/p>\n","protected":false},"author":2,"featured_media":20083,"comment_status":"closed","ping_status":"closed","sticky":false,"template":"","format":"standard","meta":{"_acf_changed":false,"content-type":"","footnotes":""},"categories":[884,887],"tags":[1273,1566,1650,1651,1652,1653,1654],"class_list":["post-36812","post","type-post","status-publish","format-standard","has-post-thumbnail","hentry","category-instalacoes-desportivas","category-os-nossos-servicos","tag-instalacoes-desportivas","tag-centro-de-dia","tag-bancada","tag-estadio-pt-pt","tag-estadio-de-futebol","tag-hamburgo-pt-pt","tag-sao-paulo"],"acf":[],"yoast_head":"<!-- This site is optimized with the Yoast SEO plugin v26.1.1 - https:\/\/yoast.com\/wordpress\/plugins\/seo\/ -->\n<title>Instala\u00e7\u00f5es desportivas em todos os campeonatos - SHA Scheffler Helbich Architekten GmbH<\/title>\n<meta name=\"robots\" content=\"index, follow, max-snippet:-1, max-image-preview:large, max-video-preview:-1\" \/>\n<link rel=\"canonical\" href=\"https:\/\/sha-luzern.ch\/pt-pt\/news\/instalacoes-desportivas-em-todos-os-campeonatos\" \/>\n<meta property=\"og:locale\" content=\"pt_PT\" \/>\n<meta property=\"og:type\" content=\"article\" \/>\n<meta property=\"og:title\" content=\"Instala\u00e7\u00f5es desportivas em todos os campeonatos - SHA Scheffler Helbich Architekten GmbH\" \/>\n<meta property=\"og:description\" content=\"A conce\u00e7\u00e3o da bancada parecia j\u00e1 estar conclu\u00edda. No entanto, vimos um grande potencial de otimiza\u00e7\u00e3o; e agora existe um Rela\u00e7\u00e3o entre acessibilidade e densidade.\" \/>\n<meta property=\"og:url\" content=\"https:\/\/sha-luzern.ch\/pt-pt\/news\/instalacoes-desportivas-em-todos-os-campeonatos\" \/>\n<meta property=\"og:site_name\" content=\"SHA Scheffler Helbich Architekten GmbH\" \/>\n<meta property=\"article:published_time\" content=\"2018-07-23T13:33:23+00:00\" \/>\n<meta property=\"article:modified_time\" content=\"2024-09-23T14:58:11+00:00\" \/>\n<meta property=\"og:image\" content=\"https:\/\/sha-luzern.ch\/wp-content\/uploads\/Westtrib\u00fcne-St.-Pauli-Millerntor-Hamburg-Stadion-5.jpg\" \/>\n\t<meta property=\"og:image:width\" content=\"1476\" \/>\n\t<meta property=\"og:image:height\" content=\"791\" \/>\n\t<meta property=\"og:image:type\" content=\"image\/jpeg\" \/>\n<meta name=\"author\" content=\"Judith Weitzel\" \/>\n<meta name=\"twitter:card\" content=\"summary_large_image\" \/>\n<meta name=\"twitter:label1\" content=\"Escrito por\" \/>\n\t<meta name=\"twitter:data1\" content=\"Judith Weitzel\" \/>\n\t<meta name=\"twitter:label2\" content=\"Tempo estimado de leitura\" \/>\n\t<meta name=\"twitter:data2\" content=\"6 minutos\" \/>\n<script type=\"application\/ld+json\" class=\"yoast-schema-graph\">{\"@context\":\"https:\/\/schema.org\",\"@graph\":[{\"@type\":\"WebPage\",\"@id\":\"https:\/\/sha-luzern.ch\/pt-pt\/news\/instalacoes-desportivas-em-todos-os-campeonatos\",\"url\":\"https:\/\/sha-luzern.ch\/pt-pt\/news\/instalacoes-desportivas-em-todos-os-campeonatos\",\"name\":\"Instala\u00e7\u00f5es desportivas em todos os campeonatos - SHA Scheffler Helbich Architekten GmbH\",\"isPartOf\":{\"@id\":\"https:\/\/sha-luzern.ch\/pt-pt#website\"},\"primaryImageOfPage\":{\"@id\":\"https:\/\/sha-luzern.ch\/pt-pt\/news\/instalacoes-desportivas-em-todos-os-campeonatos#primaryimage\"},\"image\":{\"@id\":\"https:\/\/sha-luzern.ch\/pt-pt\/news\/instalacoes-desportivas-em-todos-os-campeonatos#primaryimage\"},\"thumbnailUrl\":\"https:\/\/sha-luzern.ch\/wp-content\/uploads\/Westtrib\u00fcne-St.-Pauli-Millerntor-Hamburg-Stadion-5.jpg\",\"datePublished\":\"2018-07-23T13:33:23+00:00\",\"dateModified\":\"2024-09-23T14:58:11+00:00\",\"author\":{\"@id\":\"https:\/\/sha-luzern.ch\/pt-pt#\/schema\/person\/e68d44538591ce8617e273ae50cb9fb3\"},\"breadcrumb\":{\"@id\":\"https:\/\/sha-luzern.ch\/pt-pt\/news\/instalacoes-desportivas-em-todos-os-campeonatos#breadcrumb\"},\"inLanguage\":\"pt-PT\",\"potentialAction\":[{\"@type\":\"ReadAction\",\"target\":[\"https:\/\/sha-luzern.ch\/pt-pt\/news\/instalacoes-desportivas-em-todos-os-campeonatos\"]}]},{\"@type\":\"ImageObject\",\"inLanguage\":\"pt-PT\",\"@id\":\"https:\/\/sha-luzern.ch\/pt-pt\/news\/instalacoes-desportivas-em-todos-os-campeonatos#primaryimage\",\"url\":\"https:\/\/sha-luzern.ch\/wp-content\/uploads\/Westtrib\u00fcne-St.-Pauli-Millerntor-Hamburg-Stadion-5.jpg\",\"contentUrl\":\"https:\/\/sha-luzern.ch\/wp-content\/uploads\/Westtrib\u00fcne-St.-Pauli-Millerntor-Hamburg-Stadion-5.jpg\",\"width\":1476,\"height\":791,\"caption\":\"Deutschland, Hamburg, St. Pauli, 08.11.2011 FC St. Pauli, Fu\u00dfball, Westtrib\u00fcne Architekt: SHA, Scheffler-Helbich Architekten Dortmund Fertigstellung: 2011\"},{\"@type\":\"BreadcrumbList\",\"@id\":\"https:\/\/sha-luzern.ch\/pt-pt\/news\/instalacoes-desportivas-em-todos-os-campeonatos#breadcrumb\",\"itemListElement\":[{\"@type\":\"ListItem\",\"position\":1,\"name\":\"Startseite\",\"item\":\"https:\/\/sha-luzern.ch\/pt-pt\/inicio\"},{\"@type\":\"ListItem\",\"position\":2,\"name\":\"Instala\u00e7\u00f5es desportivas em todos os campeonatos\"}]},{\"@type\":\"WebSite\",\"@id\":\"https:\/\/sha-luzern.ch\/pt-pt#website\",\"url\":\"https:\/\/sha-luzern.ch\/pt-pt\",\"name\":\"SHA Scheffler Helbich Architekten GmbH\",\"description\":\"\",\"potentialAction\":[{\"@type\":\"SearchAction\",\"target\":{\"@type\":\"EntryPoint\",\"urlTemplate\":\"https:\/\/sha-luzern.ch\/pt-pt?s={search_term_string}\"},\"query-input\":{\"@type\":\"PropertyValueSpecification\",\"valueRequired\":true,\"valueName\":\"search_term_string\"}}],\"inLanguage\":\"pt-PT\"},{\"@type\":\"Person\",\"@id\":\"https:\/\/sha-luzern.ch\/pt-pt#\/schema\/person\/e68d44538591ce8617e273ae50cb9fb3\",\"name\":\"Judith Weitzel\",\"image\":{\"@type\":\"ImageObject\",\"inLanguage\":\"pt-PT\",\"@id\":\"https:\/\/sha-luzern.ch\/pt-pt#\/schema\/person\/image\/\",\"url\":\"https:\/\/secure.gravatar.com\/avatar\/7c6bf497a9b76cc4943bd4d7716e797cafb90c96046233c36845e4654eed5e01?s=96&d=mm&r=g\",\"contentUrl\":\"https:\/\/secure.gravatar.com\/avatar\/7c6bf497a9b76cc4943bd4d7716e797cafb90c96046233c36845e4654eed5e01?s=96&d=mm&r=g\",\"caption\":\"Judith Weitzel\"}}]}<\/script>\n<!-- \/ Yoast SEO plugin. -->","yoast_head_json":{"title":"Instala\u00e7\u00f5es desportivas em todos os campeonatos - SHA Scheffler Helbich Architekten GmbH","robots":{"index":"index","follow":"follow","max-snippet":"max-snippet:-1","max-image-preview":"max-image-preview:large","max-video-preview":"max-video-preview:-1"},"canonical":"https:\/\/sha-luzern.ch\/pt-pt\/news\/instalacoes-desportivas-em-todos-os-campeonatos","og_locale":"pt_PT","og_type":"article","og_title":"Instala\u00e7\u00f5es desportivas em todos os campeonatos - SHA Scheffler Helbich Architekten GmbH","og_description":"A conce\u00e7\u00e3o da bancada parecia j\u00e1 estar conclu\u00edda. No entanto, vimos um grande potencial de otimiza\u00e7\u00e3o; e agora existe um Rela\u00e7\u00e3o entre acessibilidade e densidade.","og_url":"https:\/\/sha-luzern.ch\/pt-pt\/news\/instalacoes-desportivas-em-todos-os-campeonatos","og_site_name":"SHA Scheffler Helbich Architekten GmbH","article_published_time":"2018-07-23T13:33:23+00:00","article_modified_time":"2024-09-23T14:58:11+00:00","og_image":[{"width":1476,"height":791,"url":"https:\/\/sha-luzern.ch\/wp-content\/uploads\/Westtrib\u00fcne-St.-Pauli-Millerntor-Hamburg-Stadion-5.jpg","type":"image\/jpeg"}],"author":"Judith Weitzel","twitter_card":"summary_large_image","twitter_misc":{"Escrito por":"Judith Weitzel","Tempo estimado de leitura":"6 minutos"},"schema":{"@context":"https:\/\/schema.org","@graph":[{"@type":"WebPage","@id":"https:\/\/sha-luzern.ch\/pt-pt\/news\/instalacoes-desportivas-em-todos-os-campeonatos","url":"https:\/\/sha-luzern.ch\/pt-pt\/news\/instalacoes-desportivas-em-todos-os-campeonatos","name":"Instala\u00e7\u00f5es desportivas em todos os campeonatos - SHA Scheffler Helbich Architekten GmbH","isPartOf":{"@id":"https:\/\/sha-luzern.ch\/pt-pt#website"},"primaryImageOfPage":{"@id":"https:\/\/sha-luzern.ch\/pt-pt\/news\/instalacoes-desportivas-em-todos-os-campeonatos#primaryimage"},"image":{"@id":"https:\/\/sha-luzern.ch\/pt-pt\/news\/instalacoes-desportivas-em-todos-os-campeonatos#primaryimage"},"thumbnailUrl":"https:\/\/sha-luzern.ch\/wp-content\/uploads\/Westtrib\u00fcne-St.-Pauli-Millerntor-Hamburg-Stadion-5.jpg","datePublished":"2018-07-23T13:33:23+00:00","dateModified":"2024-09-23T14:58:11+00:00","author":{"@id":"https:\/\/sha-luzern.ch\/pt-pt#\/schema\/person\/e68d44538591ce8617e273ae50cb9fb3"},"breadcrumb":{"@id":"https:\/\/sha-luzern.ch\/pt-pt\/news\/instalacoes-desportivas-em-todos-os-campeonatos#breadcrumb"},"inLanguage":"pt-PT","potentialAction":[{"@type":"ReadAction","target":["https:\/\/sha-luzern.ch\/pt-pt\/news\/instalacoes-desportivas-em-todos-os-campeonatos"]}]},{"@type":"ImageObject","inLanguage":"pt-PT","@id":"https:\/\/sha-luzern.ch\/pt-pt\/news\/instalacoes-desportivas-em-todos-os-campeonatos#primaryimage","url":"https:\/\/sha-luzern.ch\/wp-content\/uploads\/Westtrib\u00fcne-St.-Pauli-Millerntor-Hamburg-Stadion-5.jpg","contentUrl":"https:\/\/sha-luzern.ch\/wp-content\/uploads\/Westtrib\u00fcne-St.-Pauli-Millerntor-Hamburg-Stadion-5.jpg","width":1476,"height":791,"caption":"Deutschland, Hamburg, St. Pauli, 08.11.2011 FC St. Pauli, Fu\u00dfball, Westtrib\u00fcne Architekt: SHA, Scheffler-Helbich Architekten Dortmund Fertigstellung: 2011"},{"@type":"BreadcrumbList","@id":"https:\/\/sha-luzern.ch\/pt-pt\/news\/instalacoes-desportivas-em-todos-os-campeonatos#breadcrumb","itemListElement":[{"@type":"ListItem","position":1,"name":"Startseite","item":"https:\/\/sha-luzern.ch\/pt-pt\/inicio"},{"@type":"ListItem","position":2,"name":"Instala\u00e7\u00f5es desportivas em todos os campeonatos"}]},{"@type":"WebSite","@id":"https:\/\/sha-luzern.ch\/pt-pt#website","url":"https:\/\/sha-luzern.ch\/pt-pt","name":"SHA Scheffler Helbich Architekten GmbH","description":"","potentialAction":[{"@type":"SearchAction","target":{"@type":"EntryPoint","urlTemplate":"https:\/\/sha-luzern.ch\/pt-pt?s={search_term_string}"},"query-input":{"@type":"PropertyValueSpecification","valueRequired":true,"valueName":"search_term_string"}}],"inLanguage":"pt-PT"},{"@type":"Person","@id":"https:\/\/sha-luzern.ch\/pt-pt#\/schema\/person\/e68d44538591ce8617e273ae50cb9fb3","name":"Judith Weitzel","image":{"@type":"ImageObject","inLanguage":"pt-PT","@id":"https:\/\/sha-luzern.ch\/pt-pt#\/schema\/person\/image\/","url":"https:\/\/secure.gravatar.com\/avatar\/7c6bf497a9b76cc4943bd4d7716e797cafb90c96046233c36845e4654eed5e01?s=96&d=mm&r=g","contentUrl":"https:\/\/secure.gravatar.com\/avatar\/7c6bf497a9b76cc4943bd4d7716e797cafb90c96046233c36845e4654eed5e01?s=96&d=mm&r=g","caption":"Judith Weitzel"}}]}},"_links":{"self":[{"href":"https:\/\/sha-luzern.ch\/pt-pt\/wp-json\/wp\/v2\/posts\/36812","targetHints":{"allow":["GET"]}}],"collection":[{"href":"https:\/\/sha-luzern.ch\/pt-pt\/wp-json\/wp\/v2\/posts"}],"about":[{"href":"https:\/\/sha-luzern.ch\/pt-pt\/wp-json\/wp\/v2\/types\/post"}],"author":[{"embeddable":true,"href":"https:\/\/sha-luzern.ch\/pt-pt\/wp-json\/wp\/v2\/users\/2"}],"replies":[{"embeddable":true,"href":"https:\/\/sha-luzern.ch\/pt-pt\/wp-json\/wp\/v2\/comments?post=36812"}],"version-history":[{"count":2,"href":"https:\/\/sha-luzern.ch\/pt-pt\/wp-json\/wp\/v2\/posts\/36812\/revisions"}],"predecessor-version":[{"id":49382,"href":"https:\/\/sha-luzern.ch\/pt-pt\/wp-json\/wp\/v2\/posts\/36812\/revisions\/49382"}],"wp:featuredmedia":[{"embeddable":true,"href":"https:\/\/sha-luzern.ch\/pt-pt\/wp-json\/wp\/v2\/media\/20083"}],"wp:attachment":[{"href":"https:\/\/sha-luzern.ch\/pt-pt\/wp-json\/wp\/v2\/media?parent=36812"}],"wp:term":[{"taxonomy":"category","embeddable":true,"href":"https:\/\/sha-luzern.ch\/pt-pt\/wp-json\/wp\/v2\/categories?post=36812"},{"taxonomy":"post_tag","embeddable":true,"href":"https:\/\/sha-luzern.ch\/pt-pt\/wp-json\/wp\/v2\/tags?post=36812"}],"curies":[{"name":"wp","href":"https:\/\/api.w.org\/{rel}","templated":true}]}}