{"id":36819,"date":"2018-07-30T17:09:18","date_gmt":"2018-07-30T15:09:18","guid":{"rendered":"https:\/\/sha.de\/aktuelles\/hoeschpark-da-cinza-a-relva-artificial"},"modified":"2024-09-23T16:58:16","modified_gmt":"2024-09-23T14:58:16","slug":"hoeschpark-da-cinza-a-relva-artificial","status":"publish","type":"post","link":"https:\/\/sha-luzern.ch\/pt-pt\/news\/hoeschpark-da-cinza-a-relva-artificial","title":{"rendered":"Hoeschpark &#8211; da cinza \u00e0 relva artificial"},"content":{"rendered":"<div id='av_section_1' class='avia-section main_color pt-default pb-default avia-no-border-styling avia-bg-style-scroll  avia-builder-el-0  avia-builder-el-no-sibling   container_wrap fullsize' style=' '  ><div class='container' ><main  role=\"main\" itemprop=\"mainContentOfPage\"  class='template-page content  av-content-full alpha units'><div class='post-entry post-entry-type-page post-entry-36819'><div class='entry-content-wrapper clearfix'>\n\n\t\t\t<div id=\"av-k1hoeuzj\" class=\"headline-column flex_column av_one_full flex_column_div first \">\n\t\t\t\t<div class=\"headline-wrap is-outside align-left sub-bottom\">\n\t\t\t\t\t<h1 class=\"headline-content headline-primary\">Hoeschpark - da cinza \u00e0 relva artificial<\/h1>\n\t\t\t\t\t<h3 class=\"headline-content headline-secondary\">Prote\u00e7\u00e3o de monumentos na constru\u00e7\u00e3o de centros desportivos<\/h3>\n\t\t\t\t<\/div>\n\t\t\t<\/div>\n<div class=\"flex_column av_one_third  flex_column_div av-zero-column-padding first       avia-builder-el-2  el_after_pixel_sc_headline  el_before_av_one_third  \"><section  class='av_textblock_section av-k306azl0-76249be821e29472472ab122ccc0778f '   itemscope=\"itemscope\" itemtype=\"https:\/\/schema.org\/BlogPosting\" itemprop=\"blogPost\" ><div class='avia_textblock'  itemprop=\"text\" ><p>Em 2014, realiz\u00e1mos a convers\u00e3o de tr\u00eas campos de cimento em campos de relva artificial no Hoeschpark, classificado em Dortmund. Para al\u00e9m do campo de futebol americano para os Dortmund Giants, foram criados um campo de futebol recreativo e um pequeno campo. Isto resultou em v\u00e1rios trabalhos de consultoria para clubes desportivos para a convers\u00e3o de campos de relva artificial.<\/p>\n<\/div><\/section><\/div><div class=\"flex_column av_one_third  flex_column_div av-zero-column-padding        avia-builder-el-4  el_after_av_one_third  el_before_av_one_third  \"><section  class='av_textblock_section av-k306h4s8-28e5d7d81e488aa86dfc59b40e41d563 '   itemscope=\"itemscope\" itemtype=\"https:\/\/schema.org\/BlogPosting\" itemprop=\"blogPost\" ><div class='avia_textblock'  itemprop=\"text\" ><p>&#8220;Estamos muito satisfeitos por podermos apoiar desta forma os clubes mais pequenos no seu caminho para se tornarem centros de forma\u00e7\u00e3o profissional&#8221;, explica Jonas Schwarzenh\u00f6lzer, arquiteto da equipa de gest\u00e3o da constru\u00e7\u00e3o e respons\u00e1vel pelos projectos de relva artificial.<\/p>\n<\/div><\/section><\/div><div class=\"flex_column av_one_third  flex_column_div av-zero-column-padding  bg-default   img-left   avia-builder-el-6  el_after_av_one_third  el_before_pixel_sc_slickgallery  \"><div class=\"call-to-action    has-button ci-black hover-white bg-yellow  align-left \"><div class=\"call-to-action__inner\"><div class=\"call-to-action__text\"><span class=\"call-to-action__primary\">O seu gabinete de arquitetura<\/span><span class=\"call-to-action__secondary\">para a constru\u00e7\u00e3o de instala\u00e7\u00f5es desportivas<\/span><\/div><div class=\"call-to-action__button\"><div class=\"avia-button-wrap theme-fill avia-button-left\"><a href=\"https:\/\/sha-luzern.ch\/projekte\/stadien-sportstaetten\" class=\"avia-button color-ci-black hover-white avia-icon_select-no avia-size-medium\"><span>Saiba mais<\/span><\/a><\/div><\/div><\/div><\/div><\/div><div class=\"slickgallery \">\n\t<div class=\"pixel-slide-wrap\">\n\t\t<div class=\"pixel-slide\" style=\"display: block; width: 100%; float: left;\">\n\t\t\t\t\n\t\t\t\t\t\t\t\t\t\t\t\t\t\n\t\t\t\t\t<div class=\"pixel-slide__image-wrap slide-1\">\n\t\t\t\t\t\t\t<div class=\"pixel-slide__image \"><a href=\"https:\/\/sha-luzern.ch\/wp-content\/uploads\/Kunstrasenfelder-Hoeschpark-Dortmund-3.jpg\" rel=\"lightbox\"><img decoding=\"async\" src=\"https:\/\/sha-luzern.ch\/wp-content\/uploads\/Kunstrasenfelder-Hoeschpark-Dortmund-3-706x368.jpg\" alt=\"Kunstrasenfelder Hoeschpark Dortmund (3)\" title=\"Kunstrasenfelder Hoeschpark Dortmund (3)\"><\/a><\/div>\n\t\t\t\t\t<\/div>\n\t\t\t\t\n\t\t\t\t\t\t\t\t\t\t\t\t\t\n\t\t\t\t\t<div class=\"pixel-slide__image-wrap slide-2\">\n\t\t\t\t\t\t\t<div class=\"pixel-slide__image \"><a href=\"https:\/\/sha-luzern.ch\/wp-content\/uploads\/Kunstrasenfelder-Hoeschpark-Dortmund-2.jpg\" rel=\"lightbox\"><img decoding=\"async\" src=\"https:\/\/sha-luzern.ch\/wp-content\/uploads\/Kunstrasenfelder-Hoeschpark-Dortmund-2-706x368.jpg\" alt=\"Kunstrasenfelder Hoeschpark Dortmund (2)\" title=\"Kunstrasenfelder Hoeschpark Dortmund (2)\"><\/a><\/div>\n\t\t\t\t\t<\/div>\n\t\t\t\t\n\t\t\t\t\t\t\t\t\t\t\t\t\t\n\t\t\t\t\t<div class=\"pixel-slide__image-wrap slide-3\">\n\t\t\t\t\t\t\t<div class=\"pixel-slide__image \"><a href=\"https:\/\/sha-luzern.ch\/wp-content\/uploads\/Kunstrasenfelder-Hoeschpark-Dortmund-4-1275x850.jpg\" rel=\"lightbox\"><img decoding=\"async\" src=\"https:\/\/sha-luzern.ch\/wp-content\/uploads\/Kunstrasenfelder-Hoeschpark-Dortmund-4-706x368.jpg\" alt=\"Kunstrasenfelder Hoeschpark Dortmund (4)\" title=\"Kunstrasenfelder Hoeschpark Dortmund (4)\"><\/a><\/div>\n\t\t\t\t\t<\/div>\n\t\t\t\t\n\t\t\t\t\t\t\t\t\t\t\t\t\t\n\t\t\t\t\t<div class=\"pixel-slide__image-wrap slide-4\">\n\t\t\t\t\t\t\t<div class=\"pixel-slide__image \"><a href=\"https:\/\/sha-luzern.ch\/wp-content\/uploads\/Kunstrasenfelder-Hoeschpark-Dortmund-1.jpg\" rel=\"lightbox\"><img decoding=\"async\" src=\"https:\/\/sha-luzern.ch\/wp-content\/uploads\/Kunstrasenfelder-Hoeschpark-Dortmund-1-706x368.jpg\" alt=\"Kunstrasenfelder Hoeschpark Dortmund (1)\" title=\"Kunstrasenfelder Hoeschpark Dortmund (1)\"><\/a><\/div>\n\t\t\t\t\t<\/div>\n\t\t\t\t\t\t<\/div>\n\t<\/div>\n<\/div>\n\n\n<style type=\"text\/css\" data-created_by=\"avia_inline_auto\" id=\"style-css-av-k2cxuj7x-8c50b344fe3ce2de9f0b374756e79903\">\n#top .hr.hr-invisible.av-k2cxuj7x-8c50b344fe3ce2de9f0b374756e79903{\nheight:40px;\n}\n<\/style>\n<div  class='hr av-k2cxuj7x-8c50b344fe3ce2de9f0b374756e79903 hr-invisible  avia-builder-el-9  el_after_pixel_sc_slickgallery  avia-builder-el-last '><span class='hr-inner '><span class=\"hr-inner-style\"><\/span><\/span><\/div>\n\n","protected":false},"excerpt":{"rendered":"<p>Em 2014, realiz\u00e1mos a convers\u00e3o de tr\u00eas campos de cimento em campos de relva artificial no Hoeschpark, classificado em Dortmund. Desta forma, tamb\u00e9m apoiamos os clubes mais pequenos no seu percurso para se tornarem centros de forma\u00e7\u00e3o profissional.<\/p>\n","protected":false},"author":2,"featured_media":20017,"comment_status":"closed","ping_status":"closed","sticky":false,"template":"","format":"standard","meta":{"_acf_changed":false,"content-type":"","footnotes":""},"categories":[878,884],"tags":[1345,1652,1660,1661,1054,1273],"class_list":["post-36819","post","type-post","status-publish","format-standard","has-post-thumbnail","hentry","category-dortmund-pt-pt","category-instalacoes-desportivas","tag-hoeschpark-pt-pt","tag-estadio-de-futebol","tag-relva-artificial","tag-campo-pequeno","tag-dortmund-pt-pt","tag-instalacoes-desportivas"],"acf":[],"yoast_head":"<!-- This site is optimized with the Yoast SEO plugin v26.1.1 - https:\/\/yoast.com\/wordpress\/plugins\/seo\/ -->\n<title>Hoeschpark - da cinza \u00e0 relva artificial - SHA Scheffler Helbich Architekten GmbH<\/title>\n<meta name=\"robots\" content=\"index, follow, max-snippet:-1, max-image-preview:large, max-video-preview:-1\" \/>\n<link rel=\"canonical\" href=\"https:\/\/sha-luzern.ch\/pt-pt\/news\/hoeschpark-da-cinza-a-relva-artificial\" \/>\n<meta property=\"og:locale\" content=\"pt_PT\" \/>\n<meta property=\"og:type\" content=\"article\" \/>\n<meta property=\"og:title\" content=\"Hoeschpark - da cinza \u00e0 relva artificial - SHA Scheffler Helbich Architekten GmbH\" \/>\n<meta property=\"og:description\" content=\"Em 2014, realiz\u00e1mos a convers\u00e3o de tr\u00eas campos de cimento em campos de relva artificial no Hoeschpark, classificado em Dortmund. Desta forma, tamb\u00e9m apoiamos os clubes mais pequenos no seu percurso para se tornarem centros de forma\u00e7\u00e3o profissional.\" \/>\n<meta property=\"og:url\" content=\"https:\/\/sha-luzern.ch\/pt-pt\/news\/hoeschpark-da-cinza-a-relva-artificial\" \/>\n<meta property=\"og:site_name\" content=\"SHA Scheffler Helbich Architekten GmbH\" \/>\n<meta property=\"article:published_time\" content=\"2018-07-30T15:09:18+00:00\" \/>\n<meta property=\"article:modified_time\" content=\"2024-09-23T14:58:16+00:00\" \/>\n<meta property=\"og:image\" content=\"https:\/\/sha-luzern.ch\/wp-content\/uploads\/Kunstrasenfelder-Hoeschpark-Dortmund-4.jpg\" \/>\n\t<meta property=\"og:image:width\" content=\"1332\" \/>\n\t<meta property=\"og:image:height\" content=\"888\" \/>\n\t<meta property=\"og:image:type\" content=\"image\/jpeg\" \/>\n<meta name=\"author\" content=\"Judith Weitzel\" \/>\n<meta name=\"twitter:card\" content=\"summary_large_image\" \/>\n<meta name=\"twitter:label1\" content=\"Escrito por\" \/>\n\t<meta name=\"twitter:data1\" content=\"Judith Weitzel\" \/>\n\t<meta name=\"twitter:label2\" content=\"Tempo estimado de leitura\" \/>\n\t<meta name=\"twitter:data2\" content=\"4 minutos\" \/>\n<script type=\"application\/ld+json\" class=\"yoast-schema-graph\">{\"@context\":\"https:\/\/schema.org\",\"@graph\":[{\"@type\":\"WebPage\",\"@id\":\"https:\/\/sha-luzern.ch\/pt-pt\/news\/hoeschpark-da-cinza-a-relva-artificial\",\"url\":\"https:\/\/sha-luzern.ch\/pt-pt\/news\/hoeschpark-da-cinza-a-relva-artificial\",\"name\":\"Hoeschpark - da cinza \u00e0 relva artificial - SHA Scheffler Helbich Architekten GmbH\",\"isPartOf\":{\"@id\":\"https:\/\/sha-luzern.ch\/pt-pt#website\"},\"primaryImageOfPage\":{\"@id\":\"https:\/\/sha-luzern.ch\/pt-pt\/news\/hoeschpark-da-cinza-a-relva-artificial#primaryimage\"},\"image\":{\"@id\":\"https:\/\/sha-luzern.ch\/pt-pt\/news\/hoeschpark-da-cinza-a-relva-artificial#primaryimage\"},\"thumbnailUrl\":\"https:\/\/sha-luzern.ch\/wp-content\/uploads\/Kunstrasenfelder-Hoeschpark-Dortmund-4.jpg\",\"datePublished\":\"2018-07-30T15:09:18+00:00\",\"dateModified\":\"2024-09-23T14:58:16+00:00\",\"author\":{\"@id\":\"https:\/\/sha-luzern.ch\/pt-pt#\/schema\/person\/e68d44538591ce8617e273ae50cb9fb3\"},\"breadcrumb\":{\"@id\":\"https:\/\/sha-luzern.ch\/pt-pt\/news\/hoeschpark-da-cinza-a-relva-artificial#breadcrumb\"},\"inLanguage\":\"pt-PT\",\"potentialAction\":[{\"@type\":\"ReadAction\",\"target\":[\"https:\/\/sha-luzern.ch\/pt-pt\/news\/hoeschpark-da-cinza-a-relva-artificial\"]}]},{\"@type\":\"ImageObject\",\"inLanguage\":\"pt-PT\",\"@id\":\"https:\/\/sha-luzern.ch\/pt-pt\/news\/hoeschpark-da-cinza-a-relva-artificial#primaryimage\",\"url\":\"https:\/\/sha-luzern.ch\/wp-content\/uploads\/Kunstrasenfelder-Hoeschpark-Dortmund-4.jpg\",\"contentUrl\":\"https:\/\/sha-luzern.ch\/wp-content\/uploads\/Kunstrasenfelder-Hoeschpark-Dortmund-4.jpg\",\"width\":1332,\"height\":888},{\"@type\":\"BreadcrumbList\",\"@id\":\"https:\/\/sha-luzern.ch\/pt-pt\/news\/hoeschpark-da-cinza-a-relva-artificial#breadcrumb\",\"itemListElement\":[{\"@type\":\"ListItem\",\"position\":1,\"name\":\"Startseite\",\"item\":\"https:\/\/sha-luzern.ch\/pt-pt\/inicio\"},{\"@type\":\"ListItem\",\"position\":2,\"name\":\"Hoeschpark &#8211; da cinza \u00e0 relva artificial\"}]},{\"@type\":\"WebSite\",\"@id\":\"https:\/\/sha-luzern.ch\/pt-pt#website\",\"url\":\"https:\/\/sha-luzern.ch\/pt-pt\",\"name\":\"SHA Scheffler Helbich Architekten GmbH\",\"description\":\"\",\"potentialAction\":[{\"@type\":\"SearchAction\",\"target\":{\"@type\":\"EntryPoint\",\"urlTemplate\":\"https:\/\/sha-luzern.ch\/pt-pt?s={search_term_string}\"},\"query-input\":{\"@type\":\"PropertyValueSpecification\",\"valueRequired\":true,\"valueName\":\"search_term_string\"}}],\"inLanguage\":\"pt-PT\"},{\"@type\":\"Person\",\"@id\":\"https:\/\/sha-luzern.ch\/pt-pt#\/schema\/person\/e68d44538591ce8617e273ae50cb9fb3\",\"name\":\"Judith Weitzel\",\"image\":{\"@type\":\"ImageObject\",\"inLanguage\":\"pt-PT\",\"@id\":\"https:\/\/sha-luzern.ch\/pt-pt#\/schema\/person\/image\/\",\"url\":\"https:\/\/secure.gravatar.com\/avatar\/7c6bf497a9b76cc4943bd4d7716e797cafb90c96046233c36845e4654eed5e01?s=96&d=mm&r=g\",\"contentUrl\":\"https:\/\/secure.gravatar.com\/avatar\/7c6bf497a9b76cc4943bd4d7716e797cafb90c96046233c36845e4654eed5e01?s=96&d=mm&r=g\",\"caption\":\"Judith Weitzel\"}}]}<\/script>\n<!-- \/ Yoast SEO plugin. -->","yoast_head_json":{"title":"Hoeschpark - da cinza \u00e0 relva artificial - SHA Scheffler Helbich Architekten GmbH","robots":{"index":"index","follow":"follow","max-snippet":"max-snippet:-1","max-image-preview":"max-image-preview:large","max-video-preview":"max-video-preview:-1"},"canonical":"https:\/\/sha-luzern.ch\/pt-pt\/news\/hoeschpark-da-cinza-a-relva-artificial","og_locale":"pt_PT","og_type":"article","og_title":"Hoeschpark - da cinza \u00e0 relva artificial - SHA Scheffler Helbich Architekten GmbH","og_description":"Em 2014, realiz\u00e1mos a convers\u00e3o de tr\u00eas campos de cimento em campos de relva artificial no Hoeschpark, classificado em Dortmund. Desta forma, tamb\u00e9m apoiamos os clubes mais pequenos no seu percurso para se tornarem centros de forma\u00e7\u00e3o profissional.","og_url":"https:\/\/sha-luzern.ch\/pt-pt\/news\/hoeschpark-da-cinza-a-relva-artificial","og_site_name":"SHA Scheffler Helbich Architekten GmbH","article_published_time":"2018-07-30T15:09:18+00:00","article_modified_time":"2024-09-23T14:58:16+00:00","og_image":[{"width":1332,"height":888,"url":"https:\/\/sha-luzern.ch\/wp-content\/uploads\/Kunstrasenfelder-Hoeschpark-Dortmund-4.jpg","type":"image\/jpeg"}],"author":"Judith Weitzel","twitter_card":"summary_large_image","twitter_misc":{"Escrito por":"Judith Weitzel","Tempo estimado de leitura":"4 minutos"},"schema":{"@context":"https:\/\/schema.org","@graph":[{"@type":"WebPage","@id":"https:\/\/sha-luzern.ch\/pt-pt\/news\/hoeschpark-da-cinza-a-relva-artificial","url":"https:\/\/sha-luzern.ch\/pt-pt\/news\/hoeschpark-da-cinza-a-relva-artificial","name":"Hoeschpark - da cinza \u00e0 relva artificial - SHA Scheffler Helbich Architekten GmbH","isPartOf":{"@id":"https:\/\/sha-luzern.ch\/pt-pt#website"},"primaryImageOfPage":{"@id":"https:\/\/sha-luzern.ch\/pt-pt\/news\/hoeschpark-da-cinza-a-relva-artificial#primaryimage"},"image":{"@id":"https:\/\/sha-luzern.ch\/pt-pt\/news\/hoeschpark-da-cinza-a-relva-artificial#primaryimage"},"thumbnailUrl":"https:\/\/sha-luzern.ch\/wp-content\/uploads\/Kunstrasenfelder-Hoeschpark-Dortmund-4.jpg","datePublished":"2018-07-30T15:09:18+00:00","dateModified":"2024-09-23T14:58:16+00:00","author":{"@id":"https:\/\/sha-luzern.ch\/pt-pt#\/schema\/person\/e68d44538591ce8617e273ae50cb9fb3"},"breadcrumb":{"@id":"https:\/\/sha-luzern.ch\/pt-pt\/news\/hoeschpark-da-cinza-a-relva-artificial#breadcrumb"},"inLanguage":"pt-PT","potentialAction":[{"@type":"ReadAction","target":["https:\/\/sha-luzern.ch\/pt-pt\/news\/hoeschpark-da-cinza-a-relva-artificial"]}]},{"@type":"ImageObject","inLanguage":"pt-PT","@id":"https:\/\/sha-luzern.ch\/pt-pt\/news\/hoeschpark-da-cinza-a-relva-artificial#primaryimage","url":"https:\/\/sha-luzern.ch\/wp-content\/uploads\/Kunstrasenfelder-Hoeschpark-Dortmund-4.jpg","contentUrl":"https:\/\/sha-luzern.ch\/wp-content\/uploads\/Kunstrasenfelder-Hoeschpark-Dortmund-4.jpg","width":1332,"height":888},{"@type":"BreadcrumbList","@id":"https:\/\/sha-luzern.ch\/pt-pt\/news\/hoeschpark-da-cinza-a-relva-artificial#breadcrumb","itemListElement":[{"@type":"ListItem","position":1,"name":"Startseite","item":"https:\/\/sha-luzern.ch\/pt-pt\/inicio"},{"@type":"ListItem","position":2,"name":"Hoeschpark &#8211; da cinza \u00e0 relva artificial"}]},{"@type":"WebSite","@id":"https:\/\/sha-luzern.ch\/pt-pt#website","url":"https:\/\/sha-luzern.ch\/pt-pt","name":"SHA Scheffler Helbich Architekten GmbH","description":"","potentialAction":[{"@type":"SearchAction","target":{"@type":"EntryPoint","urlTemplate":"https:\/\/sha-luzern.ch\/pt-pt?s={search_term_string}"},"query-input":{"@type":"PropertyValueSpecification","valueRequired":true,"valueName":"search_term_string"}}],"inLanguage":"pt-PT"},{"@type":"Person","@id":"https:\/\/sha-luzern.ch\/pt-pt#\/schema\/person\/e68d44538591ce8617e273ae50cb9fb3","name":"Judith Weitzel","image":{"@type":"ImageObject","inLanguage":"pt-PT","@id":"https:\/\/sha-luzern.ch\/pt-pt#\/schema\/person\/image\/","url":"https:\/\/secure.gravatar.com\/avatar\/7c6bf497a9b76cc4943bd4d7716e797cafb90c96046233c36845e4654eed5e01?s=96&d=mm&r=g","contentUrl":"https:\/\/secure.gravatar.com\/avatar\/7c6bf497a9b76cc4943bd4d7716e797cafb90c96046233c36845e4654eed5e01?s=96&d=mm&r=g","caption":"Judith Weitzel"}}]}},"_links":{"self":[{"href":"https:\/\/sha-luzern.ch\/pt-pt\/wp-json\/wp\/v2\/posts\/36819","targetHints":{"allow":["GET"]}}],"collection":[{"href":"https:\/\/sha-luzern.ch\/pt-pt\/wp-json\/wp\/v2\/posts"}],"about":[{"href":"https:\/\/sha-luzern.ch\/pt-pt\/wp-json\/wp\/v2\/types\/post"}],"author":[{"embeddable":true,"href":"https:\/\/sha-luzern.ch\/pt-pt\/wp-json\/wp\/v2\/users\/2"}],"replies":[{"embeddable":true,"href":"https:\/\/sha-luzern.ch\/pt-pt\/wp-json\/wp\/v2\/comments?post=36819"}],"version-history":[{"count":20,"href":"https:\/\/sha-luzern.ch\/pt-pt\/wp-json\/wp\/v2\/posts\/36819\/revisions"}],"predecessor-version":[{"id":49442,"href":"https:\/\/sha-luzern.ch\/pt-pt\/wp-json\/wp\/v2\/posts\/36819\/revisions\/49442"}],"wp:featuredmedia":[{"embeddable":true,"href":"https:\/\/sha-luzern.ch\/pt-pt\/wp-json\/wp\/v2\/media\/20017"}],"wp:attachment":[{"href":"https:\/\/sha-luzern.ch\/pt-pt\/wp-json\/wp\/v2\/media?parent=36819"}],"wp:term":[{"taxonomy":"category","embeddable":true,"href":"https:\/\/sha-luzern.ch\/pt-pt\/wp-json\/wp\/v2\/categories?post=36819"},{"taxonomy":"post_tag","embeddable":true,"href":"https:\/\/sha-luzern.ch\/pt-pt\/wp-json\/wp\/v2\/tags?post=36819"}],"curies":[{"name":"wp","href":"https:\/\/api.w.org\/{rel}","templated":true}]}}