{"id":36995,"date":"2019-07-02T11:42:39","date_gmt":"2019-07-02T09:42:39","guid":{"rendered":"https:\/\/sha.de\/aktuelles\/sperrholz-wolbert-o-velho-vai-o-novo-vem"},"modified":"2024-09-23T16:58:33","modified_gmt":"2024-09-23T14:58:33","slug":"sperrholz-wolbert-o-velho-vai-o-novo-vem","status":"publish","type":"post","link":"https:\/\/sha-luzern.ch\/pt-pt\/news\/sperrholz-wolbert-o-velho-vai-o-novo-vem","title":{"rendered":"Sperrholz W\u00f6lbert: O velho vai, o novo vem"},"content":{"rendered":"<div id='av_section_1' class='avia-section main_color pt-default pb-default avia-no-border-styling avia-bg-style-scroll  avia-builder-el-0  el_before_av_section  avia-builder-el-first   container_wrap fullsize' style=' '  ><div class='container' ><main  role=\"main\" itemprop=\"mainContentOfPage\"  class='template-page content  av-content-full alpha units'><div class='post-entry post-entry-type-page post-entry-36995'><div class='entry-content-wrapper clearfix'>\n\n\t\t\t<div id=\"av-k1hoeuzj\" class=\"headline-column flex_column av_one_full flex_column_div first \">\n\t\t\t\t<div class=\"headline-wrap is-outside align-left sub-bottom\">\n\t\t\t\t\t<h1 class=\"headline-content headline-primary\">Contraplacado W\u00f6lbert<\/h1>\n\t\t\t\t\t<h3 class=\"headline-content headline-secondary\">Dortmund<\/h3>\n\t\t\t\t<\/div>\n\t\t\t<\/div>\n<div class=\"flex_column av_one_half  flex_column_div av-zero-column-padding first       avia-builder-el-2  el_after_pixel_sc_headline  avia-builder-el-last  \"><section  class='av_textblock_section av-10u9i-9a2edf74b36d7d63466415ae1f16355c '   itemscope=\"itemscope\" itemtype=\"https:\/\/schema.org\/BlogPosting\" itemprop=\"blogPost\" ><div class='avia_textblock'  itemprop=\"text\" ><p>As coisas velhas v\u00e3o-se, as coisas novas v\u00eam! Estamos muito satisfeitos por termos sido contratados pela <a href=\"https:\/\/www.sperrholz-woelbert.de\/\" target=\"_blank\" rel=\"noopener nofollow\">Sperrholz W\u00f6lbert<\/a> para expandir a capacidade de armazenamento da empresa sediada em Dortmund. Isto significa que o antigo edif\u00edcio de tijolo ser\u00e1 demolido. Estamos a planear o novo edif\u00edcio nos pr\u00f3ximos meses, com conclus\u00e3o prevista para o final de 2020.<\/p>\n<\/div><\/section><\/div><\/div><\/div><\/main><!-- close content main element --><\/div><\/div><div id='av_section_2' class='avia-section main_color pt-default pb-default avia-no-border-styling avia-bg-style-scroll  avia-builder-el-4  el_after_av_section  avia-builder-el-last   container_wrap fullsize' style=' '  ><div class='container' ><div class='template-page content  av-content-full alpha units'><div class='post-entry post-entry-type-page post-entry-36995'><div class='entry-content-wrapper clearfix'>\n<div class=\"slickgallery no-nav\">\n\t<div class=\"pixel-slide-wrap\">\n\t\t<div class=\"pixel-slide\" style=\"display: block; width: 100%; float: left;\">\n\t\t\t\t\n\t\t\t\t\t\t\t\t\t\t\t\t\t\n\t\t\t\t\t<div class=\"pixel-slide__image-wrap slide-1\">\n\t\t\t\t\t\t\t<div class=\"pixel-slide__image \"><a href=\"https:\/\/sha-luzern.ch\/wp-content\/uploads\/Sperrholz-W\u00f6lbert-3-567x850.jpg\" rel=\"lightbox\"><img decoding=\"async\" src=\"https:\/\/sha-luzern.ch\/wp-content\/uploads\/Sperrholz-W\u00f6lbert-3-706x368.jpg\" alt=\"Sperrholz W\u00f6lbert (3)\" title=\"Sperrholz W\u00f6lbert (3)\"><\/a><\/div>\n\t\t\t\t\t<\/div>\n\t\t\t\t\n\t\t\t\t\t\t\t\t\t\t\t\t\t\n\t\t\t\t\t<div class=\"pixel-slide__image-wrap slide-2\">\n\t\t\t\t\t\t\t<div class=\"pixel-slide__image \"><a href=\"https:\/\/sha-luzern.ch\/wp-content\/uploads\/Sperrholz-W\u00f6lbert-2-1280x720.jpg\" rel=\"lightbox\"><img decoding=\"async\" src=\"https:\/\/sha-luzern.ch\/wp-content\/uploads\/Sperrholz-W\u00f6lbert-2-706x368.jpg\" alt=\"Sperrholz W\u00f6lbert (2)\" title=\"Sperrholz W\u00f6lbert (2)\"><\/a><\/div>\n\t\t\t\t\t<\/div>\n\t\t\t\t\n\t\t\t\t\t\t\t\t\t\t\t\t\t\n\t\t\t\t\t<div class=\"pixel-slide__image-wrap slide-3\">\n\t\t\t\t\t\t\t<div class=\"pixel-slide__image \"><a href=\"https:\/\/sha-luzern.ch\/wp-content\/uploads\/Sperrholz-W\u00f6lbert-1-1280x792.jpg\" rel=\"lightbox\"><img decoding=\"async\" src=\"https:\/\/sha-luzern.ch\/wp-content\/uploads\/Sperrholz-W\u00f6lbert-1-706x368.jpg\" alt=\"Sperrholz W\u00f6lbert (1)\" title=\"Sperrholz W\u00f6lbert (1)\"><\/a><\/div>\n\t\t\t\t\t<\/div>\n\t\t\t\t\t\t<\/div>\n\t<\/div>\n<\/div>\n\n<\/p>\n","protected":false},"excerpt":{"rendered":"<p>As coisas velhas v\u00e3o-se, as coisas novas v\u00eam! Estamos muito satisfeitos por termos sido contratados pela Sperrholz W\u00f6lbert para expandir a capacidade de armazenamento da empresa sediada em Dortmund.<\/p>\n","protected":false},"author":2,"featured_media":19207,"comment_status":"closed","ping_status":"closed","sticky":false,"template":"","format":"standard","meta":{"_acf_changed":false,"content-type":"","footnotes":""},"categories":[875,878],"tags":[1054,1080,1696],"class_list":["post-36995","post","type-post","status-publish","format-standard","has-post-thumbnail","hentry","category-loja-de-bricolage-e-comercio-de-materiais-de-construcao","category-dortmund-pt-pt","tag-dortmund-pt-pt","tag-novo-edificio","tag-comercio-especializado-de-madeira"],"acf":[],"yoast_head":"<!-- This site is optimized with the Yoast SEO plugin v26.1.1 - https:\/\/yoast.com\/wordpress\/plugins\/seo\/ -->\n<title>Sperrholz W\u00f6lbert: O velho vai, o novo vem - SHA Scheffler Helbich Architekten GmbH<\/title>\n<meta name=\"robots\" content=\"index, follow, max-snippet:-1, max-image-preview:large, max-video-preview:-1\" \/>\n<link rel=\"canonical\" href=\"https:\/\/sha-luzern.ch\/pt-pt\/news\/sperrholz-wolbert-o-velho-vai-o-novo-vem\" \/>\n<meta property=\"og:locale\" content=\"pt_PT\" \/>\n<meta property=\"og:type\" content=\"article\" \/>\n<meta property=\"og:title\" content=\"Sperrholz W\u00f6lbert: O velho vai, o novo vem - SHA Scheffler Helbich Architekten GmbH\" \/>\n<meta property=\"og:description\" content=\"As coisas velhas v\u00e3o-se, as coisas novas v\u00eam! Estamos muito satisfeitos por termos sido contratados pela Sperrholz W\u00f6lbert para expandir a capacidade de armazenamento da empresa sediada em Dortmund.\" \/>\n<meta property=\"og:url\" content=\"https:\/\/sha-luzern.ch\/pt-pt\/news\/sperrholz-wolbert-o-velho-vai-o-novo-vem\" \/>\n<meta property=\"og:site_name\" content=\"SHA Scheffler Helbich Architekten GmbH\" \/>\n<meta property=\"article:published_time\" content=\"2019-07-02T09:42:39+00:00\" \/>\n<meta property=\"article:modified_time\" content=\"2024-09-23T14:58:33+00:00\" \/>\n<meta property=\"og:image\" content=\"https:\/\/sha-luzern.ch\/wp-content\/uploads\/Sperrholz-W\u00f6lbert-2.jpg\" \/>\n\t<meta property=\"og:image:width\" content=\"2040\" \/>\n\t<meta property=\"og:image:height\" content=\"1148\" \/>\n\t<meta property=\"og:image:type\" content=\"image\/jpeg\" \/>\n<meta name=\"author\" content=\"Judith Weitzel\" \/>\n<meta name=\"twitter:card\" content=\"summary_large_image\" \/>\n<meta name=\"twitter:label1\" content=\"Escrito por\" \/>\n\t<meta name=\"twitter:data1\" content=\"Judith Weitzel\" \/>\n\t<meta name=\"twitter:label2\" content=\"Tempo estimado de leitura\" \/>\n\t<meta name=\"twitter:data2\" content=\"3 minutos\" \/>\n<script type=\"application\/ld+json\" class=\"yoast-schema-graph\">{\"@context\":\"https:\/\/schema.org\",\"@graph\":[{\"@type\":\"WebPage\",\"@id\":\"https:\/\/sha-luzern.ch\/pt-pt\/news\/sperrholz-wolbert-o-velho-vai-o-novo-vem\",\"url\":\"https:\/\/sha-luzern.ch\/pt-pt\/news\/sperrholz-wolbert-o-velho-vai-o-novo-vem\",\"name\":\"Sperrholz W\u00f6lbert: O velho vai, o novo vem - SHA Scheffler Helbich Architekten GmbH\",\"isPartOf\":{\"@id\":\"https:\/\/sha-luzern.ch\/pt-pt#website\"},\"primaryImageOfPage\":{\"@id\":\"https:\/\/sha-luzern.ch\/pt-pt\/news\/sperrholz-wolbert-o-velho-vai-o-novo-vem#primaryimage\"},\"image\":{\"@id\":\"https:\/\/sha-luzern.ch\/pt-pt\/news\/sperrholz-wolbert-o-velho-vai-o-novo-vem#primaryimage\"},\"thumbnailUrl\":\"https:\/\/sha-luzern.ch\/wp-content\/uploads\/Sperrholz-W\u00f6lbert-2.jpg\",\"datePublished\":\"2019-07-02T09:42:39+00:00\",\"dateModified\":\"2024-09-23T14:58:33+00:00\",\"author\":{\"@id\":\"https:\/\/sha-luzern.ch\/pt-pt#\/schema\/person\/e68d44538591ce8617e273ae50cb9fb3\"},\"breadcrumb\":{\"@id\":\"https:\/\/sha-luzern.ch\/pt-pt\/news\/sperrholz-wolbert-o-velho-vai-o-novo-vem#breadcrumb\"},\"inLanguage\":\"pt-PT\",\"potentialAction\":[{\"@type\":\"ReadAction\",\"target\":[\"https:\/\/sha-luzern.ch\/pt-pt\/news\/sperrholz-wolbert-o-velho-vai-o-novo-vem\"]}]},{\"@type\":\"ImageObject\",\"inLanguage\":\"pt-PT\",\"@id\":\"https:\/\/sha-luzern.ch\/pt-pt\/news\/sperrholz-wolbert-o-velho-vai-o-novo-vem#primaryimage\",\"url\":\"https:\/\/sha-luzern.ch\/wp-content\/uploads\/Sperrholz-W\u00f6lbert-2.jpg\",\"contentUrl\":\"https:\/\/sha-luzern.ch\/wp-content\/uploads\/Sperrholz-W\u00f6lbert-2.jpg\",\"width\":2040,\"height\":1148},{\"@type\":\"BreadcrumbList\",\"@id\":\"https:\/\/sha-luzern.ch\/pt-pt\/news\/sperrholz-wolbert-o-velho-vai-o-novo-vem#breadcrumb\",\"itemListElement\":[{\"@type\":\"ListItem\",\"position\":1,\"name\":\"Startseite\",\"item\":\"https:\/\/sha-luzern.ch\/pt-pt\/inicio\"},{\"@type\":\"ListItem\",\"position\":2,\"name\":\"Sperrholz W\u00f6lbert: O velho vai, o novo vem\"}]},{\"@type\":\"WebSite\",\"@id\":\"https:\/\/sha-luzern.ch\/pt-pt#website\",\"url\":\"https:\/\/sha-luzern.ch\/pt-pt\",\"name\":\"SHA Scheffler Helbich Architekten GmbH\",\"description\":\"\",\"potentialAction\":[{\"@type\":\"SearchAction\",\"target\":{\"@type\":\"EntryPoint\",\"urlTemplate\":\"https:\/\/sha-luzern.ch\/pt-pt?s={search_term_string}\"},\"query-input\":{\"@type\":\"PropertyValueSpecification\",\"valueRequired\":true,\"valueName\":\"search_term_string\"}}],\"inLanguage\":\"pt-PT\"},{\"@type\":\"Person\",\"@id\":\"https:\/\/sha-luzern.ch\/pt-pt#\/schema\/person\/e68d44538591ce8617e273ae50cb9fb3\",\"name\":\"Judith Weitzel\",\"image\":{\"@type\":\"ImageObject\",\"inLanguage\":\"pt-PT\",\"@id\":\"https:\/\/sha-luzern.ch\/pt-pt#\/schema\/person\/image\/\",\"url\":\"https:\/\/secure.gravatar.com\/avatar\/7c6bf497a9b76cc4943bd4d7716e797cafb90c96046233c36845e4654eed5e01?s=96&d=mm&r=g\",\"contentUrl\":\"https:\/\/secure.gravatar.com\/avatar\/7c6bf497a9b76cc4943bd4d7716e797cafb90c96046233c36845e4654eed5e01?s=96&d=mm&r=g\",\"caption\":\"Judith Weitzel\"}}]}<\/script>\n<!-- \/ Yoast SEO plugin. -->","yoast_head_json":{"title":"Sperrholz W\u00f6lbert: O velho vai, o novo vem - SHA Scheffler Helbich Architekten GmbH","robots":{"index":"index","follow":"follow","max-snippet":"max-snippet:-1","max-image-preview":"max-image-preview:large","max-video-preview":"max-video-preview:-1"},"canonical":"https:\/\/sha-luzern.ch\/pt-pt\/news\/sperrholz-wolbert-o-velho-vai-o-novo-vem","og_locale":"pt_PT","og_type":"article","og_title":"Sperrholz W\u00f6lbert: O velho vai, o novo vem - SHA Scheffler Helbich Architekten GmbH","og_description":"As coisas velhas v\u00e3o-se, as coisas novas v\u00eam! Estamos muito satisfeitos por termos sido contratados pela Sperrholz W\u00f6lbert para expandir a capacidade de armazenamento da empresa sediada em Dortmund.","og_url":"https:\/\/sha-luzern.ch\/pt-pt\/news\/sperrholz-wolbert-o-velho-vai-o-novo-vem","og_site_name":"SHA Scheffler Helbich Architekten GmbH","article_published_time":"2019-07-02T09:42:39+00:00","article_modified_time":"2024-09-23T14:58:33+00:00","og_image":[{"width":2040,"height":1148,"url":"https:\/\/sha-luzern.ch\/wp-content\/uploads\/Sperrholz-W\u00f6lbert-2.jpg","type":"image\/jpeg"}],"author":"Judith Weitzel","twitter_card":"summary_large_image","twitter_misc":{"Escrito por":"Judith Weitzel","Tempo estimado de leitura":"3 minutos"},"schema":{"@context":"https:\/\/schema.org","@graph":[{"@type":"WebPage","@id":"https:\/\/sha-luzern.ch\/pt-pt\/news\/sperrholz-wolbert-o-velho-vai-o-novo-vem","url":"https:\/\/sha-luzern.ch\/pt-pt\/news\/sperrholz-wolbert-o-velho-vai-o-novo-vem","name":"Sperrholz W\u00f6lbert: O velho vai, o novo vem - SHA Scheffler Helbich Architekten GmbH","isPartOf":{"@id":"https:\/\/sha-luzern.ch\/pt-pt#website"},"primaryImageOfPage":{"@id":"https:\/\/sha-luzern.ch\/pt-pt\/news\/sperrholz-wolbert-o-velho-vai-o-novo-vem#primaryimage"},"image":{"@id":"https:\/\/sha-luzern.ch\/pt-pt\/news\/sperrholz-wolbert-o-velho-vai-o-novo-vem#primaryimage"},"thumbnailUrl":"https:\/\/sha-luzern.ch\/wp-content\/uploads\/Sperrholz-W\u00f6lbert-2.jpg","datePublished":"2019-07-02T09:42:39+00:00","dateModified":"2024-09-23T14:58:33+00:00","author":{"@id":"https:\/\/sha-luzern.ch\/pt-pt#\/schema\/person\/e68d44538591ce8617e273ae50cb9fb3"},"breadcrumb":{"@id":"https:\/\/sha-luzern.ch\/pt-pt\/news\/sperrholz-wolbert-o-velho-vai-o-novo-vem#breadcrumb"},"inLanguage":"pt-PT","potentialAction":[{"@type":"ReadAction","target":["https:\/\/sha-luzern.ch\/pt-pt\/news\/sperrholz-wolbert-o-velho-vai-o-novo-vem"]}]},{"@type":"ImageObject","inLanguage":"pt-PT","@id":"https:\/\/sha-luzern.ch\/pt-pt\/news\/sperrholz-wolbert-o-velho-vai-o-novo-vem#primaryimage","url":"https:\/\/sha-luzern.ch\/wp-content\/uploads\/Sperrholz-W\u00f6lbert-2.jpg","contentUrl":"https:\/\/sha-luzern.ch\/wp-content\/uploads\/Sperrholz-W\u00f6lbert-2.jpg","width":2040,"height":1148},{"@type":"BreadcrumbList","@id":"https:\/\/sha-luzern.ch\/pt-pt\/news\/sperrholz-wolbert-o-velho-vai-o-novo-vem#breadcrumb","itemListElement":[{"@type":"ListItem","position":1,"name":"Startseite","item":"https:\/\/sha-luzern.ch\/pt-pt\/inicio"},{"@type":"ListItem","position":2,"name":"Sperrholz W\u00f6lbert: O velho vai, o novo vem"}]},{"@type":"WebSite","@id":"https:\/\/sha-luzern.ch\/pt-pt#website","url":"https:\/\/sha-luzern.ch\/pt-pt","name":"SHA Scheffler Helbich Architekten GmbH","description":"","potentialAction":[{"@type":"SearchAction","target":{"@type":"EntryPoint","urlTemplate":"https:\/\/sha-luzern.ch\/pt-pt?s={search_term_string}"},"query-input":{"@type":"PropertyValueSpecification","valueRequired":true,"valueName":"search_term_string"}}],"inLanguage":"pt-PT"},{"@type":"Person","@id":"https:\/\/sha-luzern.ch\/pt-pt#\/schema\/person\/e68d44538591ce8617e273ae50cb9fb3","name":"Judith Weitzel","image":{"@type":"ImageObject","inLanguage":"pt-PT","@id":"https:\/\/sha-luzern.ch\/pt-pt#\/schema\/person\/image\/","url":"https:\/\/secure.gravatar.com\/avatar\/7c6bf497a9b76cc4943bd4d7716e797cafb90c96046233c36845e4654eed5e01?s=96&d=mm&r=g","contentUrl":"https:\/\/secure.gravatar.com\/avatar\/7c6bf497a9b76cc4943bd4d7716e797cafb90c96046233c36845e4654eed5e01?s=96&d=mm&r=g","caption":"Judith Weitzel"}}]}},"_links":{"self":[{"href":"https:\/\/sha-luzern.ch\/pt-pt\/wp-json\/wp\/v2\/posts\/36995","targetHints":{"allow":["GET"]}}],"collection":[{"href":"https:\/\/sha-luzern.ch\/pt-pt\/wp-json\/wp\/v2\/posts"}],"about":[{"href":"https:\/\/sha-luzern.ch\/pt-pt\/wp-json\/wp\/v2\/types\/post"}],"author":[{"embeddable":true,"href":"https:\/\/sha-luzern.ch\/pt-pt\/wp-json\/wp\/v2\/users\/2"}],"replies":[{"embeddable":true,"href":"https:\/\/sha-luzern.ch\/pt-pt\/wp-json\/wp\/v2\/comments?post=36995"}],"version-history":[{"count":16,"href":"https:\/\/sha-luzern.ch\/pt-pt\/wp-json\/wp\/v2\/posts\/36995\/revisions"}],"predecessor-version":[{"id":49608,"href":"https:\/\/sha-luzern.ch\/pt-pt\/wp-json\/wp\/v2\/posts\/36995\/revisions\/49608"}],"wp:featuredmedia":[{"embeddable":true,"href":"https:\/\/sha-luzern.ch\/pt-pt\/wp-json\/wp\/v2\/media\/19207"}],"wp:attachment":[{"href":"https:\/\/sha-luzern.ch\/pt-pt\/wp-json\/wp\/v2\/media?parent=36995"}],"wp:term":[{"taxonomy":"category","embeddable":true,"href":"https:\/\/sha-luzern.ch\/pt-pt\/wp-json\/wp\/v2\/categories?post=36995"},{"taxonomy":"post_tag","embeddable":true,"href":"https:\/\/sha-luzern.ch\/pt-pt\/wp-json\/wp\/v2\/tags?post=36995"}],"curies":[{"name":"wp","href":"https:\/\/api.w.org\/{rel}","templated":true}]}}